{"id":21136,"date":"2011-09-29T06:48:24","date_gmt":"2011-09-29T09:48:24","guid":{"rendered":"http:\/\/www.inclusive.org.br\/?p=21136"},"modified":"2011-09-29T06:48:24","modified_gmt":"2011-09-29T09:48:24","slug":"audiencia-publica-no-dia-15-de-novembro-discutira-racismo-institucional-e-faxina-etnica","status":"publish","type":"post","link":"https:\/\/inclusivenews.com.br\/?p=21136","title":{"rendered":"Audi\u00eancia p\u00fablica no dia 15 de novembro discutir\u00e1 racismo institucional e faxina \u00e9tnica"},"content":{"rendered":"<figure id=\"attachment_21169\" aria-describedby=\"caption-attachment-21169\" style=\"width: 240px\" class=\"wp-caption alignleft\"><img loading=\"lazy\" decoding=\"async\" class=\"size-medium wp-image-21169\" title=\"Tr\u00eas bonecos de m\u00e3os dadas, um branco, um cinza e um negro.\" src=\"http:\/\/inclusivenews.com.br\/wp-content\/uploads\/racismo_e_iguadade-300x240.jpg\" alt=\"Tr\u00eas bonecos de m\u00e3os dadas, um branco, um cinza e um negro.\" width=\"240\" height=\"192\" \/><figcaption id=\"caption-attachment-21169\" class=\"wp-caption-text\"> <\/figcaption><\/figure>\n<p>A Comiss\u00e3o de Direitos Humanos e Minorias realizar\u00e1 audi\u00eancia p\u00fablica no dia 15 de novembro para discutir o racismo na sociedade brasileira, o conceito de faxina \u00e9tnica e o impacto dos grandes eventos esportivos nas popula\u00e7\u00f5es negras e pobres.<\/p>\n<p>O debate foi proposto pelo deputado Jean Wyllys (Psol-RJ), como parte das comemora\u00e7\u00f5es do Dia Nacional da Consci\u00eancia Negra (20 de novembro). &#8220;As desigualdades sociais t\u00eam cor e est\u00e3o profundamente enraizadas no racismo institucional que estrutura a sociedade brasileira e que se materializa em pol\u00edticas praticadas pelo Estado, em todos os seus n\u00edveis&#8221;, diz.<\/p>\n<p>O deputado cita dados estat\u00edsticos que mostram as condi\u00e7\u00f5es desfavor\u00e1veis da popula\u00e7\u00e3o negra e acrescenta que, ultimamente, &#8220;h\u00e1 um novo modelo de grande cidade que vem sendo implantado no Brasil na esteira dos &#8216;grandes eventos&#8217; e que tem seu laborat\u00f3rio no Rio de Janeiro&#8221;.<\/p>\n<p>&#8220;Nesse modelo, os territ\u00f3rios de moradia negra s\u00e3o aqueles que mais sofrem com as pol\u00edticas de remo\u00e7\u00e3o e despejo, na medida em que nossas cidades v\u00eam sendo remodeladas para que poucos possam usufruir delas. As tradi\u00e7\u00f5es religiosas afro-brasileiras est\u00e3o severamente perdendo espa\u00e7o. Sem reconhecimento, os terreiros de umbanda e de candombl\u00e9 t\u00eam sido destru\u00eddos e removidos&#8221;, acrescenta.<\/p>\n<p>Jean Wyllys afirma que &#8220;essa situa\u00e7\u00e3o tem sido denunciada por diversos movimentos sociais como uma verdadeira faxina \u00e9tnica conduzida pelo Estado contra a popula\u00e7\u00e3o negra brasileira&#8221;.<\/p>\n<p>&#8220;Nessa perspectiva, entendo que a audi\u00eancia p\u00fablica permitir\u00e1 aos parlamentares avalia\u00e7\u00e3o pormenorizada das den\u00fancias das comunidades negras e pobres&#8221;, conclui.<\/p>\n<p>Fonte: <a href=\"http:\/\/correiodobrasil.com.br\/direitos-humanos-discutira-racismo-institucional-e-faxina-etnica\/301417\/\" target=\"_blank\" rel=\"noopener\">Correio do Brasil<\/a><\/p>\n","protected":false},"excerpt":{"rendered":"<p>&#8220;As desigualdades sociais t\u00eam cor e est\u00e3o profundamente enraizadas no racismo institucional que estrutura a sociedade brasileira e que se materializa em pol\u00edticas praticadas pelo Estado, em todos os seus n\u00edveis&#8221;, diz Jean Wyllys.<\/p>\n","protected":false},"author":1,"featured_media":0,"comment_status":"open","ping_status":"open","sticky":false,"template":"","format":"standard","meta":{"site-container-style":"default","site-container-layout":"default","site-sidebar-layout":"default","disable-article-header":"default","disable-site-header":"default","disable-site-footer":"default","disable-content-area-spacing":"default","footnotes":""},"categories":[11,39,48,4,49,41],"tags":[],"class_list":["post-21136","post","type-post","status-publish","format-standard","hentry","category-direitos-humanos","category-discriminacao","category-inclusao","category-noticias","category-politicas-publicas","category-preconceito"],"yoast_head":"<!-- This site is optimized with the Yoast SEO plugin v27.4 - https:\/\/yoast.com\/product\/yoast-seo-wordpress\/ -->\n<title>Audi\u00eancia p\u00fablica no dia 15 de novembro discutir\u00e1 racismo institucional e faxina \u00e9tnica -<\/title>\n<meta name=\"robots\" content=\"index, follow, max-snippet:-1, max-image-preview:large, max-video-preview:-1\" \/>\n<link rel=\"canonical\" href=\"https:\/\/inclusivenews.com.br\/?p=21136\" \/>\n<meta property=\"og:locale\" content=\"pt_PT\" \/>\n<meta property=\"og:type\" content=\"article\" \/>\n<meta property=\"og:title\" content=\"Audi\u00eancia p\u00fablica no dia 15 de novembro discutir\u00e1 racismo institucional e faxina \u00e9tnica -\" \/>\n<meta property=\"og:description\" content=\"&quot;As desigualdades sociais t\u00eam cor e est\u00e3o profundamente enraizadas no racismo institucional que estrutura a sociedade brasileira e que se materializa em pol\u00edticas praticadas pelo Estado, em todos os seus n\u00edveis&quot;, diz Jean Wyllys.\" \/>\n<meta property=\"og:url\" content=\"https:\/\/inclusivenews.com.br\/?p=21136\" \/>\n<meta property=\"article:publisher\" content=\"https:\/\/www.facebook.com\/agenciainclusive\/\" \/>\n<meta property=\"article:published_time\" content=\"2011-09-29T09:48:24+00:00\" \/>\n<meta property=\"og:image\" content=\"http:\/\/inclusivenews.com.br\/wp-content\/uploads\/racismo_e_iguadade-300x240.jpg\" \/>\n<meta name=\"author\" content=\"inclusivenews2024\" \/>\n<meta name=\"twitter:card\" content=\"summary_large_image\" \/>\n<meta name=\"twitter:label1\" content=\"Escrito por\" \/>\n\t<meta name=\"twitter:data1\" content=\"inclusivenews2024\" \/>\n\t<meta name=\"twitter:label2\" content=\"Tempo estimado de leitura\" \/>\n\t<meta name=\"twitter:data2\" content=\"1 minuto\" \/>\n<script type=\"application\/ld+json\" class=\"yoast-schema-graph\">{\"@context\":\"https:\\\/\\\/schema.org\",\"@graph\":[{\"@type\":\"Article\",\"@id\":\"https:\\\/\\\/inclusivenews.com.br\\\/?p=21136#article\",\"isPartOf\":{\"@id\":\"https:\\\/\\\/inclusivenews.com.br\\\/?p=21136\"},\"author\":{\"name\":\"inclusivenews2024\",\"@id\":\"https:\\\/\\\/inclusivenews.com.br\\\/#\\\/schema\\\/person\\\/ae4ec7087559b8692fb33b6fffd2273b\"},\"headline\":\"Audi\u00eancia p\u00fablica no dia 15 de novembro discutir\u00e1 racismo institucional e faxina \u00e9tnica\",\"datePublished\":\"2011-09-29T09:48:24+00:00\",\"mainEntityOfPage\":{\"@id\":\"https:\\\/\\\/inclusivenews.com.br\\\/?p=21136\"},\"wordCount\":295,\"commentCount\":0,\"publisher\":{\"@id\":\"https:\\\/\\\/inclusivenews.com.br\\\/#organization\"},\"image\":{\"@id\":\"https:\\\/\\\/inclusivenews.com.br\\\/?p=21136#primaryimage\"},\"thumbnailUrl\":\"http:\\\/\\\/inclusivenews.com.br\\\/wp-content\\\/uploads\\\/racismo_e_iguadade-300x240.jpg\",\"articleSection\":[\"DIREITOS HUMANOS\",\"Discrimina\u00e7\u00e3o\",\"INCLUS\u00c3O SOCIAL\",\"NOT\u00cdCIAS\",\"Pol\u00edticas p\u00fablicas\",\"Preconceito\"],\"inLanguage\":\"pt-PT\",\"potentialAction\":[{\"@type\":\"CommentAction\",\"name\":\"Comment\",\"target\":[\"https:\\\/\\\/inclusivenews.com.br\\\/?p=21136#respond\"]}]},{\"@type\":\"WebPage\",\"@id\":\"https:\\\/\\\/inclusivenews.com.br\\\/?p=21136\",\"url\":\"https:\\\/\\\/inclusivenews.com.br\\\/?p=21136\",\"name\":\"Audi\u00eancia p\u00fablica no dia 15 de novembro discutir\u00e1 racismo institucional e faxina \u00e9tnica -\",\"isPartOf\":{\"@id\":\"https:\\\/\\\/inclusivenews.com.br\\\/#website\"},\"primaryImageOfPage\":{\"@id\":\"https:\\\/\\\/inclusivenews.com.br\\\/?p=21136#primaryimage\"},\"image\":{\"@id\":\"https:\\\/\\\/inclusivenews.com.br\\\/?p=21136#primaryimage\"},\"thumbnailUrl\":\"http:\\\/\\\/inclusivenews.com.br\\\/wp-content\\\/uploads\\\/racismo_e_iguadade-300x240.jpg\",\"datePublished\":\"2011-09-29T09:48:24+00:00\",\"breadcrumb\":{\"@id\":\"https:\\\/\\\/inclusivenews.com.br\\\/?p=21136#breadcrumb\"},\"inLanguage\":\"pt-PT\",\"potentialAction\":[{\"@type\":\"ReadAction\",\"target\":[\"https:\\\/\\\/inclusivenews.com.br\\\/?p=21136\"]}]},{\"@type\":\"ImageObject\",\"inLanguage\":\"pt-PT\",\"@id\":\"https:\\\/\\\/inclusivenews.com.br\\\/?p=21136#primaryimage\",\"url\":\"\",\"contentUrl\":\"\"},{\"@type\":\"BreadcrumbList\",\"@id\":\"https:\\\/\\\/inclusivenews.com.br\\\/?p=21136#breadcrumb\",\"itemListElement\":[{\"@type\":\"ListItem\",\"position\":1,\"name\":\"In\u00edcio\",\"item\":\"https:\\\/\\\/inclusivenews.com.br\\\/\"},{\"@type\":\"ListItem\",\"position\":2,\"name\":\"Audi\u00eancia p\u00fablica no dia 15 de novembro discutir\u00e1 racismo institucional e faxina \u00e9tnica\"}]},{\"@type\":\"WebSite\",\"@id\":\"https:\\\/\\\/inclusivenews.com.br\\\/#website\",\"url\":\"https:\\\/\\\/inclusivenews.com.br\\\/\",\"name\":\"Inclusive News\",\"description\":\"Inclusive News\",\"publisher\":{\"@id\":\"https:\\\/\\\/inclusivenews.com.br\\\/#organization\"},\"potentialAction\":[{\"@type\":\"SearchAction\",\"target\":{\"@type\":\"EntryPoint\",\"urlTemplate\":\"https:\\\/\\\/inclusivenews.com.br\\\/?s={search_term_string}\"},\"query-input\":{\"@type\":\"PropertyValueSpecification\",\"valueRequired\":true,\"valueName\":\"search_term_string\"}}],\"inLanguage\":\"pt-PT\"},{\"@type\":\"Organization\",\"@id\":\"https:\\\/\\\/inclusivenews.com.br\\\/#organization\",\"name\":\"Inclusive - inclus\u00e3o e cidadania\",\"url\":\"https:\\\/\\\/inclusivenews.com.br\\\/\",\"logo\":{\"@type\":\"ImageObject\",\"inLanguage\":\"pt-PT\",\"@id\":\"https:\\\/\\\/inclusivenews.com.br\\\/#\\\/schema\\\/logo\\\/image\\\/\",\"url\":\"https:\\\/\\\/inclusivenews.com.br\\\/wp-content\\\/uploads\\\/2024\\\/03\\\/@grandesite.png\",\"contentUrl\":\"https:\\\/\\\/inclusivenews.com.br\\\/wp-content\\\/uploads\\\/2024\\\/03\\\/@grandesite.png\",\"width\":1080,\"height\":1080,\"caption\":\"Inclusive - inclus\u00e3o e cidadania\"},\"image\":{\"@id\":\"https:\\\/\\\/inclusivenews.com.br\\\/#\\\/schema\\\/logo\\\/image\\\/\"},\"sameAs\":[\"https:\\\/\\\/www.facebook.com\\\/agenciainclusive\\\/\",\"https:\\\/\\\/www.instagram.com\\\/newsinclusive\\\/\"]},{\"@type\":\"Person\",\"@id\":\"https:\\\/\\\/inclusivenews.com.br\\\/#\\\/schema\\\/person\\\/ae4ec7087559b8692fb33b6fffd2273b\",\"name\":\"inclusivenews2024\",\"image\":{\"@type\":\"ImageObject\",\"inLanguage\":\"pt-PT\",\"@id\":\"https:\\\/\\\/secure.gravatar.com\\\/avatar\\\/c5a7ef84c66fa914f55bc4f7ce26cfa275a3b9a1c5568b907bd184fb4dde7b40?s=96&d=mm&r=g\",\"url\":\"https:\\\/\\\/secure.gravatar.com\\\/avatar\\\/c5a7ef84c66fa914f55bc4f7ce26cfa275a3b9a1c5568b907bd184fb4dde7b40?s=96&d=mm&r=g\",\"contentUrl\":\"https:\\\/\\\/secure.gravatar.com\\\/avatar\\\/c5a7ef84c66fa914f55bc4f7ce26cfa275a3b9a1c5568b907bd184fb4dde7b40?s=96&d=mm&r=g\",\"caption\":\"inclusivenews2024\"},\"sameAs\":[\"https:\\\/\\\/inclusivenews.com.br\"],\"url\":\"https:\\\/\\\/inclusivenews.com.br\\\/?author=1\"}]}<\/script>\n<!-- \/ Yoast SEO plugin. -->","yoast_head_json":{"title":"Audi\u00eancia p\u00fablica no dia 15 de novembro discutir\u00e1 racismo institucional e faxina \u00e9tnica -","robots":{"index":"index","follow":"follow","max-snippet":"max-snippet:-1","max-image-preview":"max-image-preview:large","max-video-preview":"max-video-preview:-1"},"canonical":"https:\/\/inclusivenews.com.br\/?p=21136","og_locale":"pt_PT","og_type":"article","og_title":"Audi\u00eancia p\u00fablica no dia 15 de novembro discutir\u00e1 racismo institucional e faxina \u00e9tnica -","og_description":"\"As desigualdades sociais t\u00eam cor e est\u00e3o profundamente enraizadas no racismo institucional que estrutura a sociedade brasileira e que se materializa em pol\u00edticas praticadas pelo Estado, em todos os seus n\u00edveis\", diz Jean Wyllys.","og_url":"https:\/\/inclusivenews.com.br\/?p=21136","article_publisher":"https:\/\/www.facebook.com\/agenciainclusive\/","article_published_time":"2011-09-29T09:48:24+00:00","og_image":[{"url":"http:\/\/inclusivenews.com.br\/wp-content\/uploads\/racismo_e_iguadade-300x240.jpg","type":"","width":"","height":""}],"author":"inclusivenews2024","twitter_card":"summary_large_image","twitter_misc":{"Escrito por":"inclusivenews2024","Tempo estimado de leitura":"1 minuto"},"schema":{"@context":"https:\/\/schema.org","@graph":[{"@type":"Article","@id":"https:\/\/inclusivenews.com.br\/?p=21136#article","isPartOf":{"@id":"https:\/\/inclusivenews.com.br\/?p=21136"},"author":{"name":"inclusivenews2024","@id":"https:\/\/inclusivenews.com.br\/#\/schema\/person\/ae4ec7087559b8692fb33b6fffd2273b"},"headline":"Audi\u00eancia p\u00fablica no dia 15 de novembro discutir\u00e1 racismo institucional e faxina \u00e9tnica","datePublished":"2011-09-29T09:48:24+00:00","mainEntityOfPage":{"@id":"https:\/\/inclusivenews.com.br\/?p=21136"},"wordCount":295,"commentCount":0,"publisher":{"@id":"https:\/\/inclusivenews.com.br\/#organization"},"image":{"@id":"https:\/\/inclusivenews.com.br\/?p=21136#primaryimage"},"thumbnailUrl":"http:\/\/inclusivenews.com.br\/wp-content\/uploads\/racismo_e_iguadade-300x240.jpg","articleSection":["DIREITOS HUMANOS","Discrimina\u00e7\u00e3o","INCLUS\u00c3O SOCIAL","NOT\u00cdCIAS","Pol\u00edticas p\u00fablicas","Preconceito"],"inLanguage":"pt-PT","potentialAction":[{"@type":"CommentAction","name":"Comment","target":["https:\/\/inclusivenews.com.br\/?p=21136#respond"]}]},{"@type":"WebPage","@id":"https:\/\/inclusivenews.com.br\/?p=21136","url":"https:\/\/inclusivenews.com.br\/?p=21136","name":"Audi\u00eancia p\u00fablica no dia 15 de novembro discutir\u00e1 racismo institucional e faxina \u00e9tnica -","isPartOf":{"@id":"https:\/\/inclusivenews.com.br\/#website"},"primaryImageOfPage":{"@id":"https:\/\/inclusivenews.com.br\/?p=21136#primaryimage"},"image":{"@id":"https:\/\/inclusivenews.com.br\/?p=21136#primaryimage"},"thumbnailUrl":"http:\/\/inclusivenews.com.br\/wp-content\/uploads\/racismo_e_iguadade-300x240.jpg","datePublished":"2011-09-29T09:48:24+00:00","breadcrumb":{"@id":"https:\/\/inclusivenews.com.br\/?p=21136#breadcrumb"},"inLanguage":"pt-PT","potentialAction":[{"@type":"ReadAction","target":["https:\/\/inclusivenews.com.br\/?p=21136"]}]},{"@type":"ImageObject","inLanguage":"pt-PT","@id":"https:\/\/inclusivenews.com.br\/?p=21136#primaryimage","url":"","contentUrl":""},{"@type":"BreadcrumbList","@id":"https:\/\/inclusivenews.com.br\/?p=21136#breadcrumb","itemListElement":[{"@type":"ListItem","position":1,"name":"In\u00edcio","item":"https:\/\/inclusivenews.com.br\/"},{"@type":"ListItem","position":2,"name":"Audi\u00eancia p\u00fablica no dia 15 de novembro discutir\u00e1 racismo institucional e faxina \u00e9tnica"}]},{"@type":"WebSite","@id":"https:\/\/inclusivenews.com.br\/#website","url":"https:\/\/inclusivenews.com.br\/","name":"Inclusive News","description":"Inclusive News","publisher":{"@id":"https:\/\/inclusivenews.com.br\/#organization"},"potentialAction":[{"@type":"SearchAction","target":{"@type":"EntryPoint","urlTemplate":"https:\/\/inclusivenews.com.br\/?s={search_term_string}"},"query-input":{"@type":"PropertyValueSpecification","valueRequired":true,"valueName":"search_term_string"}}],"inLanguage":"pt-PT"},{"@type":"Organization","@id":"https:\/\/inclusivenews.com.br\/#organization","name":"Inclusive - inclus\u00e3o e cidadania","url":"https:\/\/inclusivenews.com.br\/","logo":{"@type":"ImageObject","inLanguage":"pt-PT","@id":"https:\/\/inclusivenews.com.br\/#\/schema\/logo\/image\/","url":"https:\/\/inclusivenews.com.br\/wp-content\/uploads\/2024\/03\/@grandesite.png","contentUrl":"https:\/\/inclusivenews.com.br\/wp-content\/uploads\/2024\/03\/@grandesite.png","width":1080,"height":1080,"caption":"Inclusive - inclus\u00e3o e cidadania"},"image":{"@id":"https:\/\/inclusivenews.com.br\/#\/schema\/logo\/image\/"},"sameAs":["https:\/\/www.facebook.com\/agenciainclusive\/","https:\/\/www.instagram.com\/newsinclusive\/"]},{"@type":"Person","@id":"https:\/\/inclusivenews.com.br\/#\/schema\/person\/ae4ec7087559b8692fb33b6fffd2273b","name":"inclusivenews2024","image":{"@type":"ImageObject","inLanguage":"pt-PT","@id":"https:\/\/secure.gravatar.com\/avatar\/c5a7ef84c66fa914f55bc4f7ce26cfa275a3b9a1c5568b907bd184fb4dde7b40?s=96&d=mm&r=g","url":"https:\/\/secure.gravatar.com\/avatar\/c5a7ef84c66fa914f55bc4f7ce26cfa275a3b9a1c5568b907bd184fb4dde7b40?s=96&d=mm&r=g","contentUrl":"https:\/\/secure.gravatar.com\/avatar\/c5a7ef84c66fa914f55bc4f7ce26cfa275a3b9a1c5568b907bd184fb4dde7b40?s=96&d=mm&r=g","caption":"inclusivenews2024"},"sameAs":["https:\/\/inclusivenews.com.br"],"url":"https:\/\/inclusivenews.com.br\/?author=1"}]}},"_links":{"self":[{"href":"https:\/\/inclusivenews.com.br\/index.php?rest_route=\/wp\/v2\/posts\/21136","targetHints":{"allow":["GET"]}}],"collection":[{"href":"https:\/\/inclusivenews.com.br\/index.php?rest_route=\/wp\/v2\/posts"}],"about":[{"href":"https:\/\/inclusivenews.com.br\/index.php?rest_route=\/wp\/v2\/types\/post"}],"author":[{"embeddable":true,"href":"https:\/\/inclusivenews.com.br\/index.php?rest_route=\/wp\/v2\/users\/1"}],"replies":[{"embeddable":true,"href":"https:\/\/inclusivenews.com.br\/index.php?rest_route=%2Fwp%2Fv2%2Fcomments&post=21136"}],"version-history":[{"count":0,"href":"https:\/\/inclusivenews.com.br\/index.php?rest_route=\/wp\/v2\/posts\/21136\/revisions"}],"wp:attachment":[{"href":"https:\/\/inclusivenews.com.br\/index.php?rest_route=%2Fwp%2Fv2%2Fmedia&parent=21136"}],"wp:term":[{"taxonomy":"category","embeddable":true,"href":"https:\/\/inclusivenews.com.br\/index.php?rest_route=%2Fwp%2Fv2%2Fcategories&post=21136"},{"taxonomy":"post_tag","embeddable":true,"href":"https:\/\/inclusivenews.com.br\/index.php?rest_route=%2Fwp%2Fv2%2Ftags&post=21136"}],"curies":[{"name":"wp","href":"https:\/\/api.w.org\/{rel}","templated":true}]}}