{"id":21138,"date":"2011-09-29T06:46:49","date_gmt":"2011-09-29T09:46:49","guid":{"rendered":"http:\/\/www.inclusive.org.br\/?p=21138"},"modified":"2011-09-29T06:46:49","modified_gmt":"2011-09-29T09:46:49","slug":"ninguem-esta-imune-ao-racismo","status":"publish","type":"post","link":"https:\/\/inclusivenews.com.br\/?p=21138","title":{"rendered":"Ningu\u00e9m est\u00e1 imune ao racismo"},"content":{"rendered":"<p><strong> <\/strong><\/p>\n<figure id=\"attachment_18488\" aria-describedby=\"caption-attachment-18488\" style=\"width: 250px\" class=\"wp-caption alignleft\"><strong><strong><img loading=\"lazy\" decoding=\"async\" class=\"size-full wp-image-18488\" title=\"racismo\" src=\"http:\/\/inclusivenews.com.br\/wp-content\/uploads\/2011\/02\/racismo.jpg\" alt=\"Ao fundo pe\u00e7as brancas de jogo de xadrez, em primeiro plano, um pe\u00e3o preto.\" width=\"250\" height=\"168\" \/><\/strong><\/strong><figcaption id=\"caption-attachment-18488\" class=\"wp-caption-text\">Ao fundo pe\u00e7as brancas de jogo de xadrez, em primeiro plano, um pe\u00e3o preto.<\/figcaption><\/figure>\n<p><strong>Por Navi Pillay<br \/>\nAlta comiss\u00e1ria das Na\u00e7\u00f5es Unidas para os direitos humanos<\/strong><\/p>\n<p>Vemos a intoler\u00e2ncia emergir em novas formas, como o tr\u00e1fico humano; o estigma sobre os refugiados \u00e9 cada vez maior, e a xenofobia ascende<\/p>\n<p>Na cidade americana de Jackson, em junho, adolescentes brancos espancaram, atropelaram e mataram um negro de 49 anos. A raz\u00e3o para tamanha brutalidade? De acordo com os promotores, o grupo estava em miss\u00e3o para &#8220;encontrar e ferir uma pessoa negra&#8221;. C\u00e2meras registraram o incidente assustador.<\/p>\n<p>Esse \u00e9 apenas um dos muitos casos de viol\u00eancia racista cometidos diariamente. Apesar de d\u00e9cadas de luta, dos esfor\u00e7os de diversos grupos e na\u00e7\u00f5es e da evid\u00eancia do terr\u00edvel custo do racismo, ele persiste. Nenhuma sociedade est\u00e1 imune.<\/p>\n<p>Nesta quinta-feira, l\u00edderes mundiais ter\u00e3o a oportunidade de estimular o combate ao racismo ao comemorar o d\u00e9cimo anivers\u00e1rio da ado\u00e7\u00e3o da Declara\u00e7\u00e3o e Programa de A\u00e7\u00e3o de Durban (DDPA), aprovada por consenso na Confer\u00eancia Mundial Contra o Racismo, em 2001. Os Estados-membros concordaram em combater a xenofobia, a discrimina\u00e7\u00e3o contra imigrantes, povos ind\u00edgenas, ciganos e afrodescendentes, al\u00e9m daquela baseada na ascend\u00eancia.<\/p>\n<p>Em 2009, os pa\u00edses reavaliaram o caminho estabelecido pela DDPA, revigoraram e expandiram suas promessas em um documento que fortalecia a agenda antirracismo e reafirmaram a necessidade de situar a discuss\u00e3o dentro do contexto da lei internacional dos direitos humanos.<\/p>\n<p>Em muitos pa\u00edses, o quadro e o processo estabelecidos pela DDPA t\u00eam sido fundamentais para a melhoria das condi\u00e7\u00f5es de muitos grupos vulner\u00e1veis. Mas a implementa\u00e7\u00e3o dos compromissos ainda \u00e9 irregular e insatisfat\u00f3ria.<\/p>\n<p>Hoje, vemos a intoler\u00e2ncia emergindo em novas formas, como o tr\u00e1fico humano. Refugiados, solicitantes de asilo, trabalhadores migrantes e imigrantes sem documento s\u00e3o cada vez mais estigmatizados, quando n\u00e3o criminalizados. A xenofobia est\u00e1 em ascens\u00e3o.<\/p>\n<p>Em sua pior faceta, a manipula\u00e7\u00e3o da diversidade tem alimentado conflitos armados, bem como o surgimento de enfrentamentos comunais violentos.<\/p>\n<p>Na condi\u00e7\u00e3o de ex-ju\u00edza e presidente do Tribunal Penal Internacional para Ruanda, vi como comunidades podem ser aniquiladas pelo \u00f3dio. Mas tamb\u00e9m me deparei com magn\u00edficos atos de bravura.<\/p>\n<p>Um epis\u00f3dio est\u00e1 profundamente gravado em minha mem\u00f3ria. Ele ocorreu no noroeste de Ruanda, quando hutus atacaram uma escola e ordenaram aos alunos que se separassem em grupos de etnia hutu e tutsi. Os estudantes se recusaram a identificar sua etnia para n\u00e3o trair seus colegas. Dezessete meninas foram mortas como resultado de sua corajosa atitude.<\/p>\n<p>Como podemos ser dignos dessas crian\u00e7as? Acredito que precisamos trabalhar juntos para alcan\u00e7ar um ambiente de respeito e promo\u00e7\u00e3o da igualdade, da justi\u00e7a e da n\u00e3o discrimina\u00e7\u00e3o.<\/p>\n<p>Esses imperativos estavam em minha mente quando fui a Yad Vashem durante minha passagem por Israel, em fevereiro. Essa visita ofereceu um lembrete poderoso de que o \u00f3dio racial, os crimes contra a humanidade e o genoc\u00eddio nunca devem ser tolerados, e que o Holocausto nunca deve ser esquecido. A DDPA cont\u00e9m tal apelo. Ela exorta ao uso da mem\u00f3ria do Holocausto como for\u00e7a transformadora e a colocar seu legado a servi\u00e7o de um futuro livre do racismo.<\/p>\n<p>Um m\u00eas depois, visitei a ilha Goree, no Senegal. Trata-se da infame &#8220;porta sem retorno&#8221; pela qual in\u00fameros africanos foram enviados acorrentados \u00e0s Am\u00e9ricas. A ONU dedica o presente ano \u00e0 popula\u00e7\u00e3o afrodescendente, mas nunca poderemos fazer plena justi\u00e7a aos milh\u00f5es de v\u00edtimas do preconceito e da intoler\u00e2ncia -e a seus descendentes, que ainda enfrentam o legado da discrimina\u00e7\u00e3o. O que podemos \u00e9 assegurar que seu sofrimento seja um apelo para enfrentar o sofrimento dos outros, hoje e no futuro.<\/p>\n<p>Fonte: <a href=\"http:\/\/www.news.afrobras.org.br\/index.php?option=com_content&amp;view=article&amp;id=1335:navi-pillay-ninguem-esta-imune-ao-racismo&amp;catid=35:artigos&amp;Itemid=56\">Afrobr\u00e1s<\/a><\/p>\n","protected":false},"excerpt":{"rendered":"<p>&#8220;Apesar de d\u00e9cadas de luta, dos esfor\u00e7os de diversos grupos e na\u00e7\u00f5es e da evid\u00eancia do terr\u00edvel custo do racismo, ele persiste. Nenhuma sociedade est\u00e1 imune&#8221;, diz Navi Pillay.<\/p>\n","protected":false},"author":1,"featured_media":0,"comment_status":"open","ping_status":"open","sticky":false,"template":"","format":"standard","meta":{"site-container-style":"default","site-container-layout":"default","site-sidebar-layout":"default","disable-article-header":"default","disable-site-header":"default","disable-site-footer":"default","disable-content-area-spacing":"default","footnotes":""},"categories":[39,4,41],"tags":[],"class_list":["post-21138","post","type-post","status-publish","format-standard","hentry","category-discriminacao","category-noticias","category-preconceito"],"yoast_head":"<!-- This site is optimized with the Yoast SEO plugin v27.4 - https:\/\/yoast.com\/product\/yoast-seo-wordpress\/ -->\n<title>Ningu\u00e9m est\u00e1 imune ao racismo -<\/title>\n<meta name=\"robots\" content=\"index, follow, max-snippet:-1, max-image-preview:large, max-video-preview:-1\" \/>\n<link rel=\"canonical\" href=\"https:\/\/inclusivenews.com.br\/?p=21138\" \/>\n<meta property=\"og:locale\" content=\"pt_PT\" \/>\n<meta property=\"og:type\" content=\"article\" \/>\n<meta property=\"og:title\" content=\"Ningu\u00e9m est\u00e1 imune ao racismo -\" \/>\n<meta property=\"og:description\" content=\"&quot;Apesar de d\u00e9cadas de luta, dos esfor\u00e7os de diversos grupos e na\u00e7\u00f5es e da evid\u00eancia do terr\u00edvel custo do racismo, ele persiste. Nenhuma sociedade est\u00e1 imune&quot;, diz Navi Pillay.\" \/>\n<meta property=\"og:url\" content=\"https:\/\/inclusivenews.com.br\/?p=21138\" \/>\n<meta property=\"article:publisher\" content=\"https:\/\/www.facebook.com\/agenciainclusive\/\" \/>\n<meta property=\"article:published_time\" content=\"2011-09-29T09:46:49+00:00\" \/>\n<meta property=\"og:image\" content=\"http:\/\/inclusivenews.com.br\/wp-content\/uploads\/2011\/02\/racismo.jpg\" \/>\n<meta name=\"author\" content=\"inclusivenews2024\" \/>\n<meta name=\"twitter:card\" content=\"summary_large_image\" \/>\n<meta name=\"twitter:label1\" content=\"Escrito por\" \/>\n\t<meta name=\"twitter:data1\" content=\"inclusivenews2024\" \/>\n\t<meta name=\"twitter:label2\" content=\"Tempo estimado de leitura\" \/>\n\t<meta name=\"twitter:data2\" content=\"3 minutos\" \/>\n<script type=\"application\/ld+json\" class=\"yoast-schema-graph\">{\"@context\":\"https:\\\/\\\/schema.org\",\"@graph\":[{\"@type\":\"Article\",\"@id\":\"https:\\\/\\\/inclusivenews.com.br\\\/?p=21138#article\",\"isPartOf\":{\"@id\":\"https:\\\/\\\/inclusivenews.com.br\\\/?p=21138\"},\"author\":{\"name\":\"inclusivenews2024\",\"@id\":\"https:\\\/\\\/inclusivenews.com.br\\\/#\\\/schema\\\/person\\\/ae4ec7087559b8692fb33b6fffd2273b\"},\"headline\":\"Ningu\u00e9m est\u00e1 imune ao racismo\",\"datePublished\":\"2011-09-29T09:46:49+00:00\",\"mainEntityOfPage\":{\"@id\":\"https:\\\/\\\/inclusivenews.com.br\\\/?p=21138\"},\"wordCount\":669,\"commentCount\":0,\"publisher\":{\"@id\":\"https:\\\/\\\/inclusivenews.com.br\\\/#organization\"},\"image\":{\"@id\":\"https:\\\/\\\/inclusivenews.com.br\\\/?p=21138#primaryimage\"},\"thumbnailUrl\":\"http:\\\/\\\/inclusivenews.com.br\\\/wp-content\\\/uploads\\\/2011\\\/02\\\/racismo.jpg\",\"articleSection\":[\"Discrimina\u00e7\u00e3o\",\"NOT\u00cdCIAS\",\"Preconceito\"],\"inLanguage\":\"pt-PT\",\"potentialAction\":[{\"@type\":\"CommentAction\",\"name\":\"Comment\",\"target\":[\"https:\\\/\\\/inclusivenews.com.br\\\/?p=21138#respond\"]}]},{\"@type\":\"WebPage\",\"@id\":\"https:\\\/\\\/inclusivenews.com.br\\\/?p=21138\",\"url\":\"https:\\\/\\\/inclusivenews.com.br\\\/?p=21138\",\"name\":\"Ningu\u00e9m est\u00e1 imune ao racismo -\",\"isPartOf\":{\"@id\":\"https:\\\/\\\/inclusivenews.com.br\\\/#website\"},\"primaryImageOfPage\":{\"@id\":\"https:\\\/\\\/inclusivenews.com.br\\\/?p=21138#primaryimage\"},\"image\":{\"@id\":\"https:\\\/\\\/inclusivenews.com.br\\\/?p=21138#primaryimage\"},\"thumbnailUrl\":\"http:\\\/\\\/inclusivenews.com.br\\\/wp-content\\\/uploads\\\/2011\\\/02\\\/racismo.jpg\",\"datePublished\":\"2011-09-29T09:46:49+00:00\",\"breadcrumb\":{\"@id\":\"https:\\\/\\\/inclusivenews.com.br\\\/?p=21138#breadcrumb\"},\"inLanguage\":\"pt-PT\",\"potentialAction\":[{\"@type\":\"ReadAction\",\"target\":[\"https:\\\/\\\/inclusivenews.com.br\\\/?p=21138\"]}]},{\"@type\":\"ImageObject\",\"inLanguage\":\"pt-PT\",\"@id\":\"https:\\\/\\\/inclusivenews.com.br\\\/?p=21138#primaryimage\",\"url\":\"\",\"contentUrl\":\"\"},{\"@type\":\"BreadcrumbList\",\"@id\":\"https:\\\/\\\/inclusivenews.com.br\\\/?p=21138#breadcrumb\",\"itemListElement\":[{\"@type\":\"ListItem\",\"position\":1,\"name\":\"In\u00edcio\",\"item\":\"https:\\\/\\\/inclusivenews.com.br\\\/\"},{\"@type\":\"ListItem\",\"position\":2,\"name\":\"Ningu\u00e9m est\u00e1 imune ao racismo\"}]},{\"@type\":\"WebSite\",\"@id\":\"https:\\\/\\\/inclusivenews.com.br\\\/#website\",\"url\":\"https:\\\/\\\/inclusivenews.com.br\\\/\",\"name\":\"Inclusive News\",\"description\":\"Inclusive News\",\"publisher\":{\"@id\":\"https:\\\/\\\/inclusivenews.com.br\\\/#organization\"},\"potentialAction\":[{\"@type\":\"SearchAction\",\"target\":{\"@type\":\"EntryPoint\",\"urlTemplate\":\"https:\\\/\\\/inclusivenews.com.br\\\/?s={search_term_string}\"},\"query-input\":{\"@type\":\"PropertyValueSpecification\",\"valueRequired\":true,\"valueName\":\"search_term_string\"}}],\"inLanguage\":\"pt-PT\"},{\"@type\":\"Organization\",\"@id\":\"https:\\\/\\\/inclusivenews.com.br\\\/#organization\",\"name\":\"Inclusive - inclus\u00e3o e cidadania\",\"url\":\"https:\\\/\\\/inclusivenews.com.br\\\/\",\"logo\":{\"@type\":\"ImageObject\",\"inLanguage\":\"pt-PT\",\"@id\":\"https:\\\/\\\/inclusivenews.com.br\\\/#\\\/schema\\\/logo\\\/image\\\/\",\"url\":\"https:\\\/\\\/inclusivenews.com.br\\\/wp-content\\\/uploads\\\/2024\\\/03\\\/@grandesite.png\",\"contentUrl\":\"https:\\\/\\\/inclusivenews.com.br\\\/wp-content\\\/uploads\\\/2024\\\/03\\\/@grandesite.png\",\"width\":1080,\"height\":1080,\"caption\":\"Inclusive - inclus\u00e3o e cidadania\"},\"image\":{\"@id\":\"https:\\\/\\\/inclusivenews.com.br\\\/#\\\/schema\\\/logo\\\/image\\\/\"},\"sameAs\":[\"https:\\\/\\\/www.facebook.com\\\/agenciainclusive\\\/\",\"https:\\\/\\\/www.instagram.com\\\/newsinclusive\\\/\"]},{\"@type\":\"Person\",\"@id\":\"https:\\\/\\\/inclusivenews.com.br\\\/#\\\/schema\\\/person\\\/ae4ec7087559b8692fb33b6fffd2273b\",\"name\":\"inclusivenews2024\",\"image\":{\"@type\":\"ImageObject\",\"inLanguage\":\"pt-PT\",\"@id\":\"https:\\\/\\\/secure.gravatar.com\\\/avatar\\\/c5a7ef84c66fa914f55bc4f7ce26cfa275a3b9a1c5568b907bd184fb4dde7b40?s=96&d=mm&r=g\",\"url\":\"https:\\\/\\\/secure.gravatar.com\\\/avatar\\\/c5a7ef84c66fa914f55bc4f7ce26cfa275a3b9a1c5568b907bd184fb4dde7b40?s=96&d=mm&r=g\",\"contentUrl\":\"https:\\\/\\\/secure.gravatar.com\\\/avatar\\\/c5a7ef84c66fa914f55bc4f7ce26cfa275a3b9a1c5568b907bd184fb4dde7b40?s=96&d=mm&r=g\",\"caption\":\"inclusivenews2024\"},\"sameAs\":[\"https:\\\/\\\/inclusivenews.com.br\"],\"url\":\"https:\\\/\\\/inclusivenews.com.br\\\/?author=1\"}]}<\/script>\n<!-- \/ Yoast SEO plugin. -->","yoast_head_json":{"title":"Ningu\u00e9m est\u00e1 imune ao racismo -","robots":{"index":"index","follow":"follow","max-snippet":"max-snippet:-1","max-image-preview":"max-image-preview:large","max-video-preview":"max-video-preview:-1"},"canonical":"https:\/\/inclusivenews.com.br\/?p=21138","og_locale":"pt_PT","og_type":"article","og_title":"Ningu\u00e9m est\u00e1 imune ao racismo -","og_description":"\"Apesar de d\u00e9cadas de luta, dos esfor\u00e7os de diversos grupos e na\u00e7\u00f5es e da evid\u00eancia do terr\u00edvel custo do racismo, ele persiste. Nenhuma sociedade est\u00e1 imune\", diz Navi Pillay.","og_url":"https:\/\/inclusivenews.com.br\/?p=21138","article_publisher":"https:\/\/www.facebook.com\/agenciainclusive\/","article_published_time":"2011-09-29T09:46:49+00:00","og_image":[{"url":"http:\/\/inclusivenews.com.br\/wp-content\/uploads\/2011\/02\/racismo.jpg","type":"","width":"","height":""}],"author":"inclusivenews2024","twitter_card":"summary_large_image","twitter_misc":{"Escrito por":"inclusivenews2024","Tempo estimado de leitura":"3 minutos"},"schema":{"@context":"https:\/\/schema.org","@graph":[{"@type":"Article","@id":"https:\/\/inclusivenews.com.br\/?p=21138#article","isPartOf":{"@id":"https:\/\/inclusivenews.com.br\/?p=21138"},"author":{"name":"inclusivenews2024","@id":"https:\/\/inclusivenews.com.br\/#\/schema\/person\/ae4ec7087559b8692fb33b6fffd2273b"},"headline":"Ningu\u00e9m est\u00e1 imune ao racismo","datePublished":"2011-09-29T09:46:49+00:00","mainEntityOfPage":{"@id":"https:\/\/inclusivenews.com.br\/?p=21138"},"wordCount":669,"commentCount":0,"publisher":{"@id":"https:\/\/inclusivenews.com.br\/#organization"},"image":{"@id":"https:\/\/inclusivenews.com.br\/?p=21138#primaryimage"},"thumbnailUrl":"http:\/\/inclusivenews.com.br\/wp-content\/uploads\/2011\/02\/racismo.jpg","articleSection":["Discrimina\u00e7\u00e3o","NOT\u00cdCIAS","Preconceito"],"inLanguage":"pt-PT","potentialAction":[{"@type":"CommentAction","name":"Comment","target":["https:\/\/inclusivenews.com.br\/?p=21138#respond"]}]},{"@type":"WebPage","@id":"https:\/\/inclusivenews.com.br\/?p=21138","url":"https:\/\/inclusivenews.com.br\/?p=21138","name":"Ningu\u00e9m est\u00e1 imune ao racismo -","isPartOf":{"@id":"https:\/\/inclusivenews.com.br\/#website"},"primaryImageOfPage":{"@id":"https:\/\/inclusivenews.com.br\/?p=21138#primaryimage"},"image":{"@id":"https:\/\/inclusivenews.com.br\/?p=21138#primaryimage"},"thumbnailUrl":"http:\/\/inclusivenews.com.br\/wp-content\/uploads\/2011\/02\/racismo.jpg","datePublished":"2011-09-29T09:46:49+00:00","breadcrumb":{"@id":"https:\/\/inclusivenews.com.br\/?p=21138#breadcrumb"},"inLanguage":"pt-PT","potentialAction":[{"@type":"ReadAction","target":["https:\/\/inclusivenews.com.br\/?p=21138"]}]},{"@type":"ImageObject","inLanguage":"pt-PT","@id":"https:\/\/inclusivenews.com.br\/?p=21138#primaryimage","url":"","contentUrl":""},{"@type":"BreadcrumbList","@id":"https:\/\/inclusivenews.com.br\/?p=21138#breadcrumb","itemListElement":[{"@type":"ListItem","position":1,"name":"In\u00edcio","item":"https:\/\/inclusivenews.com.br\/"},{"@type":"ListItem","position":2,"name":"Ningu\u00e9m est\u00e1 imune ao racismo"}]},{"@type":"WebSite","@id":"https:\/\/inclusivenews.com.br\/#website","url":"https:\/\/inclusivenews.com.br\/","name":"Inclusive News","description":"Inclusive News","publisher":{"@id":"https:\/\/inclusivenews.com.br\/#organization"},"potentialAction":[{"@type":"SearchAction","target":{"@type":"EntryPoint","urlTemplate":"https:\/\/inclusivenews.com.br\/?s={search_term_string}"},"query-input":{"@type":"PropertyValueSpecification","valueRequired":true,"valueName":"search_term_string"}}],"inLanguage":"pt-PT"},{"@type":"Organization","@id":"https:\/\/inclusivenews.com.br\/#organization","name":"Inclusive - inclus\u00e3o e cidadania","url":"https:\/\/inclusivenews.com.br\/","logo":{"@type":"ImageObject","inLanguage":"pt-PT","@id":"https:\/\/inclusivenews.com.br\/#\/schema\/logo\/image\/","url":"https:\/\/inclusivenews.com.br\/wp-content\/uploads\/2024\/03\/@grandesite.png","contentUrl":"https:\/\/inclusivenews.com.br\/wp-content\/uploads\/2024\/03\/@grandesite.png","width":1080,"height":1080,"caption":"Inclusive - inclus\u00e3o e cidadania"},"image":{"@id":"https:\/\/inclusivenews.com.br\/#\/schema\/logo\/image\/"},"sameAs":["https:\/\/www.facebook.com\/agenciainclusive\/","https:\/\/www.instagram.com\/newsinclusive\/"]},{"@type":"Person","@id":"https:\/\/inclusivenews.com.br\/#\/schema\/person\/ae4ec7087559b8692fb33b6fffd2273b","name":"inclusivenews2024","image":{"@type":"ImageObject","inLanguage":"pt-PT","@id":"https:\/\/secure.gravatar.com\/avatar\/c5a7ef84c66fa914f55bc4f7ce26cfa275a3b9a1c5568b907bd184fb4dde7b40?s=96&d=mm&r=g","url":"https:\/\/secure.gravatar.com\/avatar\/c5a7ef84c66fa914f55bc4f7ce26cfa275a3b9a1c5568b907bd184fb4dde7b40?s=96&d=mm&r=g","contentUrl":"https:\/\/secure.gravatar.com\/avatar\/c5a7ef84c66fa914f55bc4f7ce26cfa275a3b9a1c5568b907bd184fb4dde7b40?s=96&d=mm&r=g","caption":"inclusivenews2024"},"sameAs":["https:\/\/inclusivenews.com.br"],"url":"https:\/\/inclusivenews.com.br\/?author=1"}]}},"_links":{"self":[{"href":"https:\/\/inclusivenews.com.br\/index.php?rest_route=\/wp\/v2\/posts\/21138","targetHints":{"allow":["GET"]}}],"collection":[{"href":"https:\/\/inclusivenews.com.br\/index.php?rest_route=\/wp\/v2\/posts"}],"about":[{"href":"https:\/\/inclusivenews.com.br\/index.php?rest_route=\/wp\/v2\/types\/post"}],"author":[{"embeddable":true,"href":"https:\/\/inclusivenews.com.br\/index.php?rest_route=\/wp\/v2\/users\/1"}],"replies":[{"embeddable":true,"href":"https:\/\/inclusivenews.com.br\/index.php?rest_route=%2Fwp%2Fv2%2Fcomments&post=21138"}],"version-history":[{"count":0,"href":"https:\/\/inclusivenews.com.br\/index.php?rest_route=\/wp\/v2\/posts\/21138\/revisions"}],"wp:attachment":[{"href":"https:\/\/inclusivenews.com.br\/index.php?rest_route=%2Fwp%2Fv2%2Fmedia&parent=21138"}],"wp:term":[{"taxonomy":"category","embeddable":true,"href":"https:\/\/inclusivenews.com.br\/index.php?rest_route=%2Fwp%2Fv2%2Fcategories&post=21138"},{"taxonomy":"post_tag","embeddable":true,"href":"https:\/\/inclusivenews.com.br\/index.php?rest_route=%2Fwp%2Fv2%2Ftags&post=21138"}],"curies":[{"name":"wp","href":"https:\/\/api.w.org\/{rel}","templated":true}]}}