{"id":21166,"date":"2011-09-29T06:49:25","date_gmt":"2011-09-29T09:49:25","guid":{"rendered":"http:\/\/www.inclusive.org.br\/?p=21166"},"modified":"2011-09-29T06:49:25","modified_gmt":"2011-09-29T09:49:25","slug":"religiao-na-escola","status":"publish","type":"post","link":"https:\/\/inclusivenews.com.br\/?p=21166","title":{"rendered":"Religi\u00e3o na escola"},"content":{"rendered":"<figure id=\"attachment_21167\" aria-describedby=\"caption-attachment-21167\" style=\"width: 221px\" class=\"wp-caption alignleft\"><img loading=\"lazy\" decoding=\"async\" class=\"size-full wp-image-21167\" title=\"Ensino laico - Estado e religi\u00e3o separados por uma tesoura\" src=\"http:\/\/inclusivenews.com.br\/wp-content\/uploads\/estadolaico_thumb.jpg\" alt=\"Ensino laico - Estado e religi\u00e3o separados por uma tesoura\" width=\"221\" height=\"189\" \/><figcaption id=\"caption-attachment-21167\" class=\"wp-caption-text\"> <\/figcaption><\/figure>\n<p><strong>Por Marcos Jos\u00e9 Diniz Silva<br \/>\nno Di\u00e1rio do Nordeste<\/strong><\/p>\n<p>No momento em que se debate a problem\u00e1tica do bullying, homofobia e intoler\u00e2ncia, desponta para reflex\u00e3o outro pol\u00eamico elemento na educa\u00e7\u00e3o da brasileira: o ensino religioso. A quest\u00e3o n\u00e3o \u00e9 o debate sobre o papel da religi\u00e3o na forma\u00e7\u00e3o escolar do cidad\u00e3o.<\/p>\n<p>O que se coloca, gravemente, \u00e9 a identidade do Estado laico no Brasil. Nossa primeira Constitui\u00e7\u00e3o republicana, de 1891, determinava &#8220;Art. 72, \u00a7 6\u00b0 Ser\u00e1 leigo o ensino ministrado nos estabelecimentos p\u00fablico. \u00a77\u00ba Nenhum culto ou igreja gozar\u00e1 de subven\u00e7\u00e3o oficial, nem ter\u00e1 rela\u00e7\u00f5es de depend\u00eancia ou alian\u00e7a com o governo da Uni\u00e3o, ou dos Estados&#8221;. Na d\u00e9cada de 1930, como resultante das press\u00f5es pol\u00edticas da hierarquia cat\u00f3lica em alian\u00e7a com Get\u00falio Vargas, a Constitui\u00e7\u00e3o de 1934, art. 17, III, inclui princ\u00edpio da &#8220;colabora\u00e7\u00e3o rec\u00edproca em prol do interesse coletivo&#8221;, entre Estado e religi\u00f5es. E o art. 153, inclu\u00eda o ensino religioso facultativo. Descaracterizava-se, da\u00ed em diante, o Estado laico.<\/p>\n<p>A Constitui\u00e7\u00e3o atual, art. 19, pro\u00edbe &#8220;rela\u00e7\u00f5es de depend\u00eancia ou alian\u00e7a&#8221; entre Estado\/religi\u00f5es, ressalvando a &#8220;colabora\u00e7\u00e3o de interesse p\u00fablico&#8221;. Autoriza, tamb\u00e9m, o ensino religioso facultativo nas escolas p\u00fablicas.<\/p>\n<p>J\u00e1 a Lei de Diretrizes e Bases da Educa\u00e7\u00e3o Nacional (1996), regulamentando o ensino religioso, art. 33, ressalva que devem ser &#8220;vedadas quaisquer formas de proselitismo&#8221;. Tal artigo, atualizado em 1997, acrescenta a autonomia dos entes federativos na defini\u00e7\u00e3o dos conte\u00fados e a absurda contrata\u00e7\u00e3o de professores habilitados pelas denomina\u00e7\u00f5es religiosas. A situa\u00e7\u00e3o agravou-se com a aprova\u00e7\u00e3o da Concordata Brasil-Vaticano (2009), que imp\u00f5e no art. 11, \u00a7 1\u00ba &#8220;o ensino religioso, cat\u00f3lico e de outras confiss\u00f5es religiosas&#8221;. A Concordata est\u00e1 sendo questionada no STF. Mantida a lei, o ensino religioso perder\u00e1 seu car\u00e1ter informativo do pluralismo das culturas religiosas, mat\u00e9ria das Ci\u00eancias Humanas, para se tornar catequese e culto no intramuros da escola p\u00fablica. Ou seja, proselitismo religioso remunerado pelos cofres p\u00fablicos, alimentando preconceitos e intoler\u00e2ncias sect\u00e1rias.<\/p>\n<p>* Historiador, professor universit\u00e1rio<\/p>\n<p>Fonte: <a href=\"http:\/\/diariodonordeste.globo.com\/materia.asp?codigo=1040796\">Di\u00e1rio do Nordeste <\/a><\/p>\n","protected":false},"excerpt":{"rendered":"<p>A Concordata est\u00e1 sendo questionada no STF. Mantida a lei, o ensino religioso perder\u00e1 seu car\u00e1ter informativo do pluralismo das culturas religiosas, mat\u00e9ria das Ci\u00eancias Humanas, para se tornar catequese e culto no intramuros da escola p\u00fablica. Ou seja, proselitismo religioso remunerado pelos cofres p\u00fablicos, alimentando preconceitos e intoler\u00e2ncias sect\u00e1rias. Opini\u00e3o \u00e9 de Marcos Jos\u00e9 Diniz Silva e est\u00e1 no Di\u00e1rio do Nordeste.<\/p>\n","protected":false},"author":1,"featured_media":0,"comment_status":"open","ping_status":"open","sticky":false,"template":"","format":"standard","meta":{"site-container-style":"default","site-container-layout":"default","site-sidebar-layout":"default","disable-article-header":"default","disable-site-header":"default","disable-site-footer":"default","disable-content-area-spacing":"default","footnotes":""},"categories":[6,4,8],"tags":[175],"class_list":["post-21166","post","type-post","status-publish","format-standard","hentry","category-educacao","category-noticias","category-textos-e-artigos","tag-ensino-laico"],"yoast_head":"<!-- This site is optimized with the Yoast SEO plugin v27.4 - https:\/\/yoast.com\/product\/yoast-seo-wordpress\/ -->\n<title>Religi\u00e3o na escola -<\/title>\n<meta name=\"robots\" content=\"index, follow, max-snippet:-1, max-image-preview:large, max-video-preview:-1\" \/>\n<link rel=\"canonical\" href=\"https:\/\/inclusivenews.com.br\/?p=21166\" \/>\n<meta property=\"og:locale\" content=\"pt_PT\" \/>\n<meta property=\"og:type\" content=\"article\" \/>\n<meta property=\"og:title\" content=\"Religi\u00e3o na escola -\" \/>\n<meta property=\"og:description\" content=\"A Concordata est\u00e1 sendo questionada no STF. Mantida a lei, o ensino religioso perder\u00e1 seu car\u00e1ter informativo do pluralismo das culturas religiosas, mat\u00e9ria das Ci\u00eancias Humanas, para se tornar catequese e culto no intramuros da escola p\u00fablica. Ou seja, proselitismo religioso remunerado pelos cofres p\u00fablicos, alimentando preconceitos e intoler\u00e2ncias sect\u00e1rias. Opini\u00e3o \u00e9 de Marcos Jos\u00e9 Diniz Silva e est\u00e1 no Di\u00e1rio do Nordeste.\" \/>\n<meta property=\"og:url\" content=\"https:\/\/inclusivenews.com.br\/?p=21166\" \/>\n<meta property=\"article:publisher\" content=\"https:\/\/www.facebook.com\/agenciainclusive\/\" \/>\n<meta property=\"article:published_time\" content=\"2011-09-29T09:49:25+00:00\" \/>\n<meta property=\"og:image\" content=\"http:\/\/inclusivenews.com.br\/wp-content\/uploads\/estadolaico_thumb.jpg\" \/>\n<meta name=\"author\" content=\"inclusivenews2024\" \/>\n<meta name=\"twitter:card\" content=\"summary_large_image\" \/>\n<meta name=\"twitter:label1\" content=\"Escrito por\" \/>\n\t<meta name=\"twitter:data1\" content=\"inclusivenews2024\" \/>\n\t<meta name=\"twitter:label2\" content=\"Tempo estimado de leitura\" \/>\n\t<meta name=\"twitter:data2\" content=\"2 minutos\" \/>\n<script type=\"application\/ld+json\" class=\"yoast-schema-graph\">{\"@context\":\"https:\\\/\\\/schema.org\",\"@graph\":[{\"@type\":\"Article\",\"@id\":\"https:\\\/\\\/inclusivenews.com.br\\\/?p=21166#article\",\"isPartOf\":{\"@id\":\"https:\\\/\\\/inclusivenews.com.br\\\/?p=21166\"},\"author\":{\"name\":\"inclusivenews2024\",\"@id\":\"https:\\\/\\\/inclusivenews.com.br\\\/#\\\/schema\\\/person\\\/ae4ec7087559b8692fb33b6fffd2273b\"},\"headline\":\"Religi\u00e3o na escola\",\"datePublished\":\"2011-09-29T09:49:25+00:00\",\"mainEntityOfPage\":{\"@id\":\"https:\\\/\\\/inclusivenews.com.br\\\/?p=21166\"},\"wordCount\":376,\"commentCount\":0,\"publisher\":{\"@id\":\"https:\\\/\\\/inclusivenews.com.br\\\/#organization\"},\"image\":{\"@id\":\"https:\\\/\\\/inclusivenews.com.br\\\/?p=21166#primaryimage\"},\"thumbnailUrl\":\"http:\\\/\\\/inclusivenews.com.br\\\/wp-content\\\/uploads\\\/estadolaico_thumb.jpg\",\"keywords\":[\"Ensino laico\"],\"articleSection\":[\"EDUCA\u00c7\u00c3O\",\"NOT\u00cdCIAS\",\"OPINI\u00c3O\"],\"inLanguage\":\"pt-PT\",\"potentialAction\":[{\"@type\":\"CommentAction\",\"name\":\"Comment\",\"target\":[\"https:\\\/\\\/inclusivenews.com.br\\\/?p=21166#respond\"]}]},{\"@type\":\"WebPage\",\"@id\":\"https:\\\/\\\/inclusivenews.com.br\\\/?p=21166\",\"url\":\"https:\\\/\\\/inclusivenews.com.br\\\/?p=21166\",\"name\":\"Religi\u00e3o na escola -\",\"isPartOf\":{\"@id\":\"https:\\\/\\\/inclusivenews.com.br\\\/#website\"},\"primaryImageOfPage\":{\"@id\":\"https:\\\/\\\/inclusivenews.com.br\\\/?p=21166#primaryimage\"},\"image\":{\"@id\":\"https:\\\/\\\/inclusivenews.com.br\\\/?p=21166#primaryimage\"},\"thumbnailUrl\":\"http:\\\/\\\/inclusivenews.com.br\\\/wp-content\\\/uploads\\\/estadolaico_thumb.jpg\",\"datePublished\":\"2011-09-29T09:49:25+00:00\",\"breadcrumb\":{\"@id\":\"https:\\\/\\\/inclusivenews.com.br\\\/?p=21166#breadcrumb\"},\"inLanguage\":\"pt-PT\",\"potentialAction\":[{\"@type\":\"ReadAction\",\"target\":[\"https:\\\/\\\/inclusivenews.com.br\\\/?p=21166\"]}]},{\"@type\":\"ImageObject\",\"inLanguage\":\"pt-PT\",\"@id\":\"https:\\\/\\\/inclusivenews.com.br\\\/?p=21166#primaryimage\",\"url\":\"\",\"contentUrl\":\"\"},{\"@type\":\"BreadcrumbList\",\"@id\":\"https:\\\/\\\/inclusivenews.com.br\\\/?p=21166#breadcrumb\",\"itemListElement\":[{\"@type\":\"ListItem\",\"position\":1,\"name\":\"In\u00edcio\",\"item\":\"https:\\\/\\\/inclusivenews.com.br\\\/\"},{\"@type\":\"ListItem\",\"position\":2,\"name\":\"Religi\u00e3o na escola\"}]},{\"@type\":\"WebSite\",\"@id\":\"https:\\\/\\\/inclusivenews.com.br\\\/#website\",\"url\":\"https:\\\/\\\/inclusivenews.com.br\\\/\",\"name\":\"Inclusive News\",\"description\":\"Inclusive News\",\"publisher\":{\"@id\":\"https:\\\/\\\/inclusivenews.com.br\\\/#organization\"},\"potentialAction\":[{\"@type\":\"SearchAction\",\"target\":{\"@type\":\"EntryPoint\",\"urlTemplate\":\"https:\\\/\\\/inclusivenews.com.br\\\/?s={search_term_string}\"},\"query-input\":{\"@type\":\"PropertyValueSpecification\",\"valueRequired\":true,\"valueName\":\"search_term_string\"}}],\"inLanguage\":\"pt-PT\"},{\"@type\":\"Organization\",\"@id\":\"https:\\\/\\\/inclusivenews.com.br\\\/#organization\",\"name\":\"Inclusive - inclus\u00e3o e cidadania\",\"url\":\"https:\\\/\\\/inclusivenews.com.br\\\/\",\"logo\":{\"@type\":\"ImageObject\",\"inLanguage\":\"pt-PT\",\"@id\":\"https:\\\/\\\/inclusivenews.com.br\\\/#\\\/schema\\\/logo\\\/image\\\/\",\"url\":\"https:\\\/\\\/inclusivenews.com.br\\\/wp-content\\\/uploads\\\/2024\\\/03\\\/@grandesite.png\",\"contentUrl\":\"https:\\\/\\\/inclusivenews.com.br\\\/wp-content\\\/uploads\\\/2024\\\/03\\\/@grandesite.png\",\"width\":1080,\"height\":1080,\"caption\":\"Inclusive - inclus\u00e3o e cidadania\"},\"image\":{\"@id\":\"https:\\\/\\\/inclusivenews.com.br\\\/#\\\/schema\\\/logo\\\/image\\\/\"},\"sameAs\":[\"https:\\\/\\\/www.facebook.com\\\/agenciainclusive\\\/\",\"https:\\\/\\\/www.instagram.com\\\/newsinclusive\\\/\"]},{\"@type\":\"Person\",\"@id\":\"https:\\\/\\\/inclusivenews.com.br\\\/#\\\/schema\\\/person\\\/ae4ec7087559b8692fb33b6fffd2273b\",\"name\":\"inclusivenews2024\",\"image\":{\"@type\":\"ImageObject\",\"inLanguage\":\"pt-PT\",\"@id\":\"https:\\\/\\\/secure.gravatar.com\\\/avatar\\\/c5a7ef84c66fa914f55bc4f7ce26cfa275a3b9a1c5568b907bd184fb4dde7b40?s=96&d=mm&r=g\",\"url\":\"https:\\\/\\\/secure.gravatar.com\\\/avatar\\\/c5a7ef84c66fa914f55bc4f7ce26cfa275a3b9a1c5568b907bd184fb4dde7b40?s=96&d=mm&r=g\",\"contentUrl\":\"https:\\\/\\\/secure.gravatar.com\\\/avatar\\\/c5a7ef84c66fa914f55bc4f7ce26cfa275a3b9a1c5568b907bd184fb4dde7b40?s=96&d=mm&r=g\",\"caption\":\"inclusivenews2024\"},\"sameAs\":[\"https:\\\/\\\/inclusivenews.com.br\"],\"url\":\"https:\\\/\\\/inclusivenews.com.br\\\/?author=1\"}]}<\/script>\n<!-- \/ Yoast SEO plugin. -->","yoast_head_json":{"title":"Religi\u00e3o na escola -","robots":{"index":"index","follow":"follow","max-snippet":"max-snippet:-1","max-image-preview":"max-image-preview:large","max-video-preview":"max-video-preview:-1"},"canonical":"https:\/\/inclusivenews.com.br\/?p=21166","og_locale":"pt_PT","og_type":"article","og_title":"Religi\u00e3o na escola -","og_description":"A Concordata est\u00e1 sendo questionada no STF. Mantida a lei, o ensino religioso perder\u00e1 seu car\u00e1ter informativo do pluralismo das culturas religiosas, mat\u00e9ria das Ci\u00eancias Humanas, para se tornar catequese e culto no intramuros da escola p\u00fablica. Ou seja, proselitismo religioso remunerado pelos cofres p\u00fablicos, alimentando preconceitos e intoler\u00e2ncias sect\u00e1rias. Opini\u00e3o \u00e9 de Marcos Jos\u00e9 Diniz Silva e est\u00e1 no Di\u00e1rio do Nordeste.","og_url":"https:\/\/inclusivenews.com.br\/?p=21166","article_publisher":"https:\/\/www.facebook.com\/agenciainclusive\/","article_published_time":"2011-09-29T09:49:25+00:00","og_image":[{"url":"http:\/\/inclusivenews.com.br\/wp-content\/uploads\/estadolaico_thumb.jpg","type":"","width":"","height":""}],"author":"inclusivenews2024","twitter_card":"summary_large_image","twitter_misc":{"Escrito por":"inclusivenews2024","Tempo estimado de leitura":"2 minutos"},"schema":{"@context":"https:\/\/schema.org","@graph":[{"@type":"Article","@id":"https:\/\/inclusivenews.com.br\/?p=21166#article","isPartOf":{"@id":"https:\/\/inclusivenews.com.br\/?p=21166"},"author":{"name":"inclusivenews2024","@id":"https:\/\/inclusivenews.com.br\/#\/schema\/person\/ae4ec7087559b8692fb33b6fffd2273b"},"headline":"Religi\u00e3o na escola","datePublished":"2011-09-29T09:49:25+00:00","mainEntityOfPage":{"@id":"https:\/\/inclusivenews.com.br\/?p=21166"},"wordCount":376,"commentCount":0,"publisher":{"@id":"https:\/\/inclusivenews.com.br\/#organization"},"image":{"@id":"https:\/\/inclusivenews.com.br\/?p=21166#primaryimage"},"thumbnailUrl":"http:\/\/inclusivenews.com.br\/wp-content\/uploads\/estadolaico_thumb.jpg","keywords":["Ensino laico"],"articleSection":["EDUCA\u00c7\u00c3O","NOT\u00cdCIAS","OPINI\u00c3O"],"inLanguage":"pt-PT","potentialAction":[{"@type":"CommentAction","name":"Comment","target":["https:\/\/inclusivenews.com.br\/?p=21166#respond"]}]},{"@type":"WebPage","@id":"https:\/\/inclusivenews.com.br\/?p=21166","url":"https:\/\/inclusivenews.com.br\/?p=21166","name":"Religi\u00e3o na escola -","isPartOf":{"@id":"https:\/\/inclusivenews.com.br\/#website"},"primaryImageOfPage":{"@id":"https:\/\/inclusivenews.com.br\/?p=21166#primaryimage"},"image":{"@id":"https:\/\/inclusivenews.com.br\/?p=21166#primaryimage"},"thumbnailUrl":"http:\/\/inclusivenews.com.br\/wp-content\/uploads\/estadolaico_thumb.jpg","datePublished":"2011-09-29T09:49:25+00:00","breadcrumb":{"@id":"https:\/\/inclusivenews.com.br\/?p=21166#breadcrumb"},"inLanguage":"pt-PT","potentialAction":[{"@type":"ReadAction","target":["https:\/\/inclusivenews.com.br\/?p=21166"]}]},{"@type":"ImageObject","inLanguage":"pt-PT","@id":"https:\/\/inclusivenews.com.br\/?p=21166#primaryimage","url":"","contentUrl":""},{"@type":"BreadcrumbList","@id":"https:\/\/inclusivenews.com.br\/?p=21166#breadcrumb","itemListElement":[{"@type":"ListItem","position":1,"name":"In\u00edcio","item":"https:\/\/inclusivenews.com.br\/"},{"@type":"ListItem","position":2,"name":"Religi\u00e3o na escola"}]},{"@type":"WebSite","@id":"https:\/\/inclusivenews.com.br\/#website","url":"https:\/\/inclusivenews.com.br\/","name":"Inclusive News","description":"Inclusive News","publisher":{"@id":"https:\/\/inclusivenews.com.br\/#organization"},"potentialAction":[{"@type":"SearchAction","target":{"@type":"EntryPoint","urlTemplate":"https:\/\/inclusivenews.com.br\/?s={search_term_string}"},"query-input":{"@type":"PropertyValueSpecification","valueRequired":true,"valueName":"search_term_string"}}],"inLanguage":"pt-PT"},{"@type":"Organization","@id":"https:\/\/inclusivenews.com.br\/#organization","name":"Inclusive - inclus\u00e3o e cidadania","url":"https:\/\/inclusivenews.com.br\/","logo":{"@type":"ImageObject","inLanguage":"pt-PT","@id":"https:\/\/inclusivenews.com.br\/#\/schema\/logo\/image\/","url":"https:\/\/inclusivenews.com.br\/wp-content\/uploads\/2024\/03\/@grandesite.png","contentUrl":"https:\/\/inclusivenews.com.br\/wp-content\/uploads\/2024\/03\/@grandesite.png","width":1080,"height":1080,"caption":"Inclusive - inclus\u00e3o e cidadania"},"image":{"@id":"https:\/\/inclusivenews.com.br\/#\/schema\/logo\/image\/"},"sameAs":["https:\/\/www.facebook.com\/agenciainclusive\/","https:\/\/www.instagram.com\/newsinclusive\/"]},{"@type":"Person","@id":"https:\/\/inclusivenews.com.br\/#\/schema\/person\/ae4ec7087559b8692fb33b6fffd2273b","name":"inclusivenews2024","image":{"@type":"ImageObject","inLanguage":"pt-PT","@id":"https:\/\/secure.gravatar.com\/avatar\/c5a7ef84c66fa914f55bc4f7ce26cfa275a3b9a1c5568b907bd184fb4dde7b40?s=96&d=mm&r=g","url":"https:\/\/secure.gravatar.com\/avatar\/c5a7ef84c66fa914f55bc4f7ce26cfa275a3b9a1c5568b907bd184fb4dde7b40?s=96&d=mm&r=g","contentUrl":"https:\/\/secure.gravatar.com\/avatar\/c5a7ef84c66fa914f55bc4f7ce26cfa275a3b9a1c5568b907bd184fb4dde7b40?s=96&d=mm&r=g","caption":"inclusivenews2024"},"sameAs":["https:\/\/inclusivenews.com.br"],"url":"https:\/\/inclusivenews.com.br\/?author=1"}]}},"_links":{"self":[{"href":"https:\/\/inclusivenews.com.br\/index.php?rest_route=\/wp\/v2\/posts\/21166","targetHints":{"allow":["GET"]}}],"collection":[{"href":"https:\/\/inclusivenews.com.br\/index.php?rest_route=\/wp\/v2\/posts"}],"about":[{"href":"https:\/\/inclusivenews.com.br\/index.php?rest_route=\/wp\/v2\/types\/post"}],"author":[{"embeddable":true,"href":"https:\/\/inclusivenews.com.br\/index.php?rest_route=\/wp\/v2\/users\/1"}],"replies":[{"embeddable":true,"href":"https:\/\/inclusivenews.com.br\/index.php?rest_route=%2Fwp%2Fv2%2Fcomments&post=21166"}],"version-history":[{"count":0,"href":"https:\/\/inclusivenews.com.br\/index.php?rest_route=\/wp\/v2\/posts\/21166\/revisions"}],"wp:attachment":[{"href":"https:\/\/inclusivenews.com.br\/index.php?rest_route=%2Fwp%2Fv2%2Fmedia&parent=21166"}],"wp:term":[{"taxonomy":"category","embeddable":true,"href":"https:\/\/inclusivenews.com.br\/index.php?rest_route=%2Fwp%2Fv2%2Fcategories&post=21166"},{"taxonomy":"post_tag","embeddable":true,"href":"https:\/\/inclusivenews.com.br\/index.php?rest_route=%2Fwp%2Fv2%2Ftags&post=21166"}],"curies":[{"name":"wp","href":"https:\/\/api.w.org\/{rel}","templated":true}]}}