{"id":21168,"date":"2011-09-29T06:54:34","date_gmt":"2011-09-29T09:54:34","guid":{"rendered":"http:\/\/www.inclusive.org.br\/?p=21168"},"modified":"2011-09-29T06:54:34","modified_gmt":"2011-09-29T09:54:34","slug":"o-desafio-do-ensino-em-pais-laico","status":"publish","type":"post","link":"https:\/\/inclusivenews.com.br\/?p=21168","title":{"rendered":"O desafio do ensino em pa\u00eds laico"},"content":{"rendered":"<figure id=\"attachment_21171\" aria-describedby=\"caption-attachment-21171\" style=\"width: 240px\" class=\"wp-caption alignleft\"><img loading=\"lazy\" decoding=\"async\" class=\"size-medium wp-image-21171\" title=\"Uma placa com dois caminhos: religion and politics\" src=\"http:\/\/inclusivenews.com.br\/wp-content\/uploads\/estado-laico-300x300.jpg\" alt=\"Uma placa com dois caminhos: religion and politics\" width=\"240\" height=\"240\" \/><figcaption id=\"caption-attachment-21171\" class=\"wp-caption-text\"> <\/figcaption><\/figure>\n<p><strong>Por Amanda Cieglinski<br \/>\nna Ag\u00eancia Brasil<\/strong><\/p>\n<p>Al\u00e9m das opera\u00e7\u00f5es matem\u00e1ticas, das regras ortogr\u00e1ficas e dos fatos hist\u00f3ricos, os princ\u00edpios e conceitos das principais religi\u00f5es tamb\u00e9m devem ser discutidos em sala de aula. A Constitui\u00e7\u00e3o Federal brasileira determina que a oferta do ensino religioso deve ser obrigat\u00f3ria nas escolas da rede p\u00fablica de ensino fundamental, com matr\u00edcula facultativa &#8211; ou seja, cabe aos pais decidir se os filhos v\u00e3o frequentar as aulas.  Pesquisas recentes e a\u00e7\u00f5es na Justi\u00e7a questionam a inclus\u00e3o da religi\u00e3o nas escolas, j\u00e1 que, desde a Constitui\u00e7\u00e3o Federal de 1890,o Brasil \u00e9 um pa\u00eds laico, ou seja, a popula\u00e7\u00e3o \u00e9 livre para ter diferentes credos, mas as religi\u00f5es devem estar afastadas do ordenamento oficial do Estado.<\/p>\n<p>Apesar da obrigatoriedade, ainda n\u00e3o h\u00e1 uma diretriz curricular para todo o pa\u00eds que estabele\u00e7a o conte\u00fado a ser ensinado, de maneira a garantir uma abordagem plural sem car\u00e1ter doutrin\u00e1rio. Outro problema \u00e9 a falta de crit\u00e9rios nacionais para contrata\u00e7\u00e3o de professores de religi\u00e3o. Hoje, o pa\u00eds conta com 425 mil docentes, formados em diversas \u00e1reas. O ensino religioso est\u00e1 presente no Brasil desde o per\u00edodo colonial, com a chegada dos padres jesu\u00edtas de Portugal para catequizar os \u00edndios.<\/p>\n<p>Atualmente, de acordo com a Constitui\u00e7\u00e3o, a disciplina deve fazer parte da grade hor\u00e1ria regular das escolas p\u00fablicas de ensino fundamental. Em 1996, a Lei de Diretrizes e Bases da Educa\u00e7\u00e3o Nacional (LDB) definiu que as unidades federativas s\u00e3o respons\u00e1veis por organizar a oferta, desde que seja observado o respeito \u00e0 diversidade religiosa e proibida qualquer forma de proselitismo ou doutrina\u00e7\u00e3o.<\/p>\n<figure style=\"width: 360px\" class=\"wp-caption alignnone\"><img loading=\"lazy\" decoding=\"async\" title=\"D\u00e9bora Diniz, soci\u00f3loga da UnB: concess\u00e3o do governo brasileiro \u00e0s press\u00f5es de grupos religiosos\" src=\"http:\/\/arquivos.tribunadonorte.com.br\/fotos\/80030.jpg\" alt=\"D\u00e9bora Diniz, soci\u00f3loga da UnB: concess\u00e3o do governo brasileiro \u00e0s press\u00f5es de grupos religiosos\" width=\"360\" height=\"240\" \/><figcaption class=\"wp-caption-text\">D\u00e9bora Diniz, soci\u00f3loga da UnB: concess\u00e3o do governo brasileiro \u00e0s press\u00f5es de grupos religiosos<\/figcaption><\/figure>\n<p>&#8220;Alguns historiadores que tratam da participa\u00e7\u00e3o da religi\u00e3o na vida p\u00fablica mostram que o ensino religioso foi uma concess\u00e3o \u00e0 laicidade \u00e0 \u00e9poca da Constituinte. Havia uma falsa presun\u00e7\u00e3o de que religi\u00e3o era importante para a forma\u00e7\u00e3o do car\u00e1ter, da vida e dos indiv\u00edduos participativos e bons. Essa \u00e9 uma presun\u00e7\u00e3o que discrimina grupos que n\u00e3o professem nenhuma religi\u00e3o. Isso foi uma concess\u00e3o \u00e0 press\u00e3o dos grupos religiosos&#8221;, avalia a soci\u00f3loga Debora Diniz, da Universidade de Bras\u00edlia (UnB).<\/p>\n<p>Debora \u00e9 autora, junto com as pesquisadoras Tatiana Lion\u00e7o e Vanessa Carri\u00e3o, do livro Laicidade e Ensino Religioso, publicado no \u00faltimo semestre. O estudo investigou como o ensino religioso se configura no pa\u00eds e se as escolas garantem, na pr\u00e1tica, espa\u00e7os semelhantes para todos os credos, como preconiza a LDB.<\/p>\n<p>A\u00e7\u00f5es questionam formato do ensino<\/p>\n<p>Para quem lida na ponta com os delicados limites dessa quest\u00e3o, torna-se um desafio garantir um ensino religioso que contemple as diferentes experi\u00eancias e cren\u00e7as encontradas em uma sala de aula. &#8220;N\u00f3s preferir\u00edamos que a oferta do ensino religioso n\u00e3o fosse obrigat\u00f3ria porque a escola \u00e9 laica e deve respeitar todas as religi\u00f5es. O que a gente quer \u00e9 que os dirigentes possam utilizar essas aulas com um proveito muito melhor do que a doutrina\u00e7\u00e3o, abordando o respeito aos direitos humanos e \u00e0 diversidade e a toler\u00e2ncia, conceitos que permeiam todas as religi\u00f5es&#8221;, defende a presidenta da Uni\u00e3o Nacional dos Dirigentes Municipais de Educa\u00e7\u00e3o, Cleuza Repulho.<\/p>\n<p>Atualmente, duas a\u00e7\u00f5es diretas de inconstitucionalidade (Adin) questionam a oferta do ensino religioso no formato atual e aguardam julgamento no Supremo. Uma delas foi proposta pela Procuradoria-Geral da Rep\u00fablica  e questiona o acordo firmado com o Vaticano. O Artigo 11,  determina que o ensino religioso, cat\u00f3lico e de outras confiss\u00f5es religiosas, de matr\u00edcula facultativa, constitui disciplina em hor\u00e1rios normais.<\/p>\n<p>Conselho quer criar diretrizes curriculares<\/p>\n<p>Bras\u00edlia &#8211; Ao contr\u00e1rio de outras disciplinas, n\u00e3o h\u00e1 diretrizes nacionais ou par\u00e2metros curriculares que definam o conte\u00fado a ser abordado nas aulas de ensino religioso das escolas p\u00fablicas do pa\u00eds. A Lei de Diretrizes e Bases da Educa\u00e7\u00e3o Nacional (LDB), de 1996, definiu que cada estado deve criar normas para a oferta disciplina, o que abriu espa\u00e7o para uma variedade de modelos adotados em cada rede de ensino. Para educadores e especialistas que estudam o tema, esse v\u00e1cuo normativo impede a garantia de espa\u00e7o igualit\u00e1rio para todos os credos. O problema come\u00e7ou a ser discutido este m\u00eas pelo Conselho Nacional de Educa\u00e7\u00e3o, que espera definir algumas orienta\u00e7\u00f5es m\u00ednimas .<\/p>\n<p>&#8220;N\u00f3s temos detectado no conselho a necessidade de alguma orienta\u00e7\u00e3o sobre a quest\u00e3o. Essa \u00e9 uma preocupa\u00e7\u00e3o nossa&#8221;, destaca o conselheiro C\u00e9sar Callegari. O CNE elaborou um documento que servir\u00e1 de base para as discuss\u00f5es. O texto aponta &#8220;uma clara e profunda anomia jur\u00eddica nessa mat\u00e9ria [a oferta do ensino religioso]. Como se n\u00e3o bastasse, prevalece, tamb\u00e9m, uma anomia pedag\u00f3gica, em parte resultante daquela&#8221;.<\/p>\n","protected":false},"excerpt":{"rendered":"<p>Atualmente, duas a\u00e7\u00f5es diretas de inconstitucionalidade questionam a oferta do ensino religioso no formato atual e aguardam julgamento no Supremo. Uma delas foi proposta pela Procuradoria-Geral da Rep\u00fablica e questiona o acordo firmado com o Vaticano. Da Ag\u00eancia Brasil.<\/p>\n","protected":false},"author":1,"featured_media":0,"comment_status":"open","ping_status":"open","sticky":false,"template":"","format":"standard","meta":{"site-container-style":"default","site-container-layout":"default","site-sidebar-layout":"default","disable-article-header":"default","disable-site-header":"default","disable-site-footer":"default","disable-content-area-spacing":"default","footnotes":""},"categories":[6,33],"tags":[175],"class_list":["post-21168","post","type-post","status-publish","format-standard","hentry","category-educacao","category-reportagem","tag-ensino-laico"],"yoast_head":"<!-- This site is optimized with the Yoast SEO plugin v27.4 - https:\/\/yoast.com\/product\/yoast-seo-wordpress\/ -->\n<title>O desafio do ensino em pa\u00eds laico -<\/title>\n<meta name=\"robots\" content=\"index, follow, max-snippet:-1, max-image-preview:large, max-video-preview:-1\" \/>\n<link rel=\"canonical\" href=\"https:\/\/inclusivenews.com.br\/?p=21168\" \/>\n<meta property=\"og:locale\" content=\"pt_PT\" \/>\n<meta property=\"og:type\" content=\"article\" \/>\n<meta property=\"og:title\" content=\"O desafio do ensino em pa\u00eds laico -\" \/>\n<meta property=\"og:description\" content=\"Atualmente, duas a\u00e7\u00f5es diretas de inconstitucionalidade questionam a oferta do ensino religioso no formato atual e aguardam julgamento no Supremo. Uma delas foi proposta pela Procuradoria-Geral da Rep\u00fablica e questiona o acordo firmado com o Vaticano. Da Ag\u00eancia Brasil.\" \/>\n<meta property=\"og:url\" content=\"https:\/\/inclusivenews.com.br\/?p=21168\" \/>\n<meta property=\"article:publisher\" content=\"https:\/\/www.facebook.com\/agenciainclusive\/\" \/>\n<meta property=\"article:published_time\" content=\"2011-09-29T09:54:34+00:00\" \/>\n<meta property=\"og:image\" content=\"http:\/\/inclusivenews.com.br\/wp-content\/uploads\/estado-laico-300x300.jpg\" \/>\n<meta name=\"author\" content=\"inclusivenews2024\" \/>\n<meta name=\"twitter:card\" content=\"summary_large_image\" \/>\n<meta name=\"twitter:label1\" content=\"Escrito por\" \/>\n\t<meta name=\"twitter:data1\" content=\"inclusivenews2024\" \/>\n\t<meta name=\"twitter:label2\" content=\"Tempo estimado de leitura\" \/>\n\t<meta name=\"twitter:data2\" content=\"4 minutos\" \/>\n<script type=\"application\/ld+json\" class=\"yoast-schema-graph\">{\"@context\":\"https:\\\/\\\/schema.org\",\"@graph\":[{\"@type\":\"Article\",\"@id\":\"https:\\\/\\\/inclusivenews.com.br\\\/?p=21168#article\",\"isPartOf\":{\"@id\":\"https:\\\/\\\/inclusivenews.com.br\\\/?p=21168\"},\"author\":{\"name\":\"inclusivenews2024\",\"@id\":\"https:\\\/\\\/inclusivenews.com.br\\\/#\\\/schema\\\/person\\\/ae4ec7087559b8692fb33b6fffd2273b\"},\"headline\":\"O desafio do ensino em pa\u00eds laico\",\"datePublished\":\"2011-09-29T09:54:34+00:00\",\"mainEntityOfPage\":{\"@id\":\"https:\\\/\\\/inclusivenews.com.br\\\/?p=21168\"},\"wordCount\":868,\"commentCount\":2,\"publisher\":{\"@id\":\"https:\\\/\\\/inclusivenews.com.br\\\/#organization\"},\"image\":{\"@id\":\"https:\\\/\\\/inclusivenews.com.br\\\/?p=21168#primaryimage\"},\"thumbnailUrl\":\"http:\\\/\\\/inclusivenews.com.br\\\/wp-content\\\/uploads\\\/estado-laico-300x300.jpg\",\"keywords\":[\"Ensino laico\"],\"articleSection\":[\"EDUCA\u00c7\u00c3O\",\"Reportagem\"],\"inLanguage\":\"pt-PT\",\"potentialAction\":[{\"@type\":\"CommentAction\",\"name\":\"Comment\",\"target\":[\"https:\\\/\\\/inclusivenews.com.br\\\/?p=21168#respond\"]}]},{\"@type\":\"WebPage\",\"@id\":\"https:\\\/\\\/inclusivenews.com.br\\\/?p=21168\",\"url\":\"https:\\\/\\\/inclusivenews.com.br\\\/?p=21168\",\"name\":\"O desafio do ensino em pa\u00eds laico -\",\"isPartOf\":{\"@id\":\"https:\\\/\\\/inclusivenews.com.br\\\/#website\"},\"primaryImageOfPage\":{\"@id\":\"https:\\\/\\\/inclusivenews.com.br\\\/?p=21168#primaryimage\"},\"image\":{\"@id\":\"https:\\\/\\\/inclusivenews.com.br\\\/?p=21168#primaryimage\"},\"thumbnailUrl\":\"http:\\\/\\\/inclusivenews.com.br\\\/wp-content\\\/uploads\\\/estado-laico-300x300.jpg\",\"datePublished\":\"2011-09-29T09:54:34+00:00\",\"breadcrumb\":{\"@id\":\"https:\\\/\\\/inclusivenews.com.br\\\/?p=21168#breadcrumb\"},\"inLanguage\":\"pt-PT\",\"potentialAction\":[{\"@type\":\"ReadAction\",\"target\":[\"https:\\\/\\\/inclusivenews.com.br\\\/?p=21168\"]}]},{\"@type\":\"ImageObject\",\"inLanguage\":\"pt-PT\",\"@id\":\"https:\\\/\\\/inclusivenews.com.br\\\/?p=21168#primaryimage\",\"url\":\"\",\"contentUrl\":\"\"},{\"@type\":\"BreadcrumbList\",\"@id\":\"https:\\\/\\\/inclusivenews.com.br\\\/?p=21168#breadcrumb\",\"itemListElement\":[{\"@type\":\"ListItem\",\"position\":1,\"name\":\"In\u00edcio\",\"item\":\"https:\\\/\\\/inclusivenews.com.br\\\/\"},{\"@type\":\"ListItem\",\"position\":2,\"name\":\"O desafio do ensino em pa\u00eds laico\"}]},{\"@type\":\"WebSite\",\"@id\":\"https:\\\/\\\/inclusivenews.com.br\\\/#website\",\"url\":\"https:\\\/\\\/inclusivenews.com.br\\\/\",\"name\":\"Inclusive News\",\"description\":\"Inclusive News\",\"publisher\":{\"@id\":\"https:\\\/\\\/inclusivenews.com.br\\\/#organization\"},\"potentialAction\":[{\"@type\":\"SearchAction\",\"target\":{\"@type\":\"EntryPoint\",\"urlTemplate\":\"https:\\\/\\\/inclusivenews.com.br\\\/?s={search_term_string}\"},\"query-input\":{\"@type\":\"PropertyValueSpecification\",\"valueRequired\":true,\"valueName\":\"search_term_string\"}}],\"inLanguage\":\"pt-PT\"},{\"@type\":\"Organization\",\"@id\":\"https:\\\/\\\/inclusivenews.com.br\\\/#organization\",\"name\":\"Inclusive - inclus\u00e3o e cidadania\",\"url\":\"https:\\\/\\\/inclusivenews.com.br\\\/\",\"logo\":{\"@type\":\"ImageObject\",\"inLanguage\":\"pt-PT\",\"@id\":\"https:\\\/\\\/inclusivenews.com.br\\\/#\\\/schema\\\/logo\\\/image\\\/\",\"url\":\"https:\\\/\\\/inclusivenews.com.br\\\/wp-content\\\/uploads\\\/2024\\\/03\\\/@grandesite.png\",\"contentUrl\":\"https:\\\/\\\/inclusivenews.com.br\\\/wp-content\\\/uploads\\\/2024\\\/03\\\/@grandesite.png\",\"width\":1080,\"height\":1080,\"caption\":\"Inclusive - inclus\u00e3o e cidadania\"},\"image\":{\"@id\":\"https:\\\/\\\/inclusivenews.com.br\\\/#\\\/schema\\\/logo\\\/image\\\/\"},\"sameAs\":[\"https:\\\/\\\/www.facebook.com\\\/agenciainclusive\\\/\",\"https:\\\/\\\/www.instagram.com\\\/newsinclusive\\\/\"]},{\"@type\":\"Person\",\"@id\":\"https:\\\/\\\/inclusivenews.com.br\\\/#\\\/schema\\\/person\\\/ae4ec7087559b8692fb33b6fffd2273b\",\"name\":\"inclusivenews2024\",\"image\":{\"@type\":\"ImageObject\",\"inLanguage\":\"pt-PT\",\"@id\":\"https:\\\/\\\/secure.gravatar.com\\\/avatar\\\/c5a7ef84c66fa914f55bc4f7ce26cfa275a3b9a1c5568b907bd184fb4dde7b40?s=96&d=mm&r=g\",\"url\":\"https:\\\/\\\/secure.gravatar.com\\\/avatar\\\/c5a7ef84c66fa914f55bc4f7ce26cfa275a3b9a1c5568b907bd184fb4dde7b40?s=96&d=mm&r=g\",\"contentUrl\":\"https:\\\/\\\/secure.gravatar.com\\\/avatar\\\/c5a7ef84c66fa914f55bc4f7ce26cfa275a3b9a1c5568b907bd184fb4dde7b40?s=96&d=mm&r=g\",\"caption\":\"inclusivenews2024\"},\"sameAs\":[\"https:\\\/\\\/inclusivenews.com.br\"],\"url\":\"https:\\\/\\\/inclusivenews.com.br\\\/?author=1\"}]}<\/script>\n<!-- \/ Yoast SEO plugin. -->","yoast_head_json":{"title":"O desafio do ensino em pa\u00eds laico -","robots":{"index":"index","follow":"follow","max-snippet":"max-snippet:-1","max-image-preview":"max-image-preview:large","max-video-preview":"max-video-preview:-1"},"canonical":"https:\/\/inclusivenews.com.br\/?p=21168","og_locale":"pt_PT","og_type":"article","og_title":"O desafio do ensino em pa\u00eds laico -","og_description":"Atualmente, duas a\u00e7\u00f5es diretas de inconstitucionalidade questionam a oferta do ensino religioso no formato atual e aguardam julgamento no Supremo. Uma delas foi proposta pela Procuradoria-Geral da Rep\u00fablica e questiona o acordo firmado com o Vaticano. Da Ag\u00eancia Brasil.","og_url":"https:\/\/inclusivenews.com.br\/?p=21168","article_publisher":"https:\/\/www.facebook.com\/agenciainclusive\/","article_published_time":"2011-09-29T09:54:34+00:00","og_image":[{"url":"http:\/\/inclusivenews.com.br\/wp-content\/uploads\/estado-laico-300x300.jpg","type":"","width":"","height":""}],"author":"inclusivenews2024","twitter_card":"summary_large_image","twitter_misc":{"Escrito por":"inclusivenews2024","Tempo estimado de leitura":"4 minutos"},"schema":{"@context":"https:\/\/schema.org","@graph":[{"@type":"Article","@id":"https:\/\/inclusivenews.com.br\/?p=21168#article","isPartOf":{"@id":"https:\/\/inclusivenews.com.br\/?p=21168"},"author":{"name":"inclusivenews2024","@id":"https:\/\/inclusivenews.com.br\/#\/schema\/person\/ae4ec7087559b8692fb33b6fffd2273b"},"headline":"O desafio do ensino em pa\u00eds laico","datePublished":"2011-09-29T09:54:34+00:00","mainEntityOfPage":{"@id":"https:\/\/inclusivenews.com.br\/?p=21168"},"wordCount":868,"commentCount":2,"publisher":{"@id":"https:\/\/inclusivenews.com.br\/#organization"},"image":{"@id":"https:\/\/inclusivenews.com.br\/?p=21168#primaryimage"},"thumbnailUrl":"http:\/\/inclusivenews.com.br\/wp-content\/uploads\/estado-laico-300x300.jpg","keywords":["Ensino laico"],"articleSection":["EDUCA\u00c7\u00c3O","Reportagem"],"inLanguage":"pt-PT","potentialAction":[{"@type":"CommentAction","name":"Comment","target":["https:\/\/inclusivenews.com.br\/?p=21168#respond"]}]},{"@type":"WebPage","@id":"https:\/\/inclusivenews.com.br\/?p=21168","url":"https:\/\/inclusivenews.com.br\/?p=21168","name":"O desafio do ensino em pa\u00eds laico -","isPartOf":{"@id":"https:\/\/inclusivenews.com.br\/#website"},"primaryImageOfPage":{"@id":"https:\/\/inclusivenews.com.br\/?p=21168#primaryimage"},"image":{"@id":"https:\/\/inclusivenews.com.br\/?p=21168#primaryimage"},"thumbnailUrl":"http:\/\/inclusivenews.com.br\/wp-content\/uploads\/estado-laico-300x300.jpg","datePublished":"2011-09-29T09:54:34+00:00","breadcrumb":{"@id":"https:\/\/inclusivenews.com.br\/?p=21168#breadcrumb"},"inLanguage":"pt-PT","potentialAction":[{"@type":"ReadAction","target":["https:\/\/inclusivenews.com.br\/?p=21168"]}]},{"@type":"ImageObject","inLanguage":"pt-PT","@id":"https:\/\/inclusivenews.com.br\/?p=21168#primaryimage","url":"","contentUrl":""},{"@type":"BreadcrumbList","@id":"https:\/\/inclusivenews.com.br\/?p=21168#breadcrumb","itemListElement":[{"@type":"ListItem","position":1,"name":"In\u00edcio","item":"https:\/\/inclusivenews.com.br\/"},{"@type":"ListItem","position":2,"name":"O desafio do ensino em pa\u00eds laico"}]},{"@type":"WebSite","@id":"https:\/\/inclusivenews.com.br\/#website","url":"https:\/\/inclusivenews.com.br\/","name":"Inclusive News","description":"Inclusive News","publisher":{"@id":"https:\/\/inclusivenews.com.br\/#organization"},"potentialAction":[{"@type":"SearchAction","target":{"@type":"EntryPoint","urlTemplate":"https:\/\/inclusivenews.com.br\/?s={search_term_string}"},"query-input":{"@type":"PropertyValueSpecification","valueRequired":true,"valueName":"search_term_string"}}],"inLanguage":"pt-PT"},{"@type":"Organization","@id":"https:\/\/inclusivenews.com.br\/#organization","name":"Inclusive - inclus\u00e3o e cidadania","url":"https:\/\/inclusivenews.com.br\/","logo":{"@type":"ImageObject","inLanguage":"pt-PT","@id":"https:\/\/inclusivenews.com.br\/#\/schema\/logo\/image\/","url":"https:\/\/inclusivenews.com.br\/wp-content\/uploads\/2024\/03\/@grandesite.png","contentUrl":"https:\/\/inclusivenews.com.br\/wp-content\/uploads\/2024\/03\/@grandesite.png","width":1080,"height":1080,"caption":"Inclusive - inclus\u00e3o e cidadania"},"image":{"@id":"https:\/\/inclusivenews.com.br\/#\/schema\/logo\/image\/"},"sameAs":["https:\/\/www.facebook.com\/agenciainclusive\/","https:\/\/www.instagram.com\/newsinclusive\/"]},{"@type":"Person","@id":"https:\/\/inclusivenews.com.br\/#\/schema\/person\/ae4ec7087559b8692fb33b6fffd2273b","name":"inclusivenews2024","image":{"@type":"ImageObject","inLanguage":"pt-PT","@id":"https:\/\/secure.gravatar.com\/avatar\/c5a7ef84c66fa914f55bc4f7ce26cfa275a3b9a1c5568b907bd184fb4dde7b40?s=96&d=mm&r=g","url":"https:\/\/secure.gravatar.com\/avatar\/c5a7ef84c66fa914f55bc4f7ce26cfa275a3b9a1c5568b907bd184fb4dde7b40?s=96&d=mm&r=g","contentUrl":"https:\/\/secure.gravatar.com\/avatar\/c5a7ef84c66fa914f55bc4f7ce26cfa275a3b9a1c5568b907bd184fb4dde7b40?s=96&d=mm&r=g","caption":"inclusivenews2024"},"sameAs":["https:\/\/inclusivenews.com.br"],"url":"https:\/\/inclusivenews.com.br\/?author=1"}]}},"_links":{"self":[{"href":"https:\/\/inclusivenews.com.br\/index.php?rest_route=\/wp\/v2\/posts\/21168","targetHints":{"allow":["GET"]}}],"collection":[{"href":"https:\/\/inclusivenews.com.br\/index.php?rest_route=\/wp\/v2\/posts"}],"about":[{"href":"https:\/\/inclusivenews.com.br\/index.php?rest_route=\/wp\/v2\/types\/post"}],"author":[{"embeddable":true,"href":"https:\/\/inclusivenews.com.br\/index.php?rest_route=\/wp\/v2\/users\/1"}],"replies":[{"embeddable":true,"href":"https:\/\/inclusivenews.com.br\/index.php?rest_route=%2Fwp%2Fv2%2Fcomments&post=21168"}],"version-history":[{"count":0,"href":"https:\/\/inclusivenews.com.br\/index.php?rest_route=\/wp\/v2\/posts\/21168\/revisions"}],"wp:attachment":[{"href":"https:\/\/inclusivenews.com.br\/index.php?rest_route=%2Fwp%2Fv2%2Fmedia&parent=21168"}],"wp:term":[{"taxonomy":"category","embeddable":true,"href":"https:\/\/inclusivenews.com.br\/index.php?rest_route=%2Fwp%2Fv2%2Fcategories&post=21168"},{"taxonomy":"post_tag","embeddable":true,"href":"https:\/\/inclusivenews.com.br\/index.php?rest_route=%2Fwp%2Fv2%2Ftags&post=21168"}],"curies":[{"name":"wp","href":"https:\/\/api.w.org\/{rel}","templated":true}]}}