{"id":21184,"date":"2011-10-06T02:31:12","date_gmt":"2011-10-06T05:31:12","guid":{"rendered":"http:\/\/www.inclusive.org.br\/?p=21184"},"modified":"2011-10-06T02:31:12","modified_gmt":"2011-10-06T05:31:12","slug":"ensino-da-historia-da-africa-pelas-escolas-ainda-esta-devagar-no-pais","status":"publish","type":"post","link":"https:\/\/inclusivenews.com.br\/?p=21184","title":{"rendered":"Ensino da hist\u00f3ria da \u00c1frica pelas escolas ainda est\u00e1 devagar no pa\u00eds"},"content":{"rendered":"<figure id=\"attachment_18234\" aria-describedby=\"caption-attachment-18234\" style=\"width: 218px\" class=\"wp-caption alignleft\"><a rel=\"attachment wp-att-18234\" href=\"http:\/\/www.inclusive.org.br\/?attachment_id=18234\"><img loading=\"lazy\" decoding=\"async\" class=\"size-medium wp-image-18234 \" title=\"\u00c1frica\" src=\"http:\/\/inclusivenews.com.br\/wp-content\/uploads\/2010\/12\/frica-273x300.jpg\" alt=\"Desenho do continente africano se confunde com ilustra\u00e7\u00e3o de rosto de mulher de perfil\" width=\"218\" height=\"240\" \/><\/a><figcaption id=\"caption-attachment-18234\" class=\"wp-caption-text\">Desenho do continente africano se confunde com ilustra\u00e7\u00e3o de rosto de mulher de perfil<\/figcaption><\/figure>\n<p>Desde 2003, a Lei Federal 10.639\/2003 promulgada em 09 de janeiro  pelo presidente Luiz In\u00e1cio Lula da Silva determina a obrigatoriedade do  estudo da Hist\u00f3ria e Cultura Afro-brasileira e Africana no curr\u00edculo  escolar da educa\u00e7\u00e3o b\u00e1sica. No entanto, em 2011, oito anos ap\u00f3s a  aprova\u00e7\u00e3o da lei o processo nas salas de aula ainda \u00e9 lento. Muitas  escolas continuam sem ensinar, mesmo conhecendo a lei, e faltam  professores qualificados que conhe\u00e7am de fato a hist\u00f3ria. Segundo a  diretora presidente do Instituto de Pesquisa e Estudos Afro-Brasileiros  (Ipeafro), Elisa Larkin Nascimento, \u00e9 fundamental que as escolas ensinem  sobre a cultura africana. &#8220;A aus\u00eancia dessas matrizes no curr\u00edculo  escolar afeta negativamente as crian\u00e7as e o Brasil&#8221;, ressalta.<\/p>\n<p>Segundo Elisa, n\u00e3o \u00e9 s\u00f3 uma quest\u00e3o da crian\u00e7a negra, toda a  popula\u00e7\u00e3o brasileira tem uma heran\u00e7a da hist\u00f3ria africana. &#8220;A falta  desses temas cria uma situa\u00e7\u00e3o n\u00e3o s\u00f3 de discrimina\u00e7\u00e3o contra os negros,  mas tamb\u00e9m uma falha no sistema educativo&#8221;, afirma. Segundo a  secretaria de Educa\u00e7\u00e3o Continuada, Alfabetiza\u00e7\u00e3o, Diversidade e Inclus\u00e3o  do MEC, cabe \u00e0s secretarias de Educa\u00e7\u00e3o garantir a aplica\u00e7\u00e3o da lei  junto \u00e0s escolas. A Secadi destaca que o papel dos conselhos de  Educa\u00e7\u00e3o, minist\u00e9rios p\u00fablicos e sociedade civil \u00e9 acompanhar e exigir o  cumprimento da legisla\u00e7\u00e3o, de acordo com suas atribui\u00e7\u00f5es, denunciando e  executando medidas quanto aos casos de omiss\u00e3o ao cumprimento da lei, e  em especial quando da ocorr\u00eancia de casos de racismo no ambiente  educacional.<\/p>\n<p>Para Elisa, houve ainda uma ideia equivocada de que a lei s\u00f3 dizia a  respeito ao ensino fundamental e m\u00e9dio, e n\u00e3o ao ensino superior. A  diretora explica que a lei deve impactar tamb\u00e9m as universidades para  que o profissional em forma\u00e7\u00e3o possa aprender e repassar posteriormente o  assunto. A Secadi informou que tem promovido cursos de forma\u00e7\u00e3o  continuada de professores, que s\u00e3o oferecidos pela Universidade Aberta  do Brasil, UAB, e tamb\u00e9m por meio de institui\u00e7\u00f5es p\u00fablicas de educa\u00e7\u00e3o  superior para educadores das redes p\u00fablicas de ensino. Segundo a  secretaria, a Hist\u00f3ria da \u00c1frica sempre foi subvalorizada nas academias e  principalmente nos cursos de forma\u00e7\u00e3o de professores (licenciaturas),  logo, os professores de d\u00e9cadas anteriores, com rar\u00edssimas exce\u00e7\u00f5es,  receberam essa forma\u00e7\u00e3o no ensino superior.<\/p>\n<p>Muitas escolas mostram a capoeira e dan\u00e7a como cultura africana e,  segundo Elisa, n\u00e3o se trata apenas disso. &#8220;Essa vis\u00e3o gera uma dimens\u00e3o  restrita, afasta a ideia de uma cultura erudita, afasta a ideia de  tecnologia, das ci\u00eancias exatas&#8221;, afirma. Para a diretora, esses  estere\u00f3tipos tornam a cultura negra como algo l\u00fadico e v\u00e3o impactar a  vida da crian\u00e7a negra.&#8221;Essa crian\u00e7a n\u00e3o vai se sentir capaz de procurar  \u00e1reas diferentes, vai procurar entrar em \u00e1reas que se identifique, onde  se encaixar&#8221;, ressalta Elisa. A import\u00e2ncia da lei est\u00e1 relacionada \u00e0  forma\u00e7\u00e3o da identidade e \u00e0 educa\u00e7\u00e3o. De acordo com a Secadi, ela visa a  conquistar a cidadania plena, sem preconceitos e sem estigmas de  sociedade, que exclui e discrimina por motiva\u00e7\u00e3o racial e \u00e9tnica. Para a  especialista, a cultura africana pode ser ensinada em disciplinas como  f\u00edsica e matem\u00e1tica, e n\u00e3o s\u00f3 em hist\u00f3ria como geralmente \u00e9 feito. E  isso vai se refletir, segundo Elisa, no acesso do negro \u00e0  universidade.&#8221;Eles procuram mais a \u00e1rea das humanas, vemos poucos indo  para \u00e1rea de exatas, ou ditas prestigiadas, como engenharia e medicina&#8221;,  diz.<\/p>\n<p>Elisa chama a aten\u00e7\u00e3o para o trabalho desempenhado por movimentos  negros e institui\u00e7\u00f5es como o Ipeafro, que h\u00e1 30 anos luta pelos direitos  dos negros e pela inclus\u00e3o da hist\u00f3ria e da cultura de matriz africana  no ensino brasileiro.<\/p>\n<p>Fonte: <a href=\"http:\/\/www.geledes.org.br\/areas-de-atuacao\/educacao\/noticias-de-educacao\/11197-ensino-da-historia-da-africa-pelas-escolas-ainda-esta-devagar-no-pais\">Portal Geled\u00e9s<\/a><\/p>\n","protected":false},"excerpt":{"rendered":"<p>&#8220;Segundo a diretora presidente do Instituto de Pesquisa e Estudos Afro-Brasileiros (Ipeafro), Elisa Larkin Nascimento, \u00e9 fundamental que as escolas ensinem sobre a cultura africana. &#8216;A aus\u00eancia dessas matrizes no curr\u00edculo escolar afeta negativamente as crian\u00e7as e o Brasil&#8217;, ressalta.&#8221;<\/p>\n","protected":false},"author":1,"featured_media":0,"comment_status":"open","ping_status":"open","sticky":false,"template":"","format":"standard","meta":{"site-container-style":"default","site-container-layout":"default","site-sidebar-layout":"default","disable-article-header":"default","disable-site-header":"default","disable-site-footer":"default","disable-content-area-spacing":"default","footnotes":""},"categories":[29,6,48,26],"tags":[],"class_list":["post-21184","post","type-post","status-publish","format-standard","hentry","category-cultura","category-educacao","category-inclusao","category-legislacao"],"yoast_head":"<!-- This site is optimized with the Yoast SEO plugin v27.4 - https:\/\/yoast.com\/product\/yoast-seo-wordpress\/ -->\n<title>Ensino da hist\u00f3ria da \u00c1frica pelas escolas ainda est\u00e1 devagar no pa\u00eds -<\/title>\n<meta name=\"robots\" content=\"index, follow, max-snippet:-1, max-image-preview:large, max-video-preview:-1\" \/>\n<link rel=\"canonical\" href=\"https:\/\/inclusivenews.com.br\/?p=21184\" \/>\n<meta property=\"og:locale\" content=\"pt_PT\" \/>\n<meta property=\"og:type\" content=\"article\" \/>\n<meta property=\"og:title\" content=\"Ensino da hist\u00f3ria da \u00c1frica pelas escolas ainda est\u00e1 devagar no pa\u00eds -\" \/>\n<meta property=\"og:description\" content=\"&quot;Segundo a diretora presidente do Instituto de Pesquisa e Estudos Afro-Brasileiros (Ipeafro), Elisa Larkin Nascimento, \u00e9 fundamental que as escolas ensinem sobre a cultura africana. &#039;A aus\u00eancia dessas matrizes no curr\u00edculo escolar afeta negativamente as crian\u00e7as e o Brasil&#039;, ressalta.&quot;\" \/>\n<meta property=\"og:url\" content=\"https:\/\/inclusivenews.com.br\/?p=21184\" \/>\n<meta property=\"article:publisher\" content=\"https:\/\/www.facebook.com\/agenciainclusive\/\" \/>\n<meta property=\"article:published_time\" content=\"2011-10-06T05:31:12+00:00\" \/>\n<meta property=\"og:image\" content=\"http:\/\/inclusivenews.com.br\/wp-content\/uploads\/2010\/12\/frica-273x300.jpg\" \/>\n<meta name=\"author\" content=\"inclusivenews2024\" \/>\n<meta name=\"twitter:card\" content=\"summary_large_image\" \/>\n<meta name=\"twitter:label1\" content=\"Escrito por\" \/>\n\t<meta name=\"twitter:data1\" content=\"inclusivenews2024\" \/>\n\t<meta name=\"twitter:label2\" content=\"Tempo estimado de leitura\" \/>\n\t<meta name=\"twitter:data2\" content=\"3 minutos\" \/>\n<script type=\"application\/ld+json\" class=\"yoast-schema-graph\">{\"@context\":\"https:\\\/\\\/schema.org\",\"@graph\":[{\"@type\":\"Article\",\"@id\":\"https:\\\/\\\/inclusivenews.com.br\\\/?p=21184#article\",\"isPartOf\":{\"@id\":\"https:\\\/\\\/inclusivenews.com.br\\\/?p=21184\"},\"author\":{\"name\":\"inclusivenews2024\",\"@id\":\"https:\\\/\\\/inclusivenews.com.br\\\/#\\\/schema\\\/person\\\/ae4ec7087559b8692fb33b6fffd2273b\"},\"headline\":\"Ensino da hist\u00f3ria da \u00c1frica pelas escolas ainda est\u00e1 devagar no pa\u00eds\",\"datePublished\":\"2011-10-06T05:31:12+00:00\",\"mainEntityOfPage\":{\"@id\":\"https:\\\/\\\/inclusivenews.com.br\\\/?p=21184\"},\"wordCount\":684,\"commentCount\":0,\"publisher\":{\"@id\":\"https:\\\/\\\/inclusivenews.com.br\\\/#organization\"},\"image\":{\"@id\":\"https:\\\/\\\/inclusivenews.com.br\\\/?p=21184#primaryimage\"},\"thumbnailUrl\":\"http:\\\/\\\/inclusivenews.com.br\\\/wp-content\\\/uploads\\\/2010\\\/12\\\/frica-273x300.jpg\",\"articleSection\":[\"Cultura\",\"EDUCA\u00c7\u00c3O\",\"INCLUS\u00c3O SOCIAL\",\"Legisla\u00e7\u00e3o ...\"],\"inLanguage\":\"pt-PT\",\"potentialAction\":[{\"@type\":\"CommentAction\",\"name\":\"Comment\",\"target\":[\"https:\\\/\\\/inclusivenews.com.br\\\/?p=21184#respond\"]}]},{\"@type\":\"WebPage\",\"@id\":\"https:\\\/\\\/inclusivenews.com.br\\\/?p=21184\",\"url\":\"https:\\\/\\\/inclusivenews.com.br\\\/?p=21184\",\"name\":\"Ensino da hist\u00f3ria da \u00c1frica pelas escolas ainda est\u00e1 devagar no pa\u00eds -\",\"isPartOf\":{\"@id\":\"https:\\\/\\\/inclusivenews.com.br\\\/#website\"},\"primaryImageOfPage\":{\"@id\":\"https:\\\/\\\/inclusivenews.com.br\\\/?p=21184#primaryimage\"},\"image\":{\"@id\":\"https:\\\/\\\/inclusivenews.com.br\\\/?p=21184#primaryimage\"},\"thumbnailUrl\":\"http:\\\/\\\/inclusivenews.com.br\\\/wp-content\\\/uploads\\\/2010\\\/12\\\/frica-273x300.jpg\",\"datePublished\":\"2011-10-06T05:31:12+00:00\",\"breadcrumb\":{\"@id\":\"https:\\\/\\\/inclusivenews.com.br\\\/?p=21184#breadcrumb\"},\"inLanguage\":\"pt-PT\",\"potentialAction\":[{\"@type\":\"ReadAction\",\"target\":[\"https:\\\/\\\/inclusivenews.com.br\\\/?p=21184\"]}]},{\"@type\":\"ImageObject\",\"inLanguage\":\"pt-PT\",\"@id\":\"https:\\\/\\\/inclusivenews.com.br\\\/?p=21184#primaryimage\",\"url\":\"\",\"contentUrl\":\"\"},{\"@type\":\"BreadcrumbList\",\"@id\":\"https:\\\/\\\/inclusivenews.com.br\\\/?p=21184#breadcrumb\",\"itemListElement\":[{\"@type\":\"ListItem\",\"position\":1,\"name\":\"In\u00edcio\",\"item\":\"https:\\\/\\\/inclusivenews.com.br\\\/\"},{\"@type\":\"ListItem\",\"position\":2,\"name\":\"Ensino da hist\u00f3ria da \u00c1frica pelas escolas ainda est\u00e1 devagar no pa\u00eds\"}]},{\"@type\":\"WebSite\",\"@id\":\"https:\\\/\\\/inclusivenews.com.br\\\/#website\",\"url\":\"https:\\\/\\\/inclusivenews.com.br\\\/\",\"name\":\"Inclusive News\",\"description\":\"Inclusive News\",\"publisher\":{\"@id\":\"https:\\\/\\\/inclusivenews.com.br\\\/#organization\"},\"potentialAction\":[{\"@type\":\"SearchAction\",\"target\":{\"@type\":\"EntryPoint\",\"urlTemplate\":\"https:\\\/\\\/inclusivenews.com.br\\\/?s={search_term_string}\"},\"query-input\":{\"@type\":\"PropertyValueSpecification\",\"valueRequired\":true,\"valueName\":\"search_term_string\"}}],\"inLanguage\":\"pt-PT\"},{\"@type\":\"Organization\",\"@id\":\"https:\\\/\\\/inclusivenews.com.br\\\/#organization\",\"name\":\"Inclusive - inclus\u00e3o e cidadania\",\"url\":\"https:\\\/\\\/inclusivenews.com.br\\\/\",\"logo\":{\"@type\":\"ImageObject\",\"inLanguage\":\"pt-PT\",\"@id\":\"https:\\\/\\\/inclusivenews.com.br\\\/#\\\/schema\\\/logo\\\/image\\\/\",\"url\":\"https:\\\/\\\/inclusivenews.com.br\\\/wp-content\\\/uploads\\\/2024\\\/03\\\/@grandesite.png\",\"contentUrl\":\"https:\\\/\\\/inclusivenews.com.br\\\/wp-content\\\/uploads\\\/2024\\\/03\\\/@grandesite.png\",\"width\":1080,\"height\":1080,\"caption\":\"Inclusive - inclus\u00e3o e cidadania\"},\"image\":{\"@id\":\"https:\\\/\\\/inclusivenews.com.br\\\/#\\\/schema\\\/logo\\\/image\\\/\"},\"sameAs\":[\"https:\\\/\\\/www.facebook.com\\\/agenciainclusive\\\/\",\"https:\\\/\\\/www.instagram.com\\\/newsinclusive\\\/\"]},{\"@type\":\"Person\",\"@id\":\"https:\\\/\\\/inclusivenews.com.br\\\/#\\\/schema\\\/person\\\/ae4ec7087559b8692fb33b6fffd2273b\",\"name\":\"inclusivenews2024\",\"image\":{\"@type\":\"ImageObject\",\"inLanguage\":\"pt-PT\",\"@id\":\"https:\\\/\\\/secure.gravatar.com\\\/avatar\\\/c5a7ef84c66fa914f55bc4f7ce26cfa275a3b9a1c5568b907bd184fb4dde7b40?s=96&d=mm&r=g\",\"url\":\"https:\\\/\\\/secure.gravatar.com\\\/avatar\\\/c5a7ef84c66fa914f55bc4f7ce26cfa275a3b9a1c5568b907bd184fb4dde7b40?s=96&d=mm&r=g\",\"contentUrl\":\"https:\\\/\\\/secure.gravatar.com\\\/avatar\\\/c5a7ef84c66fa914f55bc4f7ce26cfa275a3b9a1c5568b907bd184fb4dde7b40?s=96&d=mm&r=g\",\"caption\":\"inclusivenews2024\"},\"sameAs\":[\"https:\\\/\\\/inclusivenews.com.br\"],\"url\":\"https:\\\/\\\/inclusivenews.com.br\\\/?author=1\"}]}<\/script>\n<!-- \/ Yoast SEO plugin. -->","yoast_head_json":{"title":"Ensino da hist\u00f3ria da \u00c1frica pelas escolas ainda est\u00e1 devagar no pa\u00eds -","robots":{"index":"index","follow":"follow","max-snippet":"max-snippet:-1","max-image-preview":"max-image-preview:large","max-video-preview":"max-video-preview:-1"},"canonical":"https:\/\/inclusivenews.com.br\/?p=21184","og_locale":"pt_PT","og_type":"article","og_title":"Ensino da hist\u00f3ria da \u00c1frica pelas escolas ainda est\u00e1 devagar no pa\u00eds -","og_description":"\"Segundo a diretora presidente do Instituto de Pesquisa e Estudos Afro-Brasileiros (Ipeafro), Elisa Larkin Nascimento, \u00e9 fundamental que as escolas ensinem sobre a cultura africana. 'A aus\u00eancia dessas matrizes no curr\u00edculo escolar afeta negativamente as crian\u00e7as e o Brasil', ressalta.\"","og_url":"https:\/\/inclusivenews.com.br\/?p=21184","article_publisher":"https:\/\/www.facebook.com\/agenciainclusive\/","article_published_time":"2011-10-06T05:31:12+00:00","og_image":[{"url":"http:\/\/inclusivenews.com.br\/wp-content\/uploads\/2010\/12\/frica-273x300.jpg","type":"","width":"","height":""}],"author":"inclusivenews2024","twitter_card":"summary_large_image","twitter_misc":{"Escrito por":"inclusivenews2024","Tempo estimado de leitura":"3 minutos"},"schema":{"@context":"https:\/\/schema.org","@graph":[{"@type":"Article","@id":"https:\/\/inclusivenews.com.br\/?p=21184#article","isPartOf":{"@id":"https:\/\/inclusivenews.com.br\/?p=21184"},"author":{"name":"inclusivenews2024","@id":"https:\/\/inclusivenews.com.br\/#\/schema\/person\/ae4ec7087559b8692fb33b6fffd2273b"},"headline":"Ensino da hist\u00f3ria da \u00c1frica pelas escolas ainda est\u00e1 devagar no pa\u00eds","datePublished":"2011-10-06T05:31:12+00:00","mainEntityOfPage":{"@id":"https:\/\/inclusivenews.com.br\/?p=21184"},"wordCount":684,"commentCount":0,"publisher":{"@id":"https:\/\/inclusivenews.com.br\/#organization"},"image":{"@id":"https:\/\/inclusivenews.com.br\/?p=21184#primaryimage"},"thumbnailUrl":"http:\/\/inclusivenews.com.br\/wp-content\/uploads\/2010\/12\/frica-273x300.jpg","articleSection":["Cultura","EDUCA\u00c7\u00c3O","INCLUS\u00c3O SOCIAL","Legisla\u00e7\u00e3o ..."],"inLanguage":"pt-PT","potentialAction":[{"@type":"CommentAction","name":"Comment","target":["https:\/\/inclusivenews.com.br\/?p=21184#respond"]}]},{"@type":"WebPage","@id":"https:\/\/inclusivenews.com.br\/?p=21184","url":"https:\/\/inclusivenews.com.br\/?p=21184","name":"Ensino da hist\u00f3ria da \u00c1frica pelas escolas ainda est\u00e1 devagar no pa\u00eds -","isPartOf":{"@id":"https:\/\/inclusivenews.com.br\/#website"},"primaryImageOfPage":{"@id":"https:\/\/inclusivenews.com.br\/?p=21184#primaryimage"},"image":{"@id":"https:\/\/inclusivenews.com.br\/?p=21184#primaryimage"},"thumbnailUrl":"http:\/\/inclusivenews.com.br\/wp-content\/uploads\/2010\/12\/frica-273x300.jpg","datePublished":"2011-10-06T05:31:12+00:00","breadcrumb":{"@id":"https:\/\/inclusivenews.com.br\/?p=21184#breadcrumb"},"inLanguage":"pt-PT","potentialAction":[{"@type":"ReadAction","target":["https:\/\/inclusivenews.com.br\/?p=21184"]}]},{"@type":"ImageObject","inLanguage":"pt-PT","@id":"https:\/\/inclusivenews.com.br\/?p=21184#primaryimage","url":"","contentUrl":""},{"@type":"BreadcrumbList","@id":"https:\/\/inclusivenews.com.br\/?p=21184#breadcrumb","itemListElement":[{"@type":"ListItem","position":1,"name":"In\u00edcio","item":"https:\/\/inclusivenews.com.br\/"},{"@type":"ListItem","position":2,"name":"Ensino da hist\u00f3ria da \u00c1frica pelas escolas ainda est\u00e1 devagar no pa\u00eds"}]},{"@type":"WebSite","@id":"https:\/\/inclusivenews.com.br\/#website","url":"https:\/\/inclusivenews.com.br\/","name":"Inclusive News","description":"Inclusive News","publisher":{"@id":"https:\/\/inclusivenews.com.br\/#organization"},"potentialAction":[{"@type":"SearchAction","target":{"@type":"EntryPoint","urlTemplate":"https:\/\/inclusivenews.com.br\/?s={search_term_string}"},"query-input":{"@type":"PropertyValueSpecification","valueRequired":true,"valueName":"search_term_string"}}],"inLanguage":"pt-PT"},{"@type":"Organization","@id":"https:\/\/inclusivenews.com.br\/#organization","name":"Inclusive - inclus\u00e3o e cidadania","url":"https:\/\/inclusivenews.com.br\/","logo":{"@type":"ImageObject","inLanguage":"pt-PT","@id":"https:\/\/inclusivenews.com.br\/#\/schema\/logo\/image\/","url":"https:\/\/inclusivenews.com.br\/wp-content\/uploads\/2024\/03\/@grandesite.png","contentUrl":"https:\/\/inclusivenews.com.br\/wp-content\/uploads\/2024\/03\/@grandesite.png","width":1080,"height":1080,"caption":"Inclusive - inclus\u00e3o e cidadania"},"image":{"@id":"https:\/\/inclusivenews.com.br\/#\/schema\/logo\/image\/"},"sameAs":["https:\/\/www.facebook.com\/agenciainclusive\/","https:\/\/www.instagram.com\/newsinclusive\/"]},{"@type":"Person","@id":"https:\/\/inclusivenews.com.br\/#\/schema\/person\/ae4ec7087559b8692fb33b6fffd2273b","name":"inclusivenews2024","image":{"@type":"ImageObject","inLanguage":"pt-PT","@id":"https:\/\/secure.gravatar.com\/avatar\/c5a7ef84c66fa914f55bc4f7ce26cfa275a3b9a1c5568b907bd184fb4dde7b40?s=96&d=mm&r=g","url":"https:\/\/secure.gravatar.com\/avatar\/c5a7ef84c66fa914f55bc4f7ce26cfa275a3b9a1c5568b907bd184fb4dde7b40?s=96&d=mm&r=g","contentUrl":"https:\/\/secure.gravatar.com\/avatar\/c5a7ef84c66fa914f55bc4f7ce26cfa275a3b9a1c5568b907bd184fb4dde7b40?s=96&d=mm&r=g","caption":"inclusivenews2024"},"sameAs":["https:\/\/inclusivenews.com.br"],"url":"https:\/\/inclusivenews.com.br\/?author=1"}]}},"_links":{"self":[{"href":"https:\/\/inclusivenews.com.br\/index.php?rest_route=\/wp\/v2\/posts\/21184","targetHints":{"allow":["GET"]}}],"collection":[{"href":"https:\/\/inclusivenews.com.br\/index.php?rest_route=\/wp\/v2\/posts"}],"about":[{"href":"https:\/\/inclusivenews.com.br\/index.php?rest_route=\/wp\/v2\/types\/post"}],"author":[{"embeddable":true,"href":"https:\/\/inclusivenews.com.br\/index.php?rest_route=\/wp\/v2\/users\/1"}],"replies":[{"embeddable":true,"href":"https:\/\/inclusivenews.com.br\/index.php?rest_route=%2Fwp%2Fv2%2Fcomments&post=21184"}],"version-history":[{"count":0,"href":"https:\/\/inclusivenews.com.br\/index.php?rest_route=\/wp\/v2\/posts\/21184\/revisions"}],"wp:attachment":[{"href":"https:\/\/inclusivenews.com.br\/index.php?rest_route=%2Fwp%2Fv2%2Fmedia&parent=21184"}],"wp:term":[{"taxonomy":"category","embeddable":true,"href":"https:\/\/inclusivenews.com.br\/index.php?rest_route=%2Fwp%2Fv2%2Fcategories&post=21184"},{"taxonomy":"post_tag","embeddable":true,"href":"https:\/\/inclusivenews.com.br\/index.php?rest_route=%2Fwp%2Fv2%2Ftags&post=21184"}],"curies":[{"name":"wp","href":"https:\/\/api.w.org\/{rel}","templated":true}]}}