{"id":21186,"date":"2011-10-06T02:31:45","date_gmt":"2011-10-06T05:31:45","guid":{"rendered":"http:\/\/www.inclusive.org.br\/?p=21186"},"modified":"2011-10-06T02:31:45","modified_gmt":"2011-10-06T05:31:45","slug":"lancamento-da-revista-rap-nacional","status":"publish","type":"post","link":"https:\/\/inclusivenews.com.br\/?p=21186","title":{"rendered":"Lan\u00e7amento da revista RAP NACIONAL"},"content":{"rendered":"<div><img loading=\"lazy\" decoding=\"async\" class=\"size-full wp-image-21249 alignleft\" title=\"Capa da revista Rap Nacional, com Eduardo do Fac\u00e7\u00e3o Central na capa\" src=\"http:\/\/inclusivenews.com.br\/wp-content\/uploads\/rap_nacional.jpg\" alt=\"Capa da revista Rap Nacional, com Eduardo do Fac\u00e7\u00e3o Central na capa\" width=\"228\" height=\"228\" \/>A\u00a0<strong>Revista Rap Nacional <\/strong>\u00e9  uma cria\u00e7\u00e3o do Portal Rap Nacional, que tem mais de dez anos de  experi\u00eancia e se consolidou como um dos mais importantes ve\u00edculos de  comunica\u00e7\u00e3o do hip\u2013hop no Brasil. O Portal recebe em m\u00e9dia 35 mil  acessos diariamente e \u00e9 atualizado 24h por dia. A Revista Rap Nacional \u00e9  a \u00fanica publica\u00e7\u00e3o impressa e peri\u00f3dica voltada para a cultura hip-hop.<\/div>\n<div>A  1\u00aa edi\u00e7\u00e3o traz na capa Eduardo, Fac\u00e7\u00e3o Central, duas p\u00e1ginas do livro  in\u00e9dito do rapper e tamb\u00e9m uma entrevista exclusiva. Nesta edi\u00e7\u00e3o ainda  voc\u00ea confere: Detentos do Rap, Realidade Cruel, Dexter, Floripa MC\u2019s,  Nitro Di, Gangsta Paradise, Don Pixote, Rapadura, Pregador Luo, Criolo,  Palavra Feminina, Slim Rimografia, Mulheres do Hip-Hop e FC Crew.<\/div>\n<div>Em  todas as edi\u00e7\u00f5es o leitor encontrar\u00e1 mat\u00e9rias sobre Moda Urbana,  Quadrinhos, Coberturas de Eventos, Entrevistas e muito mais..<strong>.<\/strong><\/div>\n<p><strong> <\/strong><strong> <\/strong>A  Revista Rap Nacional ser\u00e1 vendida a R$ 6,99 e a distribui\u00e7\u00e3o ser\u00e1 feita  por moradores de rua, pontos de venda espalhados por todo o Brasil e  tamb\u00e9m pela internet.<\/p>\n<div>A  parceria com moradores de rua esta sendo feita nos moldes da publica\u00e7\u00e3o  Big Issue, de Londres. A proposta \u00e9 oferecer uma oportunidade de  trabalho onde os moradores de rua possam garantir dignamente uma renda.  Este projeto esta se estruturando e a ideia \u00e9 que na edi\u00e7\u00e3o n\u00ba 2 tenha  um m\u00ednimo de 50 moradores de rua trabalhando como vendedores.<\/div>\n<div>A  Revista Rap Nacional estar\u00e1 dispon\u00edvel nos pontos de venda onde o  p\u00fablico do hip-hop j\u00e1 frequenta, como lojas de roupas e CD\u2019s. Nesta 1\u00aa  edi\u00e7\u00e3o temos pontos de venda em diversas regi\u00f5es, mas o objetivo \u00e9  mapear todos esses locais nos 24 estados e no Distrito Federal.<\/div>\n<div>A  compra da revista pela internet pode ser feito atrav\u00e9s de todos os  cart\u00f5es de cr\u00e9dito, boleto, transfer\u00eancia banc\u00e1ria ou dep\u00f3sito. O valor  do frete \u00e9 de apenas R$ 3,00 para todo o pa\u00eds. A Revista Rap Nacional  tamb\u00e9m esta dispon\u00edvel na Apple Store e para baixar sua vers\u00e3o para Ipad  ou Iphone basta acessar o aplicativo O Jornaleiro. Esta 1\u00ba edi\u00e7\u00e3o est\u00e1  sendo distribu\u00edda na Apple Store gratuitamente.<\/div>\n<div><strong>Locais de lan\u00e7amento<\/strong><\/div>\n<div><strong> <\/strong>A  Revista Rap Nacional \u00e9 uma vit\u00f3ria para todo o movimento hip-hop e para  comemorar o seu lan\u00e7amento ser\u00e3o promovidas diversas atividades em  locais que j\u00e1 s\u00e3o tradicionais para a cultura de rua. Haver\u00e1 tamb\u00e9m uma  tarde de aut\u00f3grafos com a presen\u00e7a do rapper Eduardo. Confira abaixo os  locais e hor\u00e1rios dos pr\u00f3ximos eventos de lan\u00e7amento da edi\u00e7\u00e3o n\u00ba 1.<\/div>\n<div><strong> <\/strong><br \/>\n<strong>06\/10 \u2013 Est\u00fadio 1daSul\u00a0 \u2013 Cap\u00e3o Redondo \u2013 SP<\/strong>Coquetel de lan\u00e7amento somente para convidados e imprensa<br \/>\n<strong>07\/10 \u2013 Galeria 24 de Maio \u2013 Tarde de Aut\u00f3grafos na Loja 1daSul &#8211;\u00a016h \u00e0s 18h30<\/strong>Rua 24 de maio, 62, loja 40, S\u00e3o Paulo\/SP<br \/>\n<strong>08\/10 \u2013 Manos e Minas (Grava\u00e7\u00e3o) <\/strong>Tv Cultura<br \/>\n<strong>26\/11 \u2013 Aniversario do Evolu\u00e7\u00e3o Hip-Hop<\/strong> (Salvador)<\/div>\n<div>Local a confirmar.<\/div>\n<div><strong><br \/>\nServi\u00e7o:<\/strong><br \/>\nRevista  formato: 21\u00d729,7cm \/ N\u00famero de p\u00e1ginas: 52 \/ Capa Couch\u00ea: 170g \/ Miolo:  Couch\u00ea: 125g \/ Periodicidade: Mensal \/ Cores: 4\/4 Policromia \/ Tiragem:  10 mil \/ Fechamento: 20\u00ba do m\u00eas \/ Circula\u00e7\u00e3o: 1\u00ba do m\u00eas<\/div>\n<div>Fonte: <a href=\"http:\/\/www.rapnacional.com.br\/revista\">Rap Nacional<\/a><\/div>\n","protected":false},"excerpt":{"rendered":"<p>A Revista Rap Nacional ser\u00e1 vendida a R$ 6,99 e a distribui\u00e7\u00e3o ser\u00e1 feita por moradores de rua, pontos de venda espalhados por todo o Brasil e tamb\u00e9m pela internet.<\/p>\n","protected":false},"author":1,"featured_media":0,"comment_status":"open","ping_status":"open","sticky":false,"template":"","format":"standard","meta":{"site-container-style":"default","site-container-layout":"default","site-sidebar-layout":"default","disable-article-header":"default","disable-site-header":"default","disable-site-footer":"default","disable-content-area-spacing":"default","footnotes":""},"categories":[29,4,10,80],"tags":[],"class_list":["post-21186","post","type-post","status-publish","format-standard","hentry","category-cultura","category-noticias","category-publicacoes","category-revistas"],"yoast_head":"<!-- This site is optimized with the Yoast SEO plugin v27.4 - https:\/\/yoast.com\/product\/yoast-seo-wordpress\/ -->\n<title>Lan\u00e7amento da revista RAP NACIONAL -<\/title>\n<meta name=\"robots\" content=\"index, follow, max-snippet:-1, max-image-preview:large, max-video-preview:-1\" \/>\n<link rel=\"canonical\" href=\"https:\/\/inclusivenews.com.br\/?p=21186\" \/>\n<meta property=\"og:locale\" content=\"pt_PT\" \/>\n<meta property=\"og:type\" content=\"article\" \/>\n<meta property=\"og:title\" content=\"Lan\u00e7amento da revista RAP NACIONAL -\" \/>\n<meta property=\"og:description\" content=\"A Revista Rap Nacional ser\u00e1 vendida a R$ 6,99 e a distribui\u00e7\u00e3o ser\u00e1 feita por moradores de rua, pontos de venda espalhados por todo o Brasil e tamb\u00e9m pela internet.\" \/>\n<meta property=\"og:url\" content=\"https:\/\/inclusivenews.com.br\/?p=21186\" \/>\n<meta property=\"article:publisher\" content=\"https:\/\/www.facebook.com\/agenciainclusive\/\" \/>\n<meta property=\"article:published_time\" content=\"2011-10-06T05:31:45+00:00\" \/>\n<meta property=\"og:image\" content=\"http:\/\/inclusivenews.com.br\/wp-content\/uploads\/rap_nacional.jpg\" \/>\n<meta name=\"author\" content=\"inclusivenews2024\" \/>\n<meta name=\"twitter:card\" content=\"summary_large_image\" \/>\n<meta name=\"twitter:label1\" content=\"Escrito por\" \/>\n\t<meta name=\"twitter:data1\" content=\"inclusivenews2024\" \/>\n\t<meta name=\"twitter:label2\" content=\"Tempo estimado de leitura\" \/>\n\t<meta name=\"twitter:data2\" content=\"3 minutos\" \/>\n<script type=\"application\/ld+json\" class=\"yoast-schema-graph\">{\"@context\":\"https:\\\/\\\/schema.org\",\"@graph\":[{\"@type\":\"Article\",\"@id\":\"https:\\\/\\\/inclusivenews.com.br\\\/?p=21186#article\",\"isPartOf\":{\"@id\":\"https:\\\/\\\/inclusivenews.com.br\\\/?p=21186\"},\"author\":{\"name\":\"inclusivenews2024\",\"@id\":\"https:\\\/\\\/inclusivenews.com.br\\\/#\\\/schema\\\/person\\\/ae4ec7087559b8692fb33b6fffd2273b\"},\"headline\":\"Lan\u00e7amento da revista RAP NACIONAL\",\"datePublished\":\"2011-10-06T05:31:45+00:00\",\"mainEntityOfPage\":{\"@id\":\"https:\\\/\\\/inclusivenews.com.br\\\/?p=21186\"},\"wordCount\":534,\"commentCount\":3,\"publisher\":{\"@id\":\"https:\\\/\\\/inclusivenews.com.br\\\/#organization\"},\"image\":{\"@id\":\"https:\\\/\\\/inclusivenews.com.br\\\/?p=21186#primaryimage\"},\"thumbnailUrl\":\"http:\\\/\\\/inclusivenews.com.br\\\/wp-content\\\/uploads\\\/rap_nacional.jpg\",\"articleSection\":[\"Cultura\",\"NOT\u00cdCIAS\",\"PUBLICA\u00c7\u00d5ES\",\"Revistas\"],\"inLanguage\":\"pt-PT\",\"potentialAction\":[{\"@type\":\"CommentAction\",\"name\":\"Comment\",\"target\":[\"https:\\\/\\\/inclusivenews.com.br\\\/?p=21186#respond\"]}]},{\"@type\":\"WebPage\",\"@id\":\"https:\\\/\\\/inclusivenews.com.br\\\/?p=21186\",\"url\":\"https:\\\/\\\/inclusivenews.com.br\\\/?p=21186\",\"name\":\"Lan\u00e7amento da revista RAP NACIONAL -\",\"isPartOf\":{\"@id\":\"https:\\\/\\\/inclusivenews.com.br\\\/#website\"},\"primaryImageOfPage\":{\"@id\":\"https:\\\/\\\/inclusivenews.com.br\\\/?p=21186#primaryimage\"},\"image\":{\"@id\":\"https:\\\/\\\/inclusivenews.com.br\\\/?p=21186#primaryimage\"},\"thumbnailUrl\":\"http:\\\/\\\/inclusivenews.com.br\\\/wp-content\\\/uploads\\\/rap_nacional.jpg\",\"datePublished\":\"2011-10-06T05:31:45+00:00\",\"breadcrumb\":{\"@id\":\"https:\\\/\\\/inclusivenews.com.br\\\/?p=21186#breadcrumb\"},\"inLanguage\":\"pt-PT\",\"potentialAction\":[{\"@type\":\"ReadAction\",\"target\":[\"https:\\\/\\\/inclusivenews.com.br\\\/?p=21186\"]}]},{\"@type\":\"ImageObject\",\"inLanguage\":\"pt-PT\",\"@id\":\"https:\\\/\\\/inclusivenews.com.br\\\/?p=21186#primaryimage\",\"url\":\"\",\"contentUrl\":\"\"},{\"@type\":\"BreadcrumbList\",\"@id\":\"https:\\\/\\\/inclusivenews.com.br\\\/?p=21186#breadcrumb\",\"itemListElement\":[{\"@type\":\"ListItem\",\"position\":1,\"name\":\"In\u00edcio\",\"item\":\"https:\\\/\\\/inclusivenews.com.br\\\/\"},{\"@type\":\"ListItem\",\"position\":2,\"name\":\"Lan\u00e7amento da revista RAP NACIONAL\"}]},{\"@type\":\"WebSite\",\"@id\":\"https:\\\/\\\/inclusivenews.com.br\\\/#website\",\"url\":\"https:\\\/\\\/inclusivenews.com.br\\\/\",\"name\":\"Inclusive News\",\"description\":\"Inclusive News\",\"publisher\":{\"@id\":\"https:\\\/\\\/inclusivenews.com.br\\\/#organization\"},\"potentialAction\":[{\"@type\":\"SearchAction\",\"target\":{\"@type\":\"EntryPoint\",\"urlTemplate\":\"https:\\\/\\\/inclusivenews.com.br\\\/?s={search_term_string}\"},\"query-input\":{\"@type\":\"PropertyValueSpecification\",\"valueRequired\":true,\"valueName\":\"search_term_string\"}}],\"inLanguage\":\"pt-PT\"},{\"@type\":\"Organization\",\"@id\":\"https:\\\/\\\/inclusivenews.com.br\\\/#organization\",\"name\":\"Inclusive - inclus\u00e3o e cidadania\",\"url\":\"https:\\\/\\\/inclusivenews.com.br\\\/\",\"logo\":{\"@type\":\"ImageObject\",\"inLanguage\":\"pt-PT\",\"@id\":\"https:\\\/\\\/inclusivenews.com.br\\\/#\\\/schema\\\/logo\\\/image\\\/\",\"url\":\"https:\\\/\\\/inclusivenews.com.br\\\/wp-content\\\/uploads\\\/2024\\\/03\\\/@grandesite.png\",\"contentUrl\":\"https:\\\/\\\/inclusivenews.com.br\\\/wp-content\\\/uploads\\\/2024\\\/03\\\/@grandesite.png\",\"width\":1080,\"height\":1080,\"caption\":\"Inclusive - inclus\u00e3o e cidadania\"},\"image\":{\"@id\":\"https:\\\/\\\/inclusivenews.com.br\\\/#\\\/schema\\\/logo\\\/image\\\/\"},\"sameAs\":[\"https:\\\/\\\/www.facebook.com\\\/agenciainclusive\\\/\",\"https:\\\/\\\/www.instagram.com\\\/newsinclusive\\\/\"]},{\"@type\":\"Person\",\"@id\":\"https:\\\/\\\/inclusivenews.com.br\\\/#\\\/schema\\\/person\\\/ae4ec7087559b8692fb33b6fffd2273b\",\"name\":\"inclusivenews2024\",\"image\":{\"@type\":\"ImageObject\",\"inLanguage\":\"pt-PT\",\"@id\":\"https:\\\/\\\/secure.gravatar.com\\\/avatar\\\/c5a7ef84c66fa914f55bc4f7ce26cfa275a3b9a1c5568b907bd184fb4dde7b40?s=96&d=mm&r=g\",\"url\":\"https:\\\/\\\/secure.gravatar.com\\\/avatar\\\/c5a7ef84c66fa914f55bc4f7ce26cfa275a3b9a1c5568b907bd184fb4dde7b40?s=96&d=mm&r=g\",\"contentUrl\":\"https:\\\/\\\/secure.gravatar.com\\\/avatar\\\/c5a7ef84c66fa914f55bc4f7ce26cfa275a3b9a1c5568b907bd184fb4dde7b40?s=96&d=mm&r=g\",\"caption\":\"inclusivenews2024\"},\"sameAs\":[\"https:\\\/\\\/inclusivenews.com.br\"],\"url\":\"https:\\\/\\\/inclusivenews.com.br\\\/?author=1\"}]}<\/script>\n<!-- \/ Yoast SEO plugin. -->","yoast_head_json":{"title":"Lan\u00e7amento da revista RAP NACIONAL -","robots":{"index":"index","follow":"follow","max-snippet":"max-snippet:-1","max-image-preview":"max-image-preview:large","max-video-preview":"max-video-preview:-1"},"canonical":"https:\/\/inclusivenews.com.br\/?p=21186","og_locale":"pt_PT","og_type":"article","og_title":"Lan\u00e7amento da revista RAP NACIONAL -","og_description":"A Revista Rap Nacional ser\u00e1 vendida a R$ 6,99 e a distribui\u00e7\u00e3o ser\u00e1 feita por moradores de rua, pontos de venda espalhados por todo o Brasil e tamb\u00e9m pela internet.","og_url":"https:\/\/inclusivenews.com.br\/?p=21186","article_publisher":"https:\/\/www.facebook.com\/agenciainclusive\/","article_published_time":"2011-10-06T05:31:45+00:00","og_image":[{"url":"http:\/\/inclusivenews.com.br\/wp-content\/uploads\/rap_nacional.jpg","type":"","width":"","height":""}],"author":"inclusivenews2024","twitter_card":"summary_large_image","twitter_misc":{"Escrito por":"inclusivenews2024","Tempo estimado de leitura":"3 minutos"},"schema":{"@context":"https:\/\/schema.org","@graph":[{"@type":"Article","@id":"https:\/\/inclusivenews.com.br\/?p=21186#article","isPartOf":{"@id":"https:\/\/inclusivenews.com.br\/?p=21186"},"author":{"name":"inclusivenews2024","@id":"https:\/\/inclusivenews.com.br\/#\/schema\/person\/ae4ec7087559b8692fb33b6fffd2273b"},"headline":"Lan\u00e7amento da revista RAP NACIONAL","datePublished":"2011-10-06T05:31:45+00:00","mainEntityOfPage":{"@id":"https:\/\/inclusivenews.com.br\/?p=21186"},"wordCount":534,"commentCount":3,"publisher":{"@id":"https:\/\/inclusivenews.com.br\/#organization"},"image":{"@id":"https:\/\/inclusivenews.com.br\/?p=21186#primaryimage"},"thumbnailUrl":"http:\/\/inclusivenews.com.br\/wp-content\/uploads\/rap_nacional.jpg","articleSection":["Cultura","NOT\u00cdCIAS","PUBLICA\u00c7\u00d5ES","Revistas"],"inLanguage":"pt-PT","potentialAction":[{"@type":"CommentAction","name":"Comment","target":["https:\/\/inclusivenews.com.br\/?p=21186#respond"]}]},{"@type":"WebPage","@id":"https:\/\/inclusivenews.com.br\/?p=21186","url":"https:\/\/inclusivenews.com.br\/?p=21186","name":"Lan\u00e7amento da revista RAP NACIONAL -","isPartOf":{"@id":"https:\/\/inclusivenews.com.br\/#website"},"primaryImageOfPage":{"@id":"https:\/\/inclusivenews.com.br\/?p=21186#primaryimage"},"image":{"@id":"https:\/\/inclusivenews.com.br\/?p=21186#primaryimage"},"thumbnailUrl":"http:\/\/inclusivenews.com.br\/wp-content\/uploads\/rap_nacional.jpg","datePublished":"2011-10-06T05:31:45+00:00","breadcrumb":{"@id":"https:\/\/inclusivenews.com.br\/?p=21186#breadcrumb"},"inLanguage":"pt-PT","potentialAction":[{"@type":"ReadAction","target":["https:\/\/inclusivenews.com.br\/?p=21186"]}]},{"@type":"ImageObject","inLanguage":"pt-PT","@id":"https:\/\/inclusivenews.com.br\/?p=21186#primaryimage","url":"","contentUrl":""},{"@type":"BreadcrumbList","@id":"https:\/\/inclusivenews.com.br\/?p=21186#breadcrumb","itemListElement":[{"@type":"ListItem","position":1,"name":"In\u00edcio","item":"https:\/\/inclusivenews.com.br\/"},{"@type":"ListItem","position":2,"name":"Lan\u00e7amento da revista RAP NACIONAL"}]},{"@type":"WebSite","@id":"https:\/\/inclusivenews.com.br\/#website","url":"https:\/\/inclusivenews.com.br\/","name":"Inclusive News","description":"Inclusive News","publisher":{"@id":"https:\/\/inclusivenews.com.br\/#organization"},"potentialAction":[{"@type":"SearchAction","target":{"@type":"EntryPoint","urlTemplate":"https:\/\/inclusivenews.com.br\/?s={search_term_string}"},"query-input":{"@type":"PropertyValueSpecification","valueRequired":true,"valueName":"search_term_string"}}],"inLanguage":"pt-PT"},{"@type":"Organization","@id":"https:\/\/inclusivenews.com.br\/#organization","name":"Inclusive - inclus\u00e3o e cidadania","url":"https:\/\/inclusivenews.com.br\/","logo":{"@type":"ImageObject","inLanguage":"pt-PT","@id":"https:\/\/inclusivenews.com.br\/#\/schema\/logo\/image\/","url":"https:\/\/inclusivenews.com.br\/wp-content\/uploads\/2024\/03\/@grandesite.png","contentUrl":"https:\/\/inclusivenews.com.br\/wp-content\/uploads\/2024\/03\/@grandesite.png","width":1080,"height":1080,"caption":"Inclusive - inclus\u00e3o e cidadania"},"image":{"@id":"https:\/\/inclusivenews.com.br\/#\/schema\/logo\/image\/"},"sameAs":["https:\/\/www.facebook.com\/agenciainclusive\/","https:\/\/www.instagram.com\/newsinclusive\/"]},{"@type":"Person","@id":"https:\/\/inclusivenews.com.br\/#\/schema\/person\/ae4ec7087559b8692fb33b6fffd2273b","name":"inclusivenews2024","image":{"@type":"ImageObject","inLanguage":"pt-PT","@id":"https:\/\/secure.gravatar.com\/avatar\/c5a7ef84c66fa914f55bc4f7ce26cfa275a3b9a1c5568b907bd184fb4dde7b40?s=96&d=mm&r=g","url":"https:\/\/secure.gravatar.com\/avatar\/c5a7ef84c66fa914f55bc4f7ce26cfa275a3b9a1c5568b907bd184fb4dde7b40?s=96&d=mm&r=g","contentUrl":"https:\/\/secure.gravatar.com\/avatar\/c5a7ef84c66fa914f55bc4f7ce26cfa275a3b9a1c5568b907bd184fb4dde7b40?s=96&d=mm&r=g","caption":"inclusivenews2024"},"sameAs":["https:\/\/inclusivenews.com.br"],"url":"https:\/\/inclusivenews.com.br\/?author=1"}]}},"_links":{"self":[{"href":"https:\/\/inclusivenews.com.br\/index.php?rest_route=\/wp\/v2\/posts\/21186","targetHints":{"allow":["GET"]}}],"collection":[{"href":"https:\/\/inclusivenews.com.br\/index.php?rest_route=\/wp\/v2\/posts"}],"about":[{"href":"https:\/\/inclusivenews.com.br\/index.php?rest_route=\/wp\/v2\/types\/post"}],"author":[{"embeddable":true,"href":"https:\/\/inclusivenews.com.br\/index.php?rest_route=\/wp\/v2\/users\/1"}],"replies":[{"embeddable":true,"href":"https:\/\/inclusivenews.com.br\/index.php?rest_route=%2Fwp%2Fv2%2Fcomments&post=21186"}],"version-history":[{"count":0,"href":"https:\/\/inclusivenews.com.br\/index.php?rest_route=\/wp\/v2\/posts\/21186\/revisions"}],"wp:attachment":[{"href":"https:\/\/inclusivenews.com.br\/index.php?rest_route=%2Fwp%2Fv2%2Fmedia&parent=21186"}],"wp:term":[{"taxonomy":"category","embeddable":true,"href":"https:\/\/inclusivenews.com.br\/index.php?rest_route=%2Fwp%2Fv2%2Fcategories&post=21186"},{"taxonomy":"post_tag","embeddable":true,"href":"https:\/\/inclusivenews.com.br\/index.php?rest_route=%2Fwp%2Fv2%2Ftags&post=21186"}],"curies":[{"name":"wp","href":"https:\/\/api.w.org\/{rel}","templated":true}]}}