{"id":21210,"date":"2011-10-06T02:34:49","date_gmt":"2011-10-06T05:34:49","guid":{"rendered":"http:\/\/www.inclusive.org.br\/?p=21210"},"modified":"2011-10-06T02:34:49","modified_gmt":"2011-10-06T05:34:49","slug":"livro-que-usa-metodo-inedito-de-impressao-em-braille-adelia-esquecida-chega-as-livrarias-em-outubro","status":"publish","type":"post","link":"https:\/\/inclusivenews.com.br\/?p=21210","title":{"rendered":"Livro que usa m\u00e9todo in\u00e9dito de impress\u00e3o em Braille, Ad\u00e9lia Esquecida chega \u00e0s livrarias em outubro"},"content":{"rendered":"<figure id=\"attachment_21211\" aria-describedby=\"caption-attachment-21211\" style=\"width: 300px\" class=\"wp-caption alignleft\"><img loading=\"lazy\" decoding=\"async\" class=\"size-medium wp-image-21211\" title=\"Capa do livro Ad\u00e9lia Esquecida, no qual se v\u00ea parte de um casaco\" src=\"http:\/\/inclusivenews.com.br\/wp-content\/uploads\/adelia-300x197.jpg\" alt=\"Capa do livro Ad\u00e9lia Esquecida, no qual se v\u00ea parte de um casaco\" width=\"300\" height=\"197\" \/><figcaption id=\"caption-attachment-21211\" class=\"wp-caption-text\"> <\/figcaption><\/figure>\n<p>Ap\u00f3s o sucesso do livro Ad\u00e9lia Cozinheira, em outubro chega \u00e0s livrarias o livro Ad\u00e9lia Esquecida, o segundo volume da Cole\u00e7\u00e3o Ad\u00e9lia, que inovou o m\u00e9todo de leitura em Braille ao utilizar um sistema 100% inclusivo.<\/p>\n<p>Este novo m\u00e9todo \u00e9 o primeiro a permitir que uma publica\u00e7\u00e3o para deficientes visuais possa, com alta qualidade de legibilidade, ser lido e manuseado por pessoas com e sem defici\u00eancia ao mesmo tempo.<\/p>\n<p>Com textos da escritora Lia Zatz e ilustra\u00e7\u00f5es da artista pl\u00e1stica Luise Weiss, o livro \u00e9 destinado inicialmente a jovens, mas, por sua riqueza visual, consegue alcan\u00e7ar todas as faixas et\u00e1rias. Com texto simples, conta a hist\u00f3ria da menina Ad\u00e9lia e suas quest\u00f5es cotidianas, em especial os assuntos ligados aos cuidados com ela mesma e \u00e0 sua autonomia. Aborda, por exemplo, a import\u00e2ncia de n\u00e3o se esquecer de amarrar os sapatos, levar o casaco para a escola na mochila etc. Este novo volume da cole\u00e7\u00e3o privilegia as texturas dos objetos, visual e tatilmente. O leitor poder\u00e1 sentir a trama da malha de l\u00e3 de Ad\u00e9lia, o cord\u00e3o do seu sapato, o z\u00edper de sua roupa. Al\u00e9m disso, como o livro se utiliza de recursos olfativos, ela tamb\u00e9m sentir\u00e1 o cheiro do couro e do jardim, na parte externa da casa, quando Ad\u00e9lia sai para ir para a escola.<\/p>\n<p>O sistema Braille de leitura e escrita resulta da combina\u00e7\u00e3o entre seis pontos; a diferen\u00e7a neste inovador processo \u2013 chamado Braille BR &#8211; est\u00e1 no sistema de impress\u00e3o, que se diferencia por n\u00e3o furar o papel, permitindo a edi\u00e7\u00e3o de grandes tiragens, e garantindo ao material uma durabilidade imensur\u00e1vel; e em conjunto com a impress\u00e3o offset a possibilidade de unir o Braille a cores e texturas com total qualidade na percep\u00e7\u00e3o e no aproveitamento do livro para ambos os p\u00fablicos: visual ou n\u00e3o-visual.<\/p>\n<p>Todos os elementos gr\u00e1ficos do livro foram trabalhados de forma a enriquec\u00ea-lo nos tr\u00eas aspectos da percep\u00e7\u00e3o humana: visual, t\u00e1til e olfativa. Assim, o aproveitamento da obra assume alto n\u00edvel qualitativo convidando todas as crian\u00e7as \u00e0 imagina\u00e7\u00e3o e \u00e0 experimenta\u00e7\u00e3o.<\/p>\n<p>Essa caracter\u00edstica \u00e9 o grande fator inclusivo do livro, uma vez que, ao democratizar o acesso aos meios culturais e de inclus\u00e3o social, elimina o isolamento que permeia a vida de crian\u00e7as com defici\u00eancia, na escola ou fora dela.<\/p>\n<p>No Brasil, segundo a OMS, estima-se que h\u00e1 quatro milh\u00f5es de pessoas com algum tipo de defici\u00eancia visual; e 1,2 milh\u00e3o s\u00e3o cegas.<\/p>\n<p>Com dois volumes no portf\u00f3lio \u2013 Ad\u00e9lia Cozinheira e Ad\u00e9lia Esquecida \u2013 a cole\u00e7\u00e3o Ad\u00e9lia foi idealizada pela escritora Lia Zatz, com design de Wanda Gomes, que enxergou na sua profiss\u00e3o a possibilidade de criar ferramentas que garantissem maior inclus\u00e3o \u00e0s pessoas com defici\u00eancia.<\/p>\n<p>Desde o ano em que o sistema Braille foi criado &#8211; em 1827, pelo franc\u00eas Louis Braille &#8211; o m\u00e9todo nunca havia sido alterado em seus aspectos b\u00e1sicos.<\/p>\n<p>A impress\u00e3o Braille BR \u00e9 sobreposta e n\u00e3o prejudica a qualidade da impress\u00e3o normal em offset. A leitura da primeira n\u00e3o interfere na segunda e vice-versa, e por essa raz\u00e3o \u00e9 100% inclusiva. A durabilidade \u00e9 indeterminada e os pontos n\u00e3o cedem \u00e0 leitura\/press\u00e3o dos dedos como na impress\u00e3o convencional do sistema Braille.<\/p>\n<p>Al\u00e9m disso, a qualidade visual n\u00e3o \u00e9 prejudicada, j\u00e1 que o novo sistema n\u00e3o rompe o papel e n\u00e3o provoca baixo relevo no verso da folha.<\/p>\n<p>Os caracteres foram ampliados e a fonte foi escolhida com base em estudos e pesquisas realizadas por profissionais de design de tipos para crian\u00e7as.<\/p>\n<p>O livro traz em suas p\u00e1ginas ilustra\u00e7\u00f5es com brilho, textura e relevo, aplicados por meio do processo de impress\u00e3o serigr\u00e1fica, a partir de desenhos e fotolitos especialmente confeccionados para produzirem caracter\u00edsticas especiais e variadas sobre as ilustra\u00e7\u00f5es de Luise Weiss.<\/p>\n<p>Considerando as necessidades espec\u00edficas dos deficientes visuais, o design utiliza-se ainda de cores fortes e contrastes, com o intuito de favorecer a leitura e oferecer a maior qualidade de percep\u00e7\u00e3o visual poss\u00edvel.<\/p>\n<p>Al\u00e9m disso, conta com a aplica\u00e7\u00e3o de aromas em forma de microc\u00e1psulas, conferindo aos objetos representados maior capacidade de agu\u00e7ar os sentidos da crian\u00e7a.<\/p>\n<p>WANDA GOMES<\/p>\n<p>Formada em desenho industrial pela FAAP e p\u00f3s-graduada em design gr\u00e1fico pelo SENAC, a paulista Wanda Gomes atua na \u00e1rea do design gr\u00e1fico desde 1985 e h\u00e1 cerca de 10 anos vem pesquisando as quest\u00f5es do design ligadas \u00e0 defici\u00eancia visual. Respons\u00e1vel pela cria\u00e7\u00e3o do inovador processo gr\u00e1fico Braille.BR \u2013 m\u00e9todo utilizado na impress\u00e3o dos livros Ad\u00e9lia Esquecida e Ad\u00e9lia Cozinheira &#8211; foi a primeira designer gr\u00e1fica brasileira a levar as quest\u00f5es gr\u00e1ficas do braille para a universidade. Atualmente, \u00e9 s\u00f3cia-diretora da empresa WG Desenvolvimento de Produtos e Servi\u00e7os Ltda e acredita no design gr\u00e1fico como ferramenta transformadora dos meios de acesso \u00e0 cultura e \u00e0 educa\u00e7\u00e3o.<\/p>\n<p>LIA ZATZ<\/p>\n<p>Lia Zatz nasceu em S\u00e3o Paulo, se formou em Filosofia e desde 1984 se dedica a escrever livros infantis e juvenis. Ganhou duas vezes o Pr\u00eamio APCA de melhor autor de literatura infantil, foi finalista do pr\u00eamio Jabuti e v\u00e1rios de seus livros receberam o selo Altamente Recomend\u00e1vel da Funda\u00e7\u00e3o Nacional do Livro Infantil e Juvenil.<\/p>\n<p>LUISE WEISS<\/p>\n<p>Graduada em Comunica\u00e7\u00f5es e Artes pela ECA &#8211; USP, em 1977, com mestrado e doutorado na mesma universidade, Luise Weiss atua como professora de gravura e desenho na Universidade Mackenzie e no Instituto de Artes da UNICAMP. J\u00e1 exp\u00f4s obras e instala\u00e7\u00f5es na Pinacoteca, Pa\u00e7o das Artes, MASP e MUBE, e publicou livros como Un Pas de Deux, Recortes e Janelas e Dentro do Espelho.<\/p>\n<p>LEI ROUANET<\/p>\n<p>Os livros Ad\u00e9lia Esquecida e Ad\u00e9lia Cozinheira receberam incentivo para produ\u00e7\u00e3o de tr\u00eas mil livros da IBM Brasil, atrav\u00e9s do benef\u00edcio da Lei Roaunet, Minist\u00e9rio da Cultura. A tiragem foi doada a bibliotecas p\u00fablicas e institui\u00e7\u00f5es de ensino.<\/p>\n<p>Ad\u00e9lia Esquecida<br \/>\nTexto de Lia Zatz<br \/>\nIlustra\u00e7\u00f5es de Luise Weiss<br \/>\nDesign gr\u00e1fico de Wanda Gomes<\/p>\n<p>** O sistema de impress\u00e3o Braille.BR contou com apoio t\u00e9cnico da empresa Efeito Visual Serigrafia, gr\u00e1fica especializada em alto relevo, que desenvolveu a tinta exclusiva e realizou numerosos testes de impress\u00e3o e leitura, necess\u00e1rios ao completo desenvolvimento do projeto.<\/p>\n","protected":false},"excerpt":{"rendered":"<p>O m\u00e9todo \u00e9 o primeiro a permitir que uma publica\u00e7\u00e3o possa, com alta qualidade de legibilidade, ser lido e manuseado por pessoas com e sem defici\u00eancia ao mesmo tempo.<\/p>\n","protected":false},"author":1,"featured_media":0,"comment_status":"open","ping_status":"open","sticky":false,"template":"","format":"standard","meta":{"site-container-style":"default","site-container-layout":"default","site-sidebar-layout":"default","disable-article-header":"default","disable-site-header":"default","disable-site-footer":"default","disable-content-area-spacing":"default","footnotes":""},"categories":[44,29,38,48,50,51,10],"tags":[],"class_list":["post-21210","post","type-post","status-publish","format-standard","hentry","category-acessibilidade","category-cultura","category-deficiencia","category-inclusao","category-lancamentos","category-livros","category-publicacoes"],"yoast_head":"<!-- This site is optimized with the Yoast SEO plugin v27.5 - https:\/\/yoast.com\/product\/yoast-seo-wordpress\/ -->\n<title>Livro que usa m\u00e9todo in\u00e9dito de impress\u00e3o em Braille, Ad\u00e9lia Esquecida chega \u00e0s livrarias em outubro -<\/title>\n<meta name=\"robots\" content=\"index, follow, max-snippet:-1, max-image-preview:large, max-video-preview:-1\" \/>\n<link rel=\"canonical\" href=\"https:\/\/inclusivenews.com.br\/?p=21210\" \/>\n<meta property=\"og:locale\" content=\"pt_PT\" \/>\n<meta property=\"og:type\" content=\"article\" \/>\n<meta property=\"og:title\" content=\"Livro que usa m\u00e9todo in\u00e9dito de impress\u00e3o em Braille, Ad\u00e9lia Esquecida chega \u00e0s livrarias em outubro -\" \/>\n<meta property=\"og:description\" content=\"O m\u00e9todo \u00e9 o primeiro a permitir que uma publica\u00e7\u00e3o possa, com alta qualidade de legibilidade, ser lido e manuseado por pessoas com e sem defici\u00eancia ao mesmo tempo.\" \/>\n<meta property=\"og:url\" content=\"https:\/\/inclusivenews.com.br\/?p=21210\" \/>\n<meta property=\"article:publisher\" content=\"https:\/\/www.facebook.com\/agenciainclusive\/\" \/>\n<meta property=\"article:published_time\" content=\"2011-10-06T05:34:49+00:00\" \/>\n<meta property=\"og:image\" content=\"http:\/\/inclusivenews.com.br\/wp-content\/uploads\/adelia-300x197.jpg\" \/>\n<meta name=\"author\" content=\"inclusivenews2024\" \/>\n<meta name=\"twitter:card\" content=\"summary_large_image\" \/>\n<meta name=\"twitter:label1\" content=\"Escrito por\" \/>\n\t<meta name=\"twitter:data1\" content=\"inclusivenews2024\" \/>\n\t<meta name=\"twitter:label2\" content=\"Tempo estimado de leitura\" \/>\n\t<meta name=\"twitter:data2\" content=\"6 minutos\" \/>\n<script type=\"application\/ld+json\" class=\"yoast-schema-graph\">{\"@context\":\"https:\\\/\\\/schema.org\",\"@graph\":[{\"@type\":\"Article\",\"@id\":\"https:\\\/\\\/inclusivenews.com.br\\\/?p=21210#article\",\"isPartOf\":{\"@id\":\"https:\\\/\\\/inclusivenews.com.br\\\/?p=21210\"},\"author\":{\"name\":\"inclusivenews2024\",\"@id\":\"https:\\\/\\\/inclusivenews.com.br\\\/#\\\/schema\\\/person\\\/ae4ec7087559b8692fb33b6fffd2273b\"},\"headline\":\"Livro que usa m\u00e9todo in\u00e9dito de impress\u00e3o em Braille, Ad\u00e9lia Esquecida chega \u00e0s livrarias em outubro\",\"datePublished\":\"2011-10-06T05:34:49+00:00\",\"mainEntityOfPage\":{\"@id\":\"https:\\\/\\\/inclusivenews.com.br\\\/?p=21210\"},\"wordCount\":1140,\"commentCount\":2,\"publisher\":{\"@id\":\"https:\\\/\\\/inclusivenews.com.br\\\/#organization\"},\"image\":{\"@id\":\"https:\\\/\\\/inclusivenews.com.br\\\/?p=21210#primaryimage\"},\"thumbnailUrl\":\"http:\\\/\\\/inclusivenews.com.br\\\/wp-content\\\/uploads\\\/adelia-300x197.jpg\",\"articleSection\":[\"ACESSIBILIDADE\",\"Cultura\",\"Defici\u00eancia\",\"INCLUS\u00c3O SOCIAL\",\"Lan\u00e7amentos\",\"Livros\",\"PUBLICA\u00c7\u00d5ES\"],\"inLanguage\":\"pt-PT\",\"potentialAction\":[{\"@type\":\"CommentAction\",\"name\":\"Comment\",\"target\":[\"https:\\\/\\\/inclusivenews.com.br\\\/?p=21210#respond\"]}]},{\"@type\":\"WebPage\",\"@id\":\"https:\\\/\\\/inclusivenews.com.br\\\/?p=21210\",\"url\":\"https:\\\/\\\/inclusivenews.com.br\\\/?p=21210\",\"name\":\"Livro que usa m\u00e9todo in\u00e9dito de impress\u00e3o em Braille, Ad\u00e9lia Esquecida chega \u00e0s livrarias em outubro -\",\"isPartOf\":{\"@id\":\"https:\\\/\\\/inclusivenews.com.br\\\/#website\"},\"primaryImageOfPage\":{\"@id\":\"https:\\\/\\\/inclusivenews.com.br\\\/?p=21210#primaryimage\"},\"image\":{\"@id\":\"https:\\\/\\\/inclusivenews.com.br\\\/?p=21210#primaryimage\"},\"thumbnailUrl\":\"http:\\\/\\\/inclusivenews.com.br\\\/wp-content\\\/uploads\\\/adelia-300x197.jpg\",\"datePublished\":\"2011-10-06T05:34:49+00:00\",\"breadcrumb\":{\"@id\":\"https:\\\/\\\/inclusivenews.com.br\\\/?p=21210#breadcrumb\"},\"inLanguage\":\"pt-PT\",\"potentialAction\":[{\"@type\":\"ReadAction\",\"target\":[\"https:\\\/\\\/inclusivenews.com.br\\\/?p=21210\"]}]},{\"@type\":\"ImageObject\",\"inLanguage\":\"pt-PT\",\"@id\":\"https:\\\/\\\/inclusivenews.com.br\\\/?p=21210#primaryimage\",\"url\":\"\",\"contentUrl\":\"\"},{\"@type\":\"BreadcrumbList\",\"@id\":\"https:\\\/\\\/inclusivenews.com.br\\\/?p=21210#breadcrumb\",\"itemListElement\":[{\"@type\":\"ListItem\",\"position\":1,\"name\":\"In\u00edcio\",\"item\":\"https:\\\/\\\/inclusivenews.com.br\\\/\"},{\"@type\":\"ListItem\",\"position\":2,\"name\":\"Livro que usa m\u00e9todo in\u00e9dito de impress\u00e3o em Braille, Ad\u00e9lia Esquecida chega \u00e0s livrarias em outubro\"}]},{\"@type\":\"WebSite\",\"@id\":\"https:\\\/\\\/inclusivenews.com.br\\\/#website\",\"url\":\"https:\\\/\\\/inclusivenews.com.br\\\/\",\"name\":\"Inclusive News\",\"description\":\"Inclusive News\",\"publisher\":{\"@id\":\"https:\\\/\\\/inclusivenews.com.br\\\/#organization\"},\"potentialAction\":[{\"@type\":\"SearchAction\",\"target\":{\"@type\":\"EntryPoint\",\"urlTemplate\":\"https:\\\/\\\/inclusivenews.com.br\\\/?s={search_term_string}\"},\"query-input\":{\"@type\":\"PropertyValueSpecification\",\"valueRequired\":true,\"valueName\":\"search_term_string\"}}],\"inLanguage\":\"pt-PT\"},{\"@type\":\"Organization\",\"@id\":\"https:\\\/\\\/inclusivenews.com.br\\\/#organization\",\"name\":\"Inclusive - inclus\u00e3o e cidadania\",\"url\":\"https:\\\/\\\/inclusivenews.com.br\\\/\",\"logo\":{\"@type\":\"ImageObject\",\"inLanguage\":\"pt-PT\",\"@id\":\"https:\\\/\\\/inclusivenews.com.br\\\/#\\\/schema\\\/logo\\\/image\\\/\",\"url\":\"https:\\\/\\\/inclusivenews.com.br\\\/wp-content\\\/uploads\\\/2024\\\/03\\\/@grandesite.png\",\"contentUrl\":\"https:\\\/\\\/inclusivenews.com.br\\\/wp-content\\\/uploads\\\/2024\\\/03\\\/@grandesite.png\",\"width\":1080,\"height\":1080,\"caption\":\"Inclusive - inclus\u00e3o e cidadania\"},\"image\":{\"@id\":\"https:\\\/\\\/inclusivenews.com.br\\\/#\\\/schema\\\/logo\\\/image\\\/\"},\"sameAs\":[\"https:\\\/\\\/www.facebook.com\\\/agenciainclusive\\\/\",\"https:\\\/\\\/www.instagram.com\\\/newsinclusive\\\/\"]},{\"@type\":\"Person\",\"@id\":\"https:\\\/\\\/inclusivenews.com.br\\\/#\\\/schema\\\/person\\\/ae4ec7087559b8692fb33b6fffd2273b\",\"name\":\"inclusivenews2024\",\"image\":{\"@type\":\"ImageObject\",\"inLanguage\":\"pt-PT\",\"@id\":\"https:\\\/\\\/secure.gravatar.com\\\/avatar\\\/c5a7ef84c66fa914f55bc4f7ce26cfa275a3b9a1c5568b907bd184fb4dde7b40?s=96&d=mm&r=g\",\"url\":\"https:\\\/\\\/secure.gravatar.com\\\/avatar\\\/c5a7ef84c66fa914f55bc4f7ce26cfa275a3b9a1c5568b907bd184fb4dde7b40?s=96&d=mm&r=g\",\"contentUrl\":\"https:\\\/\\\/secure.gravatar.com\\\/avatar\\\/c5a7ef84c66fa914f55bc4f7ce26cfa275a3b9a1c5568b907bd184fb4dde7b40?s=96&d=mm&r=g\",\"caption\":\"inclusivenews2024\"},\"sameAs\":[\"https:\\\/\\\/inclusivenews.com.br\"],\"url\":\"https:\\\/\\\/inclusivenews.com.br\\\/?author=1\"}]}<\/script>\n<!-- \/ Yoast SEO plugin. -->","yoast_head_json":{"title":"Livro que usa m\u00e9todo in\u00e9dito de impress\u00e3o em Braille, Ad\u00e9lia Esquecida chega \u00e0s livrarias em outubro -","robots":{"index":"index","follow":"follow","max-snippet":"max-snippet:-1","max-image-preview":"max-image-preview:large","max-video-preview":"max-video-preview:-1"},"canonical":"https:\/\/inclusivenews.com.br\/?p=21210","og_locale":"pt_PT","og_type":"article","og_title":"Livro que usa m\u00e9todo in\u00e9dito de impress\u00e3o em Braille, Ad\u00e9lia Esquecida chega \u00e0s livrarias em outubro -","og_description":"O m\u00e9todo \u00e9 o primeiro a permitir que uma publica\u00e7\u00e3o possa, com alta qualidade de legibilidade, ser lido e manuseado por pessoas com e sem defici\u00eancia ao mesmo tempo.","og_url":"https:\/\/inclusivenews.com.br\/?p=21210","article_publisher":"https:\/\/www.facebook.com\/agenciainclusive\/","article_published_time":"2011-10-06T05:34:49+00:00","og_image":[{"url":"http:\/\/inclusivenews.com.br\/wp-content\/uploads\/adelia-300x197.jpg","type":"","width":"","height":""}],"author":"inclusivenews2024","twitter_card":"summary_large_image","twitter_misc":{"Escrito por":"inclusivenews2024","Tempo estimado de leitura":"6 minutos"},"schema":{"@context":"https:\/\/schema.org","@graph":[{"@type":"Article","@id":"https:\/\/inclusivenews.com.br\/?p=21210#article","isPartOf":{"@id":"https:\/\/inclusivenews.com.br\/?p=21210"},"author":{"name":"inclusivenews2024","@id":"https:\/\/inclusivenews.com.br\/#\/schema\/person\/ae4ec7087559b8692fb33b6fffd2273b"},"headline":"Livro que usa m\u00e9todo in\u00e9dito de impress\u00e3o em Braille, Ad\u00e9lia Esquecida chega \u00e0s livrarias em outubro","datePublished":"2011-10-06T05:34:49+00:00","mainEntityOfPage":{"@id":"https:\/\/inclusivenews.com.br\/?p=21210"},"wordCount":1140,"commentCount":2,"publisher":{"@id":"https:\/\/inclusivenews.com.br\/#organization"},"image":{"@id":"https:\/\/inclusivenews.com.br\/?p=21210#primaryimage"},"thumbnailUrl":"http:\/\/inclusivenews.com.br\/wp-content\/uploads\/adelia-300x197.jpg","articleSection":["ACESSIBILIDADE","Cultura","Defici\u00eancia","INCLUS\u00c3O SOCIAL","Lan\u00e7amentos","Livros","PUBLICA\u00c7\u00d5ES"],"inLanguage":"pt-PT","potentialAction":[{"@type":"CommentAction","name":"Comment","target":["https:\/\/inclusivenews.com.br\/?p=21210#respond"]}]},{"@type":"WebPage","@id":"https:\/\/inclusivenews.com.br\/?p=21210","url":"https:\/\/inclusivenews.com.br\/?p=21210","name":"Livro que usa m\u00e9todo in\u00e9dito de impress\u00e3o em Braille, Ad\u00e9lia Esquecida chega \u00e0s livrarias em outubro -","isPartOf":{"@id":"https:\/\/inclusivenews.com.br\/#website"},"primaryImageOfPage":{"@id":"https:\/\/inclusivenews.com.br\/?p=21210#primaryimage"},"image":{"@id":"https:\/\/inclusivenews.com.br\/?p=21210#primaryimage"},"thumbnailUrl":"http:\/\/inclusivenews.com.br\/wp-content\/uploads\/adelia-300x197.jpg","datePublished":"2011-10-06T05:34:49+00:00","breadcrumb":{"@id":"https:\/\/inclusivenews.com.br\/?p=21210#breadcrumb"},"inLanguage":"pt-PT","potentialAction":[{"@type":"ReadAction","target":["https:\/\/inclusivenews.com.br\/?p=21210"]}]},{"@type":"ImageObject","inLanguage":"pt-PT","@id":"https:\/\/inclusivenews.com.br\/?p=21210#primaryimage","url":"","contentUrl":""},{"@type":"BreadcrumbList","@id":"https:\/\/inclusivenews.com.br\/?p=21210#breadcrumb","itemListElement":[{"@type":"ListItem","position":1,"name":"In\u00edcio","item":"https:\/\/inclusivenews.com.br\/"},{"@type":"ListItem","position":2,"name":"Livro que usa m\u00e9todo in\u00e9dito de impress\u00e3o em Braille, Ad\u00e9lia Esquecida chega \u00e0s livrarias em outubro"}]},{"@type":"WebSite","@id":"https:\/\/inclusivenews.com.br\/#website","url":"https:\/\/inclusivenews.com.br\/","name":"Inclusive News","description":"Inclusive News","publisher":{"@id":"https:\/\/inclusivenews.com.br\/#organization"},"potentialAction":[{"@type":"SearchAction","target":{"@type":"EntryPoint","urlTemplate":"https:\/\/inclusivenews.com.br\/?s={search_term_string}"},"query-input":{"@type":"PropertyValueSpecification","valueRequired":true,"valueName":"search_term_string"}}],"inLanguage":"pt-PT"},{"@type":"Organization","@id":"https:\/\/inclusivenews.com.br\/#organization","name":"Inclusive - inclus\u00e3o e cidadania","url":"https:\/\/inclusivenews.com.br\/","logo":{"@type":"ImageObject","inLanguage":"pt-PT","@id":"https:\/\/inclusivenews.com.br\/#\/schema\/logo\/image\/","url":"https:\/\/inclusivenews.com.br\/wp-content\/uploads\/2024\/03\/@grandesite.png","contentUrl":"https:\/\/inclusivenews.com.br\/wp-content\/uploads\/2024\/03\/@grandesite.png","width":1080,"height":1080,"caption":"Inclusive - inclus\u00e3o e cidadania"},"image":{"@id":"https:\/\/inclusivenews.com.br\/#\/schema\/logo\/image\/"},"sameAs":["https:\/\/www.facebook.com\/agenciainclusive\/","https:\/\/www.instagram.com\/newsinclusive\/"]},{"@type":"Person","@id":"https:\/\/inclusivenews.com.br\/#\/schema\/person\/ae4ec7087559b8692fb33b6fffd2273b","name":"inclusivenews2024","image":{"@type":"ImageObject","inLanguage":"pt-PT","@id":"https:\/\/secure.gravatar.com\/avatar\/c5a7ef84c66fa914f55bc4f7ce26cfa275a3b9a1c5568b907bd184fb4dde7b40?s=96&d=mm&r=g","url":"https:\/\/secure.gravatar.com\/avatar\/c5a7ef84c66fa914f55bc4f7ce26cfa275a3b9a1c5568b907bd184fb4dde7b40?s=96&d=mm&r=g","contentUrl":"https:\/\/secure.gravatar.com\/avatar\/c5a7ef84c66fa914f55bc4f7ce26cfa275a3b9a1c5568b907bd184fb4dde7b40?s=96&d=mm&r=g","caption":"inclusivenews2024"},"sameAs":["https:\/\/inclusivenews.com.br"],"url":"https:\/\/inclusivenews.com.br\/?author=1"}]}},"_links":{"self":[{"href":"https:\/\/inclusivenews.com.br\/index.php?rest_route=\/wp\/v2\/posts\/21210","targetHints":{"allow":["GET"]}}],"collection":[{"href":"https:\/\/inclusivenews.com.br\/index.php?rest_route=\/wp\/v2\/posts"}],"about":[{"href":"https:\/\/inclusivenews.com.br\/index.php?rest_route=\/wp\/v2\/types\/post"}],"author":[{"embeddable":true,"href":"https:\/\/inclusivenews.com.br\/index.php?rest_route=\/wp\/v2\/users\/1"}],"replies":[{"embeddable":true,"href":"https:\/\/inclusivenews.com.br\/index.php?rest_route=%2Fwp%2Fv2%2Fcomments&post=21210"}],"version-history":[{"count":0,"href":"https:\/\/inclusivenews.com.br\/index.php?rest_route=\/wp\/v2\/posts\/21210\/revisions"}],"wp:attachment":[{"href":"https:\/\/inclusivenews.com.br\/index.php?rest_route=%2Fwp%2Fv2%2Fmedia&parent=21210"}],"wp:term":[{"taxonomy":"category","embeddable":true,"href":"https:\/\/inclusivenews.com.br\/index.php?rest_route=%2Fwp%2Fv2%2Fcategories&post=21210"},{"taxonomy":"post_tag","embeddable":true,"href":"https:\/\/inclusivenews.com.br\/index.php?rest_route=%2Fwp%2Fv2%2Ftags&post=21210"}],"curies":[{"name":"wp","href":"https:\/\/api.w.org\/{rel}","templated":true}]}}