{"id":21229,"date":"2011-10-06T02:32:55","date_gmt":"2011-10-06T05:32:55","guid":{"rendered":"http:\/\/www.inclusive.org.br\/?p=21229"},"modified":"2011-10-06T02:32:55","modified_gmt":"2011-10-06T05:32:55","slug":"defensores-de-direitos-humanos-sao-ameacados-de-morte-ha-mais-de-dez-anos-em-goias","status":"publish","type":"post","link":"https:\/\/inclusivenews.com.br\/?p=21229","title":{"rendered":"Defensores de direitos humanos s\u00e3o amea\u00e7ados de morte h\u00e1 mais de dez anos em Goi\u00e1s"},"content":{"rendered":"<div id=\"outerColumn\">\n<div id=\"innerColumn\">\n<div id=\"soContainer\">\n<div id=\"content\">\n<div class=\"inside\"><!--\n\n\n<div class=\"breadcrumb\"><a href=\"\/\" mce_href=\"\/\">In&iacute;cio<\/a><\/div>\n\n\n--><\/p>\n<figure style=\"width: 225px\" class=\"wp-caption alignleft\"><a href=\" \"><img loading=\"lazy\" decoding=\"async\" title=\"Goi\u00e1s em destaque no mapa do Brasil\" src=\"http:\/\/upload.wikimedia.org\/wikipedia\/commons\/thumb\/e\/e4\/Brazil_State_Goias.svg\/250px-Brazil_State_Goias.svg.png\" alt=\"\" width=\"225\" height=\"221\" \/><\/a><figcaption class=\"wp-caption-text\"> <\/figcaption><\/figure>\n<p><strong>Por Daniella Jinkings<br \/>\nda Ag\u00eancia Brasil<\/strong><\/p>\n<p>H\u00e1 mais de dez anos, defensores de direitos humanos de Goi\u00e1s sofrem amea\u00e7as de morte por integrantes de grupos de exterm\u00ednio. Mas as amea\u00e7as foram intensificadas ap\u00f3s a Opera\u00e7\u00e3o Sexto Mandamento da Pol\u00edcia Federal (PF) que desarticulou uma organiza\u00e7\u00e3o criminosa composta por policiais militares em fevereiro. Para avaliar a situa\u00e7\u00e3o do estado e cobrar provid\u00eancias do governo estadual, a Comiss\u00e3o de Direitos Humanos da C\u00e2mara dos Deputados fez hoje (26) uma audi\u00eancia p\u00fablica.<\/p>\n<p>A comiss\u00e3o ouviu depoimentos de militantes amea\u00e7ados, como o diretor da Casa da Juventude, padre Geraldo Labarr\u00e9re. Ele, que faz trabalhos com crian\u00e7as e adolescentes de baixa renda, ter\u00e1 de deixar Goi\u00e2nia ap\u00f3s v\u00e1rias amea\u00e7as de morte. Segundo o padre, a raiz desse tipo de viol\u00eancia feita pelos grupos de exterm\u00ednio \u00e9 cultural. \u201cH\u00e1 a cultura de que pobres e negros n\u00e3o s\u00e3o gente. \u00c9 muito dif\u00edcil a pol\u00edcia reagir. Ou a gente fala que n\u00e3o pode matar, ou ent\u00e3o n\u00e3o h\u00e1 sa\u00edda.\u201d<\/p>\n<p>A comiss\u00e3o discutiu, al\u00e9m das provid\u00eancias para garantir a integridade f\u00edsica do religioso, a continuidade de inqu\u00e9ritos e processos judiciais contra policiais envolvidos em grupos de exterm\u00ednio, desaparecimento for\u00e7ado, amea\u00e7as e outras viola\u00e7\u00f5es de direitos humanos. Outro ponto tratado, foi a federaliza\u00e7\u00e3o do caso e a cria\u00e7\u00e3o da Defensoria P\u00fablica Estadual. \u201cA federaliza\u00e7\u00e3o \u00e9 um dos elementos que ajudariam e dariam maior liberdade de investiga\u00e7\u00e3o\u201d, disse o padre Geraldo.<\/p>\n<p>A Opera\u00e7\u00e3o Sexto Mandamento prendeu 19 policiais envolvidos em homic\u00eddio de crian\u00e7as, adolescentes e mulheres. Eles s\u00e3o acusados de amea\u00e7as, extors\u00f5es e execu\u00e7\u00f5es de pessoas que vivem na periferia de Goi\u00e2nia e cidades pr\u00f3ximas.<\/p>\n<p>De acordo com a coordenadora da Comiss\u00e3o de Defesa da Cidadania do Estado de Goi\u00e1s, Adriana Accorsi, exitem cerca de 50 casos de desaparecimentos que ainda est\u00e3o sendo investigados. Ela acredita que a situa\u00e7\u00e3o piorou com a opera\u00e7\u00e3o da PF. \u201cSe, por um lado, temos pris\u00f5es efetuadas e investiga\u00e7\u00f5es em andamentos, por outro, temos o exacerbamento do sentimento dos policiais e dos simpatizantes da cultura de viol\u00eancia policial contra aqueles, para eles, motivaram a opera\u00e7\u00e3o\u201d.<\/p>\n<p>A comiss\u00e3o da C\u00e2mara deve propor ao governo de Goi\u00e1s a ado\u00e7\u00e3o de medidas estruturais contra a impunidade nos crimes de exterm\u00ednio, al\u00e9m de a\u00e7\u00f5es de educa\u00e7\u00e3o e cultura em direitos humanos na forma\u00e7\u00e3o dos agentes p\u00fablicos de seguran\u00e7a p\u00fablica.<\/p>\n<p>Fonte: <a href=\"http:\/\/agenciabrasil.ebc.com.br\/noticia\/2011-09-26\/defensores-de-direitos-humanos-sao-ameacados-de-morte-ha-mais-de-dez-anos-em-goias\">Ag\u00eancia Brasil<\/a><\/p>\n<\/div>\n<\/div>\n<\/div>\n<\/div>\n<\/div>\n","protected":false},"excerpt":{"rendered":"<p>A comiss\u00e3o ouviu depoimentos de militantes amea\u00e7ados, como o diretor da Casa da Juventude, padre Geraldo Labarr\u00e9re. Ele, que faz trabalhos com crian\u00e7as e adolescentes de baixa renda, ter\u00e1 de deixar Goi\u00e2nia ap\u00f3s v\u00e1rias amea\u00e7as de morte. Na Ag\u00eancia Brasil.<\/p>\n","protected":false},"author":1,"featured_media":0,"comment_status":"open","ping_status":"open","sticky":false,"template":"","format":"standard","meta":{"site-container-style":"default","site-container-layout":"default","site-sidebar-layout":"default","disable-article-header":"default","disable-site-header":"default","disable-site-footer":"default","disable-content-area-spacing":"default","footnotes":""},"categories":[11,4],"tags":[],"class_list":["post-21229","post","type-post","status-publish","format-standard","hentry","category-direitos-humanos","category-noticias"],"yoast_head":"<!-- This site is optimized with the Yoast SEO plugin v27.5 - https:\/\/yoast.com\/product\/yoast-seo-wordpress\/ -->\n<title>Defensores de direitos humanos s\u00e3o amea\u00e7ados de morte h\u00e1 mais de dez anos em Goi\u00e1s -<\/title>\n<meta name=\"robots\" content=\"index, follow, max-snippet:-1, max-image-preview:large, max-video-preview:-1\" \/>\n<link rel=\"canonical\" href=\"https:\/\/inclusivenews.com.br\/?p=21229\" \/>\n<meta property=\"og:locale\" content=\"pt_PT\" \/>\n<meta property=\"og:type\" content=\"article\" \/>\n<meta property=\"og:title\" content=\"Defensores de direitos humanos s\u00e3o amea\u00e7ados de morte h\u00e1 mais de dez anos em Goi\u00e1s -\" \/>\n<meta property=\"og:description\" content=\"A comiss\u00e3o ouviu depoimentos de militantes amea\u00e7ados, como o diretor da Casa da Juventude, padre Geraldo Labarr\u00e9re. Ele, que faz trabalhos com crian\u00e7as e adolescentes de baixa renda, ter\u00e1 de deixar Goi\u00e2nia ap\u00f3s v\u00e1rias amea\u00e7as de morte. Na Ag\u00eancia Brasil.\" \/>\n<meta property=\"og:url\" content=\"https:\/\/inclusivenews.com.br\/?p=21229\" \/>\n<meta property=\"article:publisher\" content=\"https:\/\/www.facebook.com\/agenciainclusive\/\" \/>\n<meta property=\"article:published_time\" content=\"2011-10-06T05:32:55+00:00\" \/>\n<meta property=\"og:image\" content=\"http:\/\/upload.wikimedia.org\/wikipedia\/commons\/thumb\/e\/e4\/Brazil_State_Goias.svg\/250px-Brazil_State_Goias.svg.png\" \/>\n<meta name=\"author\" content=\"inclusivenews2024\" \/>\n<meta name=\"twitter:card\" content=\"summary_large_image\" \/>\n<meta name=\"twitter:label1\" content=\"Escrito por\" \/>\n\t<meta name=\"twitter:data1\" content=\"inclusivenews2024\" \/>\n\t<meta name=\"twitter:label2\" content=\"Tempo estimado de leitura\" \/>\n\t<meta name=\"twitter:data2\" content=\"2 minutos\" \/>\n<script type=\"application\/ld+json\" class=\"yoast-schema-graph\">{\"@context\":\"https:\\\/\\\/schema.org\",\"@graph\":[{\"@type\":\"Article\",\"@id\":\"https:\\\/\\\/inclusivenews.com.br\\\/?p=21229#article\",\"isPartOf\":{\"@id\":\"https:\\\/\\\/inclusivenews.com.br\\\/?p=21229\"},\"author\":{\"name\":\"inclusivenews2024\",\"@id\":\"https:\\\/\\\/inclusivenews.com.br\\\/#\\\/schema\\\/person\\\/ae4ec7087559b8692fb33b6fffd2273b\"},\"headline\":\"Defensores de direitos humanos s\u00e3o amea\u00e7ados de morte h\u00e1 mais de dez anos em Goi\u00e1s\",\"datePublished\":\"2011-10-06T05:32:55+00:00\",\"mainEntityOfPage\":{\"@id\":\"https:\\\/\\\/inclusivenews.com.br\\\/?p=21229\"},\"wordCount\":480,\"commentCount\":2,\"publisher\":{\"@id\":\"https:\\\/\\\/inclusivenews.com.br\\\/#organization\"},\"image\":{\"@id\":\"https:\\\/\\\/inclusivenews.com.br\\\/?p=21229#primaryimage\"},\"thumbnailUrl\":\"http:\\\/\\\/upload.wikimedia.org\\\/wikipedia\\\/commons\\\/thumb\\\/e\\\/e4\\\/Brazil_State_Goias.svg\\\/250px-Brazil_State_Goias.svg.png\",\"articleSection\":[\"DIREITOS HUMANOS\",\"NOT\u00cdCIAS\"],\"inLanguage\":\"pt-PT\",\"potentialAction\":[{\"@type\":\"CommentAction\",\"name\":\"Comment\",\"target\":[\"https:\\\/\\\/inclusivenews.com.br\\\/?p=21229#respond\"]}]},{\"@type\":\"WebPage\",\"@id\":\"https:\\\/\\\/inclusivenews.com.br\\\/?p=21229\",\"url\":\"https:\\\/\\\/inclusivenews.com.br\\\/?p=21229\",\"name\":\"Defensores de direitos humanos s\u00e3o amea\u00e7ados de morte h\u00e1 mais de dez anos em Goi\u00e1s -\",\"isPartOf\":{\"@id\":\"https:\\\/\\\/inclusivenews.com.br\\\/#website\"},\"primaryImageOfPage\":{\"@id\":\"https:\\\/\\\/inclusivenews.com.br\\\/?p=21229#primaryimage\"},\"image\":{\"@id\":\"https:\\\/\\\/inclusivenews.com.br\\\/?p=21229#primaryimage\"},\"thumbnailUrl\":\"http:\\\/\\\/upload.wikimedia.org\\\/wikipedia\\\/commons\\\/thumb\\\/e\\\/e4\\\/Brazil_State_Goias.svg\\\/250px-Brazil_State_Goias.svg.png\",\"datePublished\":\"2011-10-06T05:32:55+00:00\",\"breadcrumb\":{\"@id\":\"https:\\\/\\\/inclusivenews.com.br\\\/?p=21229#breadcrumb\"},\"inLanguage\":\"pt-PT\",\"potentialAction\":[{\"@type\":\"ReadAction\",\"target\":[\"https:\\\/\\\/inclusivenews.com.br\\\/?p=21229\"]}]},{\"@type\":\"ImageObject\",\"inLanguage\":\"pt-PT\",\"@id\":\"https:\\\/\\\/inclusivenews.com.br\\\/?p=21229#primaryimage\",\"url\":\"http:\\\/\\\/upload.wikimedia.org\\\/wikipedia\\\/commons\\\/thumb\\\/e\\\/e4\\\/Brazil_State_Goias.svg\\\/250px-Brazil_State_Goias.svg.png\",\"contentUrl\":\"http:\\\/\\\/upload.wikimedia.org\\\/wikipedia\\\/commons\\\/thumb\\\/e\\\/e4\\\/Brazil_State_Goias.svg\\\/250px-Brazil_State_Goias.svg.png\"},{\"@type\":\"BreadcrumbList\",\"@id\":\"https:\\\/\\\/inclusivenews.com.br\\\/?p=21229#breadcrumb\",\"itemListElement\":[{\"@type\":\"ListItem\",\"position\":1,\"name\":\"In\u00edcio\",\"item\":\"https:\\\/\\\/inclusivenews.com.br\\\/\"},{\"@type\":\"ListItem\",\"position\":2,\"name\":\"Defensores de direitos humanos s\u00e3o amea\u00e7ados de morte h\u00e1 mais de dez anos em Goi\u00e1s\"}]},{\"@type\":\"WebSite\",\"@id\":\"https:\\\/\\\/inclusivenews.com.br\\\/#website\",\"url\":\"https:\\\/\\\/inclusivenews.com.br\\\/\",\"name\":\"Inclusive News\",\"description\":\"Inclusive News\",\"publisher\":{\"@id\":\"https:\\\/\\\/inclusivenews.com.br\\\/#organization\"},\"potentialAction\":[{\"@type\":\"SearchAction\",\"target\":{\"@type\":\"EntryPoint\",\"urlTemplate\":\"https:\\\/\\\/inclusivenews.com.br\\\/?s={search_term_string}\"},\"query-input\":{\"@type\":\"PropertyValueSpecification\",\"valueRequired\":true,\"valueName\":\"search_term_string\"}}],\"inLanguage\":\"pt-PT\"},{\"@type\":\"Organization\",\"@id\":\"https:\\\/\\\/inclusivenews.com.br\\\/#organization\",\"name\":\"Inclusive - inclus\u00e3o e cidadania\",\"url\":\"https:\\\/\\\/inclusivenews.com.br\\\/\",\"logo\":{\"@type\":\"ImageObject\",\"inLanguage\":\"pt-PT\",\"@id\":\"https:\\\/\\\/inclusivenews.com.br\\\/#\\\/schema\\\/logo\\\/image\\\/\",\"url\":\"https:\\\/\\\/inclusivenews.com.br\\\/wp-content\\\/uploads\\\/2024\\\/03\\\/@grandesite.png\",\"contentUrl\":\"https:\\\/\\\/inclusivenews.com.br\\\/wp-content\\\/uploads\\\/2024\\\/03\\\/@grandesite.png\",\"width\":1080,\"height\":1080,\"caption\":\"Inclusive - inclus\u00e3o e cidadania\"},\"image\":{\"@id\":\"https:\\\/\\\/inclusivenews.com.br\\\/#\\\/schema\\\/logo\\\/image\\\/\"},\"sameAs\":[\"https:\\\/\\\/www.facebook.com\\\/agenciainclusive\\\/\",\"https:\\\/\\\/www.instagram.com\\\/newsinclusive\\\/\"]},{\"@type\":\"Person\",\"@id\":\"https:\\\/\\\/inclusivenews.com.br\\\/#\\\/schema\\\/person\\\/ae4ec7087559b8692fb33b6fffd2273b\",\"name\":\"inclusivenews2024\",\"image\":{\"@type\":\"ImageObject\",\"inLanguage\":\"pt-PT\",\"@id\":\"https:\\\/\\\/secure.gravatar.com\\\/avatar\\\/c5a7ef84c66fa914f55bc4f7ce26cfa275a3b9a1c5568b907bd184fb4dde7b40?s=96&d=mm&r=g\",\"url\":\"https:\\\/\\\/secure.gravatar.com\\\/avatar\\\/c5a7ef84c66fa914f55bc4f7ce26cfa275a3b9a1c5568b907bd184fb4dde7b40?s=96&d=mm&r=g\",\"contentUrl\":\"https:\\\/\\\/secure.gravatar.com\\\/avatar\\\/c5a7ef84c66fa914f55bc4f7ce26cfa275a3b9a1c5568b907bd184fb4dde7b40?s=96&d=mm&r=g\",\"caption\":\"inclusivenews2024\"},\"sameAs\":[\"https:\\\/\\\/inclusivenews.com.br\"],\"url\":\"https:\\\/\\\/inclusivenews.com.br\\\/?author=1\"}]}<\/script>\n<!-- \/ Yoast SEO plugin. -->","yoast_head_json":{"title":"Defensores de direitos humanos s\u00e3o amea\u00e7ados de morte h\u00e1 mais de dez anos em Goi\u00e1s -","robots":{"index":"index","follow":"follow","max-snippet":"max-snippet:-1","max-image-preview":"max-image-preview:large","max-video-preview":"max-video-preview:-1"},"canonical":"https:\/\/inclusivenews.com.br\/?p=21229","og_locale":"pt_PT","og_type":"article","og_title":"Defensores de direitos humanos s\u00e3o amea\u00e7ados de morte h\u00e1 mais de dez anos em Goi\u00e1s -","og_description":"A comiss\u00e3o ouviu depoimentos de militantes amea\u00e7ados, como o diretor da Casa da Juventude, padre Geraldo Labarr\u00e9re. Ele, que faz trabalhos com crian\u00e7as e adolescentes de baixa renda, ter\u00e1 de deixar Goi\u00e2nia ap\u00f3s v\u00e1rias amea\u00e7as de morte. Na Ag\u00eancia Brasil.","og_url":"https:\/\/inclusivenews.com.br\/?p=21229","article_publisher":"https:\/\/www.facebook.com\/agenciainclusive\/","article_published_time":"2011-10-06T05:32:55+00:00","og_image":[{"url":"http:\/\/upload.wikimedia.org\/wikipedia\/commons\/thumb\/e\/e4\/Brazil_State_Goias.svg\/250px-Brazil_State_Goias.svg.png","type":"","width":"","height":""}],"author":"inclusivenews2024","twitter_card":"summary_large_image","twitter_misc":{"Escrito por":"inclusivenews2024","Tempo estimado de leitura":"2 minutos"},"schema":{"@context":"https:\/\/schema.org","@graph":[{"@type":"Article","@id":"https:\/\/inclusivenews.com.br\/?p=21229#article","isPartOf":{"@id":"https:\/\/inclusivenews.com.br\/?p=21229"},"author":{"name":"inclusivenews2024","@id":"https:\/\/inclusivenews.com.br\/#\/schema\/person\/ae4ec7087559b8692fb33b6fffd2273b"},"headline":"Defensores de direitos humanos s\u00e3o amea\u00e7ados de morte h\u00e1 mais de dez anos em Goi\u00e1s","datePublished":"2011-10-06T05:32:55+00:00","mainEntityOfPage":{"@id":"https:\/\/inclusivenews.com.br\/?p=21229"},"wordCount":480,"commentCount":2,"publisher":{"@id":"https:\/\/inclusivenews.com.br\/#organization"},"image":{"@id":"https:\/\/inclusivenews.com.br\/?p=21229#primaryimage"},"thumbnailUrl":"http:\/\/upload.wikimedia.org\/wikipedia\/commons\/thumb\/e\/e4\/Brazil_State_Goias.svg\/250px-Brazil_State_Goias.svg.png","articleSection":["DIREITOS HUMANOS","NOT\u00cdCIAS"],"inLanguage":"pt-PT","potentialAction":[{"@type":"CommentAction","name":"Comment","target":["https:\/\/inclusivenews.com.br\/?p=21229#respond"]}]},{"@type":"WebPage","@id":"https:\/\/inclusivenews.com.br\/?p=21229","url":"https:\/\/inclusivenews.com.br\/?p=21229","name":"Defensores de direitos humanos s\u00e3o amea\u00e7ados de morte h\u00e1 mais de dez anos em Goi\u00e1s -","isPartOf":{"@id":"https:\/\/inclusivenews.com.br\/#website"},"primaryImageOfPage":{"@id":"https:\/\/inclusivenews.com.br\/?p=21229#primaryimage"},"image":{"@id":"https:\/\/inclusivenews.com.br\/?p=21229#primaryimage"},"thumbnailUrl":"http:\/\/upload.wikimedia.org\/wikipedia\/commons\/thumb\/e\/e4\/Brazil_State_Goias.svg\/250px-Brazil_State_Goias.svg.png","datePublished":"2011-10-06T05:32:55+00:00","breadcrumb":{"@id":"https:\/\/inclusivenews.com.br\/?p=21229#breadcrumb"},"inLanguage":"pt-PT","potentialAction":[{"@type":"ReadAction","target":["https:\/\/inclusivenews.com.br\/?p=21229"]}]},{"@type":"ImageObject","inLanguage":"pt-PT","@id":"https:\/\/inclusivenews.com.br\/?p=21229#primaryimage","url":"http:\/\/upload.wikimedia.org\/wikipedia\/commons\/thumb\/e\/e4\/Brazil_State_Goias.svg\/250px-Brazil_State_Goias.svg.png","contentUrl":"http:\/\/upload.wikimedia.org\/wikipedia\/commons\/thumb\/e\/e4\/Brazil_State_Goias.svg\/250px-Brazil_State_Goias.svg.png"},{"@type":"BreadcrumbList","@id":"https:\/\/inclusivenews.com.br\/?p=21229#breadcrumb","itemListElement":[{"@type":"ListItem","position":1,"name":"In\u00edcio","item":"https:\/\/inclusivenews.com.br\/"},{"@type":"ListItem","position":2,"name":"Defensores de direitos humanos s\u00e3o amea\u00e7ados de morte h\u00e1 mais de dez anos em Goi\u00e1s"}]},{"@type":"WebSite","@id":"https:\/\/inclusivenews.com.br\/#website","url":"https:\/\/inclusivenews.com.br\/","name":"Inclusive News","description":"Inclusive News","publisher":{"@id":"https:\/\/inclusivenews.com.br\/#organization"},"potentialAction":[{"@type":"SearchAction","target":{"@type":"EntryPoint","urlTemplate":"https:\/\/inclusivenews.com.br\/?s={search_term_string}"},"query-input":{"@type":"PropertyValueSpecification","valueRequired":true,"valueName":"search_term_string"}}],"inLanguage":"pt-PT"},{"@type":"Organization","@id":"https:\/\/inclusivenews.com.br\/#organization","name":"Inclusive - inclus\u00e3o e cidadania","url":"https:\/\/inclusivenews.com.br\/","logo":{"@type":"ImageObject","inLanguage":"pt-PT","@id":"https:\/\/inclusivenews.com.br\/#\/schema\/logo\/image\/","url":"https:\/\/inclusivenews.com.br\/wp-content\/uploads\/2024\/03\/@grandesite.png","contentUrl":"https:\/\/inclusivenews.com.br\/wp-content\/uploads\/2024\/03\/@grandesite.png","width":1080,"height":1080,"caption":"Inclusive - inclus\u00e3o e cidadania"},"image":{"@id":"https:\/\/inclusivenews.com.br\/#\/schema\/logo\/image\/"},"sameAs":["https:\/\/www.facebook.com\/agenciainclusive\/","https:\/\/www.instagram.com\/newsinclusive\/"]},{"@type":"Person","@id":"https:\/\/inclusivenews.com.br\/#\/schema\/person\/ae4ec7087559b8692fb33b6fffd2273b","name":"inclusivenews2024","image":{"@type":"ImageObject","inLanguage":"pt-PT","@id":"https:\/\/secure.gravatar.com\/avatar\/c5a7ef84c66fa914f55bc4f7ce26cfa275a3b9a1c5568b907bd184fb4dde7b40?s=96&d=mm&r=g","url":"https:\/\/secure.gravatar.com\/avatar\/c5a7ef84c66fa914f55bc4f7ce26cfa275a3b9a1c5568b907bd184fb4dde7b40?s=96&d=mm&r=g","contentUrl":"https:\/\/secure.gravatar.com\/avatar\/c5a7ef84c66fa914f55bc4f7ce26cfa275a3b9a1c5568b907bd184fb4dde7b40?s=96&d=mm&r=g","caption":"inclusivenews2024"},"sameAs":["https:\/\/inclusivenews.com.br"],"url":"https:\/\/inclusivenews.com.br\/?author=1"}]}},"_links":{"self":[{"href":"https:\/\/inclusivenews.com.br\/index.php?rest_route=\/wp\/v2\/posts\/21229","targetHints":{"allow":["GET"]}}],"collection":[{"href":"https:\/\/inclusivenews.com.br\/index.php?rest_route=\/wp\/v2\/posts"}],"about":[{"href":"https:\/\/inclusivenews.com.br\/index.php?rest_route=\/wp\/v2\/types\/post"}],"author":[{"embeddable":true,"href":"https:\/\/inclusivenews.com.br\/index.php?rest_route=\/wp\/v2\/users\/1"}],"replies":[{"embeddable":true,"href":"https:\/\/inclusivenews.com.br\/index.php?rest_route=%2Fwp%2Fv2%2Fcomments&post=21229"}],"version-history":[{"count":0,"href":"https:\/\/inclusivenews.com.br\/index.php?rest_route=\/wp\/v2\/posts\/21229\/revisions"}],"wp:attachment":[{"href":"https:\/\/inclusivenews.com.br\/index.php?rest_route=%2Fwp%2Fv2%2Fmedia&parent=21229"}],"wp:term":[{"taxonomy":"category","embeddable":true,"href":"https:\/\/inclusivenews.com.br\/index.php?rest_route=%2Fwp%2Fv2%2Fcategories&post=21229"},{"taxonomy":"post_tag","embeddable":true,"href":"https:\/\/inclusivenews.com.br\/index.php?rest_route=%2Fwp%2Fv2%2Ftags&post=21229"}],"curies":[{"name":"wp","href":"https:\/\/api.w.org\/{rel}","templated":true}]}}