{"id":21231,"date":"2011-10-06T02:34:11","date_gmt":"2011-10-06T05:34:11","guid":{"rendered":"http:\/\/www.inclusive.org.br\/?p=21231"},"modified":"2011-10-06T02:34:11","modified_gmt":"2011-10-06T05:34:11","slug":"governo-disponibiliza-software-para-pessoas-com-deficiencia-gratuitamente","status":"publish","type":"post","link":"https:\/\/inclusivenews.com.br\/?p=21231","title":{"rendered":"Governo disponibiliza software para pessoas com defici\u00eancia gratuitamente"},"content":{"rendered":"<figure id=\"attachment_17741\" aria-describedby=\"caption-attachment-17741\" style=\"width: 200px\" class=\"wp-caption alignleft\"><img loading=\"lazy\" decoding=\"async\" class=\"size-full wp-image-17741\" title=\"Inclusive - Acessibilidade e tecnologia - um teclado cinza com a tecla &quot;Enter&quot; substituida pela tecla &quot;Access&quot;, em azul\" src=\"http:\/\/inclusivenews.com.br\/wp-content\/uploads\/2010\/10\/AccessButton2.jpg\" alt=\"Inclusive - Acessibilidade e tecnologia - um teclado cinza com a tecla &quot;Enter&quot; substituida pela tecla &quot;Access&quot;, em azul\" width=\"200\" height=\"121\" \/><figcaption id=\"caption-attachment-17741\" class=\"wp-caption-text\"> <\/figcaption><\/figure>\n<p style=\"text-align: justify;\">O Servi\u00e7o Federal de Processamento de Dados (Serpro) promoveu ontem (27) o treinamento por videoconfer\u00eancia para o uso do programa Liane TTS, voltado \u00e0 inclus\u00e3o social das pessoas com defici\u00eancia. A ferramenta gratuita \u00e9 baseada em um programa (software) livre, que permite \u00e0s pessoas cegas ou com baixa vis\u00e3o usar o computador com facilidade, pois o sistema transforma o texto em \u00e1udio.<\/p>\n<p style=\"text-align: justify;\">O presidente do Serpro, Marcos Mazoni, afirmou que esse \u00e9 um compromisso social de incentivo \u00e0 inclus\u00e3o digital e acessibilidade para todos os cidad\u00e3os brasileiros. Mazoni destaca ainda que o pr\u00f3ximo desafio \u00e9 o sintetizador de voz para a plataforma de celulares e tablets. \u201cTemos a obriga\u00e7\u00e3o de fazer isso, de viabilizar o acesso das pessoas aos direitos, bens e servi\u00e7os, independente das suas capacidades f\u00edsicas, motoras, perceptivas e condi\u00e7\u00f5es sociais e culturais\u201d.<\/p>\n<p style=\"text-align: justify;\">De acordo com o Serpro, o Liane TTS levou cerca de tr\u00eas anos para ser desenvolvido e \u00e9 resultado de uma parceria entre o Servi\u00e7o de Tecnologia de Dados e o N\u00facleo de Computa\u00e7\u00e3o Eletr\u00f4nica da Universidade Federal do Rio de Janeiro(UFRJ).<\/p>\n<p style=\"text-align: justify;\">Ao participar da mesa de abertura da videoconfer\u00eancia, o secret\u00e1rio nacional de promo\u00e7\u00e3o dos direitos da pessoa com defici\u00eancia, Antonio Jos\u00e9 Ferreira, da Secretaria de Direitos Humanos da Presid\u00eancia da Rep\u00fablica (SDH\/PR), ressaltou a import\u00e2ncia do Serpro como primeira institui\u00e7\u00e3o a abrir espa\u00e7o para as pessoas com defici\u00eancia trabalharem. \u201cIsso aqui \u00e9 uma pol\u00edtica de governo que se preocupa com o bem estar da popula\u00e7\u00e3o. \u00c9 dessa forma que mudamos a vida da pessoa com defici\u00eancia. Isso \u00e9 direitos humanos\u201d.<\/p>\n<p style=\"text-align: justify;\">O treinamento foi transmitido por videoconfer\u00eancia para Recife, Belo Horizonte, Rio de Janeiro, Porto Velho, Natal, Palmas, Manaus, Florian\u00f3polis, Bras\u00edlia, S\u00e3o Paulo, campo Grande, Boa Vista, Aracaju, Cuiab\u00e1, S\u00e3o Lu\u00eds, Salvador, Jo\u00e3o Pessoa, Bel\u00e9m, Ribeir\u00e3o Preto, Macap\u00e1, Gio\u00e2nia, Macei\u00f3, Rio Branco, Porto Alegre, Curitiba, Fortaleza e Vit\u00f3ria.<\/p>\n<p><strong>Instaladores e manuais &#8211;<\/strong> Os arquivos de instala\u00e7\u00e3o e os manuais de utiliza\u00e7\u00e3o do Liane TTS est\u00e3o dispon\u00edveis para download na Internet (<a class=\"moz-txt-link-abbreviated\" href=\"http:\/\/www.serpro.gov.br\/servicos\/downloads\/lianetts\/\">www.serpro.gov.br\/servicos\/downloads\/lianetts\/<\/a>). O programa pode ser baixado gratuitamente nas vers\u00f5es dos sistemas operacionais Windows e Linux.<\/p>\n<p>Fonte: <a href=\"http:\/\/www.direitoshumanos.gov.br\/2011\/09\/28-set-2011-governo-disponibiliza-aplicativo-de-computador-para-cegos-gratuitamente\">SDH<\/a><\/p>\n","protected":false},"excerpt":{"rendered":"<p>A ferramenta gratuita \u00e9 baseada em um programa (software) livre, que permite \u00e0s pessoas cegas ou com baixa vis\u00e3o usar o computador com facilidade, pois o sistema transforma o texto em \u00e1udio. Informa\u00e7\u00e3o \u00e9 da SDH.<\/p>\n","protected":false},"author":1,"featured_media":0,"comment_status":"open","ping_status":"open","sticky":false,"template":"","format":"standard","meta":{"site-container-style":"default","site-container-layout":"default","site-sidebar-layout":"default","disable-article-header":"default","disable-site-header":"default","disable-site-footer":"default","disable-content-area-spacing":"default","footnotes":""},"categories":[44,6,48,4],"tags":[],"class_list":["post-21231","post","type-post","status-publish","format-standard","hentry","category-acessibilidade","category-educacao","category-inclusao","category-noticias"],"yoast_head":"<!-- This site is optimized with the Yoast SEO plugin v27.5 - https:\/\/yoast.com\/product\/yoast-seo-wordpress\/ -->\n<title>Governo disponibiliza software para pessoas com defici\u00eancia gratuitamente -<\/title>\n<meta name=\"robots\" content=\"index, follow, max-snippet:-1, max-image-preview:large, max-video-preview:-1\" \/>\n<link rel=\"canonical\" href=\"https:\/\/inclusivenews.com.br\/?p=21231\" \/>\n<meta property=\"og:locale\" content=\"pt_PT\" \/>\n<meta property=\"og:type\" content=\"article\" \/>\n<meta property=\"og:title\" content=\"Governo disponibiliza software para pessoas com defici\u00eancia gratuitamente -\" \/>\n<meta property=\"og:description\" content=\"A ferramenta gratuita \u00e9 baseada em um programa (software) livre, que permite \u00e0s pessoas cegas ou com baixa vis\u00e3o usar o computador com facilidade, pois o sistema transforma o texto em \u00e1udio. Informa\u00e7\u00e3o \u00e9 da SDH.\" \/>\n<meta property=\"og:url\" content=\"https:\/\/inclusivenews.com.br\/?p=21231\" \/>\n<meta property=\"article:publisher\" content=\"https:\/\/www.facebook.com\/agenciainclusive\/\" \/>\n<meta property=\"article:published_time\" content=\"2011-10-06T05:34:11+00:00\" \/>\n<meta property=\"og:image\" content=\"http:\/\/inclusivenews.com.br\/wp-content\/uploads\/2010\/10\/AccessButton2.jpg\" \/>\n<meta name=\"author\" content=\"inclusivenews2024\" \/>\n<meta name=\"twitter:card\" content=\"summary_large_image\" \/>\n<meta name=\"twitter:label1\" content=\"Escrito por\" \/>\n\t<meta name=\"twitter:data1\" content=\"inclusivenews2024\" \/>\n\t<meta name=\"twitter:label2\" content=\"Tempo estimado de leitura\" \/>\n\t<meta name=\"twitter:data2\" content=\"2 minutos\" \/>\n<script type=\"application\/ld+json\" class=\"yoast-schema-graph\">{\"@context\":\"https:\\\/\\\/schema.org\",\"@graph\":[{\"@type\":\"Article\",\"@id\":\"https:\\\/\\\/inclusivenews.com.br\\\/?p=21231#article\",\"isPartOf\":{\"@id\":\"https:\\\/\\\/inclusivenews.com.br\\\/?p=21231\"},\"author\":{\"name\":\"inclusivenews2024\",\"@id\":\"https:\\\/\\\/inclusivenews.com.br\\\/#\\\/schema\\\/person\\\/ae4ec7087559b8692fb33b6fffd2273b\"},\"headline\":\"Governo disponibiliza software para pessoas com defici\u00eancia gratuitamente\",\"datePublished\":\"2011-10-06T05:34:11+00:00\",\"mainEntityOfPage\":{\"@id\":\"https:\\\/\\\/inclusivenews.com.br\\\/?p=21231\"},\"wordCount\":404,\"commentCount\":1,\"publisher\":{\"@id\":\"https:\\\/\\\/inclusivenews.com.br\\\/#organization\"},\"image\":{\"@id\":\"https:\\\/\\\/inclusivenews.com.br\\\/?p=21231#primaryimage\"},\"thumbnailUrl\":\"http:\\\/\\\/inclusivenews.com.br\\\/wp-content\\\/uploads\\\/2010\\\/10\\\/AccessButton2.jpg\",\"articleSection\":[\"ACESSIBILIDADE\",\"EDUCA\u00c7\u00c3O\",\"INCLUS\u00c3O SOCIAL\",\"NOT\u00cdCIAS\"],\"inLanguage\":\"pt-PT\",\"potentialAction\":[{\"@type\":\"CommentAction\",\"name\":\"Comment\",\"target\":[\"https:\\\/\\\/inclusivenews.com.br\\\/?p=21231#respond\"]}]},{\"@type\":\"WebPage\",\"@id\":\"https:\\\/\\\/inclusivenews.com.br\\\/?p=21231\",\"url\":\"https:\\\/\\\/inclusivenews.com.br\\\/?p=21231\",\"name\":\"Governo disponibiliza software para pessoas com defici\u00eancia gratuitamente -\",\"isPartOf\":{\"@id\":\"https:\\\/\\\/inclusivenews.com.br\\\/#website\"},\"primaryImageOfPage\":{\"@id\":\"https:\\\/\\\/inclusivenews.com.br\\\/?p=21231#primaryimage\"},\"image\":{\"@id\":\"https:\\\/\\\/inclusivenews.com.br\\\/?p=21231#primaryimage\"},\"thumbnailUrl\":\"http:\\\/\\\/inclusivenews.com.br\\\/wp-content\\\/uploads\\\/2010\\\/10\\\/AccessButton2.jpg\",\"datePublished\":\"2011-10-06T05:34:11+00:00\",\"breadcrumb\":{\"@id\":\"https:\\\/\\\/inclusivenews.com.br\\\/?p=21231#breadcrumb\"},\"inLanguage\":\"pt-PT\",\"potentialAction\":[{\"@type\":\"ReadAction\",\"target\":[\"https:\\\/\\\/inclusivenews.com.br\\\/?p=21231\"]}]},{\"@type\":\"ImageObject\",\"inLanguage\":\"pt-PT\",\"@id\":\"https:\\\/\\\/inclusivenews.com.br\\\/?p=21231#primaryimage\",\"url\":\"\",\"contentUrl\":\"\"},{\"@type\":\"BreadcrumbList\",\"@id\":\"https:\\\/\\\/inclusivenews.com.br\\\/?p=21231#breadcrumb\",\"itemListElement\":[{\"@type\":\"ListItem\",\"position\":1,\"name\":\"In\u00edcio\",\"item\":\"https:\\\/\\\/inclusivenews.com.br\\\/\"},{\"@type\":\"ListItem\",\"position\":2,\"name\":\"Governo disponibiliza software para pessoas com defici\u00eancia gratuitamente\"}]},{\"@type\":\"WebSite\",\"@id\":\"https:\\\/\\\/inclusivenews.com.br\\\/#website\",\"url\":\"https:\\\/\\\/inclusivenews.com.br\\\/\",\"name\":\"Inclusive News\",\"description\":\"Inclusive News\",\"publisher\":{\"@id\":\"https:\\\/\\\/inclusivenews.com.br\\\/#organization\"},\"potentialAction\":[{\"@type\":\"SearchAction\",\"target\":{\"@type\":\"EntryPoint\",\"urlTemplate\":\"https:\\\/\\\/inclusivenews.com.br\\\/?s={search_term_string}\"},\"query-input\":{\"@type\":\"PropertyValueSpecification\",\"valueRequired\":true,\"valueName\":\"search_term_string\"}}],\"inLanguage\":\"pt-PT\"},{\"@type\":\"Organization\",\"@id\":\"https:\\\/\\\/inclusivenews.com.br\\\/#organization\",\"name\":\"Inclusive - inclus\u00e3o e cidadania\",\"url\":\"https:\\\/\\\/inclusivenews.com.br\\\/\",\"logo\":{\"@type\":\"ImageObject\",\"inLanguage\":\"pt-PT\",\"@id\":\"https:\\\/\\\/inclusivenews.com.br\\\/#\\\/schema\\\/logo\\\/image\\\/\",\"url\":\"https:\\\/\\\/inclusivenews.com.br\\\/wp-content\\\/uploads\\\/2024\\\/03\\\/@grandesite.png\",\"contentUrl\":\"https:\\\/\\\/inclusivenews.com.br\\\/wp-content\\\/uploads\\\/2024\\\/03\\\/@grandesite.png\",\"width\":1080,\"height\":1080,\"caption\":\"Inclusive - inclus\u00e3o e cidadania\"},\"image\":{\"@id\":\"https:\\\/\\\/inclusivenews.com.br\\\/#\\\/schema\\\/logo\\\/image\\\/\"},\"sameAs\":[\"https:\\\/\\\/www.facebook.com\\\/agenciainclusive\\\/\",\"https:\\\/\\\/www.instagram.com\\\/newsinclusive\\\/\"]},{\"@type\":\"Person\",\"@id\":\"https:\\\/\\\/inclusivenews.com.br\\\/#\\\/schema\\\/person\\\/ae4ec7087559b8692fb33b6fffd2273b\",\"name\":\"inclusivenews2024\",\"image\":{\"@type\":\"ImageObject\",\"inLanguage\":\"pt-PT\",\"@id\":\"https:\\\/\\\/secure.gravatar.com\\\/avatar\\\/c5a7ef84c66fa914f55bc4f7ce26cfa275a3b9a1c5568b907bd184fb4dde7b40?s=96&d=mm&r=g\",\"url\":\"https:\\\/\\\/secure.gravatar.com\\\/avatar\\\/c5a7ef84c66fa914f55bc4f7ce26cfa275a3b9a1c5568b907bd184fb4dde7b40?s=96&d=mm&r=g\",\"contentUrl\":\"https:\\\/\\\/secure.gravatar.com\\\/avatar\\\/c5a7ef84c66fa914f55bc4f7ce26cfa275a3b9a1c5568b907bd184fb4dde7b40?s=96&d=mm&r=g\",\"caption\":\"inclusivenews2024\"},\"sameAs\":[\"https:\\\/\\\/inclusivenews.com.br\"],\"url\":\"https:\\\/\\\/inclusivenews.com.br\\\/?author=1\"}]}<\/script>\n<!-- \/ Yoast SEO plugin. -->","yoast_head_json":{"title":"Governo disponibiliza software para pessoas com defici\u00eancia gratuitamente -","robots":{"index":"index","follow":"follow","max-snippet":"max-snippet:-1","max-image-preview":"max-image-preview:large","max-video-preview":"max-video-preview:-1"},"canonical":"https:\/\/inclusivenews.com.br\/?p=21231","og_locale":"pt_PT","og_type":"article","og_title":"Governo disponibiliza software para pessoas com defici\u00eancia gratuitamente -","og_description":"A ferramenta gratuita \u00e9 baseada em um programa (software) livre, que permite \u00e0s pessoas cegas ou com baixa vis\u00e3o usar o computador com facilidade, pois o sistema transforma o texto em \u00e1udio. Informa\u00e7\u00e3o \u00e9 da SDH.","og_url":"https:\/\/inclusivenews.com.br\/?p=21231","article_publisher":"https:\/\/www.facebook.com\/agenciainclusive\/","article_published_time":"2011-10-06T05:34:11+00:00","og_image":[{"url":"http:\/\/inclusivenews.com.br\/wp-content\/uploads\/2010\/10\/AccessButton2.jpg","type":"","width":"","height":""}],"author":"inclusivenews2024","twitter_card":"summary_large_image","twitter_misc":{"Escrito por":"inclusivenews2024","Tempo estimado de leitura":"2 minutos"},"schema":{"@context":"https:\/\/schema.org","@graph":[{"@type":"Article","@id":"https:\/\/inclusivenews.com.br\/?p=21231#article","isPartOf":{"@id":"https:\/\/inclusivenews.com.br\/?p=21231"},"author":{"name":"inclusivenews2024","@id":"https:\/\/inclusivenews.com.br\/#\/schema\/person\/ae4ec7087559b8692fb33b6fffd2273b"},"headline":"Governo disponibiliza software para pessoas com defici\u00eancia gratuitamente","datePublished":"2011-10-06T05:34:11+00:00","mainEntityOfPage":{"@id":"https:\/\/inclusivenews.com.br\/?p=21231"},"wordCount":404,"commentCount":1,"publisher":{"@id":"https:\/\/inclusivenews.com.br\/#organization"},"image":{"@id":"https:\/\/inclusivenews.com.br\/?p=21231#primaryimage"},"thumbnailUrl":"http:\/\/inclusivenews.com.br\/wp-content\/uploads\/2010\/10\/AccessButton2.jpg","articleSection":["ACESSIBILIDADE","EDUCA\u00c7\u00c3O","INCLUS\u00c3O SOCIAL","NOT\u00cdCIAS"],"inLanguage":"pt-PT","potentialAction":[{"@type":"CommentAction","name":"Comment","target":["https:\/\/inclusivenews.com.br\/?p=21231#respond"]}]},{"@type":"WebPage","@id":"https:\/\/inclusivenews.com.br\/?p=21231","url":"https:\/\/inclusivenews.com.br\/?p=21231","name":"Governo disponibiliza software para pessoas com defici\u00eancia gratuitamente -","isPartOf":{"@id":"https:\/\/inclusivenews.com.br\/#website"},"primaryImageOfPage":{"@id":"https:\/\/inclusivenews.com.br\/?p=21231#primaryimage"},"image":{"@id":"https:\/\/inclusivenews.com.br\/?p=21231#primaryimage"},"thumbnailUrl":"http:\/\/inclusivenews.com.br\/wp-content\/uploads\/2010\/10\/AccessButton2.jpg","datePublished":"2011-10-06T05:34:11+00:00","breadcrumb":{"@id":"https:\/\/inclusivenews.com.br\/?p=21231#breadcrumb"},"inLanguage":"pt-PT","potentialAction":[{"@type":"ReadAction","target":["https:\/\/inclusivenews.com.br\/?p=21231"]}]},{"@type":"ImageObject","inLanguage":"pt-PT","@id":"https:\/\/inclusivenews.com.br\/?p=21231#primaryimage","url":"","contentUrl":""},{"@type":"BreadcrumbList","@id":"https:\/\/inclusivenews.com.br\/?p=21231#breadcrumb","itemListElement":[{"@type":"ListItem","position":1,"name":"In\u00edcio","item":"https:\/\/inclusivenews.com.br\/"},{"@type":"ListItem","position":2,"name":"Governo disponibiliza software para pessoas com defici\u00eancia gratuitamente"}]},{"@type":"WebSite","@id":"https:\/\/inclusivenews.com.br\/#website","url":"https:\/\/inclusivenews.com.br\/","name":"Inclusive News","description":"Inclusive News","publisher":{"@id":"https:\/\/inclusivenews.com.br\/#organization"},"potentialAction":[{"@type":"SearchAction","target":{"@type":"EntryPoint","urlTemplate":"https:\/\/inclusivenews.com.br\/?s={search_term_string}"},"query-input":{"@type":"PropertyValueSpecification","valueRequired":true,"valueName":"search_term_string"}}],"inLanguage":"pt-PT"},{"@type":"Organization","@id":"https:\/\/inclusivenews.com.br\/#organization","name":"Inclusive - inclus\u00e3o e cidadania","url":"https:\/\/inclusivenews.com.br\/","logo":{"@type":"ImageObject","inLanguage":"pt-PT","@id":"https:\/\/inclusivenews.com.br\/#\/schema\/logo\/image\/","url":"https:\/\/inclusivenews.com.br\/wp-content\/uploads\/2024\/03\/@grandesite.png","contentUrl":"https:\/\/inclusivenews.com.br\/wp-content\/uploads\/2024\/03\/@grandesite.png","width":1080,"height":1080,"caption":"Inclusive - inclus\u00e3o e cidadania"},"image":{"@id":"https:\/\/inclusivenews.com.br\/#\/schema\/logo\/image\/"},"sameAs":["https:\/\/www.facebook.com\/agenciainclusive\/","https:\/\/www.instagram.com\/newsinclusive\/"]},{"@type":"Person","@id":"https:\/\/inclusivenews.com.br\/#\/schema\/person\/ae4ec7087559b8692fb33b6fffd2273b","name":"inclusivenews2024","image":{"@type":"ImageObject","inLanguage":"pt-PT","@id":"https:\/\/secure.gravatar.com\/avatar\/c5a7ef84c66fa914f55bc4f7ce26cfa275a3b9a1c5568b907bd184fb4dde7b40?s=96&d=mm&r=g","url":"https:\/\/secure.gravatar.com\/avatar\/c5a7ef84c66fa914f55bc4f7ce26cfa275a3b9a1c5568b907bd184fb4dde7b40?s=96&d=mm&r=g","contentUrl":"https:\/\/secure.gravatar.com\/avatar\/c5a7ef84c66fa914f55bc4f7ce26cfa275a3b9a1c5568b907bd184fb4dde7b40?s=96&d=mm&r=g","caption":"inclusivenews2024"},"sameAs":["https:\/\/inclusivenews.com.br"],"url":"https:\/\/inclusivenews.com.br\/?author=1"}]}},"_links":{"self":[{"href":"https:\/\/inclusivenews.com.br\/index.php?rest_route=\/wp\/v2\/posts\/21231","targetHints":{"allow":["GET"]}}],"collection":[{"href":"https:\/\/inclusivenews.com.br\/index.php?rest_route=\/wp\/v2\/posts"}],"about":[{"href":"https:\/\/inclusivenews.com.br\/index.php?rest_route=\/wp\/v2\/types\/post"}],"author":[{"embeddable":true,"href":"https:\/\/inclusivenews.com.br\/index.php?rest_route=\/wp\/v2\/users\/1"}],"replies":[{"embeddable":true,"href":"https:\/\/inclusivenews.com.br\/index.php?rest_route=%2Fwp%2Fv2%2Fcomments&post=21231"}],"version-history":[{"count":0,"href":"https:\/\/inclusivenews.com.br\/index.php?rest_route=\/wp\/v2\/posts\/21231\/revisions"}],"wp:attachment":[{"href":"https:\/\/inclusivenews.com.br\/index.php?rest_route=%2Fwp%2Fv2%2Fmedia&parent=21231"}],"wp:term":[{"taxonomy":"category","embeddable":true,"href":"https:\/\/inclusivenews.com.br\/index.php?rest_route=%2Fwp%2Fv2%2Fcategories&post=21231"},{"taxonomy":"post_tag","embeddable":true,"href":"https:\/\/inclusivenews.com.br\/index.php?rest_route=%2Fwp%2Fv2%2Ftags&post=21231"}],"curies":[{"name":"wp","href":"https:\/\/api.w.org\/{rel}","templated":true}]}}