{"id":21233,"date":"2011-10-06T02:32:09","date_gmt":"2011-10-06T05:32:09","guid":{"rendered":"http:\/\/www.inclusive.org.br\/?p=21233"},"modified":"2011-10-06T02:32:09","modified_gmt":"2011-10-06T05:32:09","slug":"autismo-nao-e-problema-meramente-pediatrico-diz-pesquisador-brasileiro","status":"publish","type":"post","link":"https:\/\/inclusivenews.com.br\/?p=21233","title":{"rendered":"Autismo n\u00e3o \u00e9 problema &#039;meramente pedi\u00e1trico&#039;, diz pesquisador brasileiro"},"content":{"rendered":"<figure id=\"attachment_13327\" aria-describedby=\"caption-attachment-13327\" style=\"width: 171px\" class=\"wp-caption alignleft\"><img loading=\"lazy\" decoding=\"async\" class=\"size-medium wp-image-13327 \" title=\"Fita com desenho de pe\u00e7as coloridas de quebra-cabe\u00e7as, simbolo do autismo.\" src=\"http:\/\/inclusivenews.com.br\/wp-content\/uploads\/2010\/01\/autismo-171x300.jpg\" alt=\"Fita com desenho de pe\u00e7as coloridas de quebra-cabe\u00e7as, simbolo do autismol\" width=\"171\" height=\"300\" \/><figcaption id=\"caption-attachment-13327\" class=\"wp-caption-text\"> <\/figcaption><\/figure>\n<p>O bi\u00f3logo brasileiro Alysson Muotri, que  trabalha na Universidade da Calif\u00f3rnia, em San Diego, EUA, esteve em S\u00e3o  Paulo na segunda-feira (26\/09) para dar uma palestra a um grupo formado  por pais de autistas e m\u00e9dicos que tratam pacientes desse tipo. O  evento foi promovido pela associa\u00e7\u00e3o Autismo e Realidade.<\/p>\n<p>O laborat\u00f3rio de Muotri \u00e9 especializado nas pesquisas sobre os  transtornos do espectro autista, como \u00e9 conhecido o conjunto de  condi\u00e7\u00f5es que provocam sintomas semelhantes, sobretudo a dificuldade no  contato social. Em 2010, a equipe conseguiu, em laborat\u00f3rio, curar um  neur\u00f4nio que tinha a s\u00edndrome de Rett, uma das formas de autismo.<\/p>\n<p>Como trabalha em laborat\u00f3rio, sem contato direto com pacientes, o  bi\u00f3logo aproveita palestras como essa para aprender sobre o outro lado  do autismo. \u201cEu sempre tentei manter esse contato bem \u00edntimo com os pais  e com os m\u00e9dicos at\u00e9 para me educar, conhecer quais s\u00e3o os sintomas e  os quadros cl\u00ednicos. Com isso, eu vou pensando em tipos de ensaios  celulares que eu consigo fazer a n\u00edvel molecular\u201d, disse o pesquisador.<\/p>\n<p>Nos EUA, a rela\u00e7\u00e3o com associa\u00e7\u00f5es filantr\u00f3picas \u00e9 ainda maior. Segundo  ele, as doa\u00e7\u00f5es que prov\u00eam de grupos como esse constituem \u201cuma fonte  importante de renda para a pesquisa\u201d. \u201cO Brasil n\u00e3o tem essa cultura\u201d,  contrap\u00f4s.<\/p>\n<p>Segundo Muotri, investir na cura do autismo vale a pena n\u00e3o s\u00f3 pelas  melhorias na vida dos pacientes, mas tamb\u00e9m pelo retorno econ\u00f4mico em  longo prazo. Ele calculou que, ao longo da vida, um autista custa US$  3,2 milh\u00f5es, e ressaltou que cerca de 1% das crian\u00e7as norte-americanas  t\u00eam a disfun\u00e7\u00e3o \u2013 n\u00e3o h\u00e1 registro estat\u00edstico para o Brasil.<\/p>\n<p>\u201cAs pessoas se enganam de achar que esse \u00e9 um problema meramente  pedi\u00e1trico. As crian\u00e7as v\u00e3o crescer, v\u00e3o ficar adultas e muitas delas  v\u00e3o ficar dependentes, dependentes de algu\u00e9m. Nos EUA, a depend\u00eancia \u00e9  do estado\u201d, argumentou o pesquisador, que \u00e9 colunista do G1.<\/p>\n<p>O autismo<br \/>\nA gen\u00e9tica por tr\u00e1s do autismo \u00e9 complexa. Afinal, n\u00e3o se trata de uma  doen\u00e7a, mas de v\u00e1rias s\u00edndromes. \u201cA forma de heran\u00e7a \u00e9 dif\u00edcil de  explicar. N\u00e3o \u00e9 um gene que passa de pai para filho. S\u00e3o 300 genes, h\u00e1  uma intera\u00e7\u00e3o entre eles, se misturam a cada vez que isso \u00e9 passado para  uma gera\u00e7\u00e3o\u201d, explicou Muotri.<\/p>\n<p>Por isso, quando pensa num potencial medicamento que possa levar \u00e0 cura  do autismo, o pesquisador deixa de lado a causa gen\u00e9tica e prioriza o  funcionamento dos neur\u00f4nios. Nos autistas, a sinapse \u2013 ativa\u00e7\u00e3o das  redes neurais \u2013 n\u00e3o funciona da mesma maneira. A comunica\u00e7\u00e3o entre as  c\u00e9lulas nervosas \u00e9 menor e os transtornos s\u00e3o consequ\u00eancia disso.<\/p>\n<p>No momento, sua equipe est\u00e1 procurando um rem\u00e9dio que possa melhorar  esse funcionamento. Para isso, est\u00e3o fazendo testes com microorganismos  que vivem no fundo do mar, cuja composi\u00e7\u00e3o qu\u00edmica ajuda na intera\u00e7\u00e3o  com os neur\u00f4nios. Outra op\u00e7\u00e3o s\u00e3o medicamentos feitos no passado para  tratar outras doen\u00e7as e n\u00e3o funcionaram, mas que podem dar certo nesse  caso; a vantagem \u00e9 que eles j\u00e1 t\u00eam aprova\u00e7\u00e3o pr\u00e9via dos \u00f3rg\u00e3os  regulamentadores dos EUA.<\/p>\n<p>Achar a subst\u00e2ncia certa \u00e9 dif\u00edcil, pois Muotri definiu o m\u00e9todo de  procura como \u201ctotalmente tentativa e erro\u201d. \u201cO que a gente chama de  drogas candidatas s\u00e3o as que a gente j\u00e1 sabe que atuam na sinapse, mas  elas podem n\u00e3o funcionar. Quanto mais a gente testar, melhor, aumenta a  chance de a gente encontrar alguma coisa\u201d, contou.<\/p>\n<p>O autismo hoje n\u00e3o tem cura. Por\u00e9m, em 5% dos casos, quando o  diagn\u00f3stico \u00e9 r\u00e1pido e a varia\u00e7\u00e3o \u00e9 mais branda, as crian\u00e7as conseguem  eliminar a s\u00edndrome com acompanhamento psiqui\u00e1trico.<\/p>\n<p>Fonte: <a href=\"http:\/\/g1.globo.com\/ciencia-e-saude\/noticia\/2011\/09\/autismo-nao-e-problema-meramente-pediatrico-diz-pesquisador-brasileiro.html\">G1<\/a><\/p>\n","protected":false},"excerpt":{"rendered":"<p>Segundo Muotri, investir na cura do autismo vale a pena n\u00e3o s\u00f3 pelas melhorias na vida dos pacientes, mas tamb\u00e9m pelo retorno econ\u00f4mico em longo prazo.<\/p>\n","protected":false},"author":1,"featured_media":0,"comment_status":"open","ping_status":"open","sticky":false,"template":"","format":"standard","meta":{"site-container-style":"default","site-container-layout":"default","site-sidebar-layout":"default","disable-article-header":"default","disable-site-header":"default","disable-site-footer":"default","disable-content-area-spacing":"default","footnotes":""},"categories":[4],"tags":[34],"class_list":["post-21233","post","type-post","status-publish","format-standard","hentry","category-noticias","tag-autismo"],"yoast_head":"<!-- This site is optimized with the Yoast SEO plugin v27.4 - https:\/\/yoast.com\/product\/yoast-seo-wordpress\/ -->\n<title>Autismo n\u00e3o \u00e9 problema &#039;meramente pedi\u00e1trico&#039;, diz pesquisador brasileiro -<\/title>\n<meta name=\"robots\" content=\"index, follow, max-snippet:-1, max-image-preview:large, max-video-preview:-1\" \/>\n<link rel=\"canonical\" href=\"https:\/\/inclusivenews.com.br\/?p=21233\" \/>\n<meta property=\"og:locale\" content=\"pt_PT\" \/>\n<meta property=\"og:type\" content=\"article\" \/>\n<meta property=\"og:title\" content=\"Autismo n\u00e3o \u00e9 problema &#039;meramente pedi\u00e1trico&#039;, diz pesquisador brasileiro -\" \/>\n<meta property=\"og:description\" content=\"Segundo Muotri, investir na cura do autismo vale a pena n\u00e3o s\u00f3 pelas melhorias na vida dos pacientes, mas tamb\u00e9m pelo retorno econ\u00f4mico em longo prazo.\" \/>\n<meta property=\"og:url\" content=\"https:\/\/inclusivenews.com.br\/?p=21233\" \/>\n<meta property=\"article:publisher\" content=\"https:\/\/www.facebook.com\/agenciainclusive\/\" \/>\n<meta property=\"article:published_time\" content=\"2011-10-06T05:32:09+00:00\" \/>\n<meta property=\"og:image\" content=\"http:\/\/inclusivenews.com.br\/wp-content\/uploads\/2010\/01\/autismo-171x300.jpg\" \/>\n<meta name=\"author\" content=\"inclusivenews2024\" \/>\n<meta name=\"twitter:card\" content=\"summary_large_image\" \/>\n<meta name=\"twitter:label1\" content=\"Escrito por\" \/>\n\t<meta name=\"twitter:data1\" content=\"inclusivenews2024\" \/>\n\t<meta name=\"twitter:label2\" content=\"Tempo estimado de leitura\" \/>\n\t<meta name=\"twitter:data2\" content=\"3 minutos\" \/>\n<script type=\"application\/ld+json\" class=\"yoast-schema-graph\">{\"@context\":\"https:\\\/\\\/schema.org\",\"@graph\":[{\"@type\":\"Article\",\"@id\":\"https:\\\/\\\/inclusivenews.com.br\\\/?p=21233#article\",\"isPartOf\":{\"@id\":\"https:\\\/\\\/inclusivenews.com.br\\\/?p=21233\"},\"author\":{\"name\":\"inclusivenews2024\",\"@id\":\"https:\\\/\\\/inclusivenews.com.br\\\/#\\\/schema\\\/person\\\/ae4ec7087559b8692fb33b6fffd2273b\"},\"headline\":\"Autismo n\u00e3o \u00e9 problema &#039;meramente pedi\u00e1trico&#039;, diz pesquisador brasileiro\",\"datePublished\":\"2011-10-06T05:32:09+00:00\",\"mainEntityOfPage\":{\"@id\":\"https:\\\/\\\/inclusivenews.com.br\\\/?p=21233\"},\"wordCount\":670,\"commentCount\":0,\"publisher\":{\"@id\":\"https:\\\/\\\/inclusivenews.com.br\\\/#organization\"},\"image\":{\"@id\":\"https:\\\/\\\/inclusivenews.com.br\\\/?p=21233#primaryimage\"},\"thumbnailUrl\":\"http:\\\/\\\/inclusivenews.com.br\\\/wp-content\\\/uploads\\\/2010\\\/01\\\/autismo-171x300.jpg\",\"keywords\":[\"Autismo\"],\"articleSection\":[\"NOT\u00cdCIAS\"],\"inLanguage\":\"pt-PT\",\"potentialAction\":[{\"@type\":\"CommentAction\",\"name\":\"Comment\",\"target\":[\"https:\\\/\\\/inclusivenews.com.br\\\/?p=21233#respond\"]}]},{\"@type\":\"WebPage\",\"@id\":\"https:\\\/\\\/inclusivenews.com.br\\\/?p=21233\",\"url\":\"https:\\\/\\\/inclusivenews.com.br\\\/?p=21233\",\"name\":\"Autismo n\u00e3o \u00e9 problema &#039;meramente pedi\u00e1trico&#039;, diz pesquisador brasileiro -\",\"isPartOf\":{\"@id\":\"https:\\\/\\\/inclusivenews.com.br\\\/#website\"},\"primaryImageOfPage\":{\"@id\":\"https:\\\/\\\/inclusivenews.com.br\\\/?p=21233#primaryimage\"},\"image\":{\"@id\":\"https:\\\/\\\/inclusivenews.com.br\\\/?p=21233#primaryimage\"},\"thumbnailUrl\":\"http:\\\/\\\/inclusivenews.com.br\\\/wp-content\\\/uploads\\\/2010\\\/01\\\/autismo-171x300.jpg\",\"datePublished\":\"2011-10-06T05:32:09+00:00\",\"breadcrumb\":{\"@id\":\"https:\\\/\\\/inclusivenews.com.br\\\/?p=21233#breadcrumb\"},\"inLanguage\":\"pt-PT\",\"potentialAction\":[{\"@type\":\"ReadAction\",\"target\":[\"https:\\\/\\\/inclusivenews.com.br\\\/?p=21233\"]}]},{\"@type\":\"ImageObject\",\"inLanguage\":\"pt-PT\",\"@id\":\"https:\\\/\\\/inclusivenews.com.br\\\/?p=21233#primaryimage\",\"url\":\"\",\"contentUrl\":\"\"},{\"@type\":\"BreadcrumbList\",\"@id\":\"https:\\\/\\\/inclusivenews.com.br\\\/?p=21233#breadcrumb\",\"itemListElement\":[{\"@type\":\"ListItem\",\"position\":1,\"name\":\"In\u00edcio\",\"item\":\"https:\\\/\\\/inclusivenews.com.br\\\/\"},{\"@type\":\"ListItem\",\"position\":2,\"name\":\"Autismo n\u00e3o \u00e9 problema &#039;meramente pedi\u00e1trico&#039;, diz pesquisador brasileiro\"}]},{\"@type\":\"WebSite\",\"@id\":\"https:\\\/\\\/inclusivenews.com.br\\\/#website\",\"url\":\"https:\\\/\\\/inclusivenews.com.br\\\/\",\"name\":\"Inclusive News\",\"description\":\"Inclusive News\",\"publisher\":{\"@id\":\"https:\\\/\\\/inclusivenews.com.br\\\/#organization\"},\"potentialAction\":[{\"@type\":\"SearchAction\",\"target\":{\"@type\":\"EntryPoint\",\"urlTemplate\":\"https:\\\/\\\/inclusivenews.com.br\\\/?s={search_term_string}\"},\"query-input\":{\"@type\":\"PropertyValueSpecification\",\"valueRequired\":true,\"valueName\":\"search_term_string\"}}],\"inLanguage\":\"pt-PT\"},{\"@type\":\"Organization\",\"@id\":\"https:\\\/\\\/inclusivenews.com.br\\\/#organization\",\"name\":\"Inclusive - inclus\u00e3o e cidadania\",\"url\":\"https:\\\/\\\/inclusivenews.com.br\\\/\",\"logo\":{\"@type\":\"ImageObject\",\"inLanguage\":\"pt-PT\",\"@id\":\"https:\\\/\\\/inclusivenews.com.br\\\/#\\\/schema\\\/logo\\\/image\\\/\",\"url\":\"https:\\\/\\\/inclusivenews.com.br\\\/wp-content\\\/uploads\\\/2024\\\/03\\\/@grandesite.png\",\"contentUrl\":\"https:\\\/\\\/inclusivenews.com.br\\\/wp-content\\\/uploads\\\/2024\\\/03\\\/@grandesite.png\",\"width\":1080,\"height\":1080,\"caption\":\"Inclusive - inclus\u00e3o e cidadania\"},\"image\":{\"@id\":\"https:\\\/\\\/inclusivenews.com.br\\\/#\\\/schema\\\/logo\\\/image\\\/\"},\"sameAs\":[\"https:\\\/\\\/www.facebook.com\\\/agenciainclusive\\\/\",\"https:\\\/\\\/www.instagram.com\\\/newsinclusive\\\/\"]},{\"@type\":\"Person\",\"@id\":\"https:\\\/\\\/inclusivenews.com.br\\\/#\\\/schema\\\/person\\\/ae4ec7087559b8692fb33b6fffd2273b\",\"name\":\"inclusivenews2024\",\"image\":{\"@type\":\"ImageObject\",\"inLanguage\":\"pt-PT\",\"@id\":\"https:\\\/\\\/secure.gravatar.com\\\/avatar\\\/c5a7ef84c66fa914f55bc4f7ce26cfa275a3b9a1c5568b907bd184fb4dde7b40?s=96&d=mm&r=g\",\"url\":\"https:\\\/\\\/secure.gravatar.com\\\/avatar\\\/c5a7ef84c66fa914f55bc4f7ce26cfa275a3b9a1c5568b907bd184fb4dde7b40?s=96&d=mm&r=g\",\"contentUrl\":\"https:\\\/\\\/secure.gravatar.com\\\/avatar\\\/c5a7ef84c66fa914f55bc4f7ce26cfa275a3b9a1c5568b907bd184fb4dde7b40?s=96&d=mm&r=g\",\"caption\":\"inclusivenews2024\"},\"sameAs\":[\"https:\\\/\\\/inclusivenews.com.br\"],\"url\":\"https:\\\/\\\/inclusivenews.com.br\\\/?author=1\"}]}<\/script>\n<!-- \/ Yoast SEO plugin. -->","yoast_head_json":{"title":"Autismo n\u00e3o \u00e9 problema &#039;meramente pedi\u00e1trico&#039;, diz pesquisador brasileiro -","robots":{"index":"index","follow":"follow","max-snippet":"max-snippet:-1","max-image-preview":"max-image-preview:large","max-video-preview":"max-video-preview:-1"},"canonical":"https:\/\/inclusivenews.com.br\/?p=21233","og_locale":"pt_PT","og_type":"article","og_title":"Autismo n\u00e3o \u00e9 problema &#039;meramente pedi\u00e1trico&#039;, diz pesquisador brasileiro -","og_description":"Segundo Muotri, investir na cura do autismo vale a pena n\u00e3o s\u00f3 pelas melhorias na vida dos pacientes, mas tamb\u00e9m pelo retorno econ\u00f4mico em longo prazo.","og_url":"https:\/\/inclusivenews.com.br\/?p=21233","article_publisher":"https:\/\/www.facebook.com\/agenciainclusive\/","article_published_time":"2011-10-06T05:32:09+00:00","og_image":[{"url":"http:\/\/inclusivenews.com.br\/wp-content\/uploads\/2010\/01\/autismo-171x300.jpg","type":"","width":"","height":""}],"author":"inclusivenews2024","twitter_card":"summary_large_image","twitter_misc":{"Escrito por":"inclusivenews2024","Tempo estimado de leitura":"3 minutos"},"schema":{"@context":"https:\/\/schema.org","@graph":[{"@type":"Article","@id":"https:\/\/inclusivenews.com.br\/?p=21233#article","isPartOf":{"@id":"https:\/\/inclusivenews.com.br\/?p=21233"},"author":{"name":"inclusivenews2024","@id":"https:\/\/inclusivenews.com.br\/#\/schema\/person\/ae4ec7087559b8692fb33b6fffd2273b"},"headline":"Autismo n\u00e3o \u00e9 problema &#039;meramente pedi\u00e1trico&#039;, diz pesquisador brasileiro","datePublished":"2011-10-06T05:32:09+00:00","mainEntityOfPage":{"@id":"https:\/\/inclusivenews.com.br\/?p=21233"},"wordCount":670,"commentCount":0,"publisher":{"@id":"https:\/\/inclusivenews.com.br\/#organization"},"image":{"@id":"https:\/\/inclusivenews.com.br\/?p=21233#primaryimage"},"thumbnailUrl":"http:\/\/inclusivenews.com.br\/wp-content\/uploads\/2010\/01\/autismo-171x300.jpg","keywords":["Autismo"],"articleSection":["NOT\u00cdCIAS"],"inLanguage":"pt-PT","potentialAction":[{"@type":"CommentAction","name":"Comment","target":["https:\/\/inclusivenews.com.br\/?p=21233#respond"]}]},{"@type":"WebPage","@id":"https:\/\/inclusivenews.com.br\/?p=21233","url":"https:\/\/inclusivenews.com.br\/?p=21233","name":"Autismo n\u00e3o \u00e9 problema &#039;meramente pedi\u00e1trico&#039;, diz pesquisador brasileiro -","isPartOf":{"@id":"https:\/\/inclusivenews.com.br\/#website"},"primaryImageOfPage":{"@id":"https:\/\/inclusivenews.com.br\/?p=21233#primaryimage"},"image":{"@id":"https:\/\/inclusivenews.com.br\/?p=21233#primaryimage"},"thumbnailUrl":"http:\/\/inclusivenews.com.br\/wp-content\/uploads\/2010\/01\/autismo-171x300.jpg","datePublished":"2011-10-06T05:32:09+00:00","breadcrumb":{"@id":"https:\/\/inclusivenews.com.br\/?p=21233#breadcrumb"},"inLanguage":"pt-PT","potentialAction":[{"@type":"ReadAction","target":["https:\/\/inclusivenews.com.br\/?p=21233"]}]},{"@type":"ImageObject","inLanguage":"pt-PT","@id":"https:\/\/inclusivenews.com.br\/?p=21233#primaryimage","url":"","contentUrl":""},{"@type":"BreadcrumbList","@id":"https:\/\/inclusivenews.com.br\/?p=21233#breadcrumb","itemListElement":[{"@type":"ListItem","position":1,"name":"In\u00edcio","item":"https:\/\/inclusivenews.com.br\/"},{"@type":"ListItem","position":2,"name":"Autismo n\u00e3o \u00e9 problema &#039;meramente pedi\u00e1trico&#039;, diz pesquisador brasileiro"}]},{"@type":"WebSite","@id":"https:\/\/inclusivenews.com.br\/#website","url":"https:\/\/inclusivenews.com.br\/","name":"Inclusive News","description":"Inclusive News","publisher":{"@id":"https:\/\/inclusivenews.com.br\/#organization"},"potentialAction":[{"@type":"SearchAction","target":{"@type":"EntryPoint","urlTemplate":"https:\/\/inclusivenews.com.br\/?s={search_term_string}"},"query-input":{"@type":"PropertyValueSpecification","valueRequired":true,"valueName":"search_term_string"}}],"inLanguage":"pt-PT"},{"@type":"Organization","@id":"https:\/\/inclusivenews.com.br\/#organization","name":"Inclusive - inclus\u00e3o e cidadania","url":"https:\/\/inclusivenews.com.br\/","logo":{"@type":"ImageObject","inLanguage":"pt-PT","@id":"https:\/\/inclusivenews.com.br\/#\/schema\/logo\/image\/","url":"https:\/\/inclusivenews.com.br\/wp-content\/uploads\/2024\/03\/@grandesite.png","contentUrl":"https:\/\/inclusivenews.com.br\/wp-content\/uploads\/2024\/03\/@grandesite.png","width":1080,"height":1080,"caption":"Inclusive - inclus\u00e3o e cidadania"},"image":{"@id":"https:\/\/inclusivenews.com.br\/#\/schema\/logo\/image\/"},"sameAs":["https:\/\/www.facebook.com\/agenciainclusive\/","https:\/\/www.instagram.com\/newsinclusive\/"]},{"@type":"Person","@id":"https:\/\/inclusivenews.com.br\/#\/schema\/person\/ae4ec7087559b8692fb33b6fffd2273b","name":"inclusivenews2024","image":{"@type":"ImageObject","inLanguage":"pt-PT","@id":"https:\/\/secure.gravatar.com\/avatar\/c5a7ef84c66fa914f55bc4f7ce26cfa275a3b9a1c5568b907bd184fb4dde7b40?s=96&d=mm&r=g","url":"https:\/\/secure.gravatar.com\/avatar\/c5a7ef84c66fa914f55bc4f7ce26cfa275a3b9a1c5568b907bd184fb4dde7b40?s=96&d=mm&r=g","contentUrl":"https:\/\/secure.gravatar.com\/avatar\/c5a7ef84c66fa914f55bc4f7ce26cfa275a3b9a1c5568b907bd184fb4dde7b40?s=96&d=mm&r=g","caption":"inclusivenews2024"},"sameAs":["https:\/\/inclusivenews.com.br"],"url":"https:\/\/inclusivenews.com.br\/?author=1"}]}},"_links":{"self":[{"href":"https:\/\/inclusivenews.com.br\/index.php?rest_route=\/wp\/v2\/posts\/21233","targetHints":{"allow":["GET"]}}],"collection":[{"href":"https:\/\/inclusivenews.com.br\/index.php?rest_route=\/wp\/v2\/posts"}],"about":[{"href":"https:\/\/inclusivenews.com.br\/index.php?rest_route=\/wp\/v2\/types\/post"}],"author":[{"embeddable":true,"href":"https:\/\/inclusivenews.com.br\/index.php?rest_route=\/wp\/v2\/users\/1"}],"replies":[{"embeddable":true,"href":"https:\/\/inclusivenews.com.br\/index.php?rest_route=%2Fwp%2Fv2%2Fcomments&post=21233"}],"version-history":[{"count":0,"href":"https:\/\/inclusivenews.com.br\/index.php?rest_route=\/wp\/v2\/posts\/21233\/revisions"}],"wp:attachment":[{"href":"https:\/\/inclusivenews.com.br\/index.php?rest_route=%2Fwp%2Fv2%2Fmedia&parent=21233"}],"wp:term":[{"taxonomy":"category","embeddable":true,"href":"https:\/\/inclusivenews.com.br\/index.php?rest_route=%2Fwp%2Fv2%2Fcategories&post=21233"},{"taxonomy":"post_tag","embeddable":true,"href":"https:\/\/inclusivenews.com.br\/index.php?rest_route=%2Fwp%2Fv2%2Ftags&post=21233"}],"curies":[{"name":"wp","href":"https:\/\/api.w.org\/{rel}","templated":true}]}}