{"id":21237,"date":"2011-10-06T02:34:25","date_gmt":"2011-10-06T05:34:25","guid":{"rendered":"http:\/\/www.inclusive.org.br\/?p=21237"},"modified":"2011-10-06T02:34:25","modified_gmt":"2011-10-06T05:34:25","slug":"educacao-nas-prisoes-e-tema-de-audiencia-e-de-reuniao-com-a-procuradoria-federal","status":"publish","type":"post","link":"https:\/\/inclusivenews.com.br\/?p=21237","title":{"rendered":"Educa\u00e7\u00e3o nas pris\u00f5es \u00e9 tema de audi\u00eancia e de reuni\u00e3o com a Procuradoria Federal"},"content":{"rendered":"<figure id=\"attachment_21241\" aria-describedby=\"caption-attachment-21241\" style=\"width: 209px\" class=\"wp-caption alignleft\"><img loading=\"lazy\" decoding=\"async\" class=\"size-full wp-image-21241\" title=\"Educa\u00e7\u00e3o prisional - presos uniformizados em audit\u00f3rio\" src=\"http:\/\/inclusivenews.com.br\/wp-content\/uploads\/educacao_prisional.jpg\" alt=\"Educa\u00e7\u00e3o prisional - presos uniformizados em audit\u00f3rio\" width=\"209\" height=\"162\" \/><figcaption id=\"caption-attachment-21241\" class=\"wp-caption-text\"> <\/figcaption><\/figure>\n<p>Al\u00e9m de buscar a garantia da implementa\u00e7\u00e3o das Diretrizes Nacionais da Educa\u00e7\u00e3o em Pris\u00f5es, as a\u00e7\u00f5es objetivam tamb\u00e9m fortalecer a participa\u00e7\u00e3o de outros atores sociais nesse debate.<\/p>\n<p><a class=\"moz-txt-link-freetext\" href=\"http:\/\/www.acaoeducativa.org.br\/portal\/images\/stories\/relatorio_educacao_nas_prisoes_nov09_final.pdf\">Fa\u00e7a download aqui do Relat\u00f3rio Educa\u00e7\u00e3o nas Pris\u00f5es 2010<\/a>.<\/p>\n<p>Para envolver efetivamente um maior n\u00famero de atores sociais no debate sobre o direito \u00e0 educa\u00e7\u00e3o para as pessoas privadas de liberdade, foram realizadas atividades durante os meses de agosto e setembro envolvendo a sociedade civil e \u00f3rg\u00e3os p\u00fablicos respons\u00e1veis por essa modalidade. No dia 21 de setembro foi realizada uma Reuni\u00e3o P\u00fablica na Assembleia Legislativa do Estado de S\u00e3o Paulo (ALESP), em 1\u00ba de setembro uma audi\u00eancia com o secret\u00e1rio de Educa\u00e7\u00e3o do Estado e no dia 17 de agosto um encontro foi realizado na Procuradoria Federal dos Direitos do Cidad\u00e3o, em Bras\u00edlia.<\/p>\n<p>Um dos objetivos dessa articula\u00e7\u00e3o em torno da educa\u00e7\u00e3o nas pris\u00f5es \u00e9 garantir que as pessoas privadas de liberdade possam ter oportunidade de iniciar ou concluir seus estudos durante per\u00edodo de interna\u00e7\u00e3o. Essa \u00e9 uma condi\u00e7\u00e3o que foi garantida com a aprova\u00e7\u00e3o em 2010 das Diretrizes Nacionais de Educa\u00e7\u00e3o nas Pris\u00f5es (Resolu\u00e7\u00e3o n\u00ba 2\/2010 do Conselho Nacional de Educa\u00e7\u00e3o \u2013 CNE) e, refor\u00e7ada pela aprova\u00e7\u00e3o, em julho \u00faltimo, da lei que garante remiss\u00e3o de pena para presos que estudarem (Lei 12.433\/2011), explica Denise Carreira, relatora Nacional do Direito Humano \u00e0 Educa\u00e7\u00e3o da Plataforma Dhesca Brasil.<\/p>\n<p>Dados do Departamento Penitenci\u00e1rio Nacional (Depen) do Minist\u00e9rio da Justi\u00e7a mostram que dos 496 mil presos do pa\u00eds, apenas 40 mil realizam alguma atividade educacional, ou seja, menos de 10% de toda a popula\u00e7\u00e3o carcer\u00e1ria possui atendimento educacional. E, do total de presos, 25 mil s\u00e3o analfabetos e somente 1,8 mil presos possuem ensino superior completo.<\/p>\n<p>Em reuni\u00e3o com a procuradora federal dos Direitos do Cidad\u00e3o, Gilda Pereira de Carvalho, realizada em Bras\u00edlia, em 17 de agosto, representantes da ampla articula\u00e7\u00e3o de organiza\u00e7\u00f5es da sociedade civil que vem atuando no tema (na reuni\u00e3o estavam presentes Relatoria de Educa\u00e7\u00e3o, A\u00e7\u00e3o Educativa, Pastoral Carcer\u00e1ria, Conectas Direitos Humanos e Instituto Sou da Paz) refor\u00e7aram o pedido j\u00e1 formulado em representa\u00e7\u00e3o para que a Procuradoria tome medidas cab\u00edveis para exigir que as secretarias estaduais de educa\u00e7\u00e3o respons\u00e1veis, implementem o disposto nas diretrizes. O encontro foi derivado da representa\u00e7\u00e3o encaminha ao MPF em junho de 2011 (<a href=\"http:\/\/www.acaoeducativa.org.br\/portal\/index.php?option=com_content&amp;task=view&amp;id=2629&amp;Itemid=2\">leia mais aqui<\/a>).<\/p>\n<p>\u201cAtualmente n\u00e3o existe uma pol\u00edtica de educa\u00e7\u00e3o nas pris\u00f5es, existem apenas iniciativas pontuais e, nosso objetivo foi envolver a Procuradoria Federal para que ela possa estimular os estados brasileiros a cumprir as Diretrizes Nacionais, bem como acompanhar, cobrar e fortalecer os processos de cria\u00e7\u00e3o de oferta e melhoria da qualidade nessa modalidade de educa\u00e7\u00e3o\u201d, afirma Denise.<\/p>\n<p>Em S\u00e3o Paulo \u2013 estado que possui a maior popula\u00e7\u00e3o carcer\u00e1ria do pa\u00eds \u2013 foi realizada uma audi\u00eancia com o secret\u00e1rio de Educa\u00e7\u00e3o do Estado no dia 1\u00ba de setembro. O objetivo foi apresentar um posicionamento das entidades em rela\u00e7\u00e3o \u00e0 proposta elaborada pelo Grupo de Trabalho de Educa\u00e7\u00e3o nas Pris\u00f5es do Governo (<a href=\"http:\/\/www.acaoeducativa.org.br\/portal\/images\/stories\/pdfs\/20110921_critica_relatorio_gteducprisoes_final.pdf\">leia aqui o posicionamento das entidades<\/a>), bem como discutir a import\u00e2ncia de a Secretaria de Educa\u00e7\u00e3o do Estado de S\u00e3o Paulo (SEESP) encampar o debate sobre a educa\u00e7\u00e3o prisional colocando-se e \u00e0 frente do planejamento e execu\u00e7\u00e3o dessa pol\u00edtica educacional.<\/p>\n<p>Durante reuni\u00e3o da Comiss\u00e3o de Educa\u00e7\u00e3o e Cultura da ALESP, realizada em 21 de setembro, tamb\u00e9m foi debatida a implementa\u00e7\u00e3o das Diretrizes Nacionais para a oferta de educa\u00e7\u00e3o nos sistema prisional no Estado. Um dos objetivos da audi\u00eancia tamb\u00e9m foi \u201cexigir que a Secretaria de Educa\u00e7\u00e3o do Estado assuma de forma integral a oferta de educa\u00e7\u00e3o nos pres\u00eddios, conforme a responsabilidade atribu\u00edda a ela pelas Diretrizes\u201d, disse Ester Rizzi, assessora do programa A\u00e7\u00e3o na Justi\u00e7a da A\u00e7\u00e3o Educativa.<\/p>\n<p>Atualmente, a educa\u00e7\u00e3o prisional tem ficado a cargo da Administra\u00e7\u00e3o Penitenci\u00e1ria e seus \u00f3rg\u00e3os correlatos, que s\u00e3o respons\u00e1veis pela execu\u00e7\u00e3o. \u201cEssa pr\u00e1tica n\u00e3o \u00e9 cab\u00edvel, nem compat\u00edvel com as Diretrizes Nacionais\u201d, aponta Ester. Durante a reuni\u00e3o tamb\u00e9m foi divulgada a manifesta\u00e7\u00e3o p\u00fablica, assinada por v\u00e1rias organiza\u00e7\u00f5es, sobre o resultado do Grupo de Trabalho \u201cEduca\u00e7\u00e3o no Sistema Prisional do Estado de S\u00e3o Paulo\u201d, do Governo Estadual, onde est\u00e3o devidamente articuladas as cr\u00edticas ao que vem sendo inicialmente proposto como a pol\u00edtica paulista sobre o tema.<\/p>\n<p><strong>A\u00e7\u00e3o em Rede<br \/>\n<\/strong><br \/>\nA audi\u00eancia p\u00fablica foi um fruto do esfor\u00e7o articulado de diversas organiza\u00e7\u00f5es da sociedade civil, s\u00e3o elas: A\u00e7\u00e3o Educativa Assessoria, Pesquisa e Informa\u00e7\u00e3o; Conectas Direitos Humanos; Instituto de Defesa do Direito de Defesa; Instituto Pr\u00e1xis de Direitos Humanos; Instituto Pro Bono; Instituto Terra, Trabalho e Cidadania; Pastoral Carcer\u00e1ria; Relatoria Nacional para o Direito Humano \u00e0 Educa\u00e7\u00e3o (Plataforma DHESCA Brasil); PET \u2013 Educa\u00e7\u00e3o Popular da UNIFESP\/BS.<\/p>\n<p>Em 2010, a Relatoria Nacional pelo Direito Humano \u00e0 Educa\u00e7\u00e3o publicou o <a href=\"http:\/\/www.acaoeducativa.org.br\/portal\/images\/stories\/relatorio_educacao_nas_prisoes_nov09_final.pdf\">Relat\u00f3rio Educa\u00e7\u00e3o nas Pris\u00f5es Brasileiras<\/a> que traz informa\u00e7\u00f5es da miss\u00e3o realizada pela Relatoria entre outubro de 2008 e abril de 2009. O Relat\u00f3rio colaborou para que as Diretrizes Nacionais de Educa\u00e7\u00e3o em Pris\u00f5es fossem aprovadas em 2010.<\/p>\n<p>Fonte: <a href=\"http:\/\/www.acaoeducativa.org.br\/portal\/index.php?option=com_content&amp;task=view&amp;id=2731&amp;Itemid=149\">A\u00e7\u00e3o Educativa<\/a><\/p>\n","protected":false},"excerpt":{"rendered":"<p>Al\u00e9m de buscar a garantia da implementa\u00e7\u00e3o das Diretrizes Nacionais da Educa\u00e7\u00e3o em Pris\u00f5es, as a\u00e7\u00f5es objetivam tamb\u00e9m fortalecer a participa\u00e7\u00e3o de outros atores sociais nesse debate. Informa\u00e7\u00e3o \u00e9 da A\u00e7\u00e3o Educativa.<\/p>\n","protected":false},"author":1,"featured_media":0,"comment_status":"open","ping_status":"open","sticky":false,"template":"","format":"standard","meta":{"site-container-style":"default","site-container-layout":"default","site-sidebar-layout":"default","disable-article-header":"default","disable-site-header":"default","disable-site-footer":"default","disable-content-area-spacing":"default","footnotes":""},"categories":[11,52,6,48,4,10,117],"tags":[],"class_list":["post-21237","post","type-post","status-publish","format-standard","hentry","category-direitos-humanos","category-downloadables","category-educacao","category-inclusao","category-noticias","category-publicacoes","category-relatorios"],"yoast_head":"<!-- This site is optimized with the Yoast SEO plugin v27.4 - https:\/\/yoast.com\/product\/yoast-seo-wordpress\/ -->\n<title>Educa\u00e7\u00e3o nas pris\u00f5es \u00e9 tema de audi\u00eancia e de reuni\u00e3o com a Procuradoria Federal -<\/title>\n<meta name=\"robots\" content=\"index, follow, max-snippet:-1, max-image-preview:large, max-video-preview:-1\" \/>\n<link rel=\"canonical\" href=\"https:\/\/inclusivenews.com.br\/?p=21237\" \/>\n<meta property=\"og:locale\" content=\"pt_PT\" \/>\n<meta property=\"og:type\" content=\"article\" \/>\n<meta property=\"og:title\" content=\"Educa\u00e7\u00e3o nas pris\u00f5es \u00e9 tema de audi\u00eancia e de reuni\u00e3o com a Procuradoria Federal -\" \/>\n<meta property=\"og:description\" content=\"Al\u00e9m de buscar a garantia da implementa\u00e7\u00e3o das Diretrizes Nacionais da Educa\u00e7\u00e3o em Pris\u00f5es, as a\u00e7\u00f5es objetivam tamb\u00e9m fortalecer a participa\u00e7\u00e3o de outros atores sociais nesse debate. Informa\u00e7\u00e3o \u00e9 da A\u00e7\u00e3o Educativa.\" \/>\n<meta property=\"og:url\" content=\"https:\/\/inclusivenews.com.br\/?p=21237\" \/>\n<meta property=\"article:publisher\" content=\"https:\/\/www.facebook.com\/agenciainclusive\/\" \/>\n<meta property=\"article:published_time\" content=\"2011-10-06T05:34:25+00:00\" \/>\n<meta property=\"og:image\" content=\"http:\/\/inclusivenews.com.br\/wp-content\/uploads\/educacao_prisional.jpg\" \/>\n<meta name=\"author\" content=\"inclusivenews2024\" \/>\n<meta name=\"twitter:card\" content=\"summary_large_image\" \/>\n<meta name=\"twitter:label1\" content=\"Escrito por\" \/>\n\t<meta name=\"twitter:data1\" content=\"inclusivenews2024\" \/>\n\t<meta name=\"twitter:label2\" content=\"Tempo estimado de leitura\" \/>\n\t<meta name=\"twitter:data2\" content=\"5 minutos\" \/>\n<script type=\"application\/ld+json\" class=\"yoast-schema-graph\">{\"@context\":\"https:\\\/\\\/schema.org\",\"@graph\":[{\"@type\":\"Article\",\"@id\":\"https:\\\/\\\/inclusivenews.com.br\\\/?p=21237#article\",\"isPartOf\":{\"@id\":\"https:\\\/\\\/inclusivenews.com.br\\\/?p=21237\"},\"author\":{\"name\":\"inclusivenews2024\",\"@id\":\"https:\\\/\\\/inclusivenews.com.br\\\/#\\\/schema\\\/person\\\/ae4ec7087559b8692fb33b6fffd2273b\"},\"headline\":\"Educa\u00e7\u00e3o nas pris\u00f5es \u00e9 tema de audi\u00eancia e de reuni\u00e3o com a Procuradoria Federal\",\"datePublished\":\"2011-10-06T05:34:25+00:00\",\"mainEntityOfPage\":{\"@id\":\"https:\\\/\\\/inclusivenews.com.br\\\/?p=21237\"},\"wordCount\":945,\"commentCount\":1,\"publisher\":{\"@id\":\"https:\\\/\\\/inclusivenews.com.br\\\/#organization\"},\"image\":{\"@id\":\"https:\\\/\\\/inclusivenews.com.br\\\/?p=21237#primaryimage\"},\"thumbnailUrl\":\"http:\\\/\\\/inclusivenews.com.br\\\/wp-content\\\/uploads\\\/educacao_prisional.jpg\",\"articleSection\":[\"DIREITOS HUMANOS\",\"Downloadables\",\"EDUCA\u00c7\u00c3O\",\"INCLUS\u00c3O SOCIAL\",\"NOT\u00cdCIAS\",\"PUBLICA\u00c7\u00d5ES\",\"Relat\u00f3rios\"],\"inLanguage\":\"pt-PT\",\"potentialAction\":[{\"@type\":\"CommentAction\",\"name\":\"Comment\",\"target\":[\"https:\\\/\\\/inclusivenews.com.br\\\/?p=21237#respond\"]}]},{\"@type\":\"WebPage\",\"@id\":\"https:\\\/\\\/inclusivenews.com.br\\\/?p=21237\",\"url\":\"https:\\\/\\\/inclusivenews.com.br\\\/?p=21237\",\"name\":\"Educa\u00e7\u00e3o nas pris\u00f5es \u00e9 tema de audi\u00eancia e de reuni\u00e3o com a Procuradoria Federal -\",\"isPartOf\":{\"@id\":\"https:\\\/\\\/inclusivenews.com.br\\\/#website\"},\"primaryImageOfPage\":{\"@id\":\"https:\\\/\\\/inclusivenews.com.br\\\/?p=21237#primaryimage\"},\"image\":{\"@id\":\"https:\\\/\\\/inclusivenews.com.br\\\/?p=21237#primaryimage\"},\"thumbnailUrl\":\"http:\\\/\\\/inclusivenews.com.br\\\/wp-content\\\/uploads\\\/educacao_prisional.jpg\",\"datePublished\":\"2011-10-06T05:34:25+00:00\",\"breadcrumb\":{\"@id\":\"https:\\\/\\\/inclusivenews.com.br\\\/?p=21237#breadcrumb\"},\"inLanguage\":\"pt-PT\",\"potentialAction\":[{\"@type\":\"ReadAction\",\"target\":[\"https:\\\/\\\/inclusivenews.com.br\\\/?p=21237\"]}]},{\"@type\":\"ImageObject\",\"inLanguage\":\"pt-PT\",\"@id\":\"https:\\\/\\\/inclusivenews.com.br\\\/?p=21237#primaryimage\",\"url\":\"\",\"contentUrl\":\"\"},{\"@type\":\"BreadcrumbList\",\"@id\":\"https:\\\/\\\/inclusivenews.com.br\\\/?p=21237#breadcrumb\",\"itemListElement\":[{\"@type\":\"ListItem\",\"position\":1,\"name\":\"In\u00edcio\",\"item\":\"https:\\\/\\\/inclusivenews.com.br\\\/\"},{\"@type\":\"ListItem\",\"position\":2,\"name\":\"Educa\u00e7\u00e3o nas pris\u00f5es \u00e9 tema de audi\u00eancia e de reuni\u00e3o com a Procuradoria Federal\"}]},{\"@type\":\"WebSite\",\"@id\":\"https:\\\/\\\/inclusivenews.com.br\\\/#website\",\"url\":\"https:\\\/\\\/inclusivenews.com.br\\\/\",\"name\":\"Inclusive News\",\"description\":\"Inclusive News\",\"publisher\":{\"@id\":\"https:\\\/\\\/inclusivenews.com.br\\\/#organization\"},\"potentialAction\":[{\"@type\":\"SearchAction\",\"target\":{\"@type\":\"EntryPoint\",\"urlTemplate\":\"https:\\\/\\\/inclusivenews.com.br\\\/?s={search_term_string}\"},\"query-input\":{\"@type\":\"PropertyValueSpecification\",\"valueRequired\":true,\"valueName\":\"search_term_string\"}}],\"inLanguage\":\"pt-PT\"},{\"@type\":\"Organization\",\"@id\":\"https:\\\/\\\/inclusivenews.com.br\\\/#organization\",\"name\":\"Inclusive - inclus\u00e3o e cidadania\",\"url\":\"https:\\\/\\\/inclusivenews.com.br\\\/\",\"logo\":{\"@type\":\"ImageObject\",\"inLanguage\":\"pt-PT\",\"@id\":\"https:\\\/\\\/inclusivenews.com.br\\\/#\\\/schema\\\/logo\\\/image\\\/\",\"url\":\"https:\\\/\\\/inclusivenews.com.br\\\/wp-content\\\/uploads\\\/2024\\\/03\\\/@grandesite.png\",\"contentUrl\":\"https:\\\/\\\/inclusivenews.com.br\\\/wp-content\\\/uploads\\\/2024\\\/03\\\/@grandesite.png\",\"width\":1080,\"height\":1080,\"caption\":\"Inclusive - inclus\u00e3o e cidadania\"},\"image\":{\"@id\":\"https:\\\/\\\/inclusivenews.com.br\\\/#\\\/schema\\\/logo\\\/image\\\/\"},\"sameAs\":[\"https:\\\/\\\/www.facebook.com\\\/agenciainclusive\\\/\",\"https:\\\/\\\/www.instagram.com\\\/newsinclusive\\\/\"]},{\"@type\":\"Person\",\"@id\":\"https:\\\/\\\/inclusivenews.com.br\\\/#\\\/schema\\\/person\\\/ae4ec7087559b8692fb33b6fffd2273b\",\"name\":\"inclusivenews2024\",\"image\":{\"@type\":\"ImageObject\",\"inLanguage\":\"pt-PT\",\"@id\":\"https:\\\/\\\/secure.gravatar.com\\\/avatar\\\/c5a7ef84c66fa914f55bc4f7ce26cfa275a3b9a1c5568b907bd184fb4dde7b40?s=96&d=mm&r=g\",\"url\":\"https:\\\/\\\/secure.gravatar.com\\\/avatar\\\/c5a7ef84c66fa914f55bc4f7ce26cfa275a3b9a1c5568b907bd184fb4dde7b40?s=96&d=mm&r=g\",\"contentUrl\":\"https:\\\/\\\/secure.gravatar.com\\\/avatar\\\/c5a7ef84c66fa914f55bc4f7ce26cfa275a3b9a1c5568b907bd184fb4dde7b40?s=96&d=mm&r=g\",\"caption\":\"inclusivenews2024\"},\"sameAs\":[\"https:\\\/\\\/inclusivenews.com.br\"],\"url\":\"https:\\\/\\\/inclusivenews.com.br\\\/?author=1\"}]}<\/script>\n<!-- \/ Yoast SEO plugin. -->","yoast_head_json":{"title":"Educa\u00e7\u00e3o nas pris\u00f5es \u00e9 tema de audi\u00eancia e de reuni\u00e3o com a Procuradoria Federal -","robots":{"index":"index","follow":"follow","max-snippet":"max-snippet:-1","max-image-preview":"max-image-preview:large","max-video-preview":"max-video-preview:-1"},"canonical":"https:\/\/inclusivenews.com.br\/?p=21237","og_locale":"pt_PT","og_type":"article","og_title":"Educa\u00e7\u00e3o nas pris\u00f5es \u00e9 tema de audi\u00eancia e de reuni\u00e3o com a Procuradoria Federal -","og_description":"Al\u00e9m de buscar a garantia da implementa\u00e7\u00e3o das Diretrizes Nacionais da Educa\u00e7\u00e3o em Pris\u00f5es, as a\u00e7\u00f5es objetivam tamb\u00e9m fortalecer a participa\u00e7\u00e3o de outros atores sociais nesse debate. Informa\u00e7\u00e3o \u00e9 da A\u00e7\u00e3o Educativa.","og_url":"https:\/\/inclusivenews.com.br\/?p=21237","article_publisher":"https:\/\/www.facebook.com\/agenciainclusive\/","article_published_time":"2011-10-06T05:34:25+00:00","og_image":[{"url":"http:\/\/inclusivenews.com.br\/wp-content\/uploads\/educacao_prisional.jpg","type":"","width":"","height":""}],"author":"inclusivenews2024","twitter_card":"summary_large_image","twitter_misc":{"Escrito por":"inclusivenews2024","Tempo estimado de leitura":"5 minutos"},"schema":{"@context":"https:\/\/schema.org","@graph":[{"@type":"Article","@id":"https:\/\/inclusivenews.com.br\/?p=21237#article","isPartOf":{"@id":"https:\/\/inclusivenews.com.br\/?p=21237"},"author":{"name":"inclusivenews2024","@id":"https:\/\/inclusivenews.com.br\/#\/schema\/person\/ae4ec7087559b8692fb33b6fffd2273b"},"headline":"Educa\u00e7\u00e3o nas pris\u00f5es \u00e9 tema de audi\u00eancia e de reuni\u00e3o com a Procuradoria Federal","datePublished":"2011-10-06T05:34:25+00:00","mainEntityOfPage":{"@id":"https:\/\/inclusivenews.com.br\/?p=21237"},"wordCount":945,"commentCount":1,"publisher":{"@id":"https:\/\/inclusivenews.com.br\/#organization"},"image":{"@id":"https:\/\/inclusivenews.com.br\/?p=21237#primaryimage"},"thumbnailUrl":"http:\/\/inclusivenews.com.br\/wp-content\/uploads\/educacao_prisional.jpg","articleSection":["DIREITOS HUMANOS","Downloadables","EDUCA\u00c7\u00c3O","INCLUS\u00c3O SOCIAL","NOT\u00cdCIAS","PUBLICA\u00c7\u00d5ES","Relat\u00f3rios"],"inLanguage":"pt-PT","potentialAction":[{"@type":"CommentAction","name":"Comment","target":["https:\/\/inclusivenews.com.br\/?p=21237#respond"]}]},{"@type":"WebPage","@id":"https:\/\/inclusivenews.com.br\/?p=21237","url":"https:\/\/inclusivenews.com.br\/?p=21237","name":"Educa\u00e7\u00e3o nas pris\u00f5es \u00e9 tema de audi\u00eancia e de reuni\u00e3o com a Procuradoria Federal -","isPartOf":{"@id":"https:\/\/inclusivenews.com.br\/#website"},"primaryImageOfPage":{"@id":"https:\/\/inclusivenews.com.br\/?p=21237#primaryimage"},"image":{"@id":"https:\/\/inclusivenews.com.br\/?p=21237#primaryimage"},"thumbnailUrl":"http:\/\/inclusivenews.com.br\/wp-content\/uploads\/educacao_prisional.jpg","datePublished":"2011-10-06T05:34:25+00:00","breadcrumb":{"@id":"https:\/\/inclusivenews.com.br\/?p=21237#breadcrumb"},"inLanguage":"pt-PT","potentialAction":[{"@type":"ReadAction","target":["https:\/\/inclusivenews.com.br\/?p=21237"]}]},{"@type":"ImageObject","inLanguage":"pt-PT","@id":"https:\/\/inclusivenews.com.br\/?p=21237#primaryimage","url":"","contentUrl":""},{"@type":"BreadcrumbList","@id":"https:\/\/inclusivenews.com.br\/?p=21237#breadcrumb","itemListElement":[{"@type":"ListItem","position":1,"name":"In\u00edcio","item":"https:\/\/inclusivenews.com.br\/"},{"@type":"ListItem","position":2,"name":"Educa\u00e7\u00e3o nas pris\u00f5es \u00e9 tema de audi\u00eancia e de reuni\u00e3o com a Procuradoria Federal"}]},{"@type":"WebSite","@id":"https:\/\/inclusivenews.com.br\/#website","url":"https:\/\/inclusivenews.com.br\/","name":"Inclusive News","description":"Inclusive News","publisher":{"@id":"https:\/\/inclusivenews.com.br\/#organization"},"potentialAction":[{"@type":"SearchAction","target":{"@type":"EntryPoint","urlTemplate":"https:\/\/inclusivenews.com.br\/?s={search_term_string}"},"query-input":{"@type":"PropertyValueSpecification","valueRequired":true,"valueName":"search_term_string"}}],"inLanguage":"pt-PT"},{"@type":"Organization","@id":"https:\/\/inclusivenews.com.br\/#organization","name":"Inclusive - inclus\u00e3o e cidadania","url":"https:\/\/inclusivenews.com.br\/","logo":{"@type":"ImageObject","inLanguage":"pt-PT","@id":"https:\/\/inclusivenews.com.br\/#\/schema\/logo\/image\/","url":"https:\/\/inclusivenews.com.br\/wp-content\/uploads\/2024\/03\/@grandesite.png","contentUrl":"https:\/\/inclusivenews.com.br\/wp-content\/uploads\/2024\/03\/@grandesite.png","width":1080,"height":1080,"caption":"Inclusive - inclus\u00e3o e cidadania"},"image":{"@id":"https:\/\/inclusivenews.com.br\/#\/schema\/logo\/image\/"},"sameAs":["https:\/\/www.facebook.com\/agenciainclusive\/","https:\/\/www.instagram.com\/newsinclusive\/"]},{"@type":"Person","@id":"https:\/\/inclusivenews.com.br\/#\/schema\/person\/ae4ec7087559b8692fb33b6fffd2273b","name":"inclusivenews2024","image":{"@type":"ImageObject","inLanguage":"pt-PT","@id":"https:\/\/secure.gravatar.com\/avatar\/c5a7ef84c66fa914f55bc4f7ce26cfa275a3b9a1c5568b907bd184fb4dde7b40?s=96&d=mm&r=g","url":"https:\/\/secure.gravatar.com\/avatar\/c5a7ef84c66fa914f55bc4f7ce26cfa275a3b9a1c5568b907bd184fb4dde7b40?s=96&d=mm&r=g","contentUrl":"https:\/\/secure.gravatar.com\/avatar\/c5a7ef84c66fa914f55bc4f7ce26cfa275a3b9a1c5568b907bd184fb4dde7b40?s=96&d=mm&r=g","caption":"inclusivenews2024"},"sameAs":["https:\/\/inclusivenews.com.br"],"url":"https:\/\/inclusivenews.com.br\/?author=1"}]}},"_links":{"self":[{"href":"https:\/\/inclusivenews.com.br\/index.php?rest_route=\/wp\/v2\/posts\/21237","targetHints":{"allow":["GET"]}}],"collection":[{"href":"https:\/\/inclusivenews.com.br\/index.php?rest_route=\/wp\/v2\/posts"}],"about":[{"href":"https:\/\/inclusivenews.com.br\/index.php?rest_route=\/wp\/v2\/types\/post"}],"author":[{"embeddable":true,"href":"https:\/\/inclusivenews.com.br\/index.php?rest_route=\/wp\/v2\/users\/1"}],"replies":[{"embeddable":true,"href":"https:\/\/inclusivenews.com.br\/index.php?rest_route=%2Fwp%2Fv2%2Fcomments&post=21237"}],"version-history":[{"count":0,"href":"https:\/\/inclusivenews.com.br\/index.php?rest_route=\/wp\/v2\/posts\/21237\/revisions"}],"wp:attachment":[{"href":"https:\/\/inclusivenews.com.br\/index.php?rest_route=%2Fwp%2Fv2%2Fmedia&parent=21237"}],"wp:term":[{"taxonomy":"category","embeddable":true,"href":"https:\/\/inclusivenews.com.br\/index.php?rest_route=%2Fwp%2Fv2%2Fcategories&post=21237"},{"taxonomy":"post_tag","embeddable":true,"href":"https:\/\/inclusivenews.com.br\/index.php?rest_route=%2Fwp%2Fv2%2Ftags&post=21237"}],"curies":[{"name":"wp","href":"https:\/\/api.w.org\/{rel}","templated":true}]}}