{"id":21247,"date":"2011-10-06T02:31:57","date_gmt":"2011-10-06T05:31:57","guid":{"rendered":"http:\/\/www.inclusive.org.br\/?p=21247"},"modified":"2011-10-06T02:31:57","modified_gmt":"2011-10-06T05:31:57","slug":"brasil-nao-esta-preparado-para-o-envelhecimento-da-populacao","status":"publish","type":"post","link":"https:\/\/inclusivenews.com.br\/?p=21247","title":{"rendered":"Brasil n\u00e3o est\u00e1 preparado para o envelhecimento da popula\u00e7\u00e3o"},"content":{"rendered":"<figure id=\"attachment_21248\" aria-describedby=\"caption-attachment-21248\" style=\"width: 176px\" class=\"wp-caption alignleft\"><img loading=\"lazy\" decoding=\"async\" class=\"size-full wp-image-21248\" title=\"Ilustra\u00e7\u00e3o de casal de idosos sorridentes\" src=\"http:\/\/inclusivenews.com.br\/wp-content\/uploads\/idosos1.jpg\" alt=\"Ilustra\u00e7\u00e3o de casal de idosos sorridentes\" width=\"176\" height=\"237\" \/><figcaption id=\"caption-attachment-21248\" class=\"wp-caption-text\"> <\/figcaption><\/figure>\n<p><strong>Por Bruno Bocchini<br \/>\nda Ag\u00eancia Brasil<\/strong><\/p>\n<p>O Brasil dever\u00e1 chegar a 2050 com cerca de 15 milh\u00f5es de idosos, dos quais 13,5 milh\u00f5es com mais de 80 anos. Segundo dados da Organiza\u00e7\u00e3o Mundial da Sa\u00fade (OMS), em 2025, o pa\u00eds ser\u00e1 o sexto do mundo com o maior n\u00famero de idosos. Apesar da cria\u00e7\u00e3o de pol\u00edticas voltadas para essa camada da popula\u00e7\u00e3o, como o Estatuto do Idoso, institu\u00eddo em 2003, a velocidade do envelhecimento tem superado a implementa\u00e7\u00e3o de a\u00e7\u00f5es para oferecer melhores condi\u00e7\u00f5es de vida \u00e0 terceira idade.<\/p>\n<p>\u201cO processo \u00e9 muito r\u00e1pido, e as pol\u00edticas p\u00fablicas n\u00e3o t\u00eam acompanhado isso. Viver em uma sociedade com muito mais idosos do que crian\u00e7as requer um planejamento intenso\u201d, diz o m\u00e9dico geriatra Luiz Roberto Ramos, da Faculdade de Medicina da Universidade Federal de S\u00e3o Paulo (Unifesp).<\/p>\n<p>Com o envelhecimento populacional, o Brasil ter\u00e1 redu\u00e7\u00e3o do n\u00famero de jovens na for\u00e7a produtiva ativa, assinalou Ramos. \u201cVai aumentar o n\u00famero de pessoas que ter\u00e3o depend\u00eancia social dessa produ\u00e7\u00e3o. Isso tem de ser planejado. O pa\u00eds est\u00e1 correndo contra o tempo.\u201d Hoje, segundo a OMS, o Brasil tem 21 milh\u00f5es de pessoas com mais de 65 anos.<\/p>\n<p>O envelhecimento da popula\u00e7\u00e3o tem reflexo direto no Produto Interno Bruto (PIB) brasileiro. Somente as doen\u00e7as cr\u00f4nicas n\u00e3o transmiss\u00edveis, que afetam principalmente idosos, provocam impacto anual de 1% no PIB, segundo estimativa da Organiza\u00e7\u00e3o Pan-Americana da Sa\u00fade (Opas). De acordo com a Comiss\u00e3o para Estudo do Envelhecimento Mundial, anualmente s\u00e3o gastos cerca de R$ 60 bilh\u00f5es com doen\u00e7as da t\u00edpicas da terceira idade no Brasil.<\/p>\n<p>De acordo com Ramos, os problemas decorrentes da terceira idade come\u00e7am a aparecer com mais intensidade depois dos 70 anos. At\u00e9 l\u00e1, em torno de 80% das pessoas n\u00e3o t\u00eam nenhuma atividade de vida di\u00e1ria comprometida pela velhice. No entanto, a partir dos 80 anos, a grande maioria passa a conviver com enfermidades.<\/p>\n<p><strong>No Dia do Idoso, pa\u00eds tem pouco a comemorar<\/strong><\/p>\n<p><strong>Daniella Jinkings<\/strong><strong><br \/>\n<\/strong><strong>da Ag\u00eancia Brasil<\/strong><\/p>\n<p>Bras\u00edlia \u2013 No Dia do Idoso, celebrado hoje (1\u00ba), a psic\u00f3loga Vera L\u00facia Coelho, professora do curso de psicologia cl\u00ednica da Universidade de Bras\u00edlia (UnB), faz um alerta: \u201cO Brasil precisa se preparar para o envelhecimento acelerado da popula\u00e7\u00e3o nos pr\u00f3ximos anos.\u201d Segundo ela, as autoridades p\u00fablicas devem ficar atentas a isso: \u201cTemos a ilus\u00e3o de viver em um pa\u00eds de jovens. A propaganda de que a beleza jovem \u00e9 a \u00fanica poss\u00edvel e saud\u00e1vel est\u00e1 impregnada na gente.\u201d Neste s\u00e1bado, o Brasil tamb\u00e9m comemora oito anos do Estatuto do Idoso.<\/p>\n<p>Segundo o Censo 2010, feito pelo Instituto Brasileiro de Geografia e Estat\u00edstica (IBGE), o Brasil tem cerca de 20 milh\u00f5es de idosos, o que corresponde a aproximadamente 10% da popula\u00e7\u00e3o do pa\u00eds. A maioria (6,5 milh\u00f5es) tem entre 60 e 64 anos. Belo Horizonte, Salvador, S\u00e3o Paulo e Rio de Janeiro s\u00e3o as capitais com maior n\u00famero de idosos. Proje\u00e7\u00f5es da Organiza\u00e7\u00e3o das Na\u00e7\u00f5es Unidas (ONU) indicam que o Brasil ter\u00e1, em 2050, 22,5% da popula\u00e7\u00e3o com mais de 65 anos.<\/p>\n<p>O Estatuto do Idoso prev\u00ea v\u00e1rias pol\u00edticas p\u00fablicas de valoriza\u00e7\u00e3o dos idosos. No entanto, a professora da UnB entende que elas n\u00e3o est\u00e3o sendo cumpridas integralmente. Al\u00e9m disso, Vera L\u00facia defende que toda sociedade esteja atenta ao envelhecimento populacional. \u201cAinda n\u00e3o estamos preparados para o envelhecimento da popula\u00e7\u00e3o.\u201d Para a psic\u00f3loga , \u00e9 preciso que haja uma mudan\u00e7a de postura no pa\u00eds em rela\u00e7\u00e3o a esse tema.<\/p>\n<p>O geriatra Einstein de Camargos, do Hospital Universit\u00e1rio da UnB, concorda com Vera L\u00facia. A estrutura familiar e social, assinala, n\u00e3o contempla a inclus\u00e3o dos idosos. \u201cQuem dava apoio [aos idosos] era a fam\u00edlia, mas essa estrutura se perdeu. Hoje, cada um est\u00e1 envolvido com a sua vida. Al\u00e9m disso, as cidades grandes n\u00e3o est\u00e3o adaptadas para um idoso.\u201d<\/p>\n<p>Embora as estat\u00edsticas indiquem o crescimento do n\u00famero de idosos e as fam\u00edlias estejam cada vez menos preparadas para conviver com eles, a procura por asilo no pa\u00eds \u00e9 pequena, observa Camargos. \u201cApenas 0,8% dos idosos vive em asilos no Brasil.\u201d De acordo ele, o governo n\u00e3o d\u00e1 o apoio a essas institui\u00e7\u00f5es nem fiscaliza suas atividades. \u201cA fiscaliza\u00e7\u00e3o praticamente n\u00e3o existe e a qualidade \u00e9 aqu\u00e9m do necess\u00e1rio.\u201d<\/p>\n<p>A professora aposentada Sonia Ferreira, 70 anos, teve uma amiga que passou mais de cinco anos em um asilo em Bras\u00edlia. Segundo ela, a amiga n\u00e3o era maltratada e acabou ficando doente. \u201cEla estava debilitada, a fam\u00edlia n\u00e3o cuidava dela. O neto, que era o \u00fanico parente vivo, a deixou no asilo, onde ficou l\u00e1 at\u00e9 morrer\u201d, contou Sonia, que vive com a fam\u00edlia.<\/p>\n<p>Um estudo do Instituto de Pesquisa Econ\u00f4mica Aplicada (Ipea), divulgado em maio deste ano, mostra que o n\u00famero de institui\u00e7\u00f5es p\u00fablicas que abrigam os idosos n\u00e3o acompanha o crescimento da terceira idade. O Brasil tem 3.548 asilos, mas apenas 218 s\u00e3o p\u00fablicos.<\/p>\n<p>Para Marcos Terra, diretor do Lar da 3\u00aa Idade Samaritanos, no munic\u00edpio goiano de \u00c1guas Lindas, os idosos sofrem abandono em todos as aspectos. Segundo ele, as institui\u00e7\u00f5es que abrigam idosos n\u00e3o recebem nenhum tipo de ajuda governamental. \u201cAl\u00e9m disso, h\u00e1 dificuldade da nova gera\u00e7\u00e3o em aceitar e lidar com o idoso. Faltam pol\u00edticas de conscientiza\u00e7\u00e3o da sociedade. Os que mais sofrem s\u00e3o as pessoas carentes.\u201d<\/p>\n<p>Fonte: <a href=\"http:\/\/agenciabrasil.ebc.com.br\/noticia\/2011-10-01\/brasil-nao-esta-preparado-para-envelhecimento-da-populacao\">Ag\u00eancia Brasil<\/a><\/p>\n","protected":false},"excerpt":{"rendered":"<p>Apesar das pol\u00edticas voltadas para essa camada da popula\u00e7\u00e3o, como o Estatuto do Idoso, a velocidade do envelhecimento tem superado a implementa\u00e7\u00e3o de a\u00e7\u00f5es para oferecer melhores condi\u00e7\u00f5es de vida \u00e0 terceira idade. Da Ag\u00eancia Brasil.<\/p>\n","protected":false},"author":1,"featured_media":0,"comment_status":"open","ping_status":"open","sticky":false,"template":"","format":"standard","meta":{"site-container-style":"default","site-container-layout":"default","site-sidebar-layout":"default","disable-article-header":"default","disable-site-header":"default","disable-site-footer":"default","disable-content-area-spacing":"default","footnotes":""},"categories":[11,4],"tags":[66],"class_list":["post-21247","post","type-post","status-publish","format-standard","hentry","category-direitos-humanos","category-noticias","tag-idosos"],"yoast_head":"<!-- This site is optimized with the Yoast SEO plugin v27.4 - https:\/\/yoast.com\/product\/yoast-seo-wordpress\/ -->\n<title>Brasil n\u00e3o est\u00e1 preparado para o envelhecimento da popula\u00e7\u00e3o -<\/title>\n<meta name=\"robots\" content=\"index, follow, max-snippet:-1, max-image-preview:large, max-video-preview:-1\" \/>\n<link rel=\"canonical\" href=\"https:\/\/inclusivenews.com.br\/?p=21247\" \/>\n<meta property=\"og:locale\" content=\"pt_PT\" \/>\n<meta property=\"og:type\" content=\"article\" \/>\n<meta property=\"og:title\" content=\"Brasil n\u00e3o est\u00e1 preparado para o envelhecimento da popula\u00e7\u00e3o -\" \/>\n<meta property=\"og:description\" content=\"Apesar das pol\u00edticas voltadas para essa camada da popula\u00e7\u00e3o, como o Estatuto do Idoso, a velocidade do envelhecimento tem superado a implementa\u00e7\u00e3o de a\u00e7\u00f5es para oferecer melhores condi\u00e7\u00f5es de vida \u00e0 terceira idade. Da Ag\u00eancia Brasil.\" \/>\n<meta property=\"og:url\" content=\"https:\/\/inclusivenews.com.br\/?p=21247\" \/>\n<meta property=\"article:publisher\" content=\"https:\/\/www.facebook.com\/agenciainclusive\/\" \/>\n<meta property=\"article:published_time\" content=\"2011-10-06T05:31:57+00:00\" \/>\n<meta property=\"og:image\" content=\"http:\/\/inclusivenews.com.br\/wp-content\/uploads\/idosos1.jpg\" \/>\n<meta name=\"author\" content=\"inclusivenews2024\" \/>\n<meta name=\"twitter:card\" content=\"summary_large_image\" \/>\n<meta name=\"twitter:label1\" content=\"Escrito por\" \/>\n\t<meta name=\"twitter:data1\" content=\"inclusivenews2024\" \/>\n\t<meta name=\"twitter:label2\" content=\"Tempo estimado de leitura\" \/>\n\t<meta name=\"twitter:data2\" content=\"5 minutos\" \/>\n<script type=\"application\/ld+json\" class=\"yoast-schema-graph\">{\"@context\":\"https:\\\/\\\/schema.org\",\"@graph\":[{\"@type\":\"Article\",\"@id\":\"https:\\\/\\\/inclusivenews.com.br\\\/?p=21247#article\",\"isPartOf\":{\"@id\":\"https:\\\/\\\/inclusivenews.com.br\\\/?p=21247\"},\"author\":{\"name\":\"inclusivenews2024\",\"@id\":\"https:\\\/\\\/inclusivenews.com.br\\\/#\\\/schema\\\/person\\\/ae4ec7087559b8692fb33b6fffd2273b\"},\"headline\":\"Brasil n\u00e3o est\u00e1 preparado para o envelhecimento da popula\u00e7\u00e3o\",\"datePublished\":\"2011-10-06T05:31:57+00:00\",\"mainEntityOfPage\":{\"@id\":\"https:\\\/\\\/inclusivenews.com.br\\\/?p=21247\"},\"wordCount\":978,\"commentCount\":0,\"publisher\":{\"@id\":\"https:\\\/\\\/inclusivenews.com.br\\\/#organization\"},\"image\":{\"@id\":\"https:\\\/\\\/inclusivenews.com.br\\\/?p=21247#primaryimage\"},\"thumbnailUrl\":\"http:\\\/\\\/inclusivenews.com.br\\\/wp-content\\\/uploads\\\/idosos1.jpg\",\"keywords\":[\"Idosos\"],\"articleSection\":[\"DIREITOS HUMANOS\",\"NOT\u00cdCIAS\"],\"inLanguage\":\"pt-PT\",\"potentialAction\":[{\"@type\":\"CommentAction\",\"name\":\"Comment\",\"target\":[\"https:\\\/\\\/inclusivenews.com.br\\\/?p=21247#respond\"]}]},{\"@type\":\"WebPage\",\"@id\":\"https:\\\/\\\/inclusivenews.com.br\\\/?p=21247\",\"url\":\"https:\\\/\\\/inclusivenews.com.br\\\/?p=21247\",\"name\":\"Brasil n\u00e3o est\u00e1 preparado para o envelhecimento da popula\u00e7\u00e3o -\",\"isPartOf\":{\"@id\":\"https:\\\/\\\/inclusivenews.com.br\\\/#website\"},\"primaryImageOfPage\":{\"@id\":\"https:\\\/\\\/inclusivenews.com.br\\\/?p=21247#primaryimage\"},\"image\":{\"@id\":\"https:\\\/\\\/inclusivenews.com.br\\\/?p=21247#primaryimage\"},\"thumbnailUrl\":\"http:\\\/\\\/inclusivenews.com.br\\\/wp-content\\\/uploads\\\/idosos1.jpg\",\"datePublished\":\"2011-10-06T05:31:57+00:00\",\"breadcrumb\":{\"@id\":\"https:\\\/\\\/inclusivenews.com.br\\\/?p=21247#breadcrumb\"},\"inLanguage\":\"pt-PT\",\"potentialAction\":[{\"@type\":\"ReadAction\",\"target\":[\"https:\\\/\\\/inclusivenews.com.br\\\/?p=21247\"]}]},{\"@type\":\"ImageObject\",\"inLanguage\":\"pt-PT\",\"@id\":\"https:\\\/\\\/inclusivenews.com.br\\\/?p=21247#primaryimage\",\"url\":\"\",\"contentUrl\":\"\"},{\"@type\":\"BreadcrumbList\",\"@id\":\"https:\\\/\\\/inclusivenews.com.br\\\/?p=21247#breadcrumb\",\"itemListElement\":[{\"@type\":\"ListItem\",\"position\":1,\"name\":\"In\u00edcio\",\"item\":\"https:\\\/\\\/inclusivenews.com.br\\\/\"},{\"@type\":\"ListItem\",\"position\":2,\"name\":\"Brasil n\u00e3o est\u00e1 preparado para o envelhecimento da popula\u00e7\u00e3o\"}]},{\"@type\":\"WebSite\",\"@id\":\"https:\\\/\\\/inclusivenews.com.br\\\/#website\",\"url\":\"https:\\\/\\\/inclusivenews.com.br\\\/\",\"name\":\"Inclusive News\",\"description\":\"Inclusive News\",\"publisher\":{\"@id\":\"https:\\\/\\\/inclusivenews.com.br\\\/#organization\"},\"potentialAction\":[{\"@type\":\"SearchAction\",\"target\":{\"@type\":\"EntryPoint\",\"urlTemplate\":\"https:\\\/\\\/inclusivenews.com.br\\\/?s={search_term_string}\"},\"query-input\":{\"@type\":\"PropertyValueSpecification\",\"valueRequired\":true,\"valueName\":\"search_term_string\"}}],\"inLanguage\":\"pt-PT\"},{\"@type\":\"Organization\",\"@id\":\"https:\\\/\\\/inclusivenews.com.br\\\/#organization\",\"name\":\"Inclusive - inclus\u00e3o e cidadania\",\"url\":\"https:\\\/\\\/inclusivenews.com.br\\\/\",\"logo\":{\"@type\":\"ImageObject\",\"inLanguage\":\"pt-PT\",\"@id\":\"https:\\\/\\\/inclusivenews.com.br\\\/#\\\/schema\\\/logo\\\/image\\\/\",\"url\":\"https:\\\/\\\/inclusivenews.com.br\\\/wp-content\\\/uploads\\\/2024\\\/03\\\/@grandesite.png\",\"contentUrl\":\"https:\\\/\\\/inclusivenews.com.br\\\/wp-content\\\/uploads\\\/2024\\\/03\\\/@grandesite.png\",\"width\":1080,\"height\":1080,\"caption\":\"Inclusive - inclus\u00e3o e cidadania\"},\"image\":{\"@id\":\"https:\\\/\\\/inclusivenews.com.br\\\/#\\\/schema\\\/logo\\\/image\\\/\"},\"sameAs\":[\"https:\\\/\\\/www.facebook.com\\\/agenciainclusive\\\/\",\"https:\\\/\\\/www.instagram.com\\\/newsinclusive\\\/\"]},{\"@type\":\"Person\",\"@id\":\"https:\\\/\\\/inclusivenews.com.br\\\/#\\\/schema\\\/person\\\/ae4ec7087559b8692fb33b6fffd2273b\",\"name\":\"inclusivenews2024\",\"image\":{\"@type\":\"ImageObject\",\"inLanguage\":\"pt-PT\",\"@id\":\"https:\\\/\\\/secure.gravatar.com\\\/avatar\\\/c5a7ef84c66fa914f55bc4f7ce26cfa275a3b9a1c5568b907bd184fb4dde7b40?s=96&d=mm&r=g\",\"url\":\"https:\\\/\\\/secure.gravatar.com\\\/avatar\\\/c5a7ef84c66fa914f55bc4f7ce26cfa275a3b9a1c5568b907bd184fb4dde7b40?s=96&d=mm&r=g\",\"contentUrl\":\"https:\\\/\\\/secure.gravatar.com\\\/avatar\\\/c5a7ef84c66fa914f55bc4f7ce26cfa275a3b9a1c5568b907bd184fb4dde7b40?s=96&d=mm&r=g\",\"caption\":\"inclusivenews2024\"},\"sameAs\":[\"https:\\\/\\\/inclusivenews.com.br\"],\"url\":\"https:\\\/\\\/inclusivenews.com.br\\\/?author=1\"}]}<\/script>\n<!-- \/ Yoast SEO plugin. -->","yoast_head_json":{"title":"Brasil n\u00e3o est\u00e1 preparado para o envelhecimento da popula\u00e7\u00e3o -","robots":{"index":"index","follow":"follow","max-snippet":"max-snippet:-1","max-image-preview":"max-image-preview:large","max-video-preview":"max-video-preview:-1"},"canonical":"https:\/\/inclusivenews.com.br\/?p=21247","og_locale":"pt_PT","og_type":"article","og_title":"Brasil n\u00e3o est\u00e1 preparado para o envelhecimento da popula\u00e7\u00e3o -","og_description":"Apesar das pol\u00edticas voltadas para essa camada da popula\u00e7\u00e3o, como o Estatuto do Idoso, a velocidade do envelhecimento tem superado a implementa\u00e7\u00e3o de a\u00e7\u00f5es para oferecer melhores condi\u00e7\u00f5es de vida \u00e0 terceira idade. Da Ag\u00eancia Brasil.","og_url":"https:\/\/inclusivenews.com.br\/?p=21247","article_publisher":"https:\/\/www.facebook.com\/agenciainclusive\/","article_published_time":"2011-10-06T05:31:57+00:00","og_image":[{"url":"http:\/\/inclusivenews.com.br\/wp-content\/uploads\/idosos1.jpg","type":"","width":"","height":""}],"author":"inclusivenews2024","twitter_card":"summary_large_image","twitter_misc":{"Escrito por":"inclusivenews2024","Tempo estimado de leitura":"5 minutos"},"schema":{"@context":"https:\/\/schema.org","@graph":[{"@type":"Article","@id":"https:\/\/inclusivenews.com.br\/?p=21247#article","isPartOf":{"@id":"https:\/\/inclusivenews.com.br\/?p=21247"},"author":{"name":"inclusivenews2024","@id":"https:\/\/inclusivenews.com.br\/#\/schema\/person\/ae4ec7087559b8692fb33b6fffd2273b"},"headline":"Brasil n\u00e3o est\u00e1 preparado para o envelhecimento da popula\u00e7\u00e3o","datePublished":"2011-10-06T05:31:57+00:00","mainEntityOfPage":{"@id":"https:\/\/inclusivenews.com.br\/?p=21247"},"wordCount":978,"commentCount":0,"publisher":{"@id":"https:\/\/inclusivenews.com.br\/#organization"},"image":{"@id":"https:\/\/inclusivenews.com.br\/?p=21247#primaryimage"},"thumbnailUrl":"http:\/\/inclusivenews.com.br\/wp-content\/uploads\/idosos1.jpg","keywords":["Idosos"],"articleSection":["DIREITOS HUMANOS","NOT\u00cdCIAS"],"inLanguage":"pt-PT","potentialAction":[{"@type":"CommentAction","name":"Comment","target":["https:\/\/inclusivenews.com.br\/?p=21247#respond"]}]},{"@type":"WebPage","@id":"https:\/\/inclusivenews.com.br\/?p=21247","url":"https:\/\/inclusivenews.com.br\/?p=21247","name":"Brasil n\u00e3o est\u00e1 preparado para o envelhecimento da popula\u00e7\u00e3o -","isPartOf":{"@id":"https:\/\/inclusivenews.com.br\/#website"},"primaryImageOfPage":{"@id":"https:\/\/inclusivenews.com.br\/?p=21247#primaryimage"},"image":{"@id":"https:\/\/inclusivenews.com.br\/?p=21247#primaryimage"},"thumbnailUrl":"http:\/\/inclusivenews.com.br\/wp-content\/uploads\/idosos1.jpg","datePublished":"2011-10-06T05:31:57+00:00","breadcrumb":{"@id":"https:\/\/inclusivenews.com.br\/?p=21247#breadcrumb"},"inLanguage":"pt-PT","potentialAction":[{"@type":"ReadAction","target":["https:\/\/inclusivenews.com.br\/?p=21247"]}]},{"@type":"ImageObject","inLanguage":"pt-PT","@id":"https:\/\/inclusivenews.com.br\/?p=21247#primaryimage","url":"","contentUrl":""},{"@type":"BreadcrumbList","@id":"https:\/\/inclusivenews.com.br\/?p=21247#breadcrumb","itemListElement":[{"@type":"ListItem","position":1,"name":"In\u00edcio","item":"https:\/\/inclusivenews.com.br\/"},{"@type":"ListItem","position":2,"name":"Brasil n\u00e3o est\u00e1 preparado para o envelhecimento da popula\u00e7\u00e3o"}]},{"@type":"WebSite","@id":"https:\/\/inclusivenews.com.br\/#website","url":"https:\/\/inclusivenews.com.br\/","name":"Inclusive News","description":"Inclusive News","publisher":{"@id":"https:\/\/inclusivenews.com.br\/#organization"},"potentialAction":[{"@type":"SearchAction","target":{"@type":"EntryPoint","urlTemplate":"https:\/\/inclusivenews.com.br\/?s={search_term_string}"},"query-input":{"@type":"PropertyValueSpecification","valueRequired":true,"valueName":"search_term_string"}}],"inLanguage":"pt-PT"},{"@type":"Organization","@id":"https:\/\/inclusivenews.com.br\/#organization","name":"Inclusive - inclus\u00e3o e cidadania","url":"https:\/\/inclusivenews.com.br\/","logo":{"@type":"ImageObject","inLanguage":"pt-PT","@id":"https:\/\/inclusivenews.com.br\/#\/schema\/logo\/image\/","url":"https:\/\/inclusivenews.com.br\/wp-content\/uploads\/2024\/03\/@grandesite.png","contentUrl":"https:\/\/inclusivenews.com.br\/wp-content\/uploads\/2024\/03\/@grandesite.png","width":1080,"height":1080,"caption":"Inclusive - inclus\u00e3o e cidadania"},"image":{"@id":"https:\/\/inclusivenews.com.br\/#\/schema\/logo\/image\/"},"sameAs":["https:\/\/www.facebook.com\/agenciainclusive\/","https:\/\/www.instagram.com\/newsinclusive\/"]},{"@type":"Person","@id":"https:\/\/inclusivenews.com.br\/#\/schema\/person\/ae4ec7087559b8692fb33b6fffd2273b","name":"inclusivenews2024","image":{"@type":"ImageObject","inLanguage":"pt-PT","@id":"https:\/\/secure.gravatar.com\/avatar\/c5a7ef84c66fa914f55bc4f7ce26cfa275a3b9a1c5568b907bd184fb4dde7b40?s=96&d=mm&r=g","url":"https:\/\/secure.gravatar.com\/avatar\/c5a7ef84c66fa914f55bc4f7ce26cfa275a3b9a1c5568b907bd184fb4dde7b40?s=96&d=mm&r=g","contentUrl":"https:\/\/secure.gravatar.com\/avatar\/c5a7ef84c66fa914f55bc4f7ce26cfa275a3b9a1c5568b907bd184fb4dde7b40?s=96&d=mm&r=g","caption":"inclusivenews2024"},"sameAs":["https:\/\/inclusivenews.com.br"],"url":"https:\/\/inclusivenews.com.br\/?author=1"}]}},"_links":{"self":[{"href":"https:\/\/inclusivenews.com.br\/index.php?rest_route=\/wp\/v2\/posts\/21247","targetHints":{"allow":["GET"]}}],"collection":[{"href":"https:\/\/inclusivenews.com.br\/index.php?rest_route=\/wp\/v2\/posts"}],"about":[{"href":"https:\/\/inclusivenews.com.br\/index.php?rest_route=\/wp\/v2\/types\/post"}],"author":[{"embeddable":true,"href":"https:\/\/inclusivenews.com.br\/index.php?rest_route=\/wp\/v2\/users\/1"}],"replies":[{"embeddable":true,"href":"https:\/\/inclusivenews.com.br\/index.php?rest_route=%2Fwp%2Fv2%2Fcomments&post=21247"}],"version-history":[{"count":0,"href":"https:\/\/inclusivenews.com.br\/index.php?rest_route=\/wp\/v2\/posts\/21247\/revisions"}],"wp:attachment":[{"href":"https:\/\/inclusivenews.com.br\/index.php?rest_route=%2Fwp%2Fv2%2Fmedia&parent=21247"}],"wp:term":[{"taxonomy":"category","embeddable":true,"href":"https:\/\/inclusivenews.com.br\/index.php?rest_route=%2Fwp%2Fv2%2Fcategories&post=21247"},{"taxonomy":"post_tag","embeddable":true,"href":"https:\/\/inclusivenews.com.br\/index.php?rest_route=%2Fwp%2Fv2%2Ftags&post=21247"}],"curies":[{"name":"wp","href":"https:\/\/api.w.org\/{rel}","templated":true}]}}