{"id":21250,"date":"2011-10-06T02:31:22","date_gmt":"2011-10-06T05:31:22","guid":{"rendered":"http:\/\/www.inclusive.org.br\/?p=21250"},"modified":"2011-10-06T02:31:22","modified_gmt":"2011-10-06T05:31:22","slug":"apae-de-sp-lanca-revista-sobre-deficiencia-intelectual","status":"publish","type":"post","link":"https:\/\/inclusivenews.com.br\/?p=21250","title":{"rendered":"APAE de SP lan\u00e7a revista sobre defici\u00eancia intelectual"},"content":{"rendered":"<p><img loading=\"lazy\" decoding=\"async\" class=\"alignleft\" title=\"APAE de S\u00e3o Paulo\" src=\"http:\/\/www.perspectivabrasil.com.br\/wp-content\/uploads\/2010\/09\/APAE1.jpg\" alt=\"APAE de S\u00e3o Paulo\" width=\"210\" height=\"161\" \/>A APAE DE S\u00c3O PAULO lan\u00e7a na pr\u00f3xima segunda-feira, 10 de outubro, \u00e0s 19h30, a Revista DI, sobre defici\u00eancia intelectual. O coquetel de lan\u00e7amento acontece na livraria Fnac da Avenida Paulista, reunindo 300 convidados, diretoria, conselhos e parceiros da Organiza\u00e7\u00e3o.<\/p>\n<p>Gratuita, com 48 p\u00e1ginas, periodicidade semestral e tiragem de 20 mil exemplares, a Revista DI tem linguagem simples e acess\u00edvel. A proposta \u00e9 apresentar um panorama da defici\u00eancia de forma compreens\u00edvel para a popula\u00e7\u00e3o. A distribui\u00e7\u00e3o ser\u00e1 feita para t\u00e9cnicos e fam\u00edlias relacionadas \u00e0s 2.200 APAEs do Brasil, institui\u00e7\u00f5es cong\u00eaneres, profissionais das \u00e1reas de sa\u00fade e educa\u00e7\u00e3o, pessoas que trabalham ou desejam trabalhar com Defici\u00eancia Intelectual e \u00e0 sociedade em geral.<\/p>\n<p>Produzida pelo Instituto APAE DE S\u00c3O PAULO em parceria com a editora Zeppelini, na sua primeira edi\u00e7\u00e3o, a publica\u00e7\u00e3o apresenta um apanhado dos 50 anos da APAE DE S\u00c3O PAULO, na forma de entrevistas e artigos sobre diversos aspectos da Defici\u00eancia Intelectual. O objetivo \u00e9 dar mais visibilidade a assuntos relacionados ao tema, em artigos sobre aspectos biol\u00f3gicos, causas ambientais, impacto da atividade f\u00edsica, envelhecimento e garantia dos direitos da pessoa com Defici\u00eancia Intelectual.  A revista tamb\u00e9m traz informa\u00e7\u00f5es de interesse e curiosidades, sugest\u00f5es de leitura e indica\u00e7\u00f5es de eventos. Entre projeto e produ\u00e7\u00e3o, o novo ve\u00edculo de comunica\u00e7\u00e3o levou oito meses para ser finalizado e envolveu uma equipe de 15 pessoas.<\/p>\n<p>\u201cDiferentemente das demais defici\u00eancias, a intelectual \u00e9 pouco conhecida pela sociedade. Por isso, ainda h\u00e1 muito preconceito e exclus\u00e3o causados pelo desconhecimento dessa defici\u00eancia, sua caracteriza\u00e7\u00e3o e da real condi\u00e7\u00e3o de quem a possui\u201d, observa o Dr. Esper Cavalheiro, presidente do Conselho Cient\u00edfico do Instituto APAE de S\u00e3o Paulo. Segundo ele, a revista dever\u00e1 cumprir um papel social importante, promovendo a inclus\u00e3o e a melhoria da qualidade de vida da pessoa com defici\u00eancia.<\/p>\n<p>Entenda o que \u00e9 Defici\u00eancia Intelectual<\/p>\n<p>A Defici\u00eancia Intelectual, segundo a Associa\u00e7\u00e3o Americana sobre Defici\u00eancia Intelectual do Desenvolvimento (AAIDD), caracteriza-se por limita\u00e7\u00f5es significativas no funcionamento intelectual e no comportamento adaptativo, expresso nas habilidades pr\u00e1ticas, sociais e conceituais, originando-se antes dos 18 anos de idade.<\/p>\n<p>No dia a dia, isso significa que a pessoa com Defici\u00eancia Intelectual tem dificuldade para aprender, entender e realizar atividades comuns para as outras pessoas. Muitas vezes, essa pessoa se comporta como se tivesse menos idade do que realmente tem. A Defici\u00eancia Intelectual \u00e9 resultado, quase sempre, de uma altera\u00e7\u00e3o no desempenho cerebral, provocada por fatores gen\u00e9ticos, dist\u00farbios na gesta\u00e7\u00e3o, problemas no parto ou na vida ap\u00f3s o nascimento. Um dos maiores desafios enfrentados pelos pesquisadores da \u00e1rea \u00e9 que em grande parte dos casos estudados essa altera\u00e7\u00e3o n\u00e3o tem uma causa conhecida ou identificada.<\/p>\n<p>Direitos e Benef\u00edcios<\/p>\n<p>A pessoa com Defici\u00eancia Intelectual tem os mesmos direitos que todos os outros cidad\u00e3os, assegurados pela Constitui\u00e7\u00e3o Federal do nosso pa\u00eds: direito \u00e0 vida, liberdade, igualdade, n\u00e3o discrimina\u00e7\u00e3o, seguran\u00e7a, propriedade, educa\u00e7\u00e3o, sa\u00fade, trabalho, moradia, lazer, previd\u00eancia e assist\u00eancia social, entre outros.  E tamb\u00e9m alguns direitos espec\u00edficos, que s\u00e3o fundamentais para garantir as diferencia\u00e7\u00f5es necess\u00e1rias para que tenham as mesmas oportunidades que qualquer outra pessoa. Esses direitos dizem respeito a reserva de vagas para pessoas com defici\u00eancia nas empresas que tem acima de 100 funcion\u00e1rios; gratuidade no sistema de transporte p\u00fablico municipal e intermunicipal, inclusive para o acompanhante; entre outros.<\/p>\n<p>Sobre a APAE DE S\u00c3O PAULO<\/p>\n<p>A APAE DE S\u00c3O PAULO \u00e9 uma Organiza\u00e7\u00e3o da sociedade civil sem fins lucrativos, refer\u00eancia na preven\u00e7\u00e3o e na melhor qualidade de vida da pessoa com Defici\u00eancia Intelectual. H\u00e1 50 anos, atua em todas as fases da vida, da inf\u00e2ncia ao processo de envelhecimento.  Pioneira em introduzir o Teste do Pezinho no Brasil, a Organiza\u00e7\u00e3o possui o maior laborat\u00f3rio do Pa\u00eds especializado na \u00e1rea e credenciado pelo Minist\u00e9rio da Sa\u00fade como Servi\u00e7o de Refer\u00eancia em Triagem Neonatal. Desde a implementa\u00e7\u00e3o do exame, j\u00e1 foram realizados mais de 13 milh\u00f5es de testes em beb\u00eas brasileiros.<\/p>\n<p>Ainda como preven\u00e7\u00e3o da Defici\u00eancia Intelectual, a Organiza\u00e7\u00e3o promove e ap\u00f3ia pesquisas, investe em desenvolvimento tecnol\u00f3gico, produz e difunde conhecimento cient\u00edfico. Al\u00e9m disso, promove a inclus\u00e3o social da pessoa com Defici\u00eancia Intelectual estimulando o desenvolvimento de habilidades e potencialidades que favore\u00e7am e escolaridade e a vida produtiva laboral, bem como, oferecendo atendimento jur\u00eddico aos atendidos e familiares acerca dos direitos e deveres da pessoa com defici\u00eancia. Para conhecer mais sobre a APAE DE S\u00c3O PAULO, acesse o site www.apaesp.org.br, ou entre contato por email atendimento@apaesp.org.br  ou por telefone, no n\u00famero (11) 5080-7123.<\/p>\n<p>Sobre o Instituto APAE DE S\u00c3O PAULO<\/p>\n<p>O Instituto dedica-se \u00e0 pesquisa e dissemina\u00e7\u00e3o dos conhecimentos voltados para o bem estar e inclus\u00e3o das pessoas com Defici\u00eancia Intelectual. Para isso, a Organiza\u00e7\u00e3o fomenta pesquisas, investe em desenvolvimentos tecnol\u00f3gicos, produz e difunde conhecimento cient\u00edfico, visando \u00e0 preven\u00e7\u00e3o da defici\u00eancia intelectual e o tratamento de doen\u00e7as relacionadas. Tudo isso \u00e9 poss\u00edvel gra\u00e7as a uma forte estrutura composta por profissionais qualificados e equipamentos de \u00faltima gera\u00e7\u00e3o.<\/p>\n","protected":false},"excerpt":{"rendered":"<p>Gratuita, com 48 p\u00e1ginas, periodicidade semestral e tiragem de 20 mil exemplares, a Revista DI tem linguagem simples e acess\u00edvel. A proposta \u00e9 apresentar um panorama da defici\u00eancia de forma compreens\u00edvel para a popula\u00e7\u00e3o.<\/p>\n","protected":false},"author":1,"featured_media":0,"comment_status":"open","ping_status":"open","sticky":false,"template":"","format":"standard","meta":{"site-container-style":"default","site-container-layout":"default","site-sidebar-layout":"default","disable-article-header":"default","disable-site-header":"default","disable-site-footer":"default","disable-content-area-spacing":"default","footnotes":""},"categories":[50,4,10,80],"tags":[],"class_list":["post-21250","post","type-post","status-publish","format-standard","hentry","category-lancamentos","category-noticias","category-publicacoes","category-revistas"],"yoast_head":"<!-- This site is optimized with the Yoast SEO plugin v27.4 - https:\/\/yoast.com\/product\/yoast-seo-wordpress\/ -->\n<title>APAE de SP lan\u00e7a revista sobre defici\u00eancia intelectual -<\/title>\n<meta name=\"robots\" content=\"index, follow, max-snippet:-1, max-image-preview:large, max-video-preview:-1\" \/>\n<link rel=\"canonical\" href=\"https:\/\/inclusivenews.com.br\/?p=21250\" \/>\n<meta property=\"og:locale\" content=\"pt_PT\" \/>\n<meta property=\"og:type\" content=\"article\" \/>\n<meta property=\"og:title\" content=\"APAE de SP lan\u00e7a revista sobre defici\u00eancia intelectual -\" \/>\n<meta property=\"og:description\" content=\"Gratuita, com 48 p\u00e1ginas, periodicidade semestral e tiragem de 20 mil exemplares, a Revista DI tem linguagem simples e acess\u00edvel. A proposta \u00e9 apresentar um panorama da defici\u00eancia de forma compreens\u00edvel para a popula\u00e7\u00e3o.\" \/>\n<meta property=\"og:url\" content=\"https:\/\/inclusivenews.com.br\/?p=21250\" \/>\n<meta property=\"article:publisher\" content=\"https:\/\/www.facebook.com\/agenciainclusive\/\" \/>\n<meta property=\"article:published_time\" content=\"2011-10-06T05:31:22+00:00\" \/>\n<meta property=\"og:image\" content=\"http:\/\/www.perspectivabrasil.com.br\/wp-content\/uploads\/2010\/09\/APAE1.jpg\" \/>\n<meta name=\"author\" content=\"inclusivenews2024\" \/>\n<meta name=\"twitter:card\" content=\"summary_large_image\" \/>\n<meta name=\"twitter:label1\" content=\"Escrito por\" \/>\n\t<meta name=\"twitter:data1\" content=\"inclusivenews2024\" \/>\n\t<meta name=\"twitter:label2\" content=\"Tempo estimado de leitura\" \/>\n\t<meta name=\"twitter:data2\" content=\"5 minutos\" \/>\n<script type=\"application\/ld+json\" class=\"yoast-schema-graph\">{\"@context\":\"https:\\\/\\\/schema.org\",\"@graph\":[{\"@type\":\"Article\",\"@id\":\"https:\\\/\\\/inclusivenews.com.br\\\/?p=21250#article\",\"isPartOf\":{\"@id\":\"https:\\\/\\\/inclusivenews.com.br\\\/?p=21250\"},\"author\":{\"name\":\"inclusivenews2024\",\"@id\":\"https:\\\/\\\/inclusivenews.com.br\\\/#\\\/schema\\\/person\\\/ae4ec7087559b8692fb33b6fffd2273b\"},\"headline\":\"APAE de SP lan\u00e7a revista sobre defici\u00eancia intelectual\",\"datePublished\":\"2011-10-06T05:31:22+00:00\",\"mainEntityOfPage\":{\"@id\":\"https:\\\/\\\/inclusivenews.com.br\\\/?p=21250\"},\"wordCount\":916,\"commentCount\":9,\"publisher\":{\"@id\":\"https:\\\/\\\/inclusivenews.com.br\\\/#organization\"},\"image\":{\"@id\":\"https:\\\/\\\/inclusivenews.com.br\\\/?p=21250#primaryimage\"},\"thumbnailUrl\":\"http:\\\/\\\/www.perspectivabrasil.com.br\\\/wp-content\\\/uploads\\\/2010\\\/09\\\/APAE1.jpg\",\"articleSection\":[\"Lan\u00e7amentos\",\"NOT\u00cdCIAS\",\"PUBLICA\u00c7\u00d5ES\",\"Revistas\"],\"inLanguage\":\"pt-PT\",\"potentialAction\":[{\"@type\":\"CommentAction\",\"name\":\"Comment\",\"target\":[\"https:\\\/\\\/inclusivenews.com.br\\\/?p=21250#respond\"]}]},{\"@type\":\"WebPage\",\"@id\":\"https:\\\/\\\/inclusivenews.com.br\\\/?p=21250\",\"url\":\"https:\\\/\\\/inclusivenews.com.br\\\/?p=21250\",\"name\":\"APAE de SP lan\u00e7a revista sobre defici\u00eancia intelectual -\",\"isPartOf\":{\"@id\":\"https:\\\/\\\/inclusivenews.com.br\\\/#website\"},\"primaryImageOfPage\":{\"@id\":\"https:\\\/\\\/inclusivenews.com.br\\\/?p=21250#primaryimage\"},\"image\":{\"@id\":\"https:\\\/\\\/inclusivenews.com.br\\\/?p=21250#primaryimage\"},\"thumbnailUrl\":\"http:\\\/\\\/www.perspectivabrasil.com.br\\\/wp-content\\\/uploads\\\/2010\\\/09\\\/APAE1.jpg\",\"datePublished\":\"2011-10-06T05:31:22+00:00\",\"breadcrumb\":{\"@id\":\"https:\\\/\\\/inclusivenews.com.br\\\/?p=21250#breadcrumb\"},\"inLanguage\":\"pt-PT\",\"potentialAction\":[{\"@type\":\"ReadAction\",\"target\":[\"https:\\\/\\\/inclusivenews.com.br\\\/?p=21250\"]}]},{\"@type\":\"ImageObject\",\"inLanguage\":\"pt-PT\",\"@id\":\"https:\\\/\\\/inclusivenews.com.br\\\/?p=21250#primaryimage\",\"url\":\"http:\\\/\\\/www.perspectivabrasil.com.br\\\/wp-content\\\/uploads\\\/2010\\\/09\\\/APAE1.jpg\",\"contentUrl\":\"http:\\\/\\\/www.perspectivabrasil.com.br\\\/wp-content\\\/uploads\\\/2010\\\/09\\\/APAE1.jpg\"},{\"@type\":\"BreadcrumbList\",\"@id\":\"https:\\\/\\\/inclusivenews.com.br\\\/?p=21250#breadcrumb\",\"itemListElement\":[{\"@type\":\"ListItem\",\"position\":1,\"name\":\"In\u00edcio\",\"item\":\"https:\\\/\\\/inclusivenews.com.br\\\/\"},{\"@type\":\"ListItem\",\"position\":2,\"name\":\"APAE de SP lan\u00e7a revista sobre defici\u00eancia intelectual\"}]},{\"@type\":\"WebSite\",\"@id\":\"https:\\\/\\\/inclusivenews.com.br\\\/#website\",\"url\":\"https:\\\/\\\/inclusivenews.com.br\\\/\",\"name\":\"Inclusive News\",\"description\":\"Inclusive News\",\"publisher\":{\"@id\":\"https:\\\/\\\/inclusivenews.com.br\\\/#organization\"},\"potentialAction\":[{\"@type\":\"SearchAction\",\"target\":{\"@type\":\"EntryPoint\",\"urlTemplate\":\"https:\\\/\\\/inclusivenews.com.br\\\/?s={search_term_string}\"},\"query-input\":{\"@type\":\"PropertyValueSpecification\",\"valueRequired\":true,\"valueName\":\"search_term_string\"}}],\"inLanguage\":\"pt-PT\"},{\"@type\":\"Organization\",\"@id\":\"https:\\\/\\\/inclusivenews.com.br\\\/#organization\",\"name\":\"Inclusive - inclus\u00e3o e cidadania\",\"url\":\"https:\\\/\\\/inclusivenews.com.br\\\/\",\"logo\":{\"@type\":\"ImageObject\",\"inLanguage\":\"pt-PT\",\"@id\":\"https:\\\/\\\/inclusivenews.com.br\\\/#\\\/schema\\\/logo\\\/image\\\/\",\"url\":\"https:\\\/\\\/inclusivenews.com.br\\\/wp-content\\\/uploads\\\/2024\\\/03\\\/@grandesite.png\",\"contentUrl\":\"https:\\\/\\\/inclusivenews.com.br\\\/wp-content\\\/uploads\\\/2024\\\/03\\\/@grandesite.png\",\"width\":1080,\"height\":1080,\"caption\":\"Inclusive - inclus\u00e3o e cidadania\"},\"image\":{\"@id\":\"https:\\\/\\\/inclusivenews.com.br\\\/#\\\/schema\\\/logo\\\/image\\\/\"},\"sameAs\":[\"https:\\\/\\\/www.facebook.com\\\/agenciainclusive\\\/\",\"https:\\\/\\\/www.instagram.com\\\/newsinclusive\\\/\"]},{\"@type\":\"Person\",\"@id\":\"https:\\\/\\\/inclusivenews.com.br\\\/#\\\/schema\\\/person\\\/ae4ec7087559b8692fb33b6fffd2273b\",\"name\":\"inclusivenews2024\",\"image\":{\"@type\":\"ImageObject\",\"inLanguage\":\"pt-PT\",\"@id\":\"https:\\\/\\\/secure.gravatar.com\\\/avatar\\\/c5a7ef84c66fa914f55bc4f7ce26cfa275a3b9a1c5568b907bd184fb4dde7b40?s=96&d=mm&r=g\",\"url\":\"https:\\\/\\\/secure.gravatar.com\\\/avatar\\\/c5a7ef84c66fa914f55bc4f7ce26cfa275a3b9a1c5568b907bd184fb4dde7b40?s=96&d=mm&r=g\",\"contentUrl\":\"https:\\\/\\\/secure.gravatar.com\\\/avatar\\\/c5a7ef84c66fa914f55bc4f7ce26cfa275a3b9a1c5568b907bd184fb4dde7b40?s=96&d=mm&r=g\",\"caption\":\"inclusivenews2024\"},\"sameAs\":[\"https:\\\/\\\/inclusivenews.com.br\"],\"url\":\"https:\\\/\\\/inclusivenews.com.br\\\/?author=1\"}]}<\/script>\n<!-- \/ Yoast SEO plugin. -->","yoast_head_json":{"title":"APAE de SP lan\u00e7a revista sobre defici\u00eancia intelectual -","robots":{"index":"index","follow":"follow","max-snippet":"max-snippet:-1","max-image-preview":"max-image-preview:large","max-video-preview":"max-video-preview:-1"},"canonical":"https:\/\/inclusivenews.com.br\/?p=21250","og_locale":"pt_PT","og_type":"article","og_title":"APAE de SP lan\u00e7a revista sobre defici\u00eancia intelectual -","og_description":"Gratuita, com 48 p\u00e1ginas, periodicidade semestral e tiragem de 20 mil exemplares, a Revista DI tem linguagem simples e acess\u00edvel. A proposta \u00e9 apresentar um panorama da defici\u00eancia de forma compreens\u00edvel para a popula\u00e7\u00e3o.","og_url":"https:\/\/inclusivenews.com.br\/?p=21250","article_publisher":"https:\/\/www.facebook.com\/agenciainclusive\/","article_published_time":"2011-10-06T05:31:22+00:00","og_image":[{"url":"http:\/\/www.perspectivabrasil.com.br\/wp-content\/uploads\/2010\/09\/APAE1.jpg","type":"","width":"","height":""}],"author":"inclusivenews2024","twitter_card":"summary_large_image","twitter_misc":{"Escrito por":"inclusivenews2024","Tempo estimado de leitura":"5 minutos"},"schema":{"@context":"https:\/\/schema.org","@graph":[{"@type":"Article","@id":"https:\/\/inclusivenews.com.br\/?p=21250#article","isPartOf":{"@id":"https:\/\/inclusivenews.com.br\/?p=21250"},"author":{"name":"inclusivenews2024","@id":"https:\/\/inclusivenews.com.br\/#\/schema\/person\/ae4ec7087559b8692fb33b6fffd2273b"},"headline":"APAE de SP lan\u00e7a revista sobre defici\u00eancia intelectual","datePublished":"2011-10-06T05:31:22+00:00","mainEntityOfPage":{"@id":"https:\/\/inclusivenews.com.br\/?p=21250"},"wordCount":916,"commentCount":9,"publisher":{"@id":"https:\/\/inclusivenews.com.br\/#organization"},"image":{"@id":"https:\/\/inclusivenews.com.br\/?p=21250#primaryimage"},"thumbnailUrl":"http:\/\/www.perspectivabrasil.com.br\/wp-content\/uploads\/2010\/09\/APAE1.jpg","articleSection":["Lan\u00e7amentos","NOT\u00cdCIAS","PUBLICA\u00c7\u00d5ES","Revistas"],"inLanguage":"pt-PT","potentialAction":[{"@type":"CommentAction","name":"Comment","target":["https:\/\/inclusivenews.com.br\/?p=21250#respond"]}]},{"@type":"WebPage","@id":"https:\/\/inclusivenews.com.br\/?p=21250","url":"https:\/\/inclusivenews.com.br\/?p=21250","name":"APAE de SP lan\u00e7a revista sobre defici\u00eancia intelectual -","isPartOf":{"@id":"https:\/\/inclusivenews.com.br\/#website"},"primaryImageOfPage":{"@id":"https:\/\/inclusivenews.com.br\/?p=21250#primaryimage"},"image":{"@id":"https:\/\/inclusivenews.com.br\/?p=21250#primaryimage"},"thumbnailUrl":"http:\/\/www.perspectivabrasil.com.br\/wp-content\/uploads\/2010\/09\/APAE1.jpg","datePublished":"2011-10-06T05:31:22+00:00","breadcrumb":{"@id":"https:\/\/inclusivenews.com.br\/?p=21250#breadcrumb"},"inLanguage":"pt-PT","potentialAction":[{"@type":"ReadAction","target":["https:\/\/inclusivenews.com.br\/?p=21250"]}]},{"@type":"ImageObject","inLanguage":"pt-PT","@id":"https:\/\/inclusivenews.com.br\/?p=21250#primaryimage","url":"http:\/\/www.perspectivabrasil.com.br\/wp-content\/uploads\/2010\/09\/APAE1.jpg","contentUrl":"http:\/\/www.perspectivabrasil.com.br\/wp-content\/uploads\/2010\/09\/APAE1.jpg"},{"@type":"BreadcrumbList","@id":"https:\/\/inclusivenews.com.br\/?p=21250#breadcrumb","itemListElement":[{"@type":"ListItem","position":1,"name":"In\u00edcio","item":"https:\/\/inclusivenews.com.br\/"},{"@type":"ListItem","position":2,"name":"APAE de SP lan\u00e7a revista sobre defici\u00eancia intelectual"}]},{"@type":"WebSite","@id":"https:\/\/inclusivenews.com.br\/#website","url":"https:\/\/inclusivenews.com.br\/","name":"Inclusive News","description":"Inclusive News","publisher":{"@id":"https:\/\/inclusivenews.com.br\/#organization"},"potentialAction":[{"@type":"SearchAction","target":{"@type":"EntryPoint","urlTemplate":"https:\/\/inclusivenews.com.br\/?s={search_term_string}"},"query-input":{"@type":"PropertyValueSpecification","valueRequired":true,"valueName":"search_term_string"}}],"inLanguage":"pt-PT"},{"@type":"Organization","@id":"https:\/\/inclusivenews.com.br\/#organization","name":"Inclusive - inclus\u00e3o e cidadania","url":"https:\/\/inclusivenews.com.br\/","logo":{"@type":"ImageObject","inLanguage":"pt-PT","@id":"https:\/\/inclusivenews.com.br\/#\/schema\/logo\/image\/","url":"https:\/\/inclusivenews.com.br\/wp-content\/uploads\/2024\/03\/@grandesite.png","contentUrl":"https:\/\/inclusivenews.com.br\/wp-content\/uploads\/2024\/03\/@grandesite.png","width":1080,"height":1080,"caption":"Inclusive - inclus\u00e3o e cidadania"},"image":{"@id":"https:\/\/inclusivenews.com.br\/#\/schema\/logo\/image\/"},"sameAs":["https:\/\/www.facebook.com\/agenciainclusive\/","https:\/\/www.instagram.com\/newsinclusive\/"]},{"@type":"Person","@id":"https:\/\/inclusivenews.com.br\/#\/schema\/person\/ae4ec7087559b8692fb33b6fffd2273b","name":"inclusivenews2024","image":{"@type":"ImageObject","inLanguage":"pt-PT","@id":"https:\/\/secure.gravatar.com\/avatar\/c5a7ef84c66fa914f55bc4f7ce26cfa275a3b9a1c5568b907bd184fb4dde7b40?s=96&d=mm&r=g","url":"https:\/\/secure.gravatar.com\/avatar\/c5a7ef84c66fa914f55bc4f7ce26cfa275a3b9a1c5568b907bd184fb4dde7b40?s=96&d=mm&r=g","contentUrl":"https:\/\/secure.gravatar.com\/avatar\/c5a7ef84c66fa914f55bc4f7ce26cfa275a3b9a1c5568b907bd184fb4dde7b40?s=96&d=mm&r=g","caption":"inclusivenews2024"},"sameAs":["https:\/\/inclusivenews.com.br"],"url":"https:\/\/inclusivenews.com.br\/?author=1"}]}},"_links":{"self":[{"href":"https:\/\/inclusivenews.com.br\/index.php?rest_route=\/wp\/v2\/posts\/21250","targetHints":{"allow":["GET"]}}],"collection":[{"href":"https:\/\/inclusivenews.com.br\/index.php?rest_route=\/wp\/v2\/posts"}],"about":[{"href":"https:\/\/inclusivenews.com.br\/index.php?rest_route=\/wp\/v2\/types\/post"}],"author":[{"embeddable":true,"href":"https:\/\/inclusivenews.com.br\/index.php?rest_route=\/wp\/v2\/users\/1"}],"replies":[{"embeddable":true,"href":"https:\/\/inclusivenews.com.br\/index.php?rest_route=%2Fwp%2Fv2%2Fcomments&post=21250"}],"version-history":[{"count":0,"href":"https:\/\/inclusivenews.com.br\/index.php?rest_route=\/wp\/v2\/posts\/21250\/revisions"}],"wp:attachment":[{"href":"https:\/\/inclusivenews.com.br\/index.php?rest_route=%2Fwp%2Fv2%2Fmedia&parent=21250"}],"wp:term":[{"taxonomy":"category","embeddable":true,"href":"https:\/\/inclusivenews.com.br\/index.php?rest_route=%2Fwp%2Fv2%2Fcategories&post=21250"},{"taxonomy":"post_tag","embeddable":true,"href":"https:\/\/inclusivenews.com.br\/index.php?rest_route=%2Fwp%2Fv2%2Ftags&post=21250"}],"curies":[{"name":"wp","href":"https:\/\/api.w.org\/{rel}","templated":true}]}}