{"id":21293,"date":"2011-10-13T18:51:54","date_gmt":"2011-10-13T21:51:54","guid":{"rendered":"http:\/\/www.inclusive.org.br\/?p=21293"},"modified":"2011-10-13T18:51:54","modified_gmt":"2011-10-13T21:51:54","slug":"janus-korczak-precursor-dos-direitos-da-crianca-uma-vida-entre-obras","status":"publish","type":"post","link":"https:\/\/inclusivenews.com.br\/?p=21293","title":{"rendered":"Janus Korczak, precursor dos direitos da crian\u00e7a &#8211; uma vida entre obras"},"content":{"rendered":"<p><a class=\"moz-txt-link-freetext\" href=\"http:\/\/www.livroseeditoras.com.br\/media\/catalog\/product\/cache\/1\/image\/9df78eab33525d08d6e5fb8d27136e95\/7\/5\/75.jpg\"><\/p>\n<div class=\"mceTemp\">\n<dl class=\"wp-caption alignleft\" style=\"width: 210px;\">\n<dt class=\"wp-caption-dt\"><img loading=\"lazy\" decoding=\"async\" title=\"Capa do livro, onde v\u00ea-se uma imagem interna do orfanato de Korczak\" src=\"http:\/\/www.livroseeditoras.com.br\/media\/catalog\/product\/cache\/1\/image\/9df78eab33525d08d6e5fb8d27136e95\/7\/5\/75.jpg\" alt=\"Capa do livro, onde v\u00ea-se uma imagem interna do orfanato de Korczak\" width=\"200\" height=\"262\" \/><\/dt>\n<\/dl>\n<\/div>\n<p><\/a><\/p>\n<p><em> <\/em><em>&#8220;Quando vejo numa crian\u00e7a a chama imortal do fogo roubado aos deuses, o brilho de um pensamento livre, a majestade da indigna\u00e7\u00e3o, o impulso do entusiasmo, a melancolia precoce do outono, a do\u00e7ura da caridade; quando observo sua dignidade amedrontada, sua busca corajosa, alegre e segura das causas e dos fins, todas essas tentativas maravilhosas, inclino-me humildemente, porque fraco e covarde, n\u00e3o me sinto digna dela.&#8221;<\/em><\/p>\n<p><em> <\/em><\/p>\n<p><em>Janus Korczak<\/em><\/p>\n<p>Da orelha do livro<br \/>\nJos\u00e9 V. Aidegorn. Professor do Departamento de Ci\u00eancias da Educa\u00e7\u00e3o da Faculdade de Ci\u00eancias e Letras da Unesp. Campus de Araraquara.<\/p>\n<p>Janusz Korczak &#8211; nome utilizado pelo m\u00e9dico judeu-polon\u00eas Henryk Goldszmit (1878-1942) em seus escritos &#8211; foi um dos mais relevantes educadores do s\u00e9culo XX, No Brasil, no entanto, sua obra \u00e9 conhecida de forma fragmentada. Seu livro mais popular \u00e9 Rei Mateusinho \/, uma hist\u00f3ria aparentemente voltada ao p\u00fablico infantil, mas que muito diz de sua vida e de suas concep\u00e7\u00f5es. Outras obras &#8211; Quando eu voltar a ser crian\u00e7a e Como amar uma crian\u00e7a, onde est\u00e3o presentes suas id\u00e9ias sobre crian\u00e7a e educa\u00e7\u00e3o infantil &#8211; originaram-se de seu trabalho pedag\u00f3gico e destinam-se a um p\u00fablico adulto que \u00e9 sens\u00edvel \u00e0 voz das crian\u00e7as.<\/p>\n<p>Menos conhecida \u00e9 sua tr\u00e1gica hist\u00f3ria de vida, que terminou de forma her\u00f3ica, ao preferir acompanhar seus alunos \u00e0 morte nas c\u00e2maras de g\u00e1s nazistas quando poderia ter se salvado. Tamb\u00e9m \u00e9 pouco conhecida a sua defesa dos direitos das crian\u00e7as, que teve no inovador Lar das Crian\u00e7as um inspirado exerc\u00edcio de autogest\u00e3o e grande respeito aos \u00f3rf\u00e3os acolhidos, patente nas suas reflex\u00f5es escritas em seus di\u00e1rios.<\/p>\n<p>A originalidade e, sobretudo, a import\u00e2ncia deste pequeno grande estudo de Ana Carolina Rodrigues Marangon \u00e9 revelar, em seu belo texto, a integridade da vida e da obra de Korczak, que se identifica com o moderno conceito de inf\u00e2ncia surgido historicamente. e que utilizou sua trajet\u00f3ria pessoal e familiar para criar uma pedagogia que trata as crian\u00e7as com uma considera\u00e7\u00e3o at\u00e9 ent\u00e3o desconhecida.<\/p>\n<p>\u00c0s dolorosas experi\u00eancias de doen\u00e7as e orfandade, de opress\u00e3o polftica e de anti-semitismo vividas por Korczak desde os primeiros anos de vida somaram-se a participa\u00e7\u00e3o no front da Grande Guerra de 1914-1918, os anos de crise do entre-guerras, a domina\u00e7\u00e3o nazista sobre a Pol\u00f4nia a partir de 1939 e o confinamento no Gueto de Vars\u00f3via at\u00e9 a marcha (com suas duzentas crian\u00e7as) para o trem que o transportou \u00e0s c\u00e2maras de g\u00e1s de Treblinka. Essa trajet\u00f3ria levou-o a traduzir a dor e a perplexidade com a pervers\u00e3o humana em que vivia em uma obra onde ressalta acima de tudo a toler\u00e2ncia e o grande amor \u00e0s crian\u00e7as e, por extens\u00e3o, \u00e0 humanidade.<\/p>\n<p>Na an\u00e1lise dos tr\u00eas livros citados, pontuada por referencias \u00e0s outras obras e di\u00e1rios de Korczak, a autora conduz o leitor a um pensamento pedag\u00f3gico inovador e absolutamente necess\u00e1rio para um mundo que ainda n\u00e3o cumpriu a promessa iluminista dos direitos humanos e do seu elo mais fr\u00e1gil &#8211; os direitos das crian\u00e7as.<\/p>\n<p>Autor: <a href=\"http:\/\/www.livroseeditoras.com.br\/index.php\/catalogsearch\/result\/?q=Ana+Carolina+Rodrigues+Marangon+\"> Ana Carolina Rodrigues Marangon <\/a><br \/>\nISBN: 9788571397927<br \/>\nEditora:<a href=\"http:\/\/www.livroseeditoras.com.br\/index.php\/catalogsearch\/result\/?q=Unesp\"> Unesp<\/a><\/p>\n","protected":false},"excerpt":{"rendered":"<p>Na an\u00e1lise dos tr\u00eas livros citados, pontuada por referencias \u00e0s outras obras e di\u00e1rios de Korczak, a autora conduz o leitor a um pensamento pedag\u00f3gico inovador e absolutamente necess\u00e1rio para um mundo que ainda n\u00e3o cumpriu a promessa iluminista dos direitos humanos e do seu elo mais fr\u00e1gil &#8211; os direitos das crian\u00e7as.<\/p>\n","protected":false},"author":1,"featured_media":0,"comment_status":"open","ping_status":"open","sticky":false,"template":"","format":"standard","meta":{"site-container-style":"default","site-container-layout":"default","site-sidebar-layout":"default","disable-article-header":"default","disable-site-header":"default","disable-site-footer":"default","disable-content-area-spacing":"default","footnotes":""},"categories":[6,51,10],"tags":[60],"class_list":["post-21293","post","type-post","status-publish","format-standard","hentry","category-educacao","category-livros","category-publicacoes","tag-infancia"],"yoast_head":"<!-- This site is optimized with the Yoast SEO plugin v27.4 - https:\/\/yoast.com\/product\/yoast-seo-wordpress\/ -->\n<title>Janus Korczak, precursor dos direitos da crian\u00e7a - uma vida entre obras -<\/title>\n<meta name=\"robots\" content=\"index, follow, max-snippet:-1, max-image-preview:large, max-video-preview:-1\" \/>\n<link rel=\"canonical\" href=\"https:\/\/inclusivenews.com.br\/?p=21293\" \/>\n<meta property=\"og:locale\" content=\"pt_PT\" \/>\n<meta property=\"og:type\" content=\"article\" \/>\n<meta property=\"og:title\" content=\"Janus Korczak, precursor dos direitos da crian\u00e7a - uma vida entre obras -\" \/>\n<meta property=\"og:description\" content=\"Na an\u00e1lise dos tr\u00eas livros citados, pontuada por referencias \u00e0s outras obras e di\u00e1rios de Korczak, a autora conduz o leitor a um pensamento pedag\u00f3gico inovador e absolutamente necess\u00e1rio para um mundo que ainda n\u00e3o cumpriu a promessa iluminista dos direitos humanos e do seu elo mais fr\u00e1gil - os direitos das crian\u00e7as.\" \/>\n<meta property=\"og:url\" content=\"https:\/\/inclusivenews.com.br\/?p=21293\" \/>\n<meta property=\"article:publisher\" content=\"https:\/\/www.facebook.com\/agenciainclusive\/\" \/>\n<meta property=\"article:published_time\" content=\"2011-10-13T21:51:54+00:00\" \/>\n<meta property=\"og:image\" content=\"http:\/\/www.livroseeditoras.com.br\/media\/catalog\/product\/cache\/1\/image\/9df78eab33525d08d6e5fb8d27136e95\/7\/5\/75.jpg\" \/>\n<meta name=\"author\" content=\"inclusivenews2024\" \/>\n<meta name=\"twitter:card\" content=\"summary_large_image\" \/>\n<meta name=\"twitter:label1\" content=\"Escrito por\" \/>\n\t<meta name=\"twitter:data1\" content=\"inclusivenews2024\" \/>\n\t<meta name=\"twitter:label2\" content=\"Tempo estimado de leitura\" \/>\n\t<meta name=\"twitter:data2\" content=\"3 minutos\" \/>\n<script type=\"application\/ld+json\" class=\"yoast-schema-graph\">{\"@context\":\"https:\\\/\\\/schema.org\",\"@graph\":[{\"@type\":\"Article\",\"@id\":\"https:\\\/\\\/inclusivenews.com.br\\\/?p=21293#article\",\"isPartOf\":{\"@id\":\"https:\\\/\\\/inclusivenews.com.br\\\/?p=21293\"},\"author\":{\"name\":\"inclusivenews2024\",\"@id\":\"https:\\\/\\\/inclusivenews.com.br\\\/#\\\/schema\\\/person\\\/ae4ec7087559b8692fb33b6fffd2273b\"},\"headline\":\"Janus Korczak, precursor dos direitos da crian\u00e7a &#8211; uma vida entre obras\",\"datePublished\":\"2011-10-13T21:51:54+00:00\",\"mainEntityOfPage\":{\"@id\":\"https:\\\/\\\/inclusivenews.com.br\\\/?p=21293\"},\"wordCount\":567,\"commentCount\":0,\"publisher\":{\"@id\":\"https:\\\/\\\/inclusivenews.com.br\\\/#organization\"},\"image\":{\"@id\":\"https:\\\/\\\/inclusivenews.com.br\\\/?p=21293#primaryimage\"},\"thumbnailUrl\":\"http:\\\/\\\/www.livroseeditoras.com.br\\\/media\\\/catalog\\\/product\\\/cache\\\/1\\\/image\\\/9df78eab33525d08d6e5fb8d27136e95\\\/7\\\/5\\\/75.jpg\",\"keywords\":[\"Inf\u00e2ncia\"],\"articleSection\":[\"EDUCA\u00c7\u00c3O\",\"Livros\",\"PUBLICA\u00c7\u00d5ES\"],\"inLanguage\":\"pt-PT\",\"potentialAction\":[{\"@type\":\"CommentAction\",\"name\":\"Comment\",\"target\":[\"https:\\\/\\\/inclusivenews.com.br\\\/?p=21293#respond\"]}]},{\"@type\":\"WebPage\",\"@id\":\"https:\\\/\\\/inclusivenews.com.br\\\/?p=21293\",\"url\":\"https:\\\/\\\/inclusivenews.com.br\\\/?p=21293\",\"name\":\"Janus Korczak, precursor dos direitos da crian\u00e7a - uma vida entre obras -\",\"isPartOf\":{\"@id\":\"https:\\\/\\\/inclusivenews.com.br\\\/#website\"},\"primaryImageOfPage\":{\"@id\":\"https:\\\/\\\/inclusivenews.com.br\\\/?p=21293#primaryimage\"},\"image\":{\"@id\":\"https:\\\/\\\/inclusivenews.com.br\\\/?p=21293#primaryimage\"},\"thumbnailUrl\":\"http:\\\/\\\/www.livroseeditoras.com.br\\\/media\\\/catalog\\\/product\\\/cache\\\/1\\\/image\\\/9df78eab33525d08d6e5fb8d27136e95\\\/7\\\/5\\\/75.jpg\",\"datePublished\":\"2011-10-13T21:51:54+00:00\",\"breadcrumb\":{\"@id\":\"https:\\\/\\\/inclusivenews.com.br\\\/?p=21293#breadcrumb\"},\"inLanguage\":\"pt-PT\",\"potentialAction\":[{\"@type\":\"ReadAction\",\"target\":[\"https:\\\/\\\/inclusivenews.com.br\\\/?p=21293\"]}]},{\"@type\":\"ImageObject\",\"inLanguage\":\"pt-PT\",\"@id\":\"https:\\\/\\\/inclusivenews.com.br\\\/?p=21293#primaryimage\",\"url\":\"http:\\\/\\\/www.livroseeditoras.com.br\\\/media\\\/catalog\\\/product\\\/cache\\\/1\\\/image\\\/9df78eab33525d08d6e5fb8d27136e95\\\/7\\\/5\\\/75.jpg\",\"contentUrl\":\"http:\\\/\\\/www.livroseeditoras.com.br\\\/media\\\/catalog\\\/product\\\/cache\\\/1\\\/image\\\/9df78eab33525d08d6e5fb8d27136e95\\\/7\\\/5\\\/75.jpg\"},{\"@type\":\"BreadcrumbList\",\"@id\":\"https:\\\/\\\/inclusivenews.com.br\\\/?p=21293#breadcrumb\",\"itemListElement\":[{\"@type\":\"ListItem\",\"position\":1,\"name\":\"In\u00edcio\",\"item\":\"https:\\\/\\\/inclusivenews.com.br\\\/\"},{\"@type\":\"ListItem\",\"position\":2,\"name\":\"Janus Korczak, precursor dos direitos da crian\u00e7a &#8211; uma vida entre obras\"}]},{\"@type\":\"WebSite\",\"@id\":\"https:\\\/\\\/inclusivenews.com.br\\\/#website\",\"url\":\"https:\\\/\\\/inclusivenews.com.br\\\/\",\"name\":\"Inclusive News\",\"description\":\"Inclusive News\",\"publisher\":{\"@id\":\"https:\\\/\\\/inclusivenews.com.br\\\/#organization\"},\"potentialAction\":[{\"@type\":\"SearchAction\",\"target\":{\"@type\":\"EntryPoint\",\"urlTemplate\":\"https:\\\/\\\/inclusivenews.com.br\\\/?s={search_term_string}\"},\"query-input\":{\"@type\":\"PropertyValueSpecification\",\"valueRequired\":true,\"valueName\":\"search_term_string\"}}],\"inLanguage\":\"pt-PT\"},{\"@type\":\"Organization\",\"@id\":\"https:\\\/\\\/inclusivenews.com.br\\\/#organization\",\"name\":\"Inclusive - inclus\u00e3o e cidadania\",\"url\":\"https:\\\/\\\/inclusivenews.com.br\\\/\",\"logo\":{\"@type\":\"ImageObject\",\"inLanguage\":\"pt-PT\",\"@id\":\"https:\\\/\\\/inclusivenews.com.br\\\/#\\\/schema\\\/logo\\\/image\\\/\",\"url\":\"https:\\\/\\\/inclusivenews.com.br\\\/wp-content\\\/uploads\\\/2024\\\/03\\\/@grandesite.png\",\"contentUrl\":\"https:\\\/\\\/inclusivenews.com.br\\\/wp-content\\\/uploads\\\/2024\\\/03\\\/@grandesite.png\",\"width\":1080,\"height\":1080,\"caption\":\"Inclusive - inclus\u00e3o e cidadania\"},\"image\":{\"@id\":\"https:\\\/\\\/inclusivenews.com.br\\\/#\\\/schema\\\/logo\\\/image\\\/\"},\"sameAs\":[\"https:\\\/\\\/www.facebook.com\\\/agenciainclusive\\\/\",\"https:\\\/\\\/www.instagram.com\\\/newsinclusive\\\/\"]},{\"@type\":\"Person\",\"@id\":\"https:\\\/\\\/inclusivenews.com.br\\\/#\\\/schema\\\/person\\\/ae4ec7087559b8692fb33b6fffd2273b\",\"name\":\"inclusivenews2024\",\"image\":{\"@type\":\"ImageObject\",\"inLanguage\":\"pt-PT\",\"@id\":\"https:\\\/\\\/secure.gravatar.com\\\/avatar\\\/c5a7ef84c66fa914f55bc4f7ce26cfa275a3b9a1c5568b907bd184fb4dde7b40?s=96&d=mm&r=g\",\"url\":\"https:\\\/\\\/secure.gravatar.com\\\/avatar\\\/c5a7ef84c66fa914f55bc4f7ce26cfa275a3b9a1c5568b907bd184fb4dde7b40?s=96&d=mm&r=g\",\"contentUrl\":\"https:\\\/\\\/secure.gravatar.com\\\/avatar\\\/c5a7ef84c66fa914f55bc4f7ce26cfa275a3b9a1c5568b907bd184fb4dde7b40?s=96&d=mm&r=g\",\"caption\":\"inclusivenews2024\"},\"sameAs\":[\"https:\\\/\\\/inclusivenews.com.br\"],\"url\":\"https:\\\/\\\/inclusivenews.com.br\\\/?author=1\"}]}<\/script>\n<!-- \/ Yoast SEO plugin. -->","yoast_head_json":{"title":"Janus Korczak, precursor dos direitos da crian\u00e7a - uma vida entre obras -","robots":{"index":"index","follow":"follow","max-snippet":"max-snippet:-1","max-image-preview":"max-image-preview:large","max-video-preview":"max-video-preview:-1"},"canonical":"https:\/\/inclusivenews.com.br\/?p=21293","og_locale":"pt_PT","og_type":"article","og_title":"Janus Korczak, precursor dos direitos da crian\u00e7a - uma vida entre obras -","og_description":"Na an\u00e1lise dos tr\u00eas livros citados, pontuada por referencias \u00e0s outras obras e di\u00e1rios de Korczak, a autora conduz o leitor a um pensamento pedag\u00f3gico inovador e absolutamente necess\u00e1rio para um mundo que ainda n\u00e3o cumpriu a promessa iluminista dos direitos humanos e do seu elo mais fr\u00e1gil - os direitos das crian\u00e7as.","og_url":"https:\/\/inclusivenews.com.br\/?p=21293","article_publisher":"https:\/\/www.facebook.com\/agenciainclusive\/","article_published_time":"2011-10-13T21:51:54+00:00","og_image":[{"url":"http:\/\/www.livroseeditoras.com.br\/media\/catalog\/product\/cache\/1\/image\/9df78eab33525d08d6e5fb8d27136e95\/7\/5\/75.jpg","type":"","width":"","height":""}],"author":"inclusivenews2024","twitter_card":"summary_large_image","twitter_misc":{"Escrito por":"inclusivenews2024","Tempo estimado de leitura":"3 minutos"},"schema":{"@context":"https:\/\/schema.org","@graph":[{"@type":"Article","@id":"https:\/\/inclusivenews.com.br\/?p=21293#article","isPartOf":{"@id":"https:\/\/inclusivenews.com.br\/?p=21293"},"author":{"name":"inclusivenews2024","@id":"https:\/\/inclusivenews.com.br\/#\/schema\/person\/ae4ec7087559b8692fb33b6fffd2273b"},"headline":"Janus Korczak, precursor dos direitos da crian\u00e7a &#8211; uma vida entre obras","datePublished":"2011-10-13T21:51:54+00:00","mainEntityOfPage":{"@id":"https:\/\/inclusivenews.com.br\/?p=21293"},"wordCount":567,"commentCount":0,"publisher":{"@id":"https:\/\/inclusivenews.com.br\/#organization"},"image":{"@id":"https:\/\/inclusivenews.com.br\/?p=21293#primaryimage"},"thumbnailUrl":"http:\/\/www.livroseeditoras.com.br\/media\/catalog\/product\/cache\/1\/image\/9df78eab33525d08d6e5fb8d27136e95\/7\/5\/75.jpg","keywords":["Inf\u00e2ncia"],"articleSection":["EDUCA\u00c7\u00c3O","Livros","PUBLICA\u00c7\u00d5ES"],"inLanguage":"pt-PT","potentialAction":[{"@type":"CommentAction","name":"Comment","target":["https:\/\/inclusivenews.com.br\/?p=21293#respond"]}]},{"@type":"WebPage","@id":"https:\/\/inclusivenews.com.br\/?p=21293","url":"https:\/\/inclusivenews.com.br\/?p=21293","name":"Janus Korczak, precursor dos direitos da crian\u00e7a - uma vida entre obras -","isPartOf":{"@id":"https:\/\/inclusivenews.com.br\/#website"},"primaryImageOfPage":{"@id":"https:\/\/inclusivenews.com.br\/?p=21293#primaryimage"},"image":{"@id":"https:\/\/inclusivenews.com.br\/?p=21293#primaryimage"},"thumbnailUrl":"http:\/\/www.livroseeditoras.com.br\/media\/catalog\/product\/cache\/1\/image\/9df78eab33525d08d6e5fb8d27136e95\/7\/5\/75.jpg","datePublished":"2011-10-13T21:51:54+00:00","breadcrumb":{"@id":"https:\/\/inclusivenews.com.br\/?p=21293#breadcrumb"},"inLanguage":"pt-PT","potentialAction":[{"@type":"ReadAction","target":["https:\/\/inclusivenews.com.br\/?p=21293"]}]},{"@type":"ImageObject","inLanguage":"pt-PT","@id":"https:\/\/inclusivenews.com.br\/?p=21293#primaryimage","url":"http:\/\/www.livroseeditoras.com.br\/media\/catalog\/product\/cache\/1\/image\/9df78eab33525d08d6e5fb8d27136e95\/7\/5\/75.jpg","contentUrl":"http:\/\/www.livroseeditoras.com.br\/media\/catalog\/product\/cache\/1\/image\/9df78eab33525d08d6e5fb8d27136e95\/7\/5\/75.jpg"},{"@type":"BreadcrumbList","@id":"https:\/\/inclusivenews.com.br\/?p=21293#breadcrumb","itemListElement":[{"@type":"ListItem","position":1,"name":"In\u00edcio","item":"https:\/\/inclusivenews.com.br\/"},{"@type":"ListItem","position":2,"name":"Janus Korczak, precursor dos direitos da crian\u00e7a &#8211; uma vida entre obras"}]},{"@type":"WebSite","@id":"https:\/\/inclusivenews.com.br\/#website","url":"https:\/\/inclusivenews.com.br\/","name":"Inclusive News","description":"Inclusive News","publisher":{"@id":"https:\/\/inclusivenews.com.br\/#organization"},"potentialAction":[{"@type":"SearchAction","target":{"@type":"EntryPoint","urlTemplate":"https:\/\/inclusivenews.com.br\/?s={search_term_string}"},"query-input":{"@type":"PropertyValueSpecification","valueRequired":true,"valueName":"search_term_string"}}],"inLanguage":"pt-PT"},{"@type":"Organization","@id":"https:\/\/inclusivenews.com.br\/#organization","name":"Inclusive - inclus\u00e3o e cidadania","url":"https:\/\/inclusivenews.com.br\/","logo":{"@type":"ImageObject","inLanguage":"pt-PT","@id":"https:\/\/inclusivenews.com.br\/#\/schema\/logo\/image\/","url":"https:\/\/inclusivenews.com.br\/wp-content\/uploads\/2024\/03\/@grandesite.png","contentUrl":"https:\/\/inclusivenews.com.br\/wp-content\/uploads\/2024\/03\/@grandesite.png","width":1080,"height":1080,"caption":"Inclusive - inclus\u00e3o e cidadania"},"image":{"@id":"https:\/\/inclusivenews.com.br\/#\/schema\/logo\/image\/"},"sameAs":["https:\/\/www.facebook.com\/agenciainclusive\/","https:\/\/www.instagram.com\/newsinclusive\/"]},{"@type":"Person","@id":"https:\/\/inclusivenews.com.br\/#\/schema\/person\/ae4ec7087559b8692fb33b6fffd2273b","name":"inclusivenews2024","image":{"@type":"ImageObject","inLanguage":"pt-PT","@id":"https:\/\/secure.gravatar.com\/avatar\/c5a7ef84c66fa914f55bc4f7ce26cfa275a3b9a1c5568b907bd184fb4dde7b40?s=96&d=mm&r=g","url":"https:\/\/secure.gravatar.com\/avatar\/c5a7ef84c66fa914f55bc4f7ce26cfa275a3b9a1c5568b907bd184fb4dde7b40?s=96&d=mm&r=g","contentUrl":"https:\/\/secure.gravatar.com\/avatar\/c5a7ef84c66fa914f55bc4f7ce26cfa275a3b9a1c5568b907bd184fb4dde7b40?s=96&d=mm&r=g","caption":"inclusivenews2024"},"sameAs":["https:\/\/inclusivenews.com.br"],"url":"https:\/\/inclusivenews.com.br\/?author=1"}]}},"_links":{"self":[{"href":"https:\/\/inclusivenews.com.br\/index.php?rest_route=\/wp\/v2\/posts\/21293","targetHints":{"allow":["GET"]}}],"collection":[{"href":"https:\/\/inclusivenews.com.br\/index.php?rest_route=\/wp\/v2\/posts"}],"about":[{"href":"https:\/\/inclusivenews.com.br\/index.php?rest_route=\/wp\/v2\/types\/post"}],"author":[{"embeddable":true,"href":"https:\/\/inclusivenews.com.br\/index.php?rest_route=\/wp\/v2\/users\/1"}],"replies":[{"embeddable":true,"href":"https:\/\/inclusivenews.com.br\/index.php?rest_route=%2Fwp%2Fv2%2Fcomments&post=21293"}],"version-history":[{"count":0,"href":"https:\/\/inclusivenews.com.br\/index.php?rest_route=\/wp\/v2\/posts\/21293\/revisions"}],"wp:attachment":[{"href":"https:\/\/inclusivenews.com.br\/index.php?rest_route=%2Fwp%2Fv2%2Fmedia&parent=21293"}],"wp:term":[{"taxonomy":"category","embeddable":true,"href":"https:\/\/inclusivenews.com.br\/index.php?rest_route=%2Fwp%2Fv2%2Fcategories&post=21293"},{"taxonomy":"post_tag","embeddable":true,"href":"https:\/\/inclusivenews.com.br\/index.php?rest_route=%2Fwp%2Fv2%2Ftags&post=21293"}],"curies":[{"name":"wp","href":"https:\/\/api.w.org\/{rel}","templated":true}]}}