{"id":21303,"date":"2011-10-13T18:36:15","date_gmt":"2011-10-13T21:36:15","guid":{"rendered":"http:\/\/www.inclusive.org.br\/?p=21303"},"modified":"2011-10-13T18:36:15","modified_gmt":"2011-10-13T21:36:15","slug":"educacao-muda-a-vida-dos-detentos-do-ceara","status":"publish","type":"post","link":"https:\/\/inclusivenews.com.br\/?p=21303","title":{"rendered":"Educa\u00e7\u00e3o muda a vida dos detentos do Cear\u00e1"},"content":{"rendered":"<p><strong>Por Karla Camila<br \/>\nno Di\u00e1rio do Nordeste<\/strong><\/p>\n<figure style=\"width: 336px\" class=\"wp-caption alignleft\"><img loading=\"lazy\" decoding=\"async\" class=\" \" title=\"Presidi\u00e1rios l\u00eaem livros atrav\u00e9s das grades\" src=\"http:\/\/diariodonordeste.globo.com\/imagem.asp?Imagem=547383\" alt=\"Presidi\u00e1rios l\u00eaem livros atrav\u00e9s das grades\" width=\"336\" height=\"251\" \/><figcaption class=\"wp-caption-text\">Segundo agente pedag\u00f3gica, a maioria das detentas querem estudar para dar continuidade \u00e0 vida fora da pris\u00e3o<\/figcaption><\/figure>\n<p>Pesquisa indica que o Estado tem o segundo maior \u00edndice do Pa\u00eds de presos estudando, atr\u00e1s apenas de Pernambuco<\/p>\n<p>&#8220;Cheguei aqui sem saber escrever o meu nome. Eu era moradora de rua e viciada em crack. Na vida, n\u00e3o tive chances de sentar em um banco de escola. Ontem, depois de um ano cursando a alfabetiza\u00e7\u00e3o, eu escrevi a minha primeira carta. Meus filhos agora v\u00e3o conhecer a minha letra&#8221;, conta, emocionada, a detenta Maria Rosilene de Lima, 30 anos, que h\u00e1 um ano e seis meses est\u00e1 reclusa no Instituto Penal Feminino Desembargador Auri Moura Costa, no munic\u00edpio de Itaitinga.<\/p>\n<p>Condenada a oito anos de deten\u00e7\u00e3o por assalto a m\u00e3o armada, m\u00e3e de tr\u00eas filhos que, atualmente, moram com o pai, o qual nunca deixou as crian\u00e7as visit\u00e1-la na penitenci\u00e1ria, ela diz que o seu maior sonho era poder escrever com o pr\u00f3prio punho uma carta para os filhos. &#8220;A educa\u00e7\u00e3o \u00e9 tudo na vida de uma pessoa. Quando venho para a escola, me sinto livre. Hoje, n\u00e3o preciso mais me humilhar, pedindo a algu\u00e9m para escrever por mim&#8221;, destaca Rosilene.<\/p>\n<p>De acordo com um estudo realizado pelo Instituto de Pesquisa e Cultura Luiz Fl\u00e1vio Gomes a partir de dados do Departamento Penitenci\u00e1rio Nacional (Depen) de Dezembro de 2010, o Cear\u00e1 \u00e9 o segundo Estado do Brasil em n\u00fameros percentuais de detentos estudando.<\/p>\n<p>De acordo com a pesquisa, havia, at\u00e9 o fim do ano passado, 15.201 presidi\u00e1rios. Deste total, 15,6%, ou seja, 2.523 presos estudam. Em primeiro lugar no levantamento, est\u00e1 Pernambuco, pois, de um total de 23.925 presos, 16,5% estudam.<\/p>\n<p>Em termos percentuais, os Estados ficam \u00e0 frente de S\u00e3o Paulo, com 8,8%, Rio de Janeiro, com a mesma porcentagem, e Paran\u00e1, com 8,7%.<\/p>\n<p>Mas, apesar do Cear\u00e1 estar em uma boa classifica\u00e7\u00e3o, muitas lacunas ainda devem ser preenchidas. No \u00faltimo dia 3 de outubro, iniciou o prazo de inscri\u00e7\u00f5es para o Exame Nacional do Ensino M\u00e9dio (Enem) para presos ou jovens que cumprem medidas socioeducativas com priva\u00e7\u00e3o de liberdade.<\/p>\n<p>Por\u00e9m, a inscri\u00e7\u00f5es, que v\u00e3o at\u00e9 o dia 17 de outubro, n\u00e3o devem apresentar uma lista extensa de candidatos, j\u00e1 que, segundo dados da Secretaria da Justi\u00e7a e Cidadania do Estado do Cear\u00e1 (Sejus), atualmente, no Estado, dos 16. 222 detentos, 2.405 estudam, ou seja 14,8%. Contudo, apenas 224 est\u00e3o no Ensino M\u00e9dio, e n\u00e3o h\u00e1 informa\u00e7\u00f5es de quantos est\u00e3o aptos a realizar o teste. Ainda de acordo com a assessoria de imprensa do \u00f3rg\u00e3o, apenas um detento no Cear\u00e1 realizou o Enem no ano passado.<\/p>\n<p>Nas 14 unidades do Estado que mant\u00eam jovens de 12 a 18 anos cumprindo medidas socioeducativas, a realidade n\u00e3o \u00e9 muito diferente. Dos 961 adolescentes que estudam, 200 estariam aptos por idade a fazer o teste, por\u00e9m, apenas 25 t\u00eam n\u00edvel educacional para prestar o exame. No entanto, n\u00e3o se sabe quantos ir\u00e3o fazer.<\/p>\n<p>Na visita feita pela equipe do Di\u00e1rio do Nordeste ao pres\u00eddio Auri Moura Costa, encontramos apenas duas detentas que v\u00e3o fazer o Enem.<\/p>\n<p><strong>Sonhos<br \/>\n<\/strong><br \/>\nUma delas \u00e9 Meirilene Lima de Sousa, 30 anos. H\u00e1 dois anos e seis meses, ela foi presa por assalto a m\u00e3o armada e forma\u00e7\u00e3o de quadrilha. Com o perfil diferente das maioria das presas que chegam nas unidades prisionais &#8211; que n\u00e3o sabem ler nem escrever, ou cursaram no m\u00e1ximo at\u00e9 o ensino fundamental -, Meirilene j\u00e1 havia conclu\u00eddo o Ensino M\u00e9dio aos 18 anos. Mas, devido a uma gravidez precoce, ela conta que n\u00e3o p\u00f4de dar continuidade aos estudos.<\/p>\n<p>&#8220;Aqui, tive a oportunidade de entrar novamente em uma escola. A educa\u00e7\u00e3o \u00e9 o que me conforta. Pretendo passar no Enem e, futuramente, cursar a faculdade de administra\u00e7\u00e3o de empresas. Quero ser algu\u00e9m, mudar de verdade&#8221;, planeja.<\/p>\n<p><em>OPINI\u00c3O DO ESPECIALISTA<br \/>\n<\/em><strong>Pr\u00e1tica \u00b4encharcada\u00b4 de esperan\u00e7a<br \/>\n<\/strong><br \/>\nFalar de educa\u00e7\u00e3o numa perspectiva libertadora, tal qual foi proposta e vivida pelo educador nordestino Paulo Freire, pode parecer um contrasenso, quando os educandos em quest\u00e3o s\u00e3o pessoas jovens e adultas que est\u00e3o privadas de liberdade nas cadeias, nos pres\u00eddios ou nas unidades especializadas na medida s\u00f3cioeducativa m\u00e1xima prevista no Estatuto da Crian\u00e7a e do Adolescente, que \u00e9 a interna\u00e7\u00e3o. Por\u00e9m, talvez seja nesta &#8220;situa\u00e7\u00e3o-limite&#8221; que o ser humano mais necessite de uma rela\u00e7\u00e3o pedag\u00f3gica que promova sua condi\u00e7\u00e3o, n\u00e3o apenas de cidad\u00e3o, mas de ser humano pleno. A educa\u00e7\u00e3o \u00e9 prevista na Constitui\u00e7\u00e3o Federal como direito de todos, independentemente dos erros ou crimes cometidos. Falar em direito \u00e9 falar em tudo que \u00e9 devido para que os seres vivam com dignidade e para que possam se desenvolver em todas as suas potencialidades. O direito exclui as no\u00e7\u00f5es nocivas do favor clientelista, da s\u00faplica aviltante e da esmola que humilha. Logo, a educa\u00e7\u00e3o destinada aos privados de liberdade \u00e9 a garantia de um direito a quem, na maioria dos casos, teve seus direitos sistematicamente violados. Dir\u00e3o alguns, justamente indignados com a inseguran\u00e7a que nos cerca: como falar de direitos para quem roubou, estuprou e matou? Lembro que o preso continua sujeito de direitos, que geram deveres, pelo simples fato de serem humanos. A pr\u00e1tica pedag\u00f3gica com os privados de liberdade h\u00e1 de ser &#8220;encharcada&#8221; de esperan\u00e7a e alegria, condi\u00e7\u00e3o para a verdadeira ressocializa\u00e7\u00e3o, que depende de oportunidades reais.<br \/>\n<strong><br \/>\nErc\u00edlia Braga de Olinda<br \/>\n<\/strong>Professora da UFC<\/p>\n<p><em>GRANDE PROCURA<br \/>\n<\/em><strong>N\u00famero de vagas n\u00e3o corresponde \u00e0 demanda<br \/>\n<\/strong><br \/>\nNo Cear\u00e1, 96 professores ensinam em 57 unidades prisionais. Destas, oito s\u00e3o de grande porte. Por\u00e9m, apesar de ser um direito de todos, as vagas e os hor\u00e1rios de estudo s\u00e3o limitados, e muita gente fica do lado de fora da sala de aula. As unidades que oferecem mais vagas s\u00e3o o Instituto Pres\u00eddio Professor Olavo Oliveira II, que possui 645 internos, e o Instituto Penal Feminino Desembargador Auri Moura Costa, com 517 detentas. Cada um oferta 180 vagas.<\/p>\n<p>A situa\u00e7\u00e3o se repete na Casa de Priva\u00e7\u00e3o Provis\u00f3ria de Liberdade II: com 1.118 internos, h\u00e1 apenas 80 vagas. A Casa de Priva\u00e7\u00e3o Provis\u00f3ria de Liberdade III, que possui 1.116 internos, oferta 140 vagas. O Instituto Penal Paulo Sarasate, que abriga 590 detentos, oferece 135 vagas na escola. No Instituto Psiqui\u00e1trico Governador St\u00eanio Gomes, h\u00e1 125 internos e apenas 30 vagas. Na Penitenci\u00e1ria Regional de Sobral, dos 526 detentos, apenas 72 podem estudar e, na Penitenci\u00e1ria Regional do Cariri, com 479 internos, h\u00e1 120 vagas.<\/p>\n<p>Segundo a coordenadora da Educa\u00e7\u00e3o em Pris\u00f5es no Estado, Magn\u00f3lia Maria Costa, a disputa por um lugar nas escolas \u00e9 grande, pois a maioria quer estudar. Por\u00e9m, a coordenadora lamenta ainda n\u00e3o ter estrutura nem recursos humanos suficiente para atender a demanda. &#8220;Reconhe\u00e7o que a educa\u00e7\u00e3o \u00e9 de grande valia para o processo de ressocializa\u00e7\u00e3o, pois \u00e9 capaz de transformar por completo a vida dos detentos&#8221;, diz.<\/p>\n<p>Outra problem\u00e1tica que deve em breve ser revertida, segundo ela, \u00e9 a educa\u00e7\u00e3o nas cadeias. Conforme Magn\u00f3lia, em muitas unidades, diante da falta de estrutura, os professores d\u00e3o aula na porta das celas. Mas, de acordo com ela, a Secretaria de Justi\u00e7a e Cidadania do Estado (Sejus) vai investir, at\u00e9 o fim do ano, na compra de 60 computadores para tr\u00eas unidades prisionais. Al\u00e9m disso, ela afirma que algumas cadeias s\u00e3o reformadas para oferecer espa\u00e7os voltados para a educa\u00e7\u00e3o aos presos provis\u00f3rios.<\/p>\n<p>Segundo Aline Costa, agente pedag\u00f3gica do Pres\u00eddio Feminino Auri Moura Costa, com a grande demanda de detentas e a pouca oferta, algumas regras s\u00e3o adotadas na unidade prisional. A primeira \u00e9 priorizar as que n\u00e3o s\u00e3o alfabetizadas e as que cursam o ensino fundamental. Uma outra estrat\u00e9gia \u00e9 ofertar vagas para as detentas que j\u00e1 foram julgadas.<\/p>\n<p>Mesmo assim, ainda existe uma grande demanda reprimida, at\u00e9 porque, como a escola n\u00e3o funciona no per\u00edodo da noite, as detentas que trabalham nos dois turnos ficam sem estudar. De acordo com Aline, existem pelo menos 60 mulheres que trabalham o dia inteiro, e a maioria gostaria de estar em sala de aula. &#8220;O motivo principal \u00e9 dar continuidade a vida l\u00e1 fora&#8221;, ressalta.<\/p>\n<p><strong>Medidas<br \/>\n<\/strong><br \/>\nA Sejus reconhece a demanda de detentos que necessitam de escolariza\u00e7\u00e3o, e informou que est\u00e1 ampliando o seu programa de educa\u00e7\u00e3o com o projeto de implanta\u00e7\u00e3o de tr\u00eas centros Vocacionais Tecnol\u00f3gicos dentro das unidades penais que aumentar\u00e3o o percentual de 15% para 30% dos presos em escolariza\u00e7\u00e3o.<\/p>\n<p>A Secretaria informou ainda que o percentual de presos provis\u00f3rios no Cear\u00e1 \u00e9 bastante elevado, cerca de 60% do total, e, para inclu\u00ed-los, a Sejus est\u00e1 programando cursos com menor dura\u00e7\u00e3o par esse p\u00fablico.<\/p>\n<p>O \u00f3rg\u00e3o afirmou que tem um projeto de amplia\u00e7\u00e3o de vagas do Instituto Penal Feminino Auri Moura Costa, mas descartou os cursos noturnos por medidas de seguran\u00e7a.<\/p>\n<p><em>Fique por dentro<\/em><br \/>\n<strong>Redu\u00e7\u00e3o de pena<br \/>\n<\/strong><br \/>\nNo \u00faltimo dia 30 de junho, uma altera\u00e7\u00e3o na Lei de Execu\u00e7\u00e3o Penal reduziu a pena de presos que frequentarem a escola. O novo texto diz que um dia de condena\u00e7\u00e3o poder\u00e1 ser trocado por 12 horas de frequ\u00eancia escolar. Tanto condenados em regime fechado ou semiaberto poder\u00e3o ser beneficiados. As atividades tamb\u00e9m poder\u00e3o ser feitas a dist\u00e2ncia, desde que as unidades escolares sejam certificadas pelas autoridades. Os dias trabalhados, que j\u00e1 podiam ser descontados, continuam valendo como possibilidade de troca. Tr\u00eas dias de trabalho poder\u00e3o abater o equivalente a um dia de pena. Dados do Minist\u00e9rio da Justi\u00e7a mostram que, dos 496 mil presos dos Brasil, apenas 40 mil realizam alguma atividade educacional.<br \/>\n<strong><br \/>\n<\/strong>Fonte: <a href=\"http:\/\/diariodonordeste.globo.com\/materia.asp?codigo=1055245\">Di\u00e1rio do Nordeste<\/a><\/p>\n","protected":false},"excerpt":{"rendered":"<p>&#8220;Cheguei aqui sem saber escrever o meu nome. Eu era moradora de rua e viciada em crack. Na vida, n\u00e3o tive chances de sentar em um banco de escola. Ontem, depois de um ano cursando a alfabetiza\u00e7\u00e3o, eu escrevi a minha primeira carta. Meus filhos agora v\u00e3o conhecer a minha letra&#8221;, conta, emocionada, a detenta Maria Rosilene de Lima, 30 anos, que h\u00e1 um ano e seis meses est\u00e1 reclusa no Instituto Penal Feminino Desembargador Auri Moura Costa, no munic\u00edpio de Itaitinga.<\/p>\n","protected":false},"author":1,"featured_media":0,"comment_status":"open","ping_status":"open","sticky":false,"template":"","format":"standard","meta":{"site-container-style":"default","site-container-layout":"default","site-sidebar-layout":"default","disable-article-header":"default","disable-site-header":"default","disable-site-footer":"default","disable-content-area-spacing":"default","footnotes":""},"categories":[11,6,48,33],"tags":[154,94],"class_list":["post-21303","post","type-post","status-publish","format-standard","hentry","category-direitos-humanos","category-educacao","category-inclusao","category-reportagem","tag-educacao-prisional","tag-violencia"],"yoast_head":"<!-- This site is optimized with the Yoast SEO plugin v27.4 - https:\/\/yoast.com\/product\/yoast-seo-wordpress\/ -->\n<title>Educa\u00e7\u00e3o muda a vida dos detentos do Cear\u00e1 -<\/title>\n<meta name=\"robots\" content=\"index, follow, max-snippet:-1, max-image-preview:large, max-video-preview:-1\" \/>\n<link rel=\"canonical\" href=\"https:\/\/inclusivenews.com.br\/?p=21303\" \/>\n<meta property=\"og:locale\" content=\"pt_PT\" \/>\n<meta property=\"og:type\" content=\"article\" \/>\n<meta property=\"og:title\" content=\"Educa\u00e7\u00e3o muda a vida dos detentos do Cear\u00e1 -\" \/>\n<meta property=\"og:description\" content=\"&quot;Cheguei aqui sem saber escrever o meu nome. Eu era moradora de rua e viciada em crack. Na vida, n\u00e3o tive chances de sentar em um banco de escola. Ontem, depois de um ano cursando a alfabetiza\u00e7\u00e3o, eu escrevi a minha primeira carta. Meus filhos agora v\u00e3o conhecer a minha letra&quot;, conta, emocionada, a detenta Maria Rosilene de Lima, 30 anos, que h\u00e1 um ano e seis meses est\u00e1 reclusa no Instituto Penal Feminino Desembargador Auri Moura Costa, no munic\u00edpio de Itaitinga.\" \/>\n<meta property=\"og:url\" content=\"https:\/\/inclusivenews.com.br\/?p=21303\" \/>\n<meta property=\"article:publisher\" content=\"https:\/\/www.facebook.com\/agenciainclusive\/\" \/>\n<meta property=\"article:published_time\" content=\"2011-10-13T21:36:15+00:00\" \/>\n<meta property=\"og:image\" content=\"http:\/\/diariodonordeste.globo.com\/imagem.asp?Imagem=547383\" \/>\n<meta name=\"author\" content=\"inclusivenews2024\" \/>\n<meta name=\"twitter:card\" content=\"summary_large_image\" \/>\n<meta name=\"twitter:label1\" content=\"Escrito por\" \/>\n\t<meta name=\"twitter:data1\" content=\"inclusivenews2024\" \/>\n\t<meta name=\"twitter:label2\" content=\"Tempo estimado de leitura\" \/>\n\t<meta name=\"twitter:data2\" content=\"8 minutos\" \/>\n<script type=\"application\/ld+json\" class=\"yoast-schema-graph\">{\"@context\":\"https:\\\/\\\/schema.org\",\"@graph\":[{\"@type\":\"Article\",\"@id\":\"https:\\\/\\\/inclusivenews.com.br\\\/?p=21303#article\",\"isPartOf\":{\"@id\":\"https:\\\/\\\/inclusivenews.com.br\\\/?p=21303\"},\"author\":{\"name\":\"inclusivenews2024\",\"@id\":\"https:\\\/\\\/inclusivenews.com.br\\\/#\\\/schema\\\/person\\\/ae4ec7087559b8692fb33b6fffd2273b\"},\"headline\":\"Educa\u00e7\u00e3o muda a vida dos detentos do Cear\u00e1\",\"datePublished\":\"2011-10-13T21:36:15+00:00\",\"mainEntityOfPage\":{\"@id\":\"https:\\\/\\\/inclusivenews.com.br\\\/?p=21303\"},\"wordCount\":1676,\"commentCount\":0,\"publisher\":{\"@id\":\"https:\\\/\\\/inclusivenews.com.br\\\/#organization\"},\"image\":{\"@id\":\"https:\\\/\\\/inclusivenews.com.br\\\/?p=21303#primaryimage\"},\"thumbnailUrl\":\"http:\\\/\\\/diariodonordeste.globo.com\\\/imagem.asp?Imagem=547383\",\"keywords\":[\"Educa\u00e7\u00e3o prisional\",\"Viol\u00eancia\"],\"articleSection\":[\"DIREITOS HUMANOS\",\"EDUCA\u00c7\u00c3O\",\"INCLUS\u00c3O SOCIAL\",\"Reportagem\"],\"inLanguage\":\"pt-PT\",\"potentialAction\":[{\"@type\":\"CommentAction\",\"name\":\"Comment\",\"target\":[\"https:\\\/\\\/inclusivenews.com.br\\\/?p=21303#respond\"]}]},{\"@type\":\"WebPage\",\"@id\":\"https:\\\/\\\/inclusivenews.com.br\\\/?p=21303\",\"url\":\"https:\\\/\\\/inclusivenews.com.br\\\/?p=21303\",\"name\":\"Educa\u00e7\u00e3o muda a vida dos detentos do Cear\u00e1 -\",\"isPartOf\":{\"@id\":\"https:\\\/\\\/inclusivenews.com.br\\\/#website\"},\"primaryImageOfPage\":{\"@id\":\"https:\\\/\\\/inclusivenews.com.br\\\/?p=21303#primaryimage\"},\"image\":{\"@id\":\"https:\\\/\\\/inclusivenews.com.br\\\/?p=21303#primaryimage\"},\"thumbnailUrl\":\"http:\\\/\\\/diariodonordeste.globo.com\\\/imagem.asp?Imagem=547383\",\"datePublished\":\"2011-10-13T21:36:15+00:00\",\"breadcrumb\":{\"@id\":\"https:\\\/\\\/inclusivenews.com.br\\\/?p=21303#breadcrumb\"},\"inLanguage\":\"pt-PT\",\"potentialAction\":[{\"@type\":\"ReadAction\",\"target\":[\"https:\\\/\\\/inclusivenews.com.br\\\/?p=21303\"]}]},{\"@type\":\"ImageObject\",\"inLanguage\":\"pt-PT\",\"@id\":\"https:\\\/\\\/inclusivenews.com.br\\\/?p=21303#primaryimage\",\"url\":\"http:\\\/\\\/diariodonordeste.globo.com\\\/imagem.asp?Imagem=547383\",\"contentUrl\":\"http:\\\/\\\/diariodonordeste.globo.com\\\/imagem.asp?Imagem=547383\"},{\"@type\":\"BreadcrumbList\",\"@id\":\"https:\\\/\\\/inclusivenews.com.br\\\/?p=21303#breadcrumb\",\"itemListElement\":[{\"@type\":\"ListItem\",\"position\":1,\"name\":\"In\u00edcio\",\"item\":\"https:\\\/\\\/inclusivenews.com.br\\\/\"},{\"@type\":\"ListItem\",\"position\":2,\"name\":\"Educa\u00e7\u00e3o muda a vida dos detentos do Cear\u00e1\"}]},{\"@type\":\"WebSite\",\"@id\":\"https:\\\/\\\/inclusivenews.com.br\\\/#website\",\"url\":\"https:\\\/\\\/inclusivenews.com.br\\\/\",\"name\":\"Inclusive News\",\"description\":\"Inclusive News\",\"publisher\":{\"@id\":\"https:\\\/\\\/inclusivenews.com.br\\\/#organization\"},\"potentialAction\":[{\"@type\":\"SearchAction\",\"target\":{\"@type\":\"EntryPoint\",\"urlTemplate\":\"https:\\\/\\\/inclusivenews.com.br\\\/?s={search_term_string}\"},\"query-input\":{\"@type\":\"PropertyValueSpecification\",\"valueRequired\":true,\"valueName\":\"search_term_string\"}}],\"inLanguage\":\"pt-PT\"},{\"@type\":\"Organization\",\"@id\":\"https:\\\/\\\/inclusivenews.com.br\\\/#organization\",\"name\":\"Inclusive - inclus\u00e3o e cidadania\",\"url\":\"https:\\\/\\\/inclusivenews.com.br\\\/\",\"logo\":{\"@type\":\"ImageObject\",\"inLanguage\":\"pt-PT\",\"@id\":\"https:\\\/\\\/inclusivenews.com.br\\\/#\\\/schema\\\/logo\\\/image\\\/\",\"url\":\"https:\\\/\\\/inclusivenews.com.br\\\/wp-content\\\/uploads\\\/2024\\\/03\\\/@grandesite.png\",\"contentUrl\":\"https:\\\/\\\/inclusivenews.com.br\\\/wp-content\\\/uploads\\\/2024\\\/03\\\/@grandesite.png\",\"width\":1080,\"height\":1080,\"caption\":\"Inclusive - inclus\u00e3o e cidadania\"},\"image\":{\"@id\":\"https:\\\/\\\/inclusivenews.com.br\\\/#\\\/schema\\\/logo\\\/image\\\/\"},\"sameAs\":[\"https:\\\/\\\/www.facebook.com\\\/agenciainclusive\\\/\",\"https:\\\/\\\/www.instagram.com\\\/newsinclusive\\\/\"]},{\"@type\":\"Person\",\"@id\":\"https:\\\/\\\/inclusivenews.com.br\\\/#\\\/schema\\\/person\\\/ae4ec7087559b8692fb33b6fffd2273b\",\"name\":\"inclusivenews2024\",\"image\":{\"@type\":\"ImageObject\",\"inLanguage\":\"pt-PT\",\"@id\":\"https:\\\/\\\/secure.gravatar.com\\\/avatar\\\/c5a7ef84c66fa914f55bc4f7ce26cfa275a3b9a1c5568b907bd184fb4dde7b40?s=96&d=mm&r=g\",\"url\":\"https:\\\/\\\/secure.gravatar.com\\\/avatar\\\/c5a7ef84c66fa914f55bc4f7ce26cfa275a3b9a1c5568b907bd184fb4dde7b40?s=96&d=mm&r=g\",\"contentUrl\":\"https:\\\/\\\/secure.gravatar.com\\\/avatar\\\/c5a7ef84c66fa914f55bc4f7ce26cfa275a3b9a1c5568b907bd184fb4dde7b40?s=96&d=mm&r=g\",\"caption\":\"inclusivenews2024\"},\"sameAs\":[\"https:\\\/\\\/inclusivenews.com.br\"],\"url\":\"https:\\\/\\\/inclusivenews.com.br\\\/?author=1\"}]}<\/script>\n<!-- \/ Yoast SEO plugin. -->","yoast_head_json":{"title":"Educa\u00e7\u00e3o muda a vida dos detentos do Cear\u00e1 -","robots":{"index":"index","follow":"follow","max-snippet":"max-snippet:-1","max-image-preview":"max-image-preview:large","max-video-preview":"max-video-preview:-1"},"canonical":"https:\/\/inclusivenews.com.br\/?p=21303","og_locale":"pt_PT","og_type":"article","og_title":"Educa\u00e7\u00e3o muda a vida dos detentos do Cear\u00e1 -","og_description":"\"Cheguei aqui sem saber escrever o meu nome. Eu era moradora de rua e viciada em crack. Na vida, n\u00e3o tive chances de sentar em um banco de escola. Ontem, depois de um ano cursando a alfabetiza\u00e7\u00e3o, eu escrevi a minha primeira carta. Meus filhos agora v\u00e3o conhecer a minha letra\", conta, emocionada, a detenta Maria Rosilene de Lima, 30 anos, que h\u00e1 um ano e seis meses est\u00e1 reclusa no Instituto Penal Feminino Desembargador Auri Moura Costa, no munic\u00edpio de Itaitinga.","og_url":"https:\/\/inclusivenews.com.br\/?p=21303","article_publisher":"https:\/\/www.facebook.com\/agenciainclusive\/","article_published_time":"2011-10-13T21:36:15+00:00","og_image":[{"url":"http:\/\/diariodonordeste.globo.com\/imagem.asp?Imagem=547383","type":"","width":"","height":""}],"author":"inclusivenews2024","twitter_card":"summary_large_image","twitter_misc":{"Escrito por":"inclusivenews2024","Tempo estimado de leitura":"8 minutos"},"schema":{"@context":"https:\/\/schema.org","@graph":[{"@type":"Article","@id":"https:\/\/inclusivenews.com.br\/?p=21303#article","isPartOf":{"@id":"https:\/\/inclusivenews.com.br\/?p=21303"},"author":{"name":"inclusivenews2024","@id":"https:\/\/inclusivenews.com.br\/#\/schema\/person\/ae4ec7087559b8692fb33b6fffd2273b"},"headline":"Educa\u00e7\u00e3o muda a vida dos detentos do Cear\u00e1","datePublished":"2011-10-13T21:36:15+00:00","mainEntityOfPage":{"@id":"https:\/\/inclusivenews.com.br\/?p=21303"},"wordCount":1676,"commentCount":0,"publisher":{"@id":"https:\/\/inclusivenews.com.br\/#organization"},"image":{"@id":"https:\/\/inclusivenews.com.br\/?p=21303#primaryimage"},"thumbnailUrl":"http:\/\/diariodonordeste.globo.com\/imagem.asp?Imagem=547383","keywords":["Educa\u00e7\u00e3o prisional","Viol\u00eancia"],"articleSection":["DIREITOS HUMANOS","EDUCA\u00c7\u00c3O","INCLUS\u00c3O SOCIAL","Reportagem"],"inLanguage":"pt-PT","potentialAction":[{"@type":"CommentAction","name":"Comment","target":["https:\/\/inclusivenews.com.br\/?p=21303#respond"]}]},{"@type":"WebPage","@id":"https:\/\/inclusivenews.com.br\/?p=21303","url":"https:\/\/inclusivenews.com.br\/?p=21303","name":"Educa\u00e7\u00e3o muda a vida dos detentos do Cear\u00e1 -","isPartOf":{"@id":"https:\/\/inclusivenews.com.br\/#website"},"primaryImageOfPage":{"@id":"https:\/\/inclusivenews.com.br\/?p=21303#primaryimage"},"image":{"@id":"https:\/\/inclusivenews.com.br\/?p=21303#primaryimage"},"thumbnailUrl":"http:\/\/diariodonordeste.globo.com\/imagem.asp?Imagem=547383","datePublished":"2011-10-13T21:36:15+00:00","breadcrumb":{"@id":"https:\/\/inclusivenews.com.br\/?p=21303#breadcrumb"},"inLanguage":"pt-PT","potentialAction":[{"@type":"ReadAction","target":["https:\/\/inclusivenews.com.br\/?p=21303"]}]},{"@type":"ImageObject","inLanguage":"pt-PT","@id":"https:\/\/inclusivenews.com.br\/?p=21303#primaryimage","url":"http:\/\/diariodonordeste.globo.com\/imagem.asp?Imagem=547383","contentUrl":"http:\/\/diariodonordeste.globo.com\/imagem.asp?Imagem=547383"},{"@type":"BreadcrumbList","@id":"https:\/\/inclusivenews.com.br\/?p=21303#breadcrumb","itemListElement":[{"@type":"ListItem","position":1,"name":"In\u00edcio","item":"https:\/\/inclusivenews.com.br\/"},{"@type":"ListItem","position":2,"name":"Educa\u00e7\u00e3o muda a vida dos detentos do Cear\u00e1"}]},{"@type":"WebSite","@id":"https:\/\/inclusivenews.com.br\/#website","url":"https:\/\/inclusivenews.com.br\/","name":"Inclusive News","description":"Inclusive News","publisher":{"@id":"https:\/\/inclusivenews.com.br\/#organization"},"potentialAction":[{"@type":"SearchAction","target":{"@type":"EntryPoint","urlTemplate":"https:\/\/inclusivenews.com.br\/?s={search_term_string}"},"query-input":{"@type":"PropertyValueSpecification","valueRequired":true,"valueName":"search_term_string"}}],"inLanguage":"pt-PT"},{"@type":"Organization","@id":"https:\/\/inclusivenews.com.br\/#organization","name":"Inclusive - inclus\u00e3o e cidadania","url":"https:\/\/inclusivenews.com.br\/","logo":{"@type":"ImageObject","inLanguage":"pt-PT","@id":"https:\/\/inclusivenews.com.br\/#\/schema\/logo\/image\/","url":"https:\/\/inclusivenews.com.br\/wp-content\/uploads\/2024\/03\/@grandesite.png","contentUrl":"https:\/\/inclusivenews.com.br\/wp-content\/uploads\/2024\/03\/@grandesite.png","width":1080,"height":1080,"caption":"Inclusive - inclus\u00e3o e cidadania"},"image":{"@id":"https:\/\/inclusivenews.com.br\/#\/schema\/logo\/image\/"},"sameAs":["https:\/\/www.facebook.com\/agenciainclusive\/","https:\/\/www.instagram.com\/newsinclusive\/"]},{"@type":"Person","@id":"https:\/\/inclusivenews.com.br\/#\/schema\/person\/ae4ec7087559b8692fb33b6fffd2273b","name":"inclusivenews2024","image":{"@type":"ImageObject","inLanguage":"pt-PT","@id":"https:\/\/secure.gravatar.com\/avatar\/c5a7ef84c66fa914f55bc4f7ce26cfa275a3b9a1c5568b907bd184fb4dde7b40?s=96&d=mm&r=g","url":"https:\/\/secure.gravatar.com\/avatar\/c5a7ef84c66fa914f55bc4f7ce26cfa275a3b9a1c5568b907bd184fb4dde7b40?s=96&d=mm&r=g","contentUrl":"https:\/\/secure.gravatar.com\/avatar\/c5a7ef84c66fa914f55bc4f7ce26cfa275a3b9a1c5568b907bd184fb4dde7b40?s=96&d=mm&r=g","caption":"inclusivenews2024"},"sameAs":["https:\/\/inclusivenews.com.br"],"url":"https:\/\/inclusivenews.com.br\/?author=1"}]}},"_links":{"self":[{"href":"https:\/\/inclusivenews.com.br\/index.php?rest_route=\/wp\/v2\/posts\/21303","targetHints":{"allow":["GET"]}}],"collection":[{"href":"https:\/\/inclusivenews.com.br\/index.php?rest_route=\/wp\/v2\/posts"}],"about":[{"href":"https:\/\/inclusivenews.com.br\/index.php?rest_route=\/wp\/v2\/types\/post"}],"author":[{"embeddable":true,"href":"https:\/\/inclusivenews.com.br\/index.php?rest_route=\/wp\/v2\/users\/1"}],"replies":[{"embeddable":true,"href":"https:\/\/inclusivenews.com.br\/index.php?rest_route=%2Fwp%2Fv2%2Fcomments&post=21303"}],"version-history":[{"count":0,"href":"https:\/\/inclusivenews.com.br\/index.php?rest_route=\/wp\/v2\/posts\/21303\/revisions"}],"wp:attachment":[{"href":"https:\/\/inclusivenews.com.br\/index.php?rest_route=%2Fwp%2Fv2%2Fmedia&parent=21303"}],"wp:term":[{"taxonomy":"category","embeddable":true,"href":"https:\/\/inclusivenews.com.br\/index.php?rest_route=%2Fwp%2Fv2%2Fcategories&post=21303"},{"taxonomy":"post_tag","embeddable":true,"href":"https:\/\/inclusivenews.com.br\/index.php?rest_route=%2Fwp%2Fv2%2Ftags&post=21303"}],"curies":[{"name":"wp","href":"https:\/\/api.w.org\/{rel}","templated":true}]}}