{"id":21305,"date":"2011-10-13T18:33:04","date_gmt":"2011-10-13T21:33:04","guid":{"rendered":"http:\/\/www.inclusive.org.br\/?p=21305"},"modified":"2011-10-13T18:33:04","modified_gmt":"2011-10-13T21:33:04","slug":"indigena-e-multado-pelo-ibama-em-r-26-milhoes-por-transportar-animais-silvestres","status":"publish","type":"post","link":"https:\/\/inclusivenews.com.br\/?p=21305","title":{"rendered":"Ind\u00edgena \u00e9 multado pelo Ibama em R$ 2,6 milh\u00f5es por transportar animais  silvestres"},"content":{"rendered":"<figure id=\"attachment_21016\" aria-describedby=\"caption-attachment-21016\" style=\"width: 155px\" class=\"wp-caption alignleft\"><img loading=\"lazy\" decoding=\"async\" class=\"size-full wp-image-21016\" title=\"CIMI - Conselho Indigenista Mission\u00e1rio\" src=\"http:\/\/inclusivenews.com.br\/wp-content\/uploads\/cimi-amai.jpg\" alt=\"CIMI - Conselho Indigenista Mission\u00e1rio\" width=\"155\" height=\"127\" \/><figcaption id=\"caption-attachment-21016\" class=\"wp-caption-text\"> <\/figcaption><\/figure>\n<p><strong>Por Jose Rosha<br \/>\nDo Vale do Javari, Amazonas (AM)<\/strong><\/p>\n<p><em>A todo instante surgem den\u00fancias de invas\u00f5es de madeireiros e pescadores em v\u00e1rias aldeias do Vale do Javari. Esses invasores e depredadores agem confortavelmente, sem puni\u00e7\u00e3o, sem serem incomodados pelos \u00f3rg\u00e3os de fiscaliza\u00e7\u00e3o. Mas os punidos s\u00e3o os ind\u00edgenas, conforme relata o jornalista Jose Rosha.<\/em><\/p>\n<p>O ind\u00edgena Cl\u00f3vis Marubo foi penalizado com uma multa de R$ 2,6 milh\u00f5es aplicada pelo Instituto Brasileiro de Meio Ambiente e Recursos Naturais Renov\u00e1veis (Ibama), em Atalaia do Norte, munic\u00edpio localizado a oeste do Amazonas, distante de Manaus cerca de mil e 300 quil\u00f4metros.<\/p>\n<p>O fato aconteceu no dia 28 de setembro passado, quando Clovis, juntamente com outros ind\u00edgenas, retornavam da aldeia S\u00e3o Sebasti\u00e3o, localizada no alto rio Curu\u00e7\u00e1, na Terra Ind\u00edgena Vale do Javari.<\/p>\n<p>A multa foi aplicada porque Clovis transportava animais silvestres destinados aos alunos ind\u00edgenas que estudam em Atalaia do Norte e pacientes da Casa de Sa\u00fade Ind\u00edgena (Casai) que, conforme as suas tradi\u00e7\u00f5es, s\u00f3 consomem carne de origem silvestre.<\/p>\n<p>De acordo com relato do pr\u00f3prio Cl\u00f3vis, ele foi abordado pelo atual coordenador substituto da Funda\u00e7\u00e3o Nacional do \u00cdndio (Funai), no dia 27 do m\u00eas passado, no come\u00e7o da noite, quando aproximava-se da cidade de Atalaia do Norte. \u201cO senhor Bruno Cunha Pereira abordou minha canoa juntamente com policiais militares fortemente armados me ordenando a sair da minha canoa e passar para o barco ambul\u00e2ncia da Sesai (Secretaria Especial de Sa\u00fade Ind\u00edgena) que o mesmo usava naquele momento\u201d, relata Clovis Rufino.<\/p>\n<p>Ele prossegue relatando que \u201co mesmo usava uma camisa de cor verde com o dizer FISCALIZA\u00c7\u00c3O FEDERAL. O que mais estranhei porque a fiscaliza\u00e7\u00e3o na faixa de fronteira \u00e9 dever da Pol\u00edcia Federal, Ex\u00e9rcito e IBAMA. Eu n\u00e3o levei a s\u00e9rio pensando at\u00e9 que era brincadeira do Bruno e ao mesmo tempo era um ASSALTO dos ASSALTANTES\u201d.<\/p>\n<p>A a\u00e7\u00e3o do coordenador substituto da Funai de Atalaia do Norte tem algo de retalia\u00e7\u00e3o contra Clovis e outras lideran\u00e7as do vale do Javari que n\u00e3o deram apoio a ele h\u00e1 alguns meses atr\u00e1s, quando se cogitava mudan\u00e7as na coordena\u00e7\u00e3o local em decorr\u00eancia da reestrutura\u00e7\u00e3o do \u00f3rg\u00e3o indigenista. Ali\u00e1s, essa reestrutura\u00e7\u00e3o, pensada e executada de cima para baixo, tinha tudo para dar errado desde o come\u00e7o. N\u00e3o foi sem raz\u00e3o que em v\u00e1rios estados os ind\u00edgenas reagiram indignados. As medidas arbitr\u00e1rias contra eles e suas organiza\u00e7\u00f5es t\u00eam sido marcantes em todos os governos, da direita \u00e0 esquerda.<\/p>\n<p><a href=\"http:\/\/www.cimi.org.br\/site\/pt-br\/?system=news&amp;conteudo_id=5839&amp;action=read\"><\/a> A a\u00e7\u00e3o do novo servidor \u00e0 frente da coordena\u00e7\u00e3o regional parece indicar que a Funai est\u00e1 em um processo de regress\u00e3o, retomando uma pr\u00e1tica de arbitrariedade e puni\u00e7\u00e3o do tempo da ditadura, quando o \u00f3rg\u00e3o agia em conluio com os grupos pol\u00edticos e econ\u00f4micos para favorecer a ocupa\u00e7\u00e3o dos territ\u00f3rios ind\u00edgenas. Caso n\u00e3o seja, deve ser falta de preparo do referido funcion\u00e1rio que n\u00e3o aceita at\u00e9 a rejei\u00e7\u00e3o manifestada pelos ind\u00edgenas por v\u00e1rias ocasi\u00f5es. Ou ele n\u00e3o est\u00e1 preparado para o indigenismo ou est\u00e1 a servi\u00e7o de outros interesses que n\u00e3o s\u00e3o os dos ind\u00edgenas.<\/p>\n<p>A rea\u00e7\u00e3o dos ind\u00edgenas n\u00e3o teve e n\u00e3o tem nada de pessoal. \u00c9 uma atitude pol\u00edtica e demonstra\u00e7\u00e3o de contrariedade \u00e0s imposi\u00e7\u00f5es do Estado cujas pol\u00edticas p\u00fablicas de assist\u00eancia &#8211; sobretudo \u00e0 educa\u00e7\u00e3o e sa\u00fade, naquela regi\u00e3o &#8211; s\u00e3o ineficazes e n\u00e3o t\u00eam levado em conta os pleitos dos ind\u00edgenas.<\/p>\n<p>Fonte: <a href=\"http:\/\/www.cimi.org.br\/site\/pt-br\/?system=news&amp;conteudo_id=5839&amp;action=read\">CIMI<\/a><\/p>\n","protected":false},"excerpt":{"rendered":"<p>A todo instante surgem den\u00fancias de invas\u00f5es de madeireiros e pescadores em v\u00e1rias aldeias do Vale do Javari. Esses invasores e depredadores agem confortavelmente, sem puni\u00e7\u00e3o, sem serem incomodados pelos \u00f3rg\u00e3os de fiscaliza\u00e7\u00e3o. Mas os punidos s\u00e3o os ind\u00edgenas, conforme relata o jornalista Jose Rosha.<\/p>\n","protected":false},"author":1,"featured_media":0,"comment_status":"open","ping_status":"open","sticky":false,"template":"","format":"standard","meta":{"site-container-style":"default","site-container-layout":"default","site-sidebar-layout":"default","disable-article-header":"default","disable-site-header":"default","disable-site-footer":"default","disable-content-area-spacing":"default","footnotes":""},"categories":[11,4],"tags":[100],"class_list":["post-21305","post","type-post","status-publish","format-standard","hentry","category-direitos-humanos","category-noticias","tag-indigenas"],"yoast_head":"<!-- This site is optimized with the Yoast SEO plugin v27.4 - https:\/\/yoast.com\/product\/yoast-seo-wordpress\/ -->\n<title>Ind\u00edgena \u00e9 multado pelo Ibama em R$ 2,6 milh\u00f5es por transportar animais silvestres -<\/title>\n<meta name=\"robots\" content=\"index, follow, max-snippet:-1, max-image-preview:large, max-video-preview:-1\" \/>\n<link rel=\"canonical\" href=\"https:\/\/inclusivenews.com.br\/?p=21305\" \/>\n<meta property=\"og:locale\" content=\"pt_PT\" \/>\n<meta property=\"og:type\" content=\"article\" \/>\n<meta property=\"og:title\" content=\"Ind\u00edgena \u00e9 multado pelo Ibama em R$ 2,6 milh\u00f5es por transportar animais silvestres -\" \/>\n<meta property=\"og:description\" content=\"A todo instante surgem den\u00fancias de invas\u00f5es de madeireiros e pescadores em v\u00e1rias aldeias do Vale do Javari. Esses invasores e depredadores agem confortavelmente, sem puni\u00e7\u00e3o, sem serem incomodados pelos \u00f3rg\u00e3os de fiscaliza\u00e7\u00e3o. Mas os punidos s\u00e3o os ind\u00edgenas, conforme relata o jornalista Jose Rosha.\" \/>\n<meta property=\"og:url\" content=\"https:\/\/inclusivenews.com.br\/?p=21305\" \/>\n<meta property=\"article:publisher\" content=\"https:\/\/www.facebook.com\/agenciainclusive\/\" \/>\n<meta property=\"article:published_time\" content=\"2011-10-13T21:33:04+00:00\" \/>\n<meta property=\"og:image\" content=\"http:\/\/inclusivenews.com.br\/wp-content\/uploads\/cimi-amai.jpg\" \/>\n<meta name=\"author\" content=\"inclusivenews2024\" \/>\n<meta name=\"twitter:card\" content=\"summary_large_image\" \/>\n<meta name=\"twitter:label1\" content=\"Escrito por\" \/>\n\t<meta name=\"twitter:data1\" content=\"inclusivenews2024\" \/>\n\t<meta name=\"twitter:label2\" content=\"Tempo estimado de leitura\" \/>\n\t<meta name=\"twitter:data2\" content=\"3 minutos\" \/>\n<script type=\"application\/ld+json\" class=\"yoast-schema-graph\">{\"@context\":\"https:\\\/\\\/schema.org\",\"@graph\":[{\"@type\":\"Article\",\"@id\":\"https:\\\/\\\/inclusivenews.com.br\\\/?p=21305#article\",\"isPartOf\":{\"@id\":\"https:\\\/\\\/inclusivenews.com.br\\\/?p=21305\"},\"author\":{\"name\":\"inclusivenews2024\",\"@id\":\"https:\\\/\\\/inclusivenews.com.br\\\/#\\\/schema\\\/person\\\/ae4ec7087559b8692fb33b6fffd2273b\"},\"headline\":\"Ind\u00edgena \u00e9 multado pelo Ibama em R$ 2,6 milh\u00f5es por transportar animais silvestres\",\"datePublished\":\"2011-10-13T21:33:04+00:00\",\"mainEntityOfPage\":{\"@id\":\"https:\\\/\\\/inclusivenews.com.br\\\/?p=21305\"},\"wordCount\":657,\"commentCount\":0,\"publisher\":{\"@id\":\"https:\\\/\\\/inclusivenews.com.br\\\/#organization\"},\"image\":{\"@id\":\"https:\\\/\\\/inclusivenews.com.br\\\/?p=21305#primaryimage\"},\"thumbnailUrl\":\"http:\\\/\\\/inclusivenews.com.br\\\/wp-content\\\/uploads\\\/cimi-amai.jpg\",\"keywords\":[\"Ind\u00edgenas\"],\"articleSection\":[\"DIREITOS HUMANOS\",\"NOT\u00cdCIAS\"],\"inLanguage\":\"pt-PT\",\"potentialAction\":[{\"@type\":\"CommentAction\",\"name\":\"Comment\",\"target\":[\"https:\\\/\\\/inclusivenews.com.br\\\/?p=21305#respond\"]}]},{\"@type\":\"WebPage\",\"@id\":\"https:\\\/\\\/inclusivenews.com.br\\\/?p=21305\",\"url\":\"https:\\\/\\\/inclusivenews.com.br\\\/?p=21305\",\"name\":\"Ind\u00edgena \u00e9 multado pelo Ibama em R$ 2,6 milh\u00f5es por transportar animais silvestres -\",\"isPartOf\":{\"@id\":\"https:\\\/\\\/inclusivenews.com.br\\\/#website\"},\"primaryImageOfPage\":{\"@id\":\"https:\\\/\\\/inclusivenews.com.br\\\/?p=21305#primaryimage\"},\"image\":{\"@id\":\"https:\\\/\\\/inclusivenews.com.br\\\/?p=21305#primaryimage\"},\"thumbnailUrl\":\"http:\\\/\\\/inclusivenews.com.br\\\/wp-content\\\/uploads\\\/cimi-amai.jpg\",\"datePublished\":\"2011-10-13T21:33:04+00:00\",\"breadcrumb\":{\"@id\":\"https:\\\/\\\/inclusivenews.com.br\\\/?p=21305#breadcrumb\"},\"inLanguage\":\"pt-PT\",\"potentialAction\":[{\"@type\":\"ReadAction\",\"target\":[\"https:\\\/\\\/inclusivenews.com.br\\\/?p=21305\"]}]},{\"@type\":\"ImageObject\",\"inLanguage\":\"pt-PT\",\"@id\":\"https:\\\/\\\/inclusivenews.com.br\\\/?p=21305#primaryimage\",\"url\":\"\",\"contentUrl\":\"\"},{\"@type\":\"BreadcrumbList\",\"@id\":\"https:\\\/\\\/inclusivenews.com.br\\\/?p=21305#breadcrumb\",\"itemListElement\":[{\"@type\":\"ListItem\",\"position\":1,\"name\":\"In\u00edcio\",\"item\":\"https:\\\/\\\/inclusivenews.com.br\\\/\"},{\"@type\":\"ListItem\",\"position\":2,\"name\":\"Ind\u00edgena \u00e9 multado pelo Ibama em R$ 2,6 milh\u00f5es por transportar animais silvestres\"}]},{\"@type\":\"WebSite\",\"@id\":\"https:\\\/\\\/inclusivenews.com.br\\\/#website\",\"url\":\"https:\\\/\\\/inclusivenews.com.br\\\/\",\"name\":\"Inclusive News\",\"description\":\"Inclusive News\",\"publisher\":{\"@id\":\"https:\\\/\\\/inclusivenews.com.br\\\/#organization\"},\"potentialAction\":[{\"@type\":\"SearchAction\",\"target\":{\"@type\":\"EntryPoint\",\"urlTemplate\":\"https:\\\/\\\/inclusivenews.com.br\\\/?s={search_term_string}\"},\"query-input\":{\"@type\":\"PropertyValueSpecification\",\"valueRequired\":true,\"valueName\":\"search_term_string\"}}],\"inLanguage\":\"pt-PT\"},{\"@type\":\"Organization\",\"@id\":\"https:\\\/\\\/inclusivenews.com.br\\\/#organization\",\"name\":\"Inclusive - inclus\u00e3o e cidadania\",\"url\":\"https:\\\/\\\/inclusivenews.com.br\\\/\",\"logo\":{\"@type\":\"ImageObject\",\"inLanguage\":\"pt-PT\",\"@id\":\"https:\\\/\\\/inclusivenews.com.br\\\/#\\\/schema\\\/logo\\\/image\\\/\",\"url\":\"https:\\\/\\\/inclusivenews.com.br\\\/wp-content\\\/uploads\\\/2024\\\/03\\\/@grandesite.png\",\"contentUrl\":\"https:\\\/\\\/inclusivenews.com.br\\\/wp-content\\\/uploads\\\/2024\\\/03\\\/@grandesite.png\",\"width\":1080,\"height\":1080,\"caption\":\"Inclusive - inclus\u00e3o e cidadania\"},\"image\":{\"@id\":\"https:\\\/\\\/inclusivenews.com.br\\\/#\\\/schema\\\/logo\\\/image\\\/\"},\"sameAs\":[\"https:\\\/\\\/www.facebook.com\\\/agenciainclusive\\\/\",\"https:\\\/\\\/www.instagram.com\\\/newsinclusive\\\/\"]},{\"@type\":\"Person\",\"@id\":\"https:\\\/\\\/inclusivenews.com.br\\\/#\\\/schema\\\/person\\\/ae4ec7087559b8692fb33b6fffd2273b\",\"name\":\"inclusivenews2024\",\"image\":{\"@type\":\"ImageObject\",\"inLanguage\":\"pt-PT\",\"@id\":\"https:\\\/\\\/secure.gravatar.com\\\/avatar\\\/c5a7ef84c66fa914f55bc4f7ce26cfa275a3b9a1c5568b907bd184fb4dde7b40?s=96&d=mm&r=g\",\"url\":\"https:\\\/\\\/secure.gravatar.com\\\/avatar\\\/c5a7ef84c66fa914f55bc4f7ce26cfa275a3b9a1c5568b907bd184fb4dde7b40?s=96&d=mm&r=g\",\"contentUrl\":\"https:\\\/\\\/secure.gravatar.com\\\/avatar\\\/c5a7ef84c66fa914f55bc4f7ce26cfa275a3b9a1c5568b907bd184fb4dde7b40?s=96&d=mm&r=g\",\"caption\":\"inclusivenews2024\"},\"sameAs\":[\"https:\\\/\\\/inclusivenews.com.br\"],\"url\":\"https:\\\/\\\/inclusivenews.com.br\\\/?author=1\"}]}<\/script>\n<!-- \/ Yoast SEO plugin. -->","yoast_head_json":{"title":"Ind\u00edgena \u00e9 multado pelo Ibama em R$ 2,6 milh\u00f5es por transportar animais silvestres -","robots":{"index":"index","follow":"follow","max-snippet":"max-snippet:-1","max-image-preview":"max-image-preview:large","max-video-preview":"max-video-preview:-1"},"canonical":"https:\/\/inclusivenews.com.br\/?p=21305","og_locale":"pt_PT","og_type":"article","og_title":"Ind\u00edgena \u00e9 multado pelo Ibama em R$ 2,6 milh\u00f5es por transportar animais silvestres -","og_description":"A todo instante surgem den\u00fancias de invas\u00f5es de madeireiros e pescadores em v\u00e1rias aldeias do Vale do Javari. Esses invasores e depredadores agem confortavelmente, sem puni\u00e7\u00e3o, sem serem incomodados pelos \u00f3rg\u00e3os de fiscaliza\u00e7\u00e3o. Mas os punidos s\u00e3o os ind\u00edgenas, conforme relata o jornalista Jose Rosha.","og_url":"https:\/\/inclusivenews.com.br\/?p=21305","article_publisher":"https:\/\/www.facebook.com\/agenciainclusive\/","article_published_time":"2011-10-13T21:33:04+00:00","og_image":[{"url":"http:\/\/inclusivenews.com.br\/wp-content\/uploads\/cimi-amai.jpg","type":"","width":"","height":""}],"author":"inclusivenews2024","twitter_card":"summary_large_image","twitter_misc":{"Escrito por":"inclusivenews2024","Tempo estimado de leitura":"3 minutos"},"schema":{"@context":"https:\/\/schema.org","@graph":[{"@type":"Article","@id":"https:\/\/inclusivenews.com.br\/?p=21305#article","isPartOf":{"@id":"https:\/\/inclusivenews.com.br\/?p=21305"},"author":{"name":"inclusivenews2024","@id":"https:\/\/inclusivenews.com.br\/#\/schema\/person\/ae4ec7087559b8692fb33b6fffd2273b"},"headline":"Ind\u00edgena \u00e9 multado pelo Ibama em R$ 2,6 milh\u00f5es por transportar animais silvestres","datePublished":"2011-10-13T21:33:04+00:00","mainEntityOfPage":{"@id":"https:\/\/inclusivenews.com.br\/?p=21305"},"wordCount":657,"commentCount":0,"publisher":{"@id":"https:\/\/inclusivenews.com.br\/#organization"},"image":{"@id":"https:\/\/inclusivenews.com.br\/?p=21305#primaryimage"},"thumbnailUrl":"http:\/\/inclusivenews.com.br\/wp-content\/uploads\/cimi-amai.jpg","keywords":["Ind\u00edgenas"],"articleSection":["DIREITOS HUMANOS","NOT\u00cdCIAS"],"inLanguage":"pt-PT","potentialAction":[{"@type":"CommentAction","name":"Comment","target":["https:\/\/inclusivenews.com.br\/?p=21305#respond"]}]},{"@type":"WebPage","@id":"https:\/\/inclusivenews.com.br\/?p=21305","url":"https:\/\/inclusivenews.com.br\/?p=21305","name":"Ind\u00edgena \u00e9 multado pelo Ibama em R$ 2,6 milh\u00f5es por transportar animais silvestres -","isPartOf":{"@id":"https:\/\/inclusivenews.com.br\/#website"},"primaryImageOfPage":{"@id":"https:\/\/inclusivenews.com.br\/?p=21305#primaryimage"},"image":{"@id":"https:\/\/inclusivenews.com.br\/?p=21305#primaryimage"},"thumbnailUrl":"http:\/\/inclusivenews.com.br\/wp-content\/uploads\/cimi-amai.jpg","datePublished":"2011-10-13T21:33:04+00:00","breadcrumb":{"@id":"https:\/\/inclusivenews.com.br\/?p=21305#breadcrumb"},"inLanguage":"pt-PT","potentialAction":[{"@type":"ReadAction","target":["https:\/\/inclusivenews.com.br\/?p=21305"]}]},{"@type":"ImageObject","inLanguage":"pt-PT","@id":"https:\/\/inclusivenews.com.br\/?p=21305#primaryimage","url":"","contentUrl":""},{"@type":"BreadcrumbList","@id":"https:\/\/inclusivenews.com.br\/?p=21305#breadcrumb","itemListElement":[{"@type":"ListItem","position":1,"name":"In\u00edcio","item":"https:\/\/inclusivenews.com.br\/"},{"@type":"ListItem","position":2,"name":"Ind\u00edgena \u00e9 multado pelo Ibama em R$ 2,6 milh\u00f5es por transportar animais silvestres"}]},{"@type":"WebSite","@id":"https:\/\/inclusivenews.com.br\/#website","url":"https:\/\/inclusivenews.com.br\/","name":"Inclusive News","description":"Inclusive News","publisher":{"@id":"https:\/\/inclusivenews.com.br\/#organization"},"potentialAction":[{"@type":"SearchAction","target":{"@type":"EntryPoint","urlTemplate":"https:\/\/inclusivenews.com.br\/?s={search_term_string}"},"query-input":{"@type":"PropertyValueSpecification","valueRequired":true,"valueName":"search_term_string"}}],"inLanguage":"pt-PT"},{"@type":"Organization","@id":"https:\/\/inclusivenews.com.br\/#organization","name":"Inclusive - inclus\u00e3o e cidadania","url":"https:\/\/inclusivenews.com.br\/","logo":{"@type":"ImageObject","inLanguage":"pt-PT","@id":"https:\/\/inclusivenews.com.br\/#\/schema\/logo\/image\/","url":"https:\/\/inclusivenews.com.br\/wp-content\/uploads\/2024\/03\/@grandesite.png","contentUrl":"https:\/\/inclusivenews.com.br\/wp-content\/uploads\/2024\/03\/@grandesite.png","width":1080,"height":1080,"caption":"Inclusive - inclus\u00e3o e cidadania"},"image":{"@id":"https:\/\/inclusivenews.com.br\/#\/schema\/logo\/image\/"},"sameAs":["https:\/\/www.facebook.com\/agenciainclusive\/","https:\/\/www.instagram.com\/newsinclusive\/"]},{"@type":"Person","@id":"https:\/\/inclusivenews.com.br\/#\/schema\/person\/ae4ec7087559b8692fb33b6fffd2273b","name":"inclusivenews2024","image":{"@type":"ImageObject","inLanguage":"pt-PT","@id":"https:\/\/secure.gravatar.com\/avatar\/c5a7ef84c66fa914f55bc4f7ce26cfa275a3b9a1c5568b907bd184fb4dde7b40?s=96&d=mm&r=g","url":"https:\/\/secure.gravatar.com\/avatar\/c5a7ef84c66fa914f55bc4f7ce26cfa275a3b9a1c5568b907bd184fb4dde7b40?s=96&d=mm&r=g","contentUrl":"https:\/\/secure.gravatar.com\/avatar\/c5a7ef84c66fa914f55bc4f7ce26cfa275a3b9a1c5568b907bd184fb4dde7b40?s=96&d=mm&r=g","caption":"inclusivenews2024"},"sameAs":["https:\/\/inclusivenews.com.br"],"url":"https:\/\/inclusivenews.com.br\/?author=1"}]}},"_links":{"self":[{"href":"https:\/\/inclusivenews.com.br\/index.php?rest_route=\/wp\/v2\/posts\/21305","targetHints":{"allow":["GET"]}}],"collection":[{"href":"https:\/\/inclusivenews.com.br\/index.php?rest_route=\/wp\/v2\/posts"}],"about":[{"href":"https:\/\/inclusivenews.com.br\/index.php?rest_route=\/wp\/v2\/types\/post"}],"author":[{"embeddable":true,"href":"https:\/\/inclusivenews.com.br\/index.php?rest_route=\/wp\/v2\/users\/1"}],"replies":[{"embeddable":true,"href":"https:\/\/inclusivenews.com.br\/index.php?rest_route=%2Fwp%2Fv2%2Fcomments&post=21305"}],"version-history":[{"count":0,"href":"https:\/\/inclusivenews.com.br\/index.php?rest_route=\/wp\/v2\/posts\/21305\/revisions"}],"wp:attachment":[{"href":"https:\/\/inclusivenews.com.br\/index.php?rest_route=%2Fwp%2Fv2%2Fmedia&parent=21305"}],"wp:term":[{"taxonomy":"category","embeddable":true,"href":"https:\/\/inclusivenews.com.br\/index.php?rest_route=%2Fwp%2Fv2%2Fcategories&post=21305"},{"taxonomy":"post_tag","embeddable":true,"href":"https:\/\/inclusivenews.com.br\/index.php?rest_route=%2Fwp%2Fv2%2Ftags&post=21305"}],"curies":[{"name":"wp","href":"https:\/\/api.w.org\/{rel}","templated":true}]}}