{"id":21319,"date":"2011-10-14T17:14:56","date_gmt":"2011-10-14T20:14:56","guid":{"rendered":"http:\/\/www.inclusive.org.br\/?p=21319"},"modified":"2011-10-14T17:14:56","modified_gmt":"2011-10-14T20:14:56","slug":"unicef-um-terco-de-criancas-fora-da-escola-tem-algum-tipo-de-deficiencia","status":"publish","type":"post","link":"https:\/\/inclusivenews.com.br\/?p=21319","title":{"rendered":"Unicef: um ter\u00e7o de crian\u00e7as fora da escola tem algum tipo de defici\u00eancia"},"content":{"rendered":"<div id=\"HOTWordsTxt\">\n<p><img loading=\"lazy\" decoding=\"async\" class=\"alignleft size-full wp-image-21320\" title=\"disabilities\" src=\"http:\/\/inclusivenews.com.br\/wp-content\/uploads\/disabilities.jpg\" alt=\"Menino com defici\u00eancia segura l\u00e1pis com dificuldade enquanto faz um desenho ajoelhado no ch\u00e3o.\" width=\"350\" height=\"300\" \/>Crian\u00e7as com defici\u00eancia est\u00e3o entre os grupos mais marginalizados da  <a rel=\"nofollow\" href=\"http:\/\/www.jb.com.br\/ciencia-e-tecnologia\/noticias\/2011\/10\/14\/unicef-um-terco-de-criancas-fora-da-escola-tem-qualquer-tipo-de-deficiencia\/#\">sociedade<\/a>.\u00a0A afirma\u00e7\u00e3o \u00e9 parte de um relat\u00f3rio do Fundo das Na\u00e7\u00f5es Unidas para a  Inf\u00e2ncia, Unicef, apresentado na Assembleia Geral da ONU, nesta  quarta-feira.<\/p>\n<p>Segundo o Unicef, a maioria das crian\u00e7as que\u00a0 tem defici\u00eancia n\u00e3o  tem acesso \u00e0 educa\u00e7\u00e3o e <a rel=\"nofollow\" href=\"http:\/\/www.jb.com.br\/ciencia-e-tecnologia\/noticias\/2011\/10\/14\/unicef-um-terco-de-criancas-fora-da-escola-tem-qualquer-tipo-de-deficiencia\/#\">cuidados<\/a> de sa\u00fade, fica sem chances de brincar e  adquirir cultura e sofre discrimina\u00e7\u00e3o como se fossem um \u201cfardo invis\u00edvel\u201d.<\/p>\n<p>O Fundo da ONU afirmou ainda que ao ter uma defici\u00eancia, a crian\u00e7a acaba  sendo exclu\u00edda da sociedade por causa de v\u00e1rias barreiras. Entre elas, a falta  de professores treinados, preju\u00edzo, estigmas e incompreens\u00e3o por parte dos pais,  professores e da sociedade.<\/p>\n<p>Menores nesta situa\u00e7\u00e3o tamb\u00e9m est\u00e3o mais propensos \u00e0 viol\u00eancia, abusos e  neglig\u00eancias por parte de adultos e outras crian\u00e7as.<\/p>\n<p>Apesar de n\u00e3o ter estudos mais precisos sobre os casos de discrimina\u00e7\u00e3o, o  Unicef afirma que muitas crian\u00e7as n\u00e3o t\u00eam acesso a <a rel=\"nofollow\" href=\"http:\/\/www.jb.com.br\/ciencia-e-tecnologia\/noticias\/2011\/10\/14\/unicef-um-terco-de-criancas-fora-da-escola-tem-qualquer-tipo-de-deficiencia\/#\">servi\u00e7os<\/a> b\u00e1sicos de <a rel=\"nofollow\" href=\"http:\/\/www.jb.com.br\/ciencia-e-tecnologia\/noticias\/2011\/10\/14\/unicef-um-terco-de-criancas-fora-da-escola-tem-qualquer-tipo-de-deficiencia\/#\">sa\u00fade<\/a>,  como por exemplo vacinas.<\/p>\n<p>Ainda segundo o relat\u00f3rio do Unicef, crian\u00e7as com defici\u00eancia sofrem com  preconceito em todos os aspectos. O impacto pode ser desumano para elas fazendo  com que direitos b\u00e1sicos sejam negados incluindo o direito \u00e0 vida.<\/p>\n<p>Fonte: R\u00e1dio ONU<\/p>\n<\/div>\n","protected":false},"excerpt":{"rendered":"<p>A maioria das crian\u00e7as que  tem defici\u00eancia n\u00e3o tem acesso \u00e0 educa\u00e7\u00e3o e cuidados de sa\u00fade, fica sem chances de brincar e adquirir cultura e sofre discrimina\u00e7\u00e3o como se fossem um \u201cfardo invis\u00edvel\u201d.<\/p>\n","protected":false},"author":1,"featured_media":0,"comment_status":"open","ping_status":"open","sticky":false,"template":"","format":"standard","meta":{"site-container-style":"default","site-container-layout":"default","site-sidebar-layout":"default","disable-article-header":"default","disable-site-header":"default","disable-site-footer":"default","disable-content-area-spacing":"default","footnotes":""},"categories":[4],"tags":[],"class_list":["post-21319","post","type-post","status-publish","format-standard","hentry","category-noticias"],"yoast_head":"<!-- This site is optimized with the Yoast SEO plugin v27.4 - https:\/\/yoast.com\/product\/yoast-seo-wordpress\/ -->\n<title>Unicef: um ter\u00e7o de crian\u00e7as fora da escola tem algum tipo de defici\u00eancia -<\/title>\n<meta name=\"robots\" content=\"index, follow, max-snippet:-1, max-image-preview:large, max-video-preview:-1\" \/>\n<link rel=\"canonical\" href=\"https:\/\/inclusivenews.com.br\/?p=21319\" \/>\n<meta property=\"og:locale\" content=\"pt_PT\" \/>\n<meta property=\"og:type\" content=\"article\" \/>\n<meta property=\"og:title\" content=\"Unicef: um ter\u00e7o de crian\u00e7as fora da escola tem algum tipo de defici\u00eancia -\" \/>\n<meta property=\"og:description\" content=\"A maioria das crian\u00e7as que tem defici\u00eancia n\u00e3o tem acesso \u00e0 educa\u00e7\u00e3o e cuidados de sa\u00fade, fica sem chances de brincar e adquirir cultura e sofre discrimina\u00e7\u00e3o como se fossem um \u201cfardo invis\u00edvel\u201d.\" \/>\n<meta property=\"og:url\" content=\"https:\/\/inclusivenews.com.br\/?p=21319\" \/>\n<meta property=\"article:publisher\" content=\"https:\/\/www.facebook.com\/agenciainclusive\/\" \/>\n<meta property=\"article:published_time\" content=\"2011-10-14T20:14:56+00:00\" \/>\n<meta property=\"og:image\" content=\"http:\/\/inclusivenews.com.br\/wp-content\/uploads\/disabilities.jpg\" \/>\n<meta name=\"author\" content=\"inclusivenews2024\" \/>\n<meta name=\"twitter:card\" content=\"summary_large_image\" \/>\n<meta name=\"twitter:label1\" content=\"Escrito por\" \/>\n\t<meta name=\"twitter:data1\" content=\"inclusivenews2024\" \/>\n\t<meta name=\"twitter:label2\" content=\"Tempo estimado de leitura\" \/>\n\t<meta name=\"twitter:data2\" content=\"1 minuto\" \/>\n<script type=\"application\/ld+json\" class=\"yoast-schema-graph\">{\"@context\":\"https:\\\/\\\/schema.org\",\"@graph\":[{\"@type\":\"Article\",\"@id\":\"https:\\\/\\\/inclusivenews.com.br\\\/?p=21319#article\",\"isPartOf\":{\"@id\":\"https:\\\/\\\/inclusivenews.com.br\\\/?p=21319\"},\"author\":{\"name\":\"inclusivenews2024\",\"@id\":\"https:\\\/\\\/inclusivenews.com.br\\\/#\\\/schema\\\/person\\\/ae4ec7087559b8692fb33b6fffd2273b\"},\"headline\":\"Unicef: um ter\u00e7o de crian\u00e7as fora da escola tem algum tipo de defici\u00eancia\",\"datePublished\":\"2011-10-14T20:14:56+00:00\",\"mainEntityOfPage\":{\"@id\":\"https:\\\/\\\/inclusivenews.com.br\\\/?p=21319\"},\"wordCount\":251,\"commentCount\":0,\"publisher\":{\"@id\":\"https:\\\/\\\/inclusivenews.com.br\\\/#organization\"},\"image\":{\"@id\":\"https:\\\/\\\/inclusivenews.com.br\\\/?p=21319#primaryimage\"},\"thumbnailUrl\":\"http:\\\/\\\/inclusivenews.com.br\\\/wp-content\\\/uploads\\\/disabilities.jpg\",\"articleSection\":[\"NOT\u00cdCIAS\"],\"inLanguage\":\"pt-PT\",\"potentialAction\":[{\"@type\":\"CommentAction\",\"name\":\"Comment\",\"target\":[\"https:\\\/\\\/inclusivenews.com.br\\\/?p=21319#respond\"]}]},{\"@type\":\"WebPage\",\"@id\":\"https:\\\/\\\/inclusivenews.com.br\\\/?p=21319\",\"url\":\"https:\\\/\\\/inclusivenews.com.br\\\/?p=21319\",\"name\":\"Unicef: um ter\u00e7o de crian\u00e7as fora da escola tem algum tipo de defici\u00eancia -\",\"isPartOf\":{\"@id\":\"https:\\\/\\\/inclusivenews.com.br\\\/#website\"},\"primaryImageOfPage\":{\"@id\":\"https:\\\/\\\/inclusivenews.com.br\\\/?p=21319#primaryimage\"},\"image\":{\"@id\":\"https:\\\/\\\/inclusivenews.com.br\\\/?p=21319#primaryimage\"},\"thumbnailUrl\":\"http:\\\/\\\/inclusivenews.com.br\\\/wp-content\\\/uploads\\\/disabilities.jpg\",\"datePublished\":\"2011-10-14T20:14:56+00:00\",\"breadcrumb\":{\"@id\":\"https:\\\/\\\/inclusivenews.com.br\\\/?p=21319#breadcrumb\"},\"inLanguage\":\"pt-PT\",\"potentialAction\":[{\"@type\":\"ReadAction\",\"target\":[\"https:\\\/\\\/inclusivenews.com.br\\\/?p=21319\"]}]},{\"@type\":\"ImageObject\",\"inLanguage\":\"pt-PT\",\"@id\":\"https:\\\/\\\/inclusivenews.com.br\\\/?p=21319#primaryimage\",\"url\":\"\",\"contentUrl\":\"\"},{\"@type\":\"BreadcrumbList\",\"@id\":\"https:\\\/\\\/inclusivenews.com.br\\\/?p=21319#breadcrumb\",\"itemListElement\":[{\"@type\":\"ListItem\",\"position\":1,\"name\":\"In\u00edcio\",\"item\":\"https:\\\/\\\/inclusivenews.com.br\\\/\"},{\"@type\":\"ListItem\",\"position\":2,\"name\":\"Unicef: um ter\u00e7o de crian\u00e7as fora da escola tem algum tipo de defici\u00eancia\"}]},{\"@type\":\"WebSite\",\"@id\":\"https:\\\/\\\/inclusivenews.com.br\\\/#website\",\"url\":\"https:\\\/\\\/inclusivenews.com.br\\\/\",\"name\":\"Inclusive News\",\"description\":\"Inclusive News\",\"publisher\":{\"@id\":\"https:\\\/\\\/inclusivenews.com.br\\\/#organization\"},\"potentialAction\":[{\"@type\":\"SearchAction\",\"target\":{\"@type\":\"EntryPoint\",\"urlTemplate\":\"https:\\\/\\\/inclusivenews.com.br\\\/?s={search_term_string}\"},\"query-input\":{\"@type\":\"PropertyValueSpecification\",\"valueRequired\":true,\"valueName\":\"search_term_string\"}}],\"inLanguage\":\"pt-PT\"},{\"@type\":\"Organization\",\"@id\":\"https:\\\/\\\/inclusivenews.com.br\\\/#organization\",\"name\":\"Inclusive - inclus\u00e3o e cidadania\",\"url\":\"https:\\\/\\\/inclusivenews.com.br\\\/\",\"logo\":{\"@type\":\"ImageObject\",\"inLanguage\":\"pt-PT\",\"@id\":\"https:\\\/\\\/inclusivenews.com.br\\\/#\\\/schema\\\/logo\\\/image\\\/\",\"url\":\"https:\\\/\\\/inclusivenews.com.br\\\/wp-content\\\/uploads\\\/2024\\\/03\\\/@grandesite.png\",\"contentUrl\":\"https:\\\/\\\/inclusivenews.com.br\\\/wp-content\\\/uploads\\\/2024\\\/03\\\/@grandesite.png\",\"width\":1080,\"height\":1080,\"caption\":\"Inclusive - inclus\u00e3o e cidadania\"},\"image\":{\"@id\":\"https:\\\/\\\/inclusivenews.com.br\\\/#\\\/schema\\\/logo\\\/image\\\/\"},\"sameAs\":[\"https:\\\/\\\/www.facebook.com\\\/agenciainclusive\\\/\",\"https:\\\/\\\/www.instagram.com\\\/newsinclusive\\\/\"]},{\"@type\":\"Person\",\"@id\":\"https:\\\/\\\/inclusivenews.com.br\\\/#\\\/schema\\\/person\\\/ae4ec7087559b8692fb33b6fffd2273b\",\"name\":\"inclusivenews2024\",\"image\":{\"@type\":\"ImageObject\",\"inLanguage\":\"pt-PT\",\"@id\":\"https:\\\/\\\/secure.gravatar.com\\\/avatar\\\/c5a7ef84c66fa914f55bc4f7ce26cfa275a3b9a1c5568b907bd184fb4dde7b40?s=96&d=mm&r=g\",\"url\":\"https:\\\/\\\/secure.gravatar.com\\\/avatar\\\/c5a7ef84c66fa914f55bc4f7ce26cfa275a3b9a1c5568b907bd184fb4dde7b40?s=96&d=mm&r=g\",\"contentUrl\":\"https:\\\/\\\/secure.gravatar.com\\\/avatar\\\/c5a7ef84c66fa914f55bc4f7ce26cfa275a3b9a1c5568b907bd184fb4dde7b40?s=96&d=mm&r=g\",\"caption\":\"inclusivenews2024\"},\"sameAs\":[\"https:\\\/\\\/inclusivenews.com.br\"],\"url\":\"https:\\\/\\\/inclusivenews.com.br\\\/?author=1\"}]}<\/script>\n<!-- \/ Yoast SEO plugin. -->","yoast_head_json":{"title":"Unicef: um ter\u00e7o de crian\u00e7as fora da escola tem algum tipo de defici\u00eancia -","robots":{"index":"index","follow":"follow","max-snippet":"max-snippet:-1","max-image-preview":"max-image-preview:large","max-video-preview":"max-video-preview:-1"},"canonical":"https:\/\/inclusivenews.com.br\/?p=21319","og_locale":"pt_PT","og_type":"article","og_title":"Unicef: um ter\u00e7o de crian\u00e7as fora da escola tem algum tipo de defici\u00eancia -","og_description":"A maioria das crian\u00e7as que tem defici\u00eancia n\u00e3o tem acesso \u00e0 educa\u00e7\u00e3o e cuidados de sa\u00fade, fica sem chances de brincar e adquirir cultura e sofre discrimina\u00e7\u00e3o como se fossem um \u201cfardo invis\u00edvel\u201d.","og_url":"https:\/\/inclusivenews.com.br\/?p=21319","article_publisher":"https:\/\/www.facebook.com\/agenciainclusive\/","article_published_time":"2011-10-14T20:14:56+00:00","og_image":[{"url":"http:\/\/inclusivenews.com.br\/wp-content\/uploads\/disabilities.jpg","type":"","width":"","height":""}],"author":"inclusivenews2024","twitter_card":"summary_large_image","twitter_misc":{"Escrito por":"inclusivenews2024","Tempo estimado de leitura":"1 minuto"},"schema":{"@context":"https:\/\/schema.org","@graph":[{"@type":"Article","@id":"https:\/\/inclusivenews.com.br\/?p=21319#article","isPartOf":{"@id":"https:\/\/inclusivenews.com.br\/?p=21319"},"author":{"name":"inclusivenews2024","@id":"https:\/\/inclusivenews.com.br\/#\/schema\/person\/ae4ec7087559b8692fb33b6fffd2273b"},"headline":"Unicef: um ter\u00e7o de crian\u00e7as fora da escola tem algum tipo de defici\u00eancia","datePublished":"2011-10-14T20:14:56+00:00","mainEntityOfPage":{"@id":"https:\/\/inclusivenews.com.br\/?p=21319"},"wordCount":251,"commentCount":0,"publisher":{"@id":"https:\/\/inclusivenews.com.br\/#organization"},"image":{"@id":"https:\/\/inclusivenews.com.br\/?p=21319#primaryimage"},"thumbnailUrl":"http:\/\/inclusivenews.com.br\/wp-content\/uploads\/disabilities.jpg","articleSection":["NOT\u00cdCIAS"],"inLanguage":"pt-PT","potentialAction":[{"@type":"CommentAction","name":"Comment","target":["https:\/\/inclusivenews.com.br\/?p=21319#respond"]}]},{"@type":"WebPage","@id":"https:\/\/inclusivenews.com.br\/?p=21319","url":"https:\/\/inclusivenews.com.br\/?p=21319","name":"Unicef: um ter\u00e7o de crian\u00e7as fora da escola tem algum tipo de defici\u00eancia -","isPartOf":{"@id":"https:\/\/inclusivenews.com.br\/#website"},"primaryImageOfPage":{"@id":"https:\/\/inclusivenews.com.br\/?p=21319#primaryimage"},"image":{"@id":"https:\/\/inclusivenews.com.br\/?p=21319#primaryimage"},"thumbnailUrl":"http:\/\/inclusivenews.com.br\/wp-content\/uploads\/disabilities.jpg","datePublished":"2011-10-14T20:14:56+00:00","breadcrumb":{"@id":"https:\/\/inclusivenews.com.br\/?p=21319#breadcrumb"},"inLanguage":"pt-PT","potentialAction":[{"@type":"ReadAction","target":["https:\/\/inclusivenews.com.br\/?p=21319"]}]},{"@type":"ImageObject","inLanguage":"pt-PT","@id":"https:\/\/inclusivenews.com.br\/?p=21319#primaryimage","url":"","contentUrl":""},{"@type":"BreadcrumbList","@id":"https:\/\/inclusivenews.com.br\/?p=21319#breadcrumb","itemListElement":[{"@type":"ListItem","position":1,"name":"In\u00edcio","item":"https:\/\/inclusivenews.com.br\/"},{"@type":"ListItem","position":2,"name":"Unicef: um ter\u00e7o de crian\u00e7as fora da escola tem algum tipo de defici\u00eancia"}]},{"@type":"WebSite","@id":"https:\/\/inclusivenews.com.br\/#website","url":"https:\/\/inclusivenews.com.br\/","name":"Inclusive News","description":"Inclusive News","publisher":{"@id":"https:\/\/inclusivenews.com.br\/#organization"},"potentialAction":[{"@type":"SearchAction","target":{"@type":"EntryPoint","urlTemplate":"https:\/\/inclusivenews.com.br\/?s={search_term_string}"},"query-input":{"@type":"PropertyValueSpecification","valueRequired":true,"valueName":"search_term_string"}}],"inLanguage":"pt-PT"},{"@type":"Organization","@id":"https:\/\/inclusivenews.com.br\/#organization","name":"Inclusive - inclus\u00e3o e cidadania","url":"https:\/\/inclusivenews.com.br\/","logo":{"@type":"ImageObject","inLanguage":"pt-PT","@id":"https:\/\/inclusivenews.com.br\/#\/schema\/logo\/image\/","url":"https:\/\/inclusivenews.com.br\/wp-content\/uploads\/2024\/03\/@grandesite.png","contentUrl":"https:\/\/inclusivenews.com.br\/wp-content\/uploads\/2024\/03\/@grandesite.png","width":1080,"height":1080,"caption":"Inclusive - inclus\u00e3o e cidadania"},"image":{"@id":"https:\/\/inclusivenews.com.br\/#\/schema\/logo\/image\/"},"sameAs":["https:\/\/www.facebook.com\/agenciainclusive\/","https:\/\/www.instagram.com\/newsinclusive\/"]},{"@type":"Person","@id":"https:\/\/inclusivenews.com.br\/#\/schema\/person\/ae4ec7087559b8692fb33b6fffd2273b","name":"inclusivenews2024","image":{"@type":"ImageObject","inLanguage":"pt-PT","@id":"https:\/\/secure.gravatar.com\/avatar\/c5a7ef84c66fa914f55bc4f7ce26cfa275a3b9a1c5568b907bd184fb4dde7b40?s=96&d=mm&r=g","url":"https:\/\/secure.gravatar.com\/avatar\/c5a7ef84c66fa914f55bc4f7ce26cfa275a3b9a1c5568b907bd184fb4dde7b40?s=96&d=mm&r=g","contentUrl":"https:\/\/secure.gravatar.com\/avatar\/c5a7ef84c66fa914f55bc4f7ce26cfa275a3b9a1c5568b907bd184fb4dde7b40?s=96&d=mm&r=g","caption":"inclusivenews2024"},"sameAs":["https:\/\/inclusivenews.com.br"],"url":"https:\/\/inclusivenews.com.br\/?author=1"}]}},"_links":{"self":[{"href":"https:\/\/inclusivenews.com.br\/index.php?rest_route=\/wp\/v2\/posts\/21319","targetHints":{"allow":["GET"]}}],"collection":[{"href":"https:\/\/inclusivenews.com.br\/index.php?rest_route=\/wp\/v2\/posts"}],"about":[{"href":"https:\/\/inclusivenews.com.br\/index.php?rest_route=\/wp\/v2\/types\/post"}],"author":[{"embeddable":true,"href":"https:\/\/inclusivenews.com.br\/index.php?rest_route=\/wp\/v2\/users\/1"}],"replies":[{"embeddable":true,"href":"https:\/\/inclusivenews.com.br\/index.php?rest_route=%2Fwp%2Fv2%2Fcomments&post=21319"}],"version-history":[{"count":0,"href":"https:\/\/inclusivenews.com.br\/index.php?rest_route=\/wp\/v2\/posts\/21319\/revisions"}],"wp:attachment":[{"href":"https:\/\/inclusivenews.com.br\/index.php?rest_route=%2Fwp%2Fv2%2Fmedia&parent=21319"}],"wp:term":[{"taxonomy":"category","embeddable":true,"href":"https:\/\/inclusivenews.com.br\/index.php?rest_route=%2Fwp%2Fv2%2Fcategories&post=21319"},{"taxonomy":"post_tag","embeddable":true,"href":"https:\/\/inclusivenews.com.br\/index.php?rest_route=%2Fwp%2Fv2%2Ftags&post=21319"}],"curies":[{"name":"wp","href":"https:\/\/api.w.org\/{rel}","templated":true}]}}