{"id":21382,"date":"2011-10-26T06:24:28","date_gmt":"2011-10-26T09:24:28","guid":{"rendered":"http:\/\/www.inclusive.org.br\/?p=21382"},"modified":"2011-10-26T06:24:28","modified_gmt":"2011-10-26T09:24:28","slug":"a-ideia-de-justica-lidee-de-justice-mais-recente-livro-de-amartya-sen","status":"publish","type":"post","link":"https:\/\/inclusivenews.com.br\/?p=21382","title":{"rendered":"&quot;A ideia de justi\u00e7a&quot; (L\u2019Id\u00e9e de justice), mais recente livro de Amartya Sen"},"content":{"rendered":"<figure id=\"attachment_21383\" aria-describedby=\"caption-attachment-21383\" style=\"width: 150px\" class=\"wp-caption alignleft\"><img loading=\"lazy\" decoding=\"async\" class=\"size-full wp-image-21383\" title=\"Capa do livro, onde l\u00ea-se o t\u00edtulo e o nome do autor\" src=\"http:\/\/inclusivenews.com.br\/wp-content\/uploads\/capa_amartya663232.jpg\" alt=\"Capa do livro, onde l\u00ea-se o t\u00edtulo e o nome do autor\" width=\"150\" height=\"225\" \/><figcaption id=\"caption-attachment-21383\" class=\"wp-caption-text\"> <\/figcaption><\/figure>\n<p><em>Uma sociedade mais justa \u00e9 poss\u00edvel? Esta quest\u00e3o est\u00e1 no centro dos debates p\u00fablicos desde as revolu\u00e7\u00f5es americana e francesa. Ela representa tamb\u00e9m um dos grandes problemas da filosofia pol\u00edtica. Um dos intelectuais mais influentes do mundo, Amartya Sen, entrega agora a sua teoria da justi\u00e7a.<\/em><\/p>\n<p>\u2018L\u2019Id\u00e9e de justice\u2019, \u00faltimo livro de Amartya Sen, acaba de ser lan\u00e7ado na Fran\u00e7a pela Flammarion (558 p.). A resenha \u00e9 de Laurent Jeanpierre e est\u00e1 publicada no Le Monde, 21-01-2010. A tradu\u00e7\u00e3o \u00e9 do Cepat.<\/p>\n<p>O economista indiano distingue, em primeiro lugar, duas fam\u00edlias de pensamentos. De Hobbes a Kant passando por Locke e Rousseau, a primeira \u201cse concentrou sobre a busca de dispositivos sociais perfeitamente justos\u201d. Ela culminaria com o fil\u00f3sofo americano John Rawls (1921-2002), a quem o livro \u00e9 dedicado. Mas haveria uma outra tradi\u00e7\u00e3o, aquela que vai de Adam Smith a Marx passando por Condorcet e John Stuart Mill, para a qual a quest\u00e3o da justi\u00e7a s\u00f3 pode ser revolvida na \u201ccompara\u00e7\u00e3o entre os diversos modos de vida que as pessoas poderiam ter\u201d sob o efeito de diferentes institui\u00e7\u00f5es.<\/p>\n<p>Ora, para Sen, as hip\u00f3teses de Rawls, que redefinem a justi\u00e7a como \u201cequidade\u201d, s\u00e3o critic\u00e1veis por recorrerem a \u201cuma simplifica\u00e7\u00e3o arbitr\u00e1ria e radical de uma imensa e multiforme tarefa: harmonizar o funcionamento dos princ\u00edpios de justi\u00e7a e o comportamento real das pessoas\u201d. A tradi\u00e7\u00e3o \u00e0 qual Sen se conecta visa menos buscar princ\u00edpios de justi\u00e7a pura do que limitar na pr\u00e1tica as \u201cintoler\u00e1veis injusti\u00e7as\u201d: a luta contra a escravid\u00e3o travada pela revolucion\u00e1ria inglesa Mary Wollstonecraft e outros, no s\u00e9culo XVIII, explica ele, n\u00e3o se fez \u201cna ilus\u00e3o de que abolir a escravid\u00e3o tornaria o mundo perfeitamente justo\u201d. Mais amplamente, Sen invalida na filosofia pol\u00edtica todas as condutas desviantes que visam a encontrar procedimentos ideais para obter uma diminui\u00e7\u00e3o das desigualdades.<\/p>\n<p>Seu m\u00e9todo decorre da seguinte constata\u00e7\u00e3o: existe sempre uma pluralidade de sistemas de valores e de crit\u00e9rios para pensar a justi\u00e7a. A este respeito, ele d\u00e1 um exemplo. No caso de uma flauta que \u00e9 preciso dar a apenas um de tr\u00eas meninos. O primeiro declara merec\u00ea-la porque ele \u00e9 o \u00fanico que sabe toc\u00e1-la; o segundo argumenta que ele \u00e9 o \u00fanico a n\u00e3o ter brinquedo; o terceiro afirma que fabricou o objeto com suas pr\u00f3prias m\u00e3os. Nesse caso, a atribui\u00e7\u00e3o \u00e9 imposs\u00edvel de efetuar sem contradizer ao menos um princ\u00edpio de justi\u00e7a. Para Sen, uma resolu\u00e7\u00e3o n\u00e3o violenta deste tipo de conflito n\u00e3o pode vir de uma institui\u00e7\u00e3o, mas apenas de uma delibera\u00e7\u00e3o p\u00fablica.<\/p>\n<p>Mas ela implica tamb\u00e9m que se tenha antes exclu\u00eddo os crit\u00e9rios n\u00e3o pertinentes para medir a justi\u00e7a. \u00c9 sobre este tema em particular que a filosofia de Sen se ap\u00f3ia sobre a sua teoria econ\u00f4mica heterodoxa. Assim, Rawls novamente \u00e9 criticado, mas desta vez por ter definido a justi\u00e7a como distribui\u00e7\u00e3o equitativa dos bens. De acordo com Sen, as maneiras de utilizar esses bens e de se beneficiar deles para aumentar a sua capacidade de agir s\u00e3o diferentes segundo as disposi\u00e7\u00f5es dos indiv\u00edduos e seus meios sociais.<\/p>\n<p>Ter um carro, por exemplo, n\u00e3o constitui para todos o que Sen chama de \u201ccapacidade\u201d [o conceito inclui a oportunidade], isto \u00e9, uma possibilidade de melhorar efetivamente sua sorte em uma dire\u00e7\u00e3o desejada. Este carro s\u00f3 ser\u00e1 convertido em liberdade concreta por uma pessoa que tem carteira de motorista e que busca a mobilidade, em uma sociedade em que a circula\u00e7\u00e3o \u00e9 livre e onde os engarrafamentos e a polui\u00e7\u00e3o n\u00e3o a tornam mais custosa que desej\u00e1vel. \u201cA vantagem de uma pessoa, escreve Sen, \u00e9 julgada inferior a uma outra se ela tem menos capacidade \u2013 possibilidades reais \u2013 de realizar aquilo a que ela tem raz\u00f5es de atribuir valor\u201d. As quest\u00f5es de justi\u00e7a n\u00e3o podem, portanto, ser reduzidas a problemas de distribui\u00e7\u00e3o das riquezas, muito menos \u00e0s diferen\u00e7as de bem-estar percebidas.<\/p>\n<p>\u201cPluralismo refletido\u201d<\/p>\n<p>Dessa maneira, Sen situa a iguala\u00e7\u00e3o das liberdades concretas entre indiv\u00edduos no centro de toda busca de justi\u00e7a. Contudo, ele se op\u00f5e aos fil\u00f3sofos liberais, que consideram que qualquer diminui\u00e7\u00e3o das desigualdades que cerceiam as liberdades seria ruim. Para ele, esta prioridade dada \u00e0 liberdade n\u00e3o seria capaz de constituir um absoluto, porque a igualdade, assim como a liberdade s\u00e3o apreciadas e desejadas diferentemente pelos indiv\u00edduos. Segundo esse \u201cpluralismo refletido\u201d, o progresso da justi\u00e7a \u00e9 insepar\u00e1vel do aprofundamento da democracia, entendida como a delibera\u00e7\u00e3o mais ampla poss\u00edvel.<\/p>\n<p>Cosmopolita, o autor se inspira aqui em culturas filos\u00f3ficas ocidentais e orientais, e especialmente indianas. Ele prop\u00f5e comparar as liberdades entre indiv\u00edduos assim como entre as sociedades, e isso contra o ponto de vista atualmente dominante daqueles que consideram que a defini\u00e7\u00e3o da justi\u00e7a \u00e9 relativa a cada cultura ou que ela s\u00f3 pode ser exercida plenamente no quadro de uma comunidade religiosa ou nacional fechada.<\/p>\n<p>A obra convida a refor\u00e7ar as possibilidades democr\u00e1ticas reais, e primeiramente dos espa\u00e7os de delibera\u00e7\u00e3o p\u00fablica. O livro termina com uma rica reflex\u00e3o sobre o isolamento sofrido pelos indiv\u00edduos, e que aparece em definitiva como o elemento mais pernicioso \u00e0 justi\u00e7a. Para Sen, trata-se de imaginar uma diminui\u00e7\u00e3o das desigualdades e um progresso da justi\u00e7a social em escala mundial, sem esperar um hipot\u00e9tico e bem improv\u00e1vel Estado mundial.<\/p>\n<p>Para al\u00e9m de uma tradu\u00e7\u00e3o muitas vezes pesada e das numerosas repeti\u00e7\u00f5es de uma obra mal composta, alguns leitores certamente levantar\u00e3o a seguinte quest\u00e3o: no final de seu percurso, o autor n\u00e3o troca o idealismo dos te\u00f3ricos da justi\u00e7a por aquele dos te\u00f3ricos da democracia, ao prestar muito pouca aten\u00e7\u00e3o \u00e0s condi\u00e7\u00f5es de acesso dos indiv\u00edduos \u00e0 discuss\u00e3o p\u00fablica? Portanto, a for\u00e7a desse livro est\u00e1 precisamente em que essas obje\u00e7\u00f5es podem contribuir para consolidar seu argumento sem desfaz\u00ea-lo. Ele oferece um caminho mais realista que muitos outros pensadores pol\u00edticos para fazer, como convidava Pascal em sua c\u00e9lebre f\u00f3rmula, com \u201cque o que \u00e9 justo seja forte\u201d em vez de \u201co que \u00e9 forte seja justo\u201d.<\/p>\n<p>Fonte: IHU on-line<\/p>\n<p><a href=\"http:\/\/compare.buscape.com.br\/a-ideia-de-justica-amartya-sen-8535919279.html?pos=2\">Compare pre\u00e7os para este livro no Buscap\u00e9. <\/a><\/p>\n","protected":false},"excerpt":{"rendered":"<p>Em &#8220;A ideia de justi\u00e7a&#8221;, um dos intelectuais mais influentes do mundo, Amartya Sen, entrega a sua teoria da justi\u00e7a. Do IHU on-line.<\/p>\n","protected":false},"author":1,"featured_media":0,"comment_status":"open","ping_status":"open","sticky":false,"template":"","format":"standard","meta":{"site-container-style":"default","site-container-layout":"default","site-sidebar-layout":"default","disable-article-header":"default","disable-site-header":"default","disable-site-footer":"default","disable-content-area-spacing":"default","footnotes":""},"categories":[11,50,51,10],"tags":[],"class_list":["post-21382","post","type-post","status-publish","format-standard","hentry","category-direitos-humanos","category-lancamentos","category-livros","category-publicacoes"],"yoast_head":"<!-- This site is optimized with the Yoast SEO plugin v27.4 - https:\/\/yoast.com\/product\/yoast-seo-wordpress\/ -->\n<title>&quot;A ideia de justi\u00e7a&quot; (L\u2019Id\u00e9e de justice), mais recente livro de Amartya Sen -<\/title>\n<meta name=\"robots\" content=\"index, follow, max-snippet:-1, max-image-preview:large, max-video-preview:-1\" \/>\n<link rel=\"canonical\" href=\"https:\/\/inclusivenews.com.br\/?p=21382\" \/>\n<meta property=\"og:locale\" content=\"pt_PT\" \/>\n<meta property=\"og:type\" content=\"article\" \/>\n<meta property=\"og:title\" content=\"&quot;A ideia de justi\u00e7a&quot; (L\u2019Id\u00e9e de justice), mais recente livro de Amartya Sen -\" \/>\n<meta property=\"og:description\" content=\"Em &quot;A ideia de justi\u00e7a&quot;, um dos intelectuais mais influentes do mundo, Amartya Sen, entrega a sua teoria da justi\u00e7a. Do IHU on-line.\" \/>\n<meta property=\"og:url\" content=\"https:\/\/inclusivenews.com.br\/?p=21382\" \/>\n<meta property=\"article:publisher\" content=\"https:\/\/www.facebook.com\/agenciainclusive\/\" \/>\n<meta property=\"article:published_time\" content=\"2011-10-26T09:24:28+00:00\" \/>\n<meta property=\"og:image\" content=\"http:\/\/inclusivenews.com.br\/wp-content\/uploads\/capa_amartya663232.jpg\" \/>\n<meta name=\"author\" content=\"inclusivenews2024\" \/>\n<meta name=\"twitter:card\" content=\"summary_large_image\" \/>\n<meta name=\"twitter:label1\" content=\"Escrito por\" \/>\n\t<meta name=\"twitter:data1\" content=\"inclusivenews2024\" \/>\n\t<meta name=\"twitter:label2\" content=\"Tempo estimado de leitura\" \/>\n\t<meta name=\"twitter:data2\" content=\"6 minutos\" \/>\n<script type=\"application\/ld+json\" class=\"yoast-schema-graph\">{\"@context\":\"https:\\\/\\\/schema.org\",\"@graph\":[{\"@type\":\"Article\",\"@id\":\"https:\\\/\\\/inclusivenews.com.br\\\/?p=21382#article\",\"isPartOf\":{\"@id\":\"https:\\\/\\\/inclusivenews.com.br\\\/?p=21382\"},\"author\":{\"name\":\"inclusivenews2024\",\"@id\":\"https:\\\/\\\/inclusivenews.com.br\\\/#\\\/schema\\\/person\\\/ae4ec7087559b8692fb33b6fffd2273b\"},\"headline\":\"&quot;A ideia de justi\u00e7a&quot; (L\u2019Id\u00e9e de justice), mais recente livro de Amartya Sen\",\"datePublished\":\"2011-10-26T09:24:28+00:00\",\"mainEntityOfPage\":{\"@id\":\"https:\\\/\\\/inclusivenews.com.br\\\/?p=21382\"},\"wordCount\":1121,\"commentCount\":0,\"publisher\":{\"@id\":\"https:\\\/\\\/inclusivenews.com.br\\\/#organization\"},\"image\":{\"@id\":\"https:\\\/\\\/inclusivenews.com.br\\\/?p=21382#primaryimage\"},\"thumbnailUrl\":\"http:\\\/\\\/inclusivenews.com.br\\\/wp-content\\\/uploads\\\/capa_amartya663232.jpg\",\"articleSection\":[\"DIREITOS HUMANOS\",\"Lan\u00e7amentos\",\"Livros\",\"PUBLICA\u00c7\u00d5ES\"],\"inLanguage\":\"pt-PT\",\"potentialAction\":[{\"@type\":\"CommentAction\",\"name\":\"Comment\",\"target\":[\"https:\\\/\\\/inclusivenews.com.br\\\/?p=21382#respond\"]}]},{\"@type\":\"WebPage\",\"@id\":\"https:\\\/\\\/inclusivenews.com.br\\\/?p=21382\",\"url\":\"https:\\\/\\\/inclusivenews.com.br\\\/?p=21382\",\"name\":\"&quot;A ideia de justi\u00e7a&quot; (L\u2019Id\u00e9e de justice), mais recente livro de Amartya Sen -\",\"isPartOf\":{\"@id\":\"https:\\\/\\\/inclusivenews.com.br\\\/#website\"},\"primaryImageOfPage\":{\"@id\":\"https:\\\/\\\/inclusivenews.com.br\\\/?p=21382#primaryimage\"},\"image\":{\"@id\":\"https:\\\/\\\/inclusivenews.com.br\\\/?p=21382#primaryimage\"},\"thumbnailUrl\":\"http:\\\/\\\/inclusivenews.com.br\\\/wp-content\\\/uploads\\\/capa_amartya663232.jpg\",\"datePublished\":\"2011-10-26T09:24:28+00:00\",\"breadcrumb\":{\"@id\":\"https:\\\/\\\/inclusivenews.com.br\\\/?p=21382#breadcrumb\"},\"inLanguage\":\"pt-PT\",\"potentialAction\":[{\"@type\":\"ReadAction\",\"target\":[\"https:\\\/\\\/inclusivenews.com.br\\\/?p=21382\"]}]},{\"@type\":\"ImageObject\",\"inLanguage\":\"pt-PT\",\"@id\":\"https:\\\/\\\/inclusivenews.com.br\\\/?p=21382#primaryimage\",\"url\":\"\",\"contentUrl\":\"\"},{\"@type\":\"BreadcrumbList\",\"@id\":\"https:\\\/\\\/inclusivenews.com.br\\\/?p=21382#breadcrumb\",\"itemListElement\":[{\"@type\":\"ListItem\",\"position\":1,\"name\":\"In\u00edcio\",\"item\":\"https:\\\/\\\/inclusivenews.com.br\\\/\"},{\"@type\":\"ListItem\",\"position\":2,\"name\":\"&quot;A ideia de justi\u00e7a&quot; (L\u2019Id\u00e9e de justice), mais recente livro de Amartya Sen\"}]},{\"@type\":\"WebSite\",\"@id\":\"https:\\\/\\\/inclusivenews.com.br\\\/#website\",\"url\":\"https:\\\/\\\/inclusivenews.com.br\\\/\",\"name\":\"Inclusive News\",\"description\":\"Inclusive News\",\"publisher\":{\"@id\":\"https:\\\/\\\/inclusivenews.com.br\\\/#organization\"},\"potentialAction\":[{\"@type\":\"SearchAction\",\"target\":{\"@type\":\"EntryPoint\",\"urlTemplate\":\"https:\\\/\\\/inclusivenews.com.br\\\/?s={search_term_string}\"},\"query-input\":{\"@type\":\"PropertyValueSpecification\",\"valueRequired\":true,\"valueName\":\"search_term_string\"}}],\"inLanguage\":\"pt-PT\"},{\"@type\":\"Organization\",\"@id\":\"https:\\\/\\\/inclusivenews.com.br\\\/#organization\",\"name\":\"Inclusive - inclus\u00e3o e cidadania\",\"url\":\"https:\\\/\\\/inclusivenews.com.br\\\/\",\"logo\":{\"@type\":\"ImageObject\",\"inLanguage\":\"pt-PT\",\"@id\":\"https:\\\/\\\/inclusivenews.com.br\\\/#\\\/schema\\\/logo\\\/image\\\/\",\"url\":\"https:\\\/\\\/inclusivenews.com.br\\\/wp-content\\\/uploads\\\/2024\\\/03\\\/@grandesite.png\",\"contentUrl\":\"https:\\\/\\\/inclusivenews.com.br\\\/wp-content\\\/uploads\\\/2024\\\/03\\\/@grandesite.png\",\"width\":1080,\"height\":1080,\"caption\":\"Inclusive - inclus\u00e3o e cidadania\"},\"image\":{\"@id\":\"https:\\\/\\\/inclusivenews.com.br\\\/#\\\/schema\\\/logo\\\/image\\\/\"},\"sameAs\":[\"https:\\\/\\\/www.facebook.com\\\/agenciainclusive\\\/\",\"https:\\\/\\\/www.instagram.com\\\/newsinclusive\\\/\"]},{\"@type\":\"Person\",\"@id\":\"https:\\\/\\\/inclusivenews.com.br\\\/#\\\/schema\\\/person\\\/ae4ec7087559b8692fb33b6fffd2273b\",\"name\":\"inclusivenews2024\",\"image\":{\"@type\":\"ImageObject\",\"inLanguage\":\"pt-PT\",\"@id\":\"https:\\\/\\\/secure.gravatar.com\\\/avatar\\\/c5a7ef84c66fa914f55bc4f7ce26cfa275a3b9a1c5568b907bd184fb4dde7b40?s=96&d=mm&r=g\",\"url\":\"https:\\\/\\\/secure.gravatar.com\\\/avatar\\\/c5a7ef84c66fa914f55bc4f7ce26cfa275a3b9a1c5568b907bd184fb4dde7b40?s=96&d=mm&r=g\",\"contentUrl\":\"https:\\\/\\\/secure.gravatar.com\\\/avatar\\\/c5a7ef84c66fa914f55bc4f7ce26cfa275a3b9a1c5568b907bd184fb4dde7b40?s=96&d=mm&r=g\",\"caption\":\"inclusivenews2024\"},\"sameAs\":[\"https:\\\/\\\/inclusivenews.com.br\"],\"url\":\"https:\\\/\\\/inclusivenews.com.br\\\/?author=1\"}]}<\/script>\n<!-- \/ Yoast SEO plugin. -->","yoast_head_json":{"title":"&quot;A ideia de justi\u00e7a&quot; (L\u2019Id\u00e9e de justice), mais recente livro de Amartya Sen -","robots":{"index":"index","follow":"follow","max-snippet":"max-snippet:-1","max-image-preview":"max-image-preview:large","max-video-preview":"max-video-preview:-1"},"canonical":"https:\/\/inclusivenews.com.br\/?p=21382","og_locale":"pt_PT","og_type":"article","og_title":"&quot;A ideia de justi\u00e7a&quot; (L\u2019Id\u00e9e de justice), mais recente livro de Amartya Sen -","og_description":"Em \"A ideia de justi\u00e7a\", um dos intelectuais mais influentes do mundo, Amartya Sen, entrega a sua teoria da justi\u00e7a. Do IHU on-line.","og_url":"https:\/\/inclusivenews.com.br\/?p=21382","article_publisher":"https:\/\/www.facebook.com\/agenciainclusive\/","article_published_time":"2011-10-26T09:24:28+00:00","og_image":[{"url":"http:\/\/inclusivenews.com.br\/wp-content\/uploads\/capa_amartya663232.jpg","type":"","width":"","height":""}],"author":"inclusivenews2024","twitter_card":"summary_large_image","twitter_misc":{"Escrito por":"inclusivenews2024","Tempo estimado de leitura":"6 minutos"},"schema":{"@context":"https:\/\/schema.org","@graph":[{"@type":"Article","@id":"https:\/\/inclusivenews.com.br\/?p=21382#article","isPartOf":{"@id":"https:\/\/inclusivenews.com.br\/?p=21382"},"author":{"name":"inclusivenews2024","@id":"https:\/\/inclusivenews.com.br\/#\/schema\/person\/ae4ec7087559b8692fb33b6fffd2273b"},"headline":"&quot;A ideia de justi\u00e7a&quot; (L\u2019Id\u00e9e de justice), mais recente livro de Amartya Sen","datePublished":"2011-10-26T09:24:28+00:00","mainEntityOfPage":{"@id":"https:\/\/inclusivenews.com.br\/?p=21382"},"wordCount":1121,"commentCount":0,"publisher":{"@id":"https:\/\/inclusivenews.com.br\/#organization"},"image":{"@id":"https:\/\/inclusivenews.com.br\/?p=21382#primaryimage"},"thumbnailUrl":"http:\/\/inclusivenews.com.br\/wp-content\/uploads\/capa_amartya663232.jpg","articleSection":["DIREITOS HUMANOS","Lan\u00e7amentos","Livros","PUBLICA\u00c7\u00d5ES"],"inLanguage":"pt-PT","potentialAction":[{"@type":"CommentAction","name":"Comment","target":["https:\/\/inclusivenews.com.br\/?p=21382#respond"]}]},{"@type":"WebPage","@id":"https:\/\/inclusivenews.com.br\/?p=21382","url":"https:\/\/inclusivenews.com.br\/?p=21382","name":"&quot;A ideia de justi\u00e7a&quot; (L\u2019Id\u00e9e de justice), mais recente livro de Amartya Sen -","isPartOf":{"@id":"https:\/\/inclusivenews.com.br\/#website"},"primaryImageOfPage":{"@id":"https:\/\/inclusivenews.com.br\/?p=21382#primaryimage"},"image":{"@id":"https:\/\/inclusivenews.com.br\/?p=21382#primaryimage"},"thumbnailUrl":"http:\/\/inclusivenews.com.br\/wp-content\/uploads\/capa_amartya663232.jpg","datePublished":"2011-10-26T09:24:28+00:00","breadcrumb":{"@id":"https:\/\/inclusivenews.com.br\/?p=21382#breadcrumb"},"inLanguage":"pt-PT","potentialAction":[{"@type":"ReadAction","target":["https:\/\/inclusivenews.com.br\/?p=21382"]}]},{"@type":"ImageObject","inLanguage":"pt-PT","@id":"https:\/\/inclusivenews.com.br\/?p=21382#primaryimage","url":"","contentUrl":""},{"@type":"BreadcrumbList","@id":"https:\/\/inclusivenews.com.br\/?p=21382#breadcrumb","itemListElement":[{"@type":"ListItem","position":1,"name":"In\u00edcio","item":"https:\/\/inclusivenews.com.br\/"},{"@type":"ListItem","position":2,"name":"&quot;A ideia de justi\u00e7a&quot; (L\u2019Id\u00e9e de justice), mais recente livro de Amartya Sen"}]},{"@type":"WebSite","@id":"https:\/\/inclusivenews.com.br\/#website","url":"https:\/\/inclusivenews.com.br\/","name":"Inclusive News","description":"Inclusive News","publisher":{"@id":"https:\/\/inclusivenews.com.br\/#organization"},"potentialAction":[{"@type":"SearchAction","target":{"@type":"EntryPoint","urlTemplate":"https:\/\/inclusivenews.com.br\/?s={search_term_string}"},"query-input":{"@type":"PropertyValueSpecification","valueRequired":true,"valueName":"search_term_string"}}],"inLanguage":"pt-PT"},{"@type":"Organization","@id":"https:\/\/inclusivenews.com.br\/#organization","name":"Inclusive - inclus\u00e3o e cidadania","url":"https:\/\/inclusivenews.com.br\/","logo":{"@type":"ImageObject","inLanguage":"pt-PT","@id":"https:\/\/inclusivenews.com.br\/#\/schema\/logo\/image\/","url":"https:\/\/inclusivenews.com.br\/wp-content\/uploads\/2024\/03\/@grandesite.png","contentUrl":"https:\/\/inclusivenews.com.br\/wp-content\/uploads\/2024\/03\/@grandesite.png","width":1080,"height":1080,"caption":"Inclusive - inclus\u00e3o e cidadania"},"image":{"@id":"https:\/\/inclusivenews.com.br\/#\/schema\/logo\/image\/"},"sameAs":["https:\/\/www.facebook.com\/agenciainclusive\/","https:\/\/www.instagram.com\/newsinclusive\/"]},{"@type":"Person","@id":"https:\/\/inclusivenews.com.br\/#\/schema\/person\/ae4ec7087559b8692fb33b6fffd2273b","name":"inclusivenews2024","image":{"@type":"ImageObject","inLanguage":"pt-PT","@id":"https:\/\/secure.gravatar.com\/avatar\/c5a7ef84c66fa914f55bc4f7ce26cfa275a3b9a1c5568b907bd184fb4dde7b40?s=96&d=mm&r=g","url":"https:\/\/secure.gravatar.com\/avatar\/c5a7ef84c66fa914f55bc4f7ce26cfa275a3b9a1c5568b907bd184fb4dde7b40?s=96&d=mm&r=g","contentUrl":"https:\/\/secure.gravatar.com\/avatar\/c5a7ef84c66fa914f55bc4f7ce26cfa275a3b9a1c5568b907bd184fb4dde7b40?s=96&d=mm&r=g","caption":"inclusivenews2024"},"sameAs":["https:\/\/inclusivenews.com.br"],"url":"https:\/\/inclusivenews.com.br\/?author=1"}]}},"_links":{"self":[{"href":"https:\/\/inclusivenews.com.br\/index.php?rest_route=\/wp\/v2\/posts\/21382","targetHints":{"allow":["GET"]}}],"collection":[{"href":"https:\/\/inclusivenews.com.br\/index.php?rest_route=\/wp\/v2\/posts"}],"about":[{"href":"https:\/\/inclusivenews.com.br\/index.php?rest_route=\/wp\/v2\/types\/post"}],"author":[{"embeddable":true,"href":"https:\/\/inclusivenews.com.br\/index.php?rest_route=\/wp\/v2\/users\/1"}],"replies":[{"embeddable":true,"href":"https:\/\/inclusivenews.com.br\/index.php?rest_route=%2Fwp%2Fv2%2Fcomments&post=21382"}],"version-history":[{"count":0,"href":"https:\/\/inclusivenews.com.br\/index.php?rest_route=\/wp\/v2\/posts\/21382\/revisions"}],"wp:attachment":[{"href":"https:\/\/inclusivenews.com.br\/index.php?rest_route=%2Fwp%2Fv2%2Fmedia&parent=21382"}],"wp:term":[{"taxonomy":"category","embeddable":true,"href":"https:\/\/inclusivenews.com.br\/index.php?rest_route=%2Fwp%2Fv2%2Fcategories&post=21382"},{"taxonomy":"post_tag","embeddable":true,"href":"https:\/\/inclusivenews.com.br\/index.php?rest_route=%2Fwp%2Fv2%2Ftags&post=21382"}],"curies":[{"name":"wp","href":"https:\/\/api.w.org\/{rel}","templated":true}]}}