{"id":21387,"date":"2011-10-26T06:12:49","date_gmt":"2011-10-26T09:12:49","guid":{"rendered":"http:\/\/www.inclusive.org.br\/?p=21387"},"modified":"2011-10-26T06:12:49","modified_gmt":"2011-10-26T09:12:49","slug":"i-forum-da-internet-no-brasil-debate-a-liberdade-na-rede","status":"publish","type":"post","link":"https:\/\/inclusivenews.com.br\/?p=21387","title":{"rendered":"I F\u00f3rum da Internet no Brasil debate a liberdade na rede"},"content":{"rendered":"<figure id=\"attachment_13398\" aria-describedby=\"caption-attachment-13398\" style=\"width: 169px\" class=\"wp-caption alignleft\"><img loading=\"lazy\" decoding=\"async\" class=\"size-full wp-image-13398 \" title=\"Inclusive - blogosfera, um globo formado por um teclado de computador.\" src=\"http:\/\/inclusivenews.com.br\/wp-content\/uploads\/2010\/01\/blogosfera.jpg\" alt=\"Inclusive - blogosfera, um globo formado por um teclado de computador.\" width=\"169\" height=\"174\" \/><figcaption id=\"caption-attachment-13398\" class=\"wp-caption-text\"> <\/figcaption><\/figure>\n<p>Liberdade, Governan\u00e7a, Universalidade, diversidade, Neutralidade e Ambiente Legal foram os seis eixos condutores do I F\u00f3rum da Internet do Brasil que aconteceu nos dias 13 e 14 de Outubro no Expo Center Norte, em S\u00e3o Paulo.<\/p>\n<p>O evento, promovido pelo Comit\u00ea Gestor da Internet (CGI.br) reuniu representantes da comunidade acad\u00eamica, do terceiro setor, do segmento empresarial e do governo para discutir os desafios atuais e futuros da Internet.<\/p>\n<p>O Brasil, 5\u00ba pa\u00eds com o maior n\u00famero de conex\u00f5es na internet, \u00e9 destaque no cen\u00e1rio internacional pela constru\u00e7\u00e3o colaborativa do Marco Civil da Internet no Brasil. Isto come\u00e7ou em 2010 no F\u00f3rum Brasileiro da Cultura Digital, quando se abriu um espa\u00e7o de debate virtual, sob a forma de consulta p\u00fablica online, para balizar o projeto de lei.<\/p>\n<p>O evento marcou tamb\u00e9m um per\u00edodo de intenso debate em torno da cultura livre e digital. O movimento da cultura e m\u00eddia livre defende maior flexibilidade em rela\u00e7\u00e3o aos direitos autorais, a liberdade de utiliza\u00e7\u00e3o, difus\u00e3o e modifica\u00e7\u00e3o de trabalhos criados, o famoso &#8220;remix&#8221; tanto de obras quanto de programas. Isso tudo tem a ver com o copyleft (\u201cdireito de c\u00f3pia\u201d), com a reforma dos direitos autorais, com o apoio do software livre, com a defesa de menores restri\u00e7\u00f5es sobre a propriedade intelectual.<\/p>\n<p>&#8220;Enquanto alguns acreditam que baixar m\u00fasicas na internet \u00e9 pirataria, o movimento da cultura livre acredita que as regras legais est\u00e3o um passo atr\u00e1s da realidade social e tecnol\u00f3gica, em outras palavras, que a lei est\u00e1 desatualizada e que h\u00e1 direitos que precisam ser garantidos&#8221;, afirma Carolina Caff\u00e9, t\u00e9cnica da \u00c1rea de Comunica\u00e7\u00e3o do Instituto P\u00f3lis.<\/p>\n<p>Um ponto pol\u00eamico em torno da cultura livre e digital se refere a amea\u00e7a da sustentabilidade econ\u00f4mica dos artistas e autores em geral rendidos a livre circula\u00e7\u00e3o de suas obras. Ainda assim o movimento tem destacado solu\u00e7\u00f5es originais neste sentido como o Catarse, que s\u00e3o plataformas de arrecada\u00e7\u00e3o financeira colaborativa, onde o consumidor apoia diretamente a obra do artista atraves de \u201cmoedas de trocas culturais\u201d (entenda melhor o Catarse).<\/p>\n<p>Se por um lado a morte de Steve Jobs (criador do iPhone e l\u00edder da Apple) repercutiu em men\u00e7\u00f5es enaltecestes a sua figura \u201crevolucion\u00e1ria\u201d, o movimento da cultura livre chegou a referir-se a ele como o inimigo n\u00famero um da colabora\u00e7\u00e3o, \u201co aspecto pol\u00edtico e econ\u00f4mico mais importante da revolu\u00e7\u00e3o digital\u201d (leia a mat\u00e9ria de Rodrigo Savazoni); isto porque seus produtos tem c\u00f3digos fechados, o que significa que a sociedade n\u00e3o tem o direito de personalizar seus programas, de &#8220;continuar o seu trabalho&#8221;, de remixar, de se apropriar. O que est\u00e1 em jogo \u00e9 a propriedade intelectual.<\/p>\n<p>O I F\u00f3rum da Internet do Brasil n\u00e3o ficou de fora deste movimento, defendendo que a Internet deve basear-se em padr\u00f5es abertos que permitam a interoperabilidade e a participa\u00e7\u00e3o de todos em seu desenvolvimento; e para tanto os participantes propuzeram planos de a\u00e7\u00e3o e projetos para melhorar a internet brasileira junto a governantes e entidades de regulamenta\u00e7\u00e3o da web.<\/p>\n<p><a href=\"http:\/\/forumdainternet.cgi.br\/?cat=11\" target=\"_blank\" rel=\"noopener\">Saiba mais<\/a><\/p>\n<p>Fonte: Insituto P\u00f3lis<\/p>\n","protected":false},"excerpt":{"rendered":"<p>Liberdade, Governan\u00e7a, Universalidade, diversidade, Neutralidade e Ambiente Legal foram os seis eixos condutores do I F\u00f3rum da Internet do Brasil que aconteceu nos dias 13 e 14 de Outubro no Expo Center Norte, em S\u00e3o Paulo.<\/p>\n","protected":false},"author":1,"featured_media":0,"comment_status":"open","ping_status":"open","sticky":false,"template":"","format":"standard","meta":{"site-container-style":"default","site-container-layout":"default","site-sidebar-layout":"default","disable-article-header":"default","disable-site-header":"default","disable-site-footer":"default","disable-content-area-spacing":"default","footnotes":""},"categories":[4],"tags":[],"class_list":["post-21387","post","type-post","status-publish","format-standard","hentry","category-noticias"],"yoast_head":"<!-- This site is optimized with the Yoast SEO plugin v27.4 - https:\/\/yoast.com\/product\/yoast-seo-wordpress\/ -->\n<title>I F\u00f3rum da Internet no Brasil debate a liberdade na rede -<\/title>\n<meta name=\"robots\" content=\"index, follow, max-snippet:-1, max-image-preview:large, max-video-preview:-1\" \/>\n<link rel=\"canonical\" href=\"https:\/\/inclusivenews.com.br\/?p=21387\" \/>\n<meta property=\"og:locale\" content=\"pt_PT\" \/>\n<meta property=\"og:type\" content=\"article\" \/>\n<meta property=\"og:title\" content=\"I F\u00f3rum da Internet no Brasil debate a liberdade na rede -\" \/>\n<meta property=\"og:description\" content=\"Liberdade, Governan\u00e7a, Universalidade, diversidade, Neutralidade e Ambiente Legal foram os seis eixos condutores do I F\u00f3rum da Internet do Brasil que aconteceu nos dias 13 e 14 de Outubro no Expo Center Norte, em S\u00e3o Paulo.\" \/>\n<meta property=\"og:url\" content=\"https:\/\/inclusivenews.com.br\/?p=21387\" \/>\n<meta property=\"article:publisher\" content=\"https:\/\/www.facebook.com\/agenciainclusive\/\" \/>\n<meta property=\"article:published_time\" content=\"2011-10-26T09:12:49+00:00\" \/>\n<meta property=\"og:image\" content=\"http:\/\/inclusivenews.com.br\/wp-content\/uploads\/2010\/01\/blogosfera.jpg\" \/>\n<meta name=\"author\" content=\"inclusivenews2024\" \/>\n<meta name=\"twitter:card\" content=\"summary_large_image\" \/>\n<meta name=\"twitter:label1\" content=\"Escrito por\" \/>\n\t<meta name=\"twitter:data1\" content=\"inclusivenews2024\" \/>\n\t<meta name=\"twitter:label2\" content=\"Tempo estimado de leitura\" \/>\n\t<meta name=\"twitter:data2\" content=\"3 minutos\" \/>\n<script type=\"application\/ld+json\" class=\"yoast-schema-graph\">{\"@context\":\"https:\\\/\\\/schema.org\",\"@graph\":[{\"@type\":\"Article\",\"@id\":\"https:\\\/\\\/inclusivenews.com.br\\\/?p=21387#article\",\"isPartOf\":{\"@id\":\"https:\\\/\\\/inclusivenews.com.br\\\/?p=21387\"},\"author\":{\"name\":\"inclusivenews2024\",\"@id\":\"https:\\\/\\\/inclusivenews.com.br\\\/#\\\/schema\\\/person\\\/ae4ec7087559b8692fb33b6fffd2273b\"},\"headline\":\"I F\u00f3rum da Internet no Brasil debate a liberdade na rede\",\"datePublished\":\"2011-10-26T09:12:49+00:00\",\"mainEntityOfPage\":{\"@id\":\"https:\\\/\\\/inclusivenews.com.br\\\/?p=21387\"},\"wordCount\":563,\"commentCount\":0,\"publisher\":{\"@id\":\"https:\\\/\\\/inclusivenews.com.br\\\/#organization\"},\"image\":{\"@id\":\"https:\\\/\\\/inclusivenews.com.br\\\/?p=21387#primaryimage\"},\"thumbnailUrl\":\"http:\\\/\\\/inclusivenews.com.br\\\/wp-content\\\/uploads\\\/2010\\\/01\\\/blogosfera.jpg\",\"articleSection\":[\"NOT\u00cdCIAS\"],\"inLanguage\":\"pt-PT\",\"potentialAction\":[{\"@type\":\"CommentAction\",\"name\":\"Comment\",\"target\":[\"https:\\\/\\\/inclusivenews.com.br\\\/?p=21387#respond\"]}]},{\"@type\":\"WebPage\",\"@id\":\"https:\\\/\\\/inclusivenews.com.br\\\/?p=21387\",\"url\":\"https:\\\/\\\/inclusivenews.com.br\\\/?p=21387\",\"name\":\"I F\u00f3rum da Internet no Brasil debate a liberdade na rede -\",\"isPartOf\":{\"@id\":\"https:\\\/\\\/inclusivenews.com.br\\\/#website\"},\"primaryImageOfPage\":{\"@id\":\"https:\\\/\\\/inclusivenews.com.br\\\/?p=21387#primaryimage\"},\"image\":{\"@id\":\"https:\\\/\\\/inclusivenews.com.br\\\/?p=21387#primaryimage\"},\"thumbnailUrl\":\"http:\\\/\\\/inclusivenews.com.br\\\/wp-content\\\/uploads\\\/2010\\\/01\\\/blogosfera.jpg\",\"datePublished\":\"2011-10-26T09:12:49+00:00\",\"breadcrumb\":{\"@id\":\"https:\\\/\\\/inclusivenews.com.br\\\/?p=21387#breadcrumb\"},\"inLanguage\":\"pt-PT\",\"potentialAction\":[{\"@type\":\"ReadAction\",\"target\":[\"https:\\\/\\\/inclusivenews.com.br\\\/?p=21387\"]}]},{\"@type\":\"ImageObject\",\"inLanguage\":\"pt-PT\",\"@id\":\"https:\\\/\\\/inclusivenews.com.br\\\/?p=21387#primaryimage\",\"url\":\"\",\"contentUrl\":\"\"},{\"@type\":\"BreadcrumbList\",\"@id\":\"https:\\\/\\\/inclusivenews.com.br\\\/?p=21387#breadcrumb\",\"itemListElement\":[{\"@type\":\"ListItem\",\"position\":1,\"name\":\"In\u00edcio\",\"item\":\"https:\\\/\\\/inclusivenews.com.br\\\/\"},{\"@type\":\"ListItem\",\"position\":2,\"name\":\"I F\u00f3rum da Internet no Brasil debate a liberdade na rede\"}]},{\"@type\":\"WebSite\",\"@id\":\"https:\\\/\\\/inclusivenews.com.br\\\/#website\",\"url\":\"https:\\\/\\\/inclusivenews.com.br\\\/\",\"name\":\"Inclusive News\",\"description\":\"Inclusive News\",\"publisher\":{\"@id\":\"https:\\\/\\\/inclusivenews.com.br\\\/#organization\"},\"potentialAction\":[{\"@type\":\"SearchAction\",\"target\":{\"@type\":\"EntryPoint\",\"urlTemplate\":\"https:\\\/\\\/inclusivenews.com.br\\\/?s={search_term_string}\"},\"query-input\":{\"@type\":\"PropertyValueSpecification\",\"valueRequired\":true,\"valueName\":\"search_term_string\"}}],\"inLanguage\":\"pt-PT\"},{\"@type\":\"Organization\",\"@id\":\"https:\\\/\\\/inclusivenews.com.br\\\/#organization\",\"name\":\"Inclusive - inclus\u00e3o e cidadania\",\"url\":\"https:\\\/\\\/inclusivenews.com.br\\\/\",\"logo\":{\"@type\":\"ImageObject\",\"inLanguage\":\"pt-PT\",\"@id\":\"https:\\\/\\\/inclusivenews.com.br\\\/#\\\/schema\\\/logo\\\/image\\\/\",\"url\":\"https:\\\/\\\/inclusivenews.com.br\\\/wp-content\\\/uploads\\\/2024\\\/03\\\/@grandesite.png\",\"contentUrl\":\"https:\\\/\\\/inclusivenews.com.br\\\/wp-content\\\/uploads\\\/2024\\\/03\\\/@grandesite.png\",\"width\":1080,\"height\":1080,\"caption\":\"Inclusive - inclus\u00e3o e cidadania\"},\"image\":{\"@id\":\"https:\\\/\\\/inclusivenews.com.br\\\/#\\\/schema\\\/logo\\\/image\\\/\"},\"sameAs\":[\"https:\\\/\\\/www.facebook.com\\\/agenciainclusive\\\/\",\"https:\\\/\\\/www.instagram.com\\\/newsinclusive\\\/\"]},{\"@type\":\"Person\",\"@id\":\"https:\\\/\\\/inclusivenews.com.br\\\/#\\\/schema\\\/person\\\/ae4ec7087559b8692fb33b6fffd2273b\",\"name\":\"inclusivenews2024\",\"image\":{\"@type\":\"ImageObject\",\"inLanguage\":\"pt-PT\",\"@id\":\"https:\\\/\\\/secure.gravatar.com\\\/avatar\\\/c5a7ef84c66fa914f55bc4f7ce26cfa275a3b9a1c5568b907bd184fb4dde7b40?s=96&d=mm&r=g\",\"url\":\"https:\\\/\\\/secure.gravatar.com\\\/avatar\\\/c5a7ef84c66fa914f55bc4f7ce26cfa275a3b9a1c5568b907bd184fb4dde7b40?s=96&d=mm&r=g\",\"contentUrl\":\"https:\\\/\\\/secure.gravatar.com\\\/avatar\\\/c5a7ef84c66fa914f55bc4f7ce26cfa275a3b9a1c5568b907bd184fb4dde7b40?s=96&d=mm&r=g\",\"caption\":\"inclusivenews2024\"},\"sameAs\":[\"https:\\\/\\\/inclusivenews.com.br\"],\"url\":\"https:\\\/\\\/inclusivenews.com.br\\\/?author=1\"}]}<\/script>\n<!-- \/ Yoast SEO plugin. -->","yoast_head_json":{"title":"I F\u00f3rum da Internet no Brasil debate a liberdade na rede -","robots":{"index":"index","follow":"follow","max-snippet":"max-snippet:-1","max-image-preview":"max-image-preview:large","max-video-preview":"max-video-preview:-1"},"canonical":"https:\/\/inclusivenews.com.br\/?p=21387","og_locale":"pt_PT","og_type":"article","og_title":"I F\u00f3rum da Internet no Brasil debate a liberdade na rede -","og_description":"Liberdade, Governan\u00e7a, Universalidade, diversidade, Neutralidade e Ambiente Legal foram os seis eixos condutores do I F\u00f3rum da Internet do Brasil que aconteceu nos dias 13 e 14 de Outubro no Expo Center Norte, em S\u00e3o Paulo.","og_url":"https:\/\/inclusivenews.com.br\/?p=21387","article_publisher":"https:\/\/www.facebook.com\/agenciainclusive\/","article_published_time":"2011-10-26T09:12:49+00:00","og_image":[{"url":"http:\/\/inclusivenews.com.br\/wp-content\/uploads\/2010\/01\/blogosfera.jpg","type":"","width":"","height":""}],"author":"inclusivenews2024","twitter_card":"summary_large_image","twitter_misc":{"Escrito por":"inclusivenews2024","Tempo estimado de leitura":"3 minutos"},"schema":{"@context":"https:\/\/schema.org","@graph":[{"@type":"Article","@id":"https:\/\/inclusivenews.com.br\/?p=21387#article","isPartOf":{"@id":"https:\/\/inclusivenews.com.br\/?p=21387"},"author":{"name":"inclusivenews2024","@id":"https:\/\/inclusivenews.com.br\/#\/schema\/person\/ae4ec7087559b8692fb33b6fffd2273b"},"headline":"I F\u00f3rum da Internet no Brasil debate a liberdade na rede","datePublished":"2011-10-26T09:12:49+00:00","mainEntityOfPage":{"@id":"https:\/\/inclusivenews.com.br\/?p=21387"},"wordCount":563,"commentCount":0,"publisher":{"@id":"https:\/\/inclusivenews.com.br\/#organization"},"image":{"@id":"https:\/\/inclusivenews.com.br\/?p=21387#primaryimage"},"thumbnailUrl":"http:\/\/inclusivenews.com.br\/wp-content\/uploads\/2010\/01\/blogosfera.jpg","articleSection":["NOT\u00cdCIAS"],"inLanguage":"pt-PT","potentialAction":[{"@type":"CommentAction","name":"Comment","target":["https:\/\/inclusivenews.com.br\/?p=21387#respond"]}]},{"@type":"WebPage","@id":"https:\/\/inclusivenews.com.br\/?p=21387","url":"https:\/\/inclusivenews.com.br\/?p=21387","name":"I F\u00f3rum da Internet no Brasil debate a liberdade na rede -","isPartOf":{"@id":"https:\/\/inclusivenews.com.br\/#website"},"primaryImageOfPage":{"@id":"https:\/\/inclusivenews.com.br\/?p=21387#primaryimage"},"image":{"@id":"https:\/\/inclusivenews.com.br\/?p=21387#primaryimage"},"thumbnailUrl":"http:\/\/inclusivenews.com.br\/wp-content\/uploads\/2010\/01\/blogosfera.jpg","datePublished":"2011-10-26T09:12:49+00:00","breadcrumb":{"@id":"https:\/\/inclusivenews.com.br\/?p=21387#breadcrumb"},"inLanguage":"pt-PT","potentialAction":[{"@type":"ReadAction","target":["https:\/\/inclusivenews.com.br\/?p=21387"]}]},{"@type":"ImageObject","inLanguage":"pt-PT","@id":"https:\/\/inclusivenews.com.br\/?p=21387#primaryimage","url":"","contentUrl":""},{"@type":"BreadcrumbList","@id":"https:\/\/inclusivenews.com.br\/?p=21387#breadcrumb","itemListElement":[{"@type":"ListItem","position":1,"name":"In\u00edcio","item":"https:\/\/inclusivenews.com.br\/"},{"@type":"ListItem","position":2,"name":"I F\u00f3rum da Internet no Brasil debate a liberdade na rede"}]},{"@type":"WebSite","@id":"https:\/\/inclusivenews.com.br\/#website","url":"https:\/\/inclusivenews.com.br\/","name":"Inclusive News","description":"Inclusive News","publisher":{"@id":"https:\/\/inclusivenews.com.br\/#organization"},"potentialAction":[{"@type":"SearchAction","target":{"@type":"EntryPoint","urlTemplate":"https:\/\/inclusivenews.com.br\/?s={search_term_string}"},"query-input":{"@type":"PropertyValueSpecification","valueRequired":true,"valueName":"search_term_string"}}],"inLanguage":"pt-PT"},{"@type":"Organization","@id":"https:\/\/inclusivenews.com.br\/#organization","name":"Inclusive - inclus\u00e3o e cidadania","url":"https:\/\/inclusivenews.com.br\/","logo":{"@type":"ImageObject","inLanguage":"pt-PT","@id":"https:\/\/inclusivenews.com.br\/#\/schema\/logo\/image\/","url":"https:\/\/inclusivenews.com.br\/wp-content\/uploads\/2024\/03\/@grandesite.png","contentUrl":"https:\/\/inclusivenews.com.br\/wp-content\/uploads\/2024\/03\/@grandesite.png","width":1080,"height":1080,"caption":"Inclusive - inclus\u00e3o e cidadania"},"image":{"@id":"https:\/\/inclusivenews.com.br\/#\/schema\/logo\/image\/"},"sameAs":["https:\/\/www.facebook.com\/agenciainclusive\/","https:\/\/www.instagram.com\/newsinclusive\/"]},{"@type":"Person","@id":"https:\/\/inclusivenews.com.br\/#\/schema\/person\/ae4ec7087559b8692fb33b6fffd2273b","name":"inclusivenews2024","image":{"@type":"ImageObject","inLanguage":"pt-PT","@id":"https:\/\/secure.gravatar.com\/avatar\/c5a7ef84c66fa914f55bc4f7ce26cfa275a3b9a1c5568b907bd184fb4dde7b40?s=96&d=mm&r=g","url":"https:\/\/secure.gravatar.com\/avatar\/c5a7ef84c66fa914f55bc4f7ce26cfa275a3b9a1c5568b907bd184fb4dde7b40?s=96&d=mm&r=g","contentUrl":"https:\/\/secure.gravatar.com\/avatar\/c5a7ef84c66fa914f55bc4f7ce26cfa275a3b9a1c5568b907bd184fb4dde7b40?s=96&d=mm&r=g","caption":"inclusivenews2024"},"sameAs":["https:\/\/inclusivenews.com.br"],"url":"https:\/\/inclusivenews.com.br\/?author=1"}]}},"_links":{"self":[{"href":"https:\/\/inclusivenews.com.br\/index.php?rest_route=\/wp\/v2\/posts\/21387","targetHints":{"allow":["GET"]}}],"collection":[{"href":"https:\/\/inclusivenews.com.br\/index.php?rest_route=\/wp\/v2\/posts"}],"about":[{"href":"https:\/\/inclusivenews.com.br\/index.php?rest_route=\/wp\/v2\/types\/post"}],"author":[{"embeddable":true,"href":"https:\/\/inclusivenews.com.br\/index.php?rest_route=\/wp\/v2\/users\/1"}],"replies":[{"embeddable":true,"href":"https:\/\/inclusivenews.com.br\/index.php?rest_route=%2Fwp%2Fv2%2Fcomments&post=21387"}],"version-history":[{"count":0,"href":"https:\/\/inclusivenews.com.br\/index.php?rest_route=\/wp\/v2\/posts\/21387\/revisions"}],"wp:attachment":[{"href":"https:\/\/inclusivenews.com.br\/index.php?rest_route=%2Fwp%2Fv2%2Fmedia&parent=21387"}],"wp:term":[{"taxonomy":"category","embeddable":true,"href":"https:\/\/inclusivenews.com.br\/index.php?rest_route=%2Fwp%2Fv2%2Fcategories&post=21387"},{"taxonomy":"post_tag","embeddable":true,"href":"https:\/\/inclusivenews.com.br\/index.php?rest_route=%2Fwp%2Fv2%2Ftags&post=21387"}],"curies":[{"name":"wp","href":"https:\/\/api.w.org\/{rel}","templated":true}]}}