{"id":21401,"date":"2011-10-26T06:16:05","date_gmt":"2011-10-26T09:16:05","guid":{"rendered":"http:\/\/www.inclusive.org.br\/?p=21401"},"modified":"2011-10-26T06:16:05","modified_gmt":"2011-10-26T09:16:05","slug":"mais-de-10-mil-educadores-marcham-por-10-do-pib-para-a-educacao","status":"publish","type":"post","link":"https:\/\/inclusivenews.com.br\/?p=21401","title":{"rendered":"Mais de 10 mil educadores marcham por 10% do PIB para a educa\u00e7\u00e3o"},"content":{"rendered":"<p><img loading=\"lazy\" decoding=\"async\" class=\"alignleft size-full wp-image-12548\" title=\"Campanha Nacional pelo Direito \u00e0 Educa\u00e7\u00e3o - um livro e aves saindo dentro dele\" src=\"http:\/\/inclusivenews.com.br\/wp-content\/uploads\/2009\/11\/campanha.jpg\" alt=\"Campanha Nacional pelo Direito \u00e0 Educa\u00e7\u00e3o - um livro e aves saindo dentro dele\" width=\"190\" height=\"190\" srcset=\"https:\/\/inclusivenews.com.br\/wp-content\/uploads\/2009\/11\/campanha.jpg 190w, https:\/\/inclusivenews.com.br\/wp-content\/uploads\/2009\/11\/campanha-150x150.jpg 150w\" sizes=\"auto, (max-width: 190px) 100vw, 190px\" \/><\/p>\n<p>A Campanha Nacional pelo Direito \u00e0 Educa\u00e7\u00e3o participa nesta quarta-feira, 26\/10, da Marcha Nacional \u201c10 mil pelos 10% do PIB para a Educa\u00e7\u00e3o\u201d, organizada pela CNTE (Confedera\u00e7\u00e3o Nacional dos Trabalhadores em Educa\u00e7\u00e3o). A Marcha ir\u00e1 reunir pelo menos 10 mil educadores de todo o pa\u00eds em Bras\u00edlia, para reivindicar o investimento do equivalente a 10% do PIB em educa\u00e7\u00e3o p\u00fablica, al\u00e9m de pressionar pela efetiva\u00e7\u00e3o da lei do Piso Nacional Salarial para o magist\u00e9rio, entre outras pautas.<\/p>\n<p>Os participantes se concentrar\u00e3o \u00e0s 9 horas em frente ao est\u00e1dio Man\u00e9 Garrincha e marchar\u00e3o a partir das 10 horas at\u00e9 o Congresso Nacional.  A Confedera\u00e7\u00e3o coletou mais de 100 mil cart\u00f5es de apoio aos 10% do PIB para a educa\u00e7\u00e3o, que ser\u00e3o entregues ao Deputado \u00c2ngelo Vanhoni (PT-PR), relator do PNE (Plano Nacional de Educa\u00e7\u00e3o &#8211; PL 8035\/2010) na Comiss\u00e3o Especial da C\u00e2mara dos Deputados, em audi\u00eancia marcada para as 11 horas.<\/p>\n<p>Para Roberto Le\u00e3o, presidente da CNTE, a press\u00e3o no Congresso e no Governo Federal \u00e9 essencial para que a educa\u00e7\u00e3o avance e os profissionais da \u00e1rea tenham seus direitos garantidos. \u201cConsideramos essa Marcha decisiva para a aprova\u00e7\u00e3o dos 10% do PIB para a educa\u00e7\u00e3o e para denunciar o n\u00e3o cumprimento do Piso Salarial pelos estados e munic\u00edpios\u201d.<\/p>\n<p>Bloco da Campanha &#8211; Na Marcha, o grupo da Campanha Nacional pelo Direito \u00e0 Educa\u00e7\u00e3o levar\u00e1 uma faixa do movimento \u201cPNE pra Valer &#8211; a educa\u00e7\u00e3o que o Brasil quer e precisa\u201d. Ir\u00e3o compor o \u201cbloco\u201d estudantes de ensino m\u00e9dio do DF, pessoas com defici\u00eancia visual, ativistas de educa\u00e7\u00e3o infantil e de outros movimentos sociais.  Segundo o coordenador geral da Campanha, Daniel Cara, \u201cesta Marcha ir\u00e1 mobilizar o Congresso Nacional pelos 10% do PIB, j\u00e1 que o relat\u00f3rio final do novo Plano Nacional de educa\u00e7\u00e3o est\u00e1 prestes a ser entregue\u201d.<\/p>\n<p>A Campanha mobilizou toda a sua rede de ativistas, formada por 20 comit\u00eas regionais e mais de 200 grupos e organiza\u00e7\u00f5es de todo o pa\u00eds, para contribuir com a coleta de assinaturas da CNTE. Foram coletadas assinaturas em 17 estados e no DF, com participa\u00e7\u00e3o de estudantes e professores universit\u00e1rios (USP &#8211; campus S\u00e3o Paulo e Ribeir\u00e3o Preto, Uninove), ativistas de diversas organiza\u00e7\u00f5es sociais, como  Um Teto Para o Meu Pa\u00eds, Funda\u00e7\u00e3o Abrinq, A\u00e7\u00e3o Educativa, Alian\u00e7a pela Inf\u00e2ncia, Instituto Paulo Freire, Instituto Ecos e Movimento Ocupa Sampa, Biblioteca Braille Dorina Nowill, Escola Pernambucana de Circo, Nova Am\u00e9rica, Escola de Gente, Instituto Cidadania, Cedeca Cear\u00e1, Inesc e Plan Brasil, entre v\u00e1rias outras.<\/p>\n<p>Em agosto, a Campanha lan\u00e7ou a Nota T\u00e9cnica &#8220;Por que 7% do PIB para educa\u00e7\u00e3o \u00e9 pouco? C\u00e1lculo dos investimentos adicionais necess\u00e1rios para o novo PNE garantir um padr\u00e3o m\u00ednimo de qualidade&#8221;, que justifica a aplica\u00e7\u00e3o do equivalente a 10% do PIB em Educa\u00e7\u00e3o, para que as metas do novo PNE possam ser atingidas no per\u00edodo de dez anos.<\/p>\n<p>Para mais informa\u00e7\u00f5es<\/p>\n<p>J\u00e9ssica Moreira &#8211; assessoria de imprensa da Campanha Nacional pelo Direito \u00e0 Educa\u00e7\u00e3o<\/p>\n<p>Tel.: (11) 3159-1243 (fixo Embratel) \/ (11) 8793-7711 (celular Tim)<\/p>\n<p>E-mail: <a href=\"mailto:jessica@campanhaeducacao.org.br\">jessica@campanhaeducacao.org.br<\/a><\/p>\n","protected":false},"excerpt":{"rendered":"<p>Na Marcha, o grupo da Campanha Nacional pelo Direito \u00e0 Educa\u00e7\u00e3o levar\u00e1 uma faixa do movimento \u201cPNE pra Valer &#8211; a educa\u00e7\u00e3o que o Brasil quer e precisa\u201d. Ir\u00e3o compor o \u201cbloco\u201d estudantes de ensino m\u00e9dio do DF, pessoas com defici\u00eancia visual, ativistas de educa\u00e7\u00e3o infantil e de outros movimentos sociais. <\/p>\n","protected":false},"author":1,"featured_media":0,"comment_status":"open","ping_status":"open","sticky":false,"template":"","format":"standard","meta":{"site-container-style":"default","site-container-layout":"default","site-sidebar-layout":"default","disable-article-header":"default","disable-site-header":"default","disable-site-footer":"default","disable-content-area-spacing":"default","footnotes":""},"categories":[6,4],"tags":[],"class_list":["post-21401","post","type-post","status-publish","format-standard","hentry","category-educacao","category-noticias"],"yoast_head":"<!-- This site is optimized with the Yoast SEO plugin v27.4 - https:\/\/yoast.com\/product\/yoast-seo-wordpress\/ -->\n<title>Mais de 10 mil educadores marcham por 10% do PIB para a educa\u00e7\u00e3o -<\/title>\n<meta name=\"robots\" content=\"index, follow, max-snippet:-1, max-image-preview:large, max-video-preview:-1\" \/>\n<link rel=\"canonical\" href=\"https:\/\/inclusivenews.com.br\/?p=21401\" \/>\n<meta property=\"og:locale\" content=\"pt_PT\" \/>\n<meta property=\"og:type\" content=\"article\" \/>\n<meta property=\"og:title\" content=\"Mais de 10 mil educadores marcham por 10% do PIB para a educa\u00e7\u00e3o -\" \/>\n<meta property=\"og:description\" content=\"Na Marcha, o grupo da Campanha Nacional pelo Direito \u00e0 Educa\u00e7\u00e3o levar\u00e1 uma faixa do movimento \u201cPNE pra Valer - a educa\u00e7\u00e3o que o Brasil quer e precisa\u201d. Ir\u00e3o compor o \u201cbloco\u201d estudantes de ensino m\u00e9dio do DF, pessoas com defici\u00eancia visual, ativistas de educa\u00e7\u00e3o infantil e de outros movimentos sociais.\" \/>\n<meta property=\"og:url\" content=\"https:\/\/inclusivenews.com.br\/?p=21401\" \/>\n<meta property=\"article:publisher\" content=\"https:\/\/www.facebook.com\/agenciainclusive\/\" \/>\n<meta property=\"article:published_time\" content=\"2011-10-26T09:16:05+00:00\" \/>\n<meta property=\"og:image\" content=\"http:\/\/inclusivenews.com.br\/wp-content\/uploads\/2009\/11\/campanha.jpg\" \/>\n<meta name=\"author\" content=\"inclusivenews2024\" \/>\n<meta name=\"twitter:card\" content=\"summary_large_image\" \/>\n<meta name=\"twitter:label1\" content=\"Escrito por\" \/>\n\t<meta name=\"twitter:data1\" content=\"inclusivenews2024\" \/>\n\t<meta name=\"twitter:label2\" content=\"Tempo estimado de leitura\" \/>\n\t<meta name=\"twitter:data2\" content=\"3 minutos\" \/>\n<script type=\"application\/ld+json\" class=\"yoast-schema-graph\">{\"@context\":\"https:\\\/\\\/schema.org\",\"@graph\":[{\"@type\":\"Article\",\"@id\":\"https:\\\/\\\/inclusivenews.com.br\\\/?p=21401#article\",\"isPartOf\":{\"@id\":\"https:\\\/\\\/inclusivenews.com.br\\\/?p=21401\"},\"author\":{\"name\":\"inclusivenews2024\",\"@id\":\"https:\\\/\\\/inclusivenews.com.br\\\/#\\\/schema\\\/person\\\/ae4ec7087559b8692fb33b6fffd2273b\"},\"headline\":\"Mais de 10 mil educadores marcham por 10% do PIB para a educa\u00e7\u00e3o\",\"datePublished\":\"2011-10-26T09:16:05+00:00\",\"mainEntityOfPage\":{\"@id\":\"https:\\\/\\\/inclusivenews.com.br\\\/?p=21401\"},\"wordCount\":549,\"commentCount\":0,\"publisher\":{\"@id\":\"https:\\\/\\\/inclusivenews.com.br\\\/#organization\"},\"image\":{\"@id\":\"https:\\\/\\\/inclusivenews.com.br\\\/?p=21401#primaryimage\"},\"thumbnailUrl\":\"http:\\\/\\\/inclusivenews.com.br\\\/wp-content\\\/uploads\\\/2009\\\/11\\\/campanha.jpg\",\"articleSection\":[\"EDUCA\u00c7\u00c3O\",\"NOT\u00cdCIAS\"],\"inLanguage\":\"pt-PT\",\"potentialAction\":[{\"@type\":\"CommentAction\",\"name\":\"Comment\",\"target\":[\"https:\\\/\\\/inclusivenews.com.br\\\/?p=21401#respond\"]}]},{\"@type\":\"WebPage\",\"@id\":\"https:\\\/\\\/inclusivenews.com.br\\\/?p=21401\",\"url\":\"https:\\\/\\\/inclusivenews.com.br\\\/?p=21401\",\"name\":\"Mais de 10 mil educadores marcham por 10% do PIB para a educa\u00e7\u00e3o -\",\"isPartOf\":{\"@id\":\"https:\\\/\\\/inclusivenews.com.br\\\/#website\"},\"primaryImageOfPage\":{\"@id\":\"https:\\\/\\\/inclusivenews.com.br\\\/?p=21401#primaryimage\"},\"image\":{\"@id\":\"https:\\\/\\\/inclusivenews.com.br\\\/?p=21401#primaryimage\"},\"thumbnailUrl\":\"http:\\\/\\\/inclusivenews.com.br\\\/wp-content\\\/uploads\\\/2009\\\/11\\\/campanha.jpg\",\"datePublished\":\"2011-10-26T09:16:05+00:00\",\"breadcrumb\":{\"@id\":\"https:\\\/\\\/inclusivenews.com.br\\\/?p=21401#breadcrumb\"},\"inLanguage\":\"pt-PT\",\"potentialAction\":[{\"@type\":\"ReadAction\",\"target\":[\"https:\\\/\\\/inclusivenews.com.br\\\/?p=21401\"]}]},{\"@type\":\"ImageObject\",\"inLanguage\":\"pt-PT\",\"@id\":\"https:\\\/\\\/inclusivenews.com.br\\\/?p=21401#primaryimage\",\"url\":\"https:\\\/\\\/inclusivenews.com.br\\\/wp-content\\\/uploads\\\/2009\\\/11\\\/campanha.jpg\",\"contentUrl\":\"https:\\\/\\\/inclusivenews.com.br\\\/wp-content\\\/uploads\\\/2009\\\/11\\\/campanha.jpg\",\"width\":190,\"height\":190,\"caption\":\"Campanha Nacional pelo Direito \u00e0 Educa\u00e7\u00e3o - um livro e aves saindo dentro dele\"},{\"@type\":\"BreadcrumbList\",\"@id\":\"https:\\\/\\\/inclusivenews.com.br\\\/?p=21401#breadcrumb\",\"itemListElement\":[{\"@type\":\"ListItem\",\"position\":1,\"name\":\"In\u00edcio\",\"item\":\"https:\\\/\\\/inclusivenews.com.br\\\/\"},{\"@type\":\"ListItem\",\"position\":2,\"name\":\"Mais de 10 mil educadores marcham por 10% do PIB para a educa\u00e7\u00e3o\"}]},{\"@type\":\"WebSite\",\"@id\":\"https:\\\/\\\/inclusivenews.com.br\\\/#website\",\"url\":\"https:\\\/\\\/inclusivenews.com.br\\\/\",\"name\":\"Inclusive News\",\"description\":\"Inclusive News\",\"publisher\":{\"@id\":\"https:\\\/\\\/inclusivenews.com.br\\\/#organization\"},\"potentialAction\":[{\"@type\":\"SearchAction\",\"target\":{\"@type\":\"EntryPoint\",\"urlTemplate\":\"https:\\\/\\\/inclusivenews.com.br\\\/?s={search_term_string}\"},\"query-input\":{\"@type\":\"PropertyValueSpecification\",\"valueRequired\":true,\"valueName\":\"search_term_string\"}}],\"inLanguage\":\"pt-PT\"},{\"@type\":\"Organization\",\"@id\":\"https:\\\/\\\/inclusivenews.com.br\\\/#organization\",\"name\":\"Inclusive - inclus\u00e3o e cidadania\",\"url\":\"https:\\\/\\\/inclusivenews.com.br\\\/\",\"logo\":{\"@type\":\"ImageObject\",\"inLanguage\":\"pt-PT\",\"@id\":\"https:\\\/\\\/inclusivenews.com.br\\\/#\\\/schema\\\/logo\\\/image\\\/\",\"url\":\"https:\\\/\\\/inclusivenews.com.br\\\/wp-content\\\/uploads\\\/2024\\\/03\\\/@grandesite.png\",\"contentUrl\":\"https:\\\/\\\/inclusivenews.com.br\\\/wp-content\\\/uploads\\\/2024\\\/03\\\/@grandesite.png\",\"width\":1080,\"height\":1080,\"caption\":\"Inclusive - inclus\u00e3o e cidadania\"},\"image\":{\"@id\":\"https:\\\/\\\/inclusivenews.com.br\\\/#\\\/schema\\\/logo\\\/image\\\/\"},\"sameAs\":[\"https:\\\/\\\/www.facebook.com\\\/agenciainclusive\\\/\",\"https:\\\/\\\/www.instagram.com\\\/newsinclusive\\\/\"]},{\"@type\":\"Person\",\"@id\":\"https:\\\/\\\/inclusivenews.com.br\\\/#\\\/schema\\\/person\\\/ae4ec7087559b8692fb33b6fffd2273b\",\"name\":\"inclusivenews2024\",\"image\":{\"@type\":\"ImageObject\",\"inLanguage\":\"pt-PT\",\"@id\":\"https:\\\/\\\/secure.gravatar.com\\\/avatar\\\/c5a7ef84c66fa914f55bc4f7ce26cfa275a3b9a1c5568b907bd184fb4dde7b40?s=96&d=mm&r=g\",\"url\":\"https:\\\/\\\/secure.gravatar.com\\\/avatar\\\/c5a7ef84c66fa914f55bc4f7ce26cfa275a3b9a1c5568b907bd184fb4dde7b40?s=96&d=mm&r=g\",\"contentUrl\":\"https:\\\/\\\/secure.gravatar.com\\\/avatar\\\/c5a7ef84c66fa914f55bc4f7ce26cfa275a3b9a1c5568b907bd184fb4dde7b40?s=96&d=mm&r=g\",\"caption\":\"inclusivenews2024\"},\"sameAs\":[\"https:\\\/\\\/inclusivenews.com.br\"],\"url\":\"https:\\\/\\\/inclusivenews.com.br\\\/?author=1\"}]}<\/script>\n<!-- \/ Yoast SEO plugin. -->","yoast_head_json":{"title":"Mais de 10 mil educadores marcham por 10% do PIB para a educa\u00e7\u00e3o -","robots":{"index":"index","follow":"follow","max-snippet":"max-snippet:-1","max-image-preview":"max-image-preview:large","max-video-preview":"max-video-preview:-1"},"canonical":"https:\/\/inclusivenews.com.br\/?p=21401","og_locale":"pt_PT","og_type":"article","og_title":"Mais de 10 mil educadores marcham por 10% do PIB para a educa\u00e7\u00e3o -","og_description":"Na Marcha, o grupo da Campanha Nacional pelo Direito \u00e0 Educa\u00e7\u00e3o levar\u00e1 uma faixa do movimento \u201cPNE pra Valer - a educa\u00e7\u00e3o que o Brasil quer e precisa\u201d. Ir\u00e3o compor o \u201cbloco\u201d estudantes de ensino m\u00e9dio do DF, pessoas com defici\u00eancia visual, ativistas de educa\u00e7\u00e3o infantil e de outros movimentos sociais.","og_url":"https:\/\/inclusivenews.com.br\/?p=21401","article_publisher":"https:\/\/www.facebook.com\/agenciainclusive\/","article_published_time":"2011-10-26T09:16:05+00:00","og_image":[{"url":"http:\/\/inclusivenews.com.br\/wp-content\/uploads\/2009\/11\/campanha.jpg","type":"","width":"","height":""}],"author":"inclusivenews2024","twitter_card":"summary_large_image","twitter_misc":{"Escrito por":"inclusivenews2024","Tempo estimado de leitura":"3 minutos"},"schema":{"@context":"https:\/\/schema.org","@graph":[{"@type":"Article","@id":"https:\/\/inclusivenews.com.br\/?p=21401#article","isPartOf":{"@id":"https:\/\/inclusivenews.com.br\/?p=21401"},"author":{"name":"inclusivenews2024","@id":"https:\/\/inclusivenews.com.br\/#\/schema\/person\/ae4ec7087559b8692fb33b6fffd2273b"},"headline":"Mais de 10 mil educadores marcham por 10% do PIB para a educa\u00e7\u00e3o","datePublished":"2011-10-26T09:16:05+00:00","mainEntityOfPage":{"@id":"https:\/\/inclusivenews.com.br\/?p=21401"},"wordCount":549,"commentCount":0,"publisher":{"@id":"https:\/\/inclusivenews.com.br\/#organization"},"image":{"@id":"https:\/\/inclusivenews.com.br\/?p=21401#primaryimage"},"thumbnailUrl":"http:\/\/inclusivenews.com.br\/wp-content\/uploads\/2009\/11\/campanha.jpg","articleSection":["EDUCA\u00c7\u00c3O","NOT\u00cdCIAS"],"inLanguage":"pt-PT","potentialAction":[{"@type":"CommentAction","name":"Comment","target":["https:\/\/inclusivenews.com.br\/?p=21401#respond"]}]},{"@type":"WebPage","@id":"https:\/\/inclusivenews.com.br\/?p=21401","url":"https:\/\/inclusivenews.com.br\/?p=21401","name":"Mais de 10 mil educadores marcham por 10% do PIB para a educa\u00e7\u00e3o -","isPartOf":{"@id":"https:\/\/inclusivenews.com.br\/#website"},"primaryImageOfPage":{"@id":"https:\/\/inclusivenews.com.br\/?p=21401#primaryimage"},"image":{"@id":"https:\/\/inclusivenews.com.br\/?p=21401#primaryimage"},"thumbnailUrl":"http:\/\/inclusivenews.com.br\/wp-content\/uploads\/2009\/11\/campanha.jpg","datePublished":"2011-10-26T09:16:05+00:00","breadcrumb":{"@id":"https:\/\/inclusivenews.com.br\/?p=21401#breadcrumb"},"inLanguage":"pt-PT","potentialAction":[{"@type":"ReadAction","target":["https:\/\/inclusivenews.com.br\/?p=21401"]}]},{"@type":"ImageObject","inLanguage":"pt-PT","@id":"https:\/\/inclusivenews.com.br\/?p=21401#primaryimage","url":"https:\/\/inclusivenews.com.br\/wp-content\/uploads\/2009\/11\/campanha.jpg","contentUrl":"https:\/\/inclusivenews.com.br\/wp-content\/uploads\/2009\/11\/campanha.jpg","width":190,"height":190,"caption":"Campanha Nacional pelo Direito \u00e0 Educa\u00e7\u00e3o - um livro e aves saindo dentro dele"},{"@type":"BreadcrumbList","@id":"https:\/\/inclusivenews.com.br\/?p=21401#breadcrumb","itemListElement":[{"@type":"ListItem","position":1,"name":"In\u00edcio","item":"https:\/\/inclusivenews.com.br\/"},{"@type":"ListItem","position":2,"name":"Mais de 10 mil educadores marcham por 10% do PIB para a educa\u00e7\u00e3o"}]},{"@type":"WebSite","@id":"https:\/\/inclusivenews.com.br\/#website","url":"https:\/\/inclusivenews.com.br\/","name":"Inclusive News","description":"Inclusive News","publisher":{"@id":"https:\/\/inclusivenews.com.br\/#organization"},"potentialAction":[{"@type":"SearchAction","target":{"@type":"EntryPoint","urlTemplate":"https:\/\/inclusivenews.com.br\/?s={search_term_string}"},"query-input":{"@type":"PropertyValueSpecification","valueRequired":true,"valueName":"search_term_string"}}],"inLanguage":"pt-PT"},{"@type":"Organization","@id":"https:\/\/inclusivenews.com.br\/#organization","name":"Inclusive - inclus\u00e3o e cidadania","url":"https:\/\/inclusivenews.com.br\/","logo":{"@type":"ImageObject","inLanguage":"pt-PT","@id":"https:\/\/inclusivenews.com.br\/#\/schema\/logo\/image\/","url":"https:\/\/inclusivenews.com.br\/wp-content\/uploads\/2024\/03\/@grandesite.png","contentUrl":"https:\/\/inclusivenews.com.br\/wp-content\/uploads\/2024\/03\/@grandesite.png","width":1080,"height":1080,"caption":"Inclusive - inclus\u00e3o e cidadania"},"image":{"@id":"https:\/\/inclusivenews.com.br\/#\/schema\/logo\/image\/"},"sameAs":["https:\/\/www.facebook.com\/agenciainclusive\/","https:\/\/www.instagram.com\/newsinclusive\/"]},{"@type":"Person","@id":"https:\/\/inclusivenews.com.br\/#\/schema\/person\/ae4ec7087559b8692fb33b6fffd2273b","name":"inclusivenews2024","image":{"@type":"ImageObject","inLanguage":"pt-PT","@id":"https:\/\/secure.gravatar.com\/avatar\/c5a7ef84c66fa914f55bc4f7ce26cfa275a3b9a1c5568b907bd184fb4dde7b40?s=96&d=mm&r=g","url":"https:\/\/secure.gravatar.com\/avatar\/c5a7ef84c66fa914f55bc4f7ce26cfa275a3b9a1c5568b907bd184fb4dde7b40?s=96&d=mm&r=g","contentUrl":"https:\/\/secure.gravatar.com\/avatar\/c5a7ef84c66fa914f55bc4f7ce26cfa275a3b9a1c5568b907bd184fb4dde7b40?s=96&d=mm&r=g","caption":"inclusivenews2024"},"sameAs":["https:\/\/inclusivenews.com.br"],"url":"https:\/\/inclusivenews.com.br\/?author=1"}]}},"_links":{"self":[{"href":"https:\/\/inclusivenews.com.br\/index.php?rest_route=\/wp\/v2\/posts\/21401","targetHints":{"allow":["GET"]}}],"collection":[{"href":"https:\/\/inclusivenews.com.br\/index.php?rest_route=\/wp\/v2\/posts"}],"about":[{"href":"https:\/\/inclusivenews.com.br\/index.php?rest_route=\/wp\/v2\/types\/post"}],"author":[{"embeddable":true,"href":"https:\/\/inclusivenews.com.br\/index.php?rest_route=\/wp\/v2\/users\/1"}],"replies":[{"embeddable":true,"href":"https:\/\/inclusivenews.com.br\/index.php?rest_route=%2Fwp%2Fv2%2Fcomments&post=21401"}],"version-history":[{"count":0,"href":"https:\/\/inclusivenews.com.br\/index.php?rest_route=\/wp\/v2\/posts\/21401\/revisions"}],"wp:attachment":[{"href":"https:\/\/inclusivenews.com.br\/index.php?rest_route=%2Fwp%2Fv2%2Fmedia&parent=21401"}],"wp:term":[{"taxonomy":"category","embeddable":true,"href":"https:\/\/inclusivenews.com.br\/index.php?rest_route=%2Fwp%2Fv2%2Fcategories&post=21401"},{"taxonomy":"post_tag","embeddable":true,"href":"https:\/\/inclusivenews.com.br\/index.php?rest_route=%2Fwp%2Fv2%2Ftags&post=21401"}],"curies":[{"name":"wp","href":"https:\/\/api.w.org\/{rel}","templated":true}]}}