{"id":21411,"date":"2011-10-31T02:57:32","date_gmt":"2011-10-31T05:57:32","guid":{"rendered":"http:\/\/www.inclusive.org.br\/?p=21411"},"modified":"2011-10-31T02:57:32","modified_gmt":"2011-10-31T05:57:32","slug":"presidente-da-down-espanha-chegou-o-momento-de-nossos-filhos-falarem","status":"publish","type":"post","link":"https:\/\/inclusivenews.com.br\/?p=21411","title":{"rendered":"Presidente da Down Espanha: &quot;Chegou o momento de nossos filhos falarem por si pr\u00f3prios&quot;"},"content":{"rendered":"<figure id=\"attachment_16753\" aria-describedby=\"caption-attachment-16753\" style=\"width: 285px\" class=\"wp-caption alignleft\"><img loading=\"lazy\" decoding=\"async\" class=\"size-full wp-image-16753\" title=\"sindrome-de-down-klinefelter-e\" src=\"http:\/\/inclusivenews.com.br\/wp-content\/uploads\/2010\/07\/sindrome-de-down-klinefelter-e.jpg\" alt=\"Rapaz com s\u00edndrome de down de terno e gravata e ambiente de trabalho\" width=\"285\" height=\"285\" \/><figcaption id=\"caption-attachment-16753\" class=\"wp-caption-text\">Rapaz com s\u00edndrome de down de terno e gravata e ambiente de trabalho<\/figcaption><\/figure>\n<p>Tradu\u00e7\u00e3o &#8211; Patricia Almeida, para a Inclusve<\/p>\n<p>Mahon (Menorca), 30 out (EFE) .- O presidente da Down Espanha, Jose Fabian Camara Perez, disse hoje em Mahon que chegou a hora das pessoas com s\u00edndrome de Down &#8220;falarem por si pr\u00f3prias e reivindicarem&#8221; suas necessidades e direitos, e que seus pais deixem de ser seus interlocutores.<\/p>\n<p>Camara Perez salientou o papel desempenhado pelos irm\u00e3os de pessoas com s\u00edndrome de Down que v\u00eam os irm\u00e3os diferentemente dos pais, ao trat\u00e1-los como iguais e reivindicarem o mesmo que t\u00eam para si para seus irm\u00e3os.<\/p>\n<p>O presidente da associa\u00e7\u00e3o fez as declara\u00e7\u00f5es durante o XI Encontro Nacional das Fam\u00edlias de Pessoas com S\u00edndrome de Down a realizado no \u00faltimo fim de semana em Minorca diante de 400 participantes.Quase metade dos palestrantes eram pessoas com s\u00edndrome de Down, como era o caso da jovem Blanca San Segundo, que afirmou que eles j\u00e1 &#8220;tomaram a palavra&#8221; para reivindicar seus direitos em &#8220;primeira pessoa&#8221; e que querem continuar a avan\u00e7ar na realiza\u00e7\u00e3o de suas demandas.<\/p>\n<p>&#8220;Ningu\u00e9m melhor do que n\u00f3s para dizermos como queremos o nosso futuro e para lutar por nossos sonhos. Agora queremos falar abertamente, escutem-nos e deixem-nos seguir nosso pr\u00f3prio caminho, mesmo que \u00e0s vezes n\u00e3o seja o mais acertado&#8221;, disse para a plat\u00e9ia.<\/p>\n<p>Por sua vez, o diretor-geral do Minist\u00e9rio da Sa\u00fade, Defici\u00eancia, Pol\u00edtica Social e Igualdade, Jaime Alejandre, destacou o compromisso do Governo com a defici\u00eancia intelectual e explicou as diversas medidas j\u00e1 aprovadas pelo executivo, como a reserva de 2% de vagas de emprego p\u00fablico para pessoas com defici\u00eancia intelectual, acessibilidade em novas tecnologias e mudan\u00e7as da legisla\u00e7\u00e3o de seguros.<\/p>\n<p>Alejandre indicou que em 2010 houve um aumento de 18% na cria\u00e7\u00e3o de empregos para pessoas com defici\u00eancia e em 2011 tamb\u00e9m foram gerados mais empregos.<\/p>\n<p>Para diretor-geral, o &#8220;fundamental&#8221; \u00e9 o cumprimento dos direitos dessas pessoas, mas para isso \u00e9 \u201cessencial\u201d o apoio econ\u00f4mico e financeiro\u201d.<\/p>\n<p>Foi por isso que o Governo aumentou este ano os investimentos em rela\u00e7\u00e3o ao ano passado para a referida popula\u00e7\u00e3o, concretamente com 48 milh\u00f5es em recursos procedentes do imposto de renda e outros 45 milh\u00f5es para apoiar associa\u00e7\u00f5es de s\u00edndrome de Down.<\/p>\n<p>Por outro lado, Pilar Sanjuan, professora e membro do conselho da Down Espanha, disse que a fam\u00edlia deve ser a primeira escola para essas pessoas e n\u00e3o pode delegar toda a responsabilidade pela educa\u00e7\u00e3o \u00e0 escola.<\/p>\n<p>Deve ser criado um ambiente que incentive o desejo de aprender nas fam\u00edlias para estimular a curiosidade e incentivar a autonomia e tomada de decis\u00e3o. Al\u00e9m disso eles devem ser orientados a pedir ajuda, ao mesmo tempo respeitando a sua privacidade.<\/p>\n<p>Fonte: <a href=\"http:\/\/www.abc.es\/agencias\/noticia.asp?noticia=981411\">ABC\/EFE<\/a><\/p>\n","protected":false},"excerpt":{"rendered":"<p>A declara\u00e7\u00e3o foi feita no XI Encontro Nacional de Fam\u00edlias de Pessoas com S\u00edndrome de Down, onde quase a metade dos palestrantes eram pessoas com s\u00edndrome de Down.<\/p>\n","protected":false},"author":1,"featured_media":0,"comment_status":"open","ping_status":"open","sticky":false,"template":"","format":"standard","meta":{"site-container-style":"default","site-container-layout":"default","site-sidebar-layout":"default","disable-article-header":"default","disable-site-header":"default","disable-site-footer":"default","disable-content-area-spacing":"default","footnotes":""},"categories":[12,38],"tags":[],"class_list":["post-21411","post","type-post","status-publish","format-standard","hentry","category-cursos-e-eventos","category-deficiencia"],"yoast_head":"<!-- This site is optimized with the Yoast SEO plugin v27.4 - https:\/\/yoast.com\/product\/yoast-seo-wordpress\/ -->\n<title>Presidente da Down Espanha: &quot;Chegou o momento de nossos filhos falarem por si pr\u00f3prios&quot; -<\/title>\n<meta name=\"robots\" content=\"index, follow, max-snippet:-1, max-image-preview:large, max-video-preview:-1\" \/>\n<link rel=\"canonical\" href=\"https:\/\/inclusivenews.com.br\/?p=21411\" \/>\n<meta property=\"og:locale\" content=\"pt_PT\" \/>\n<meta property=\"og:type\" content=\"article\" \/>\n<meta property=\"og:title\" content=\"Presidente da Down Espanha: &quot;Chegou o momento de nossos filhos falarem por si pr\u00f3prios&quot; -\" \/>\n<meta property=\"og:description\" content=\"A declara\u00e7\u00e3o foi feita no XI Encontro Nacional de Fam\u00edlias de Pessoas com S\u00edndrome de Down, onde quase a metade dos palestrantes eram pessoas com s\u00edndrome de Down.\" \/>\n<meta property=\"og:url\" content=\"https:\/\/inclusivenews.com.br\/?p=21411\" \/>\n<meta property=\"article:publisher\" content=\"https:\/\/www.facebook.com\/agenciainclusive\/\" \/>\n<meta property=\"article:published_time\" content=\"2011-10-31T05:57:32+00:00\" \/>\n<meta property=\"og:image\" content=\"http:\/\/inclusivenews.com.br\/wp-content\/uploads\/2010\/07\/sindrome-de-down-klinefelter-e.jpg\" \/>\n<meta name=\"author\" content=\"inclusivenews2024\" \/>\n<meta name=\"twitter:card\" content=\"summary_large_image\" \/>\n<meta name=\"twitter:label1\" content=\"Escrito por\" \/>\n\t<meta name=\"twitter:data1\" content=\"inclusivenews2024\" \/>\n\t<meta name=\"twitter:label2\" content=\"Tempo estimado de leitura\" \/>\n\t<meta name=\"twitter:data2\" content=\"2 minutos\" \/>\n<script type=\"application\/ld+json\" class=\"yoast-schema-graph\">{\"@context\":\"https:\\\/\\\/schema.org\",\"@graph\":[{\"@type\":\"Article\",\"@id\":\"https:\\\/\\\/inclusivenews.com.br\\\/?p=21411#article\",\"isPartOf\":{\"@id\":\"https:\\\/\\\/inclusivenews.com.br\\\/?p=21411\"},\"author\":{\"name\":\"inclusivenews2024\",\"@id\":\"https:\\\/\\\/inclusivenews.com.br\\\/#\\\/schema\\\/person\\\/ae4ec7087559b8692fb33b6fffd2273b\"},\"headline\":\"Presidente da Down Espanha: &quot;Chegou o momento de nossos filhos falarem por si pr\u00f3prios&quot;\",\"datePublished\":\"2011-10-31T05:57:32+00:00\",\"mainEntityOfPage\":{\"@id\":\"https:\\\/\\\/inclusivenews.com.br\\\/?p=21411\"},\"wordCount\":514,\"commentCount\":1,\"publisher\":{\"@id\":\"https:\\\/\\\/inclusivenews.com.br\\\/#organization\"},\"image\":{\"@id\":\"https:\\\/\\\/inclusivenews.com.br\\\/?p=21411#primaryimage\"},\"thumbnailUrl\":\"http:\\\/\\\/inclusivenews.com.br\\\/wp-content\\\/uploads\\\/2010\\\/07\\\/sindrome-de-down-klinefelter-e.jpg\",\"articleSection\":[\"Cursos e eventos\",\"Defici\u00eancia\"],\"inLanguage\":\"pt-PT\",\"potentialAction\":[{\"@type\":\"CommentAction\",\"name\":\"Comment\",\"target\":[\"https:\\\/\\\/inclusivenews.com.br\\\/?p=21411#respond\"]}]},{\"@type\":\"WebPage\",\"@id\":\"https:\\\/\\\/inclusivenews.com.br\\\/?p=21411\",\"url\":\"https:\\\/\\\/inclusivenews.com.br\\\/?p=21411\",\"name\":\"Presidente da Down Espanha: &quot;Chegou o momento de nossos filhos falarem por si pr\u00f3prios&quot; -\",\"isPartOf\":{\"@id\":\"https:\\\/\\\/inclusivenews.com.br\\\/#website\"},\"primaryImageOfPage\":{\"@id\":\"https:\\\/\\\/inclusivenews.com.br\\\/?p=21411#primaryimage\"},\"image\":{\"@id\":\"https:\\\/\\\/inclusivenews.com.br\\\/?p=21411#primaryimage\"},\"thumbnailUrl\":\"http:\\\/\\\/inclusivenews.com.br\\\/wp-content\\\/uploads\\\/2010\\\/07\\\/sindrome-de-down-klinefelter-e.jpg\",\"datePublished\":\"2011-10-31T05:57:32+00:00\",\"breadcrumb\":{\"@id\":\"https:\\\/\\\/inclusivenews.com.br\\\/?p=21411#breadcrumb\"},\"inLanguage\":\"pt-PT\",\"potentialAction\":[{\"@type\":\"ReadAction\",\"target\":[\"https:\\\/\\\/inclusivenews.com.br\\\/?p=21411\"]}]},{\"@type\":\"ImageObject\",\"inLanguage\":\"pt-PT\",\"@id\":\"https:\\\/\\\/inclusivenews.com.br\\\/?p=21411#primaryimage\",\"url\":\"\",\"contentUrl\":\"\"},{\"@type\":\"BreadcrumbList\",\"@id\":\"https:\\\/\\\/inclusivenews.com.br\\\/?p=21411#breadcrumb\",\"itemListElement\":[{\"@type\":\"ListItem\",\"position\":1,\"name\":\"In\u00edcio\",\"item\":\"https:\\\/\\\/inclusivenews.com.br\\\/\"},{\"@type\":\"ListItem\",\"position\":2,\"name\":\"Presidente da Down Espanha: &quot;Chegou o momento de nossos filhos falarem por si pr\u00f3prios&quot;\"}]},{\"@type\":\"WebSite\",\"@id\":\"https:\\\/\\\/inclusivenews.com.br\\\/#website\",\"url\":\"https:\\\/\\\/inclusivenews.com.br\\\/\",\"name\":\"Inclusive News\",\"description\":\"Inclusive News\",\"publisher\":{\"@id\":\"https:\\\/\\\/inclusivenews.com.br\\\/#organization\"},\"potentialAction\":[{\"@type\":\"SearchAction\",\"target\":{\"@type\":\"EntryPoint\",\"urlTemplate\":\"https:\\\/\\\/inclusivenews.com.br\\\/?s={search_term_string}\"},\"query-input\":{\"@type\":\"PropertyValueSpecification\",\"valueRequired\":true,\"valueName\":\"search_term_string\"}}],\"inLanguage\":\"pt-PT\"},{\"@type\":\"Organization\",\"@id\":\"https:\\\/\\\/inclusivenews.com.br\\\/#organization\",\"name\":\"Inclusive - inclus\u00e3o e cidadania\",\"url\":\"https:\\\/\\\/inclusivenews.com.br\\\/\",\"logo\":{\"@type\":\"ImageObject\",\"inLanguage\":\"pt-PT\",\"@id\":\"https:\\\/\\\/inclusivenews.com.br\\\/#\\\/schema\\\/logo\\\/image\\\/\",\"url\":\"https:\\\/\\\/inclusivenews.com.br\\\/wp-content\\\/uploads\\\/2024\\\/03\\\/@grandesite.png\",\"contentUrl\":\"https:\\\/\\\/inclusivenews.com.br\\\/wp-content\\\/uploads\\\/2024\\\/03\\\/@grandesite.png\",\"width\":1080,\"height\":1080,\"caption\":\"Inclusive - inclus\u00e3o e cidadania\"},\"image\":{\"@id\":\"https:\\\/\\\/inclusivenews.com.br\\\/#\\\/schema\\\/logo\\\/image\\\/\"},\"sameAs\":[\"https:\\\/\\\/www.facebook.com\\\/agenciainclusive\\\/\",\"https:\\\/\\\/www.instagram.com\\\/newsinclusive\\\/\"]},{\"@type\":\"Person\",\"@id\":\"https:\\\/\\\/inclusivenews.com.br\\\/#\\\/schema\\\/person\\\/ae4ec7087559b8692fb33b6fffd2273b\",\"name\":\"inclusivenews2024\",\"image\":{\"@type\":\"ImageObject\",\"inLanguage\":\"pt-PT\",\"@id\":\"https:\\\/\\\/secure.gravatar.com\\\/avatar\\\/c5a7ef84c66fa914f55bc4f7ce26cfa275a3b9a1c5568b907bd184fb4dde7b40?s=96&d=mm&r=g\",\"url\":\"https:\\\/\\\/secure.gravatar.com\\\/avatar\\\/c5a7ef84c66fa914f55bc4f7ce26cfa275a3b9a1c5568b907bd184fb4dde7b40?s=96&d=mm&r=g\",\"contentUrl\":\"https:\\\/\\\/secure.gravatar.com\\\/avatar\\\/c5a7ef84c66fa914f55bc4f7ce26cfa275a3b9a1c5568b907bd184fb4dde7b40?s=96&d=mm&r=g\",\"caption\":\"inclusivenews2024\"},\"sameAs\":[\"https:\\\/\\\/inclusivenews.com.br\"],\"url\":\"https:\\\/\\\/inclusivenews.com.br\\\/?author=1\"}]}<\/script>\n<!-- \/ Yoast SEO plugin. -->","yoast_head_json":{"title":"Presidente da Down Espanha: &quot;Chegou o momento de nossos filhos falarem por si pr\u00f3prios&quot; -","robots":{"index":"index","follow":"follow","max-snippet":"max-snippet:-1","max-image-preview":"max-image-preview:large","max-video-preview":"max-video-preview:-1"},"canonical":"https:\/\/inclusivenews.com.br\/?p=21411","og_locale":"pt_PT","og_type":"article","og_title":"Presidente da Down Espanha: &quot;Chegou o momento de nossos filhos falarem por si pr\u00f3prios&quot; -","og_description":"A declara\u00e7\u00e3o foi feita no XI Encontro Nacional de Fam\u00edlias de Pessoas com S\u00edndrome de Down, onde quase a metade dos palestrantes eram pessoas com s\u00edndrome de Down.","og_url":"https:\/\/inclusivenews.com.br\/?p=21411","article_publisher":"https:\/\/www.facebook.com\/agenciainclusive\/","article_published_time":"2011-10-31T05:57:32+00:00","og_image":[{"url":"http:\/\/inclusivenews.com.br\/wp-content\/uploads\/2010\/07\/sindrome-de-down-klinefelter-e.jpg","type":"","width":"","height":""}],"author":"inclusivenews2024","twitter_card":"summary_large_image","twitter_misc":{"Escrito por":"inclusivenews2024","Tempo estimado de leitura":"2 minutos"},"schema":{"@context":"https:\/\/schema.org","@graph":[{"@type":"Article","@id":"https:\/\/inclusivenews.com.br\/?p=21411#article","isPartOf":{"@id":"https:\/\/inclusivenews.com.br\/?p=21411"},"author":{"name":"inclusivenews2024","@id":"https:\/\/inclusivenews.com.br\/#\/schema\/person\/ae4ec7087559b8692fb33b6fffd2273b"},"headline":"Presidente da Down Espanha: &quot;Chegou o momento de nossos filhos falarem por si pr\u00f3prios&quot;","datePublished":"2011-10-31T05:57:32+00:00","mainEntityOfPage":{"@id":"https:\/\/inclusivenews.com.br\/?p=21411"},"wordCount":514,"commentCount":1,"publisher":{"@id":"https:\/\/inclusivenews.com.br\/#organization"},"image":{"@id":"https:\/\/inclusivenews.com.br\/?p=21411#primaryimage"},"thumbnailUrl":"http:\/\/inclusivenews.com.br\/wp-content\/uploads\/2010\/07\/sindrome-de-down-klinefelter-e.jpg","articleSection":["Cursos e eventos","Defici\u00eancia"],"inLanguage":"pt-PT","potentialAction":[{"@type":"CommentAction","name":"Comment","target":["https:\/\/inclusivenews.com.br\/?p=21411#respond"]}]},{"@type":"WebPage","@id":"https:\/\/inclusivenews.com.br\/?p=21411","url":"https:\/\/inclusivenews.com.br\/?p=21411","name":"Presidente da Down Espanha: &quot;Chegou o momento de nossos filhos falarem por si pr\u00f3prios&quot; -","isPartOf":{"@id":"https:\/\/inclusivenews.com.br\/#website"},"primaryImageOfPage":{"@id":"https:\/\/inclusivenews.com.br\/?p=21411#primaryimage"},"image":{"@id":"https:\/\/inclusivenews.com.br\/?p=21411#primaryimage"},"thumbnailUrl":"http:\/\/inclusivenews.com.br\/wp-content\/uploads\/2010\/07\/sindrome-de-down-klinefelter-e.jpg","datePublished":"2011-10-31T05:57:32+00:00","breadcrumb":{"@id":"https:\/\/inclusivenews.com.br\/?p=21411#breadcrumb"},"inLanguage":"pt-PT","potentialAction":[{"@type":"ReadAction","target":["https:\/\/inclusivenews.com.br\/?p=21411"]}]},{"@type":"ImageObject","inLanguage":"pt-PT","@id":"https:\/\/inclusivenews.com.br\/?p=21411#primaryimage","url":"","contentUrl":""},{"@type":"BreadcrumbList","@id":"https:\/\/inclusivenews.com.br\/?p=21411#breadcrumb","itemListElement":[{"@type":"ListItem","position":1,"name":"In\u00edcio","item":"https:\/\/inclusivenews.com.br\/"},{"@type":"ListItem","position":2,"name":"Presidente da Down Espanha: &quot;Chegou o momento de nossos filhos falarem por si pr\u00f3prios&quot;"}]},{"@type":"WebSite","@id":"https:\/\/inclusivenews.com.br\/#website","url":"https:\/\/inclusivenews.com.br\/","name":"Inclusive News","description":"Inclusive News","publisher":{"@id":"https:\/\/inclusivenews.com.br\/#organization"},"potentialAction":[{"@type":"SearchAction","target":{"@type":"EntryPoint","urlTemplate":"https:\/\/inclusivenews.com.br\/?s={search_term_string}"},"query-input":{"@type":"PropertyValueSpecification","valueRequired":true,"valueName":"search_term_string"}}],"inLanguage":"pt-PT"},{"@type":"Organization","@id":"https:\/\/inclusivenews.com.br\/#organization","name":"Inclusive - inclus\u00e3o e cidadania","url":"https:\/\/inclusivenews.com.br\/","logo":{"@type":"ImageObject","inLanguage":"pt-PT","@id":"https:\/\/inclusivenews.com.br\/#\/schema\/logo\/image\/","url":"https:\/\/inclusivenews.com.br\/wp-content\/uploads\/2024\/03\/@grandesite.png","contentUrl":"https:\/\/inclusivenews.com.br\/wp-content\/uploads\/2024\/03\/@grandesite.png","width":1080,"height":1080,"caption":"Inclusive - inclus\u00e3o e cidadania"},"image":{"@id":"https:\/\/inclusivenews.com.br\/#\/schema\/logo\/image\/"},"sameAs":["https:\/\/www.facebook.com\/agenciainclusive\/","https:\/\/www.instagram.com\/newsinclusive\/"]},{"@type":"Person","@id":"https:\/\/inclusivenews.com.br\/#\/schema\/person\/ae4ec7087559b8692fb33b6fffd2273b","name":"inclusivenews2024","image":{"@type":"ImageObject","inLanguage":"pt-PT","@id":"https:\/\/secure.gravatar.com\/avatar\/c5a7ef84c66fa914f55bc4f7ce26cfa275a3b9a1c5568b907bd184fb4dde7b40?s=96&d=mm&r=g","url":"https:\/\/secure.gravatar.com\/avatar\/c5a7ef84c66fa914f55bc4f7ce26cfa275a3b9a1c5568b907bd184fb4dde7b40?s=96&d=mm&r=g","contentUrl":"https:\/\/secure.gravatar.com\/avatar\/c5a7ef84c66fa914f55bc4f7ce26cfa275a3b9a1c5568b907bd184fb4dde7b40?s=96&d=mm&r=g","caption":"inclusivenews2024"},"sameAs":["https:\/\/inclusivenews.com.br"],"url":"https:\/\/inclusivenews.com.br\/?author=1"}]}},"_links":{"self":[{"href":"https:\/\/inclusivenews.com.br\/index.php?rest_route=\/wp\/v2\/posts\/21411","targetHints":{"allow":["GET"]}}],"collection":[{"href":"https:\/\/inclusivenews.com.br\/index.php?rest_route=\/wp\/v2\/posts"}],"about":[{"href":"https:\/\/inclusivenews.com.br\/index.php?rest_route=\/wp\/v2\/types\/post"}],"author":[{"embeddable":true,"href":"https:\/\/inclusivenews.com.br\/index.php?rest_route=\/wp\/v2\/users\/1"}],"replies":[{"embeddable":true,"href":"https:\/\/inclusivenews.com.br\/index.php?rest_route=%2Fwp%2Fv2%2Fcomments&post=21411"}],"version-history":[{"count":0,"href":"https:\/\/inclusivenews.com.br\/index.php?rest_route=\/wp\/v2\/posts\/21411\/revisions"}],"wp:attachment":[{"href":"https:\/\/inclusivenews.com.br\/index.php?rest_route=%2Fwp%2Fv2%2Fmedia&parent=21411"}],"wp:term":[{"taxonomy":"category","embeddable":true,"href":"https:\/\/inclusivenews.com.br\/index.php?rest_route=%2Fwp%2Fv2%2Fcategories&post=21411"},{"taxonomy":"post_tag","embeddable":true,"href":"https:\/\/inclusivenews.com.br\/index.php?rest_route=%2Fwp%2Fv2%2Ftags&post=21411"}],"curies":[{"name":"wp","href":"https:\/\/api.w.org\/{rel}","templated":true}]}}