{"id":21414,"date":"2011-11-03T06:14:57","date_gmt":"2011-11-03T09:14:57","guid":{"rendered":"http:\/\/www.inclusive.org.br\/?p=21414"},"modified":"2011-11-03T06:14:57","modified_gmt":"2011-11-03T09:14:57","slug":"belo-monte-governo-falta-a-audiencia-na-corte-interamericana-de-direitos-humanos","status":"publish","type":"post","link":"https:\/\/inclusivenews.com.br\/?p=21414","title":{"rendered":"Belo Monte: governo falta \u00e0 audi\u00eancia na Corte Interamericana de Direitos Humanos"},"content":{"rendered":"<figure style=\"width: 300px\" class=\"wp-caption alignleft\"><a class=\"moz-txt-link-freetext\" href=\"http:\/\/www.xinguvivo.org.br\/wp-content\/uploads\/2011\/10\/chegada-300x200.jpg\"><img loading=\"lazy\" decoding=\"async\" src=\"http:\/\/www.xinguvivo.org.br\/wp-content\/uploads\/2011\/10\/chegada-300x200.jpg\" alt=\"\" width=\"300\" height=\"200\" \/><\/a><figcaption class=\"wp-caption-text\">Foto: Justi\u00e7a Global<\/figcaption><\/figure>\n<p><a class=\"moz-txt-link-freetext\" href=\"http:\/\/www.xinguvivo.org.br\/wp-content\/uploads\/2011\/10\/chegada-300x200.jpg\"><\/a><\/p>\n<p>Foi realizada no dia 27, na sede da Comiss\u00e3o Interamericana de Direitos Humanos (CIDH) da Organiza\u00e7\u00e3o dos Estados Americanos (OEA), em Washington, a audi\u00eancia sobre as medidas cautelares que determinam a suspens\u00e3o da obra de Belo Monte. Sem a presen\u00e7a do Governo brasileiro, que em atitude in\u00e9dita se recusou a comparecer, representantes das organiza\u00e7\u00f5es peticion\u00e1rias e de comunidades atingidas pelo empreendimento refor\u00e7aram \u00e0 Comiss\u00e3o as den\u00fancias sobre ilegalidades no processo de licenciamento da obra.<\/p>\n<p>A aus\u00eancia do Brasil foi duramente criticada por entidades internacionais de direitos humanos. Um documento assinado pela Federa\u00e7\u00e3o Internacional de Direitos Humanos (FIDH) e por 14 organiza\u00e7\u00f5es de cinco pa\u00edses americanos \u201ccondenou\u201d a postura brasileira e manifestou \u201cprofunda preocupa\u00e7\u00e3o sobre a falta de respeito do Estado brasileiro aos procedimentos e mecanismos de prote\u00e7\u00e3o da CIDH\u201d no caso das medidas cautelares de Belo Monte.<span id=\"more-3786\"> <\/span><\/p>\n<p>O documento foi entregue hoje (28), durante audi\u00eancia sobre a Lei Maria da Penha, \u00e0 propria Comiss\u00e3o e a Carlos Henrique Zimmermann, secret\u00e1rio da Divis\u00e3o de Direitos Humanos do Minist\u00e9rio das Rela\u00e7\u00f5es Exteriores, que se comprometeu a encaminh\u00e1-lo para o Pal\u00e1cio do Itamaraty e para a miss\u00e3o diplom\u00e1tica do Brasil em Washington.<\/p>\n<div><strong>Impossibilidade de di\u00e1logo<\/strong><\/div>\n<p>Para as organiza\u00e7\u00f5es internacionais, \u201ca atitude do Estado brasileiro, as press\u00f5es que vem realizando com a aparente inten\u00e7\u00e3o de minar o processo de medidas cautelares e a falta de vontade para entrar em um di\u00e1logo com os benefici\u00e1rios (as comunidades atingidas por Belo Monte) geram um precedente perigoso para a prote\u00e7\u00e3o dos direitos humanos\u201d. A carta denuncia ainda que a aus\u00eancia do Brasil deixa as comunidades do Xingu \u201csem uma oportunidade para entrar em di\u00e1logo com o Governo sobre como garantir os direitos daqueles que est\u00e3o amea\u00e7ados pelo projeto de Belo Monte\u201d.<\/p>\n<p>Na segunda-feira, organiza\u00e7\u00f5es brasileiras j\u00e1 haviam divulgado documento de rep\u00fadio em que afirmavam que a aus\u00eancia brasileira \u201cexp\u00f5e a covardia de um governo que, sabendo das ilegalidades e arbitrariedades cometidas no processo de licenciamento e constru\u00e7\u00e3o de Belo Monte, evita ser novamente repreendido publicamente pela Comiss\u00e3o\u201d e que, com esta atitude, \u201co Estado brasileiro d\u00e1 ao mundo um triste exemplo de autoritarismo e trucul\u00eancia, deixando claro que o pa\u00eds estar\u00e1 fechado para o di\u00e1logo quando for contrariado em inst\u00e2ncias internacionais\u201d.<\/p>\n<div><strong>Na audi\u00eancia, novas informa\u00e7\u00f5es \u00e0 CIDH<\/strong><\/div>\n<p>Ontem, durante a audi\u00eancia com a CIDH, Sheyla Juruna, lideran\u00e7a ind\u00edgena da regi\u00e3o do Xingu, e os advogados da\u00a0Justi\u00e7a Global, da Sociedade Paraense de Defesa dos Direitos Humanos (SDDH) e da Associa\u00e7\u00e3o Interamericana de Defesa do Meio Ambiente (AIDA) apresentaram \u00e0 Comiss\u00e3o provas da falta de consulta pr\u00e9via \u00e0s comunidades ind\u00edgenas, al\u00e9m de novos casos de amea\u00e7a a lideran\u00e7as ind\u00edgenas, falta de prote\u00e7\u00e3o fundi\u00e1ria a moradores da regi\u00e3o e dados que comprovam o aumento exponencial de doen\u00e7as entre ind\u00edgenas e casos de viol\u00eancia no munic\u00edpio de Altamira ap\u00f3s o in\u00edcio das obras de Belo Monte. \u201cDiante das ilegalidades do processo e do descumprimento de tratados internacionais e das determina\u00e7\u00f5es da Comiss\u00e3o Interamericana, nossa expectativa \u00e9 que o Estado brasileiro seja levado \u00e0 Corte de Direitos Humanos da OEA\u201d, disse a diretora da\u00a0Justi\u00e7a Global, Andressa Caldas.<\/p>\n<p>Fonte: <a href=\"http:\/\/ponto.outraspalavras.net\/2011\/10\/31\/belo-monte-governo-falta-a-audiencia-na-corte-interamericana-de-direitos-humanos\/\">Outras Palavras<\/a><\/p>\n","protected":false},"excerpt":{"rendered":"<p>Um documento assinado pela Federa\u00e7\u00e3o Internacional de Direitos Humanos (FIDH) e por 14 organiza\u00e7\u00f5es de cinco pa\u00edses americanos \u201ccondenou\u201d a postura brasileira e manifestou \u201cprofunda preocupa\u00e7\u00e3o sobre a falta de respeito do Estado brasileiro aos procedimentos e mecanismos de prote\u00e7\u00e3o da CIDH\u201d no caso das medidas cautelares de Belo Monte.<\/p>\n","protected":false},"author":1,"featured_media":0,"comment_status":"open","ping_status":"open","sticky":false,"template":"","format":"standard","meta":{"site-container-style":"default","site-container-layout":"default","site-sidebar-layout":"default","disable-article-header":"default","disable-site-header":"default","disable-site-footer":"default","disable-content-area-spacing":"default","footnotes":""},"categories":[11,4],"tags":[],"class_list":["post-21414","post","type-post","status-publish","format-standard","hentry","category-direitos-humanos","category-noticias"],"yoast_head":"<!-- This site is optimized with the Yoast SEO plugin v27.4 - https:\/\/yoast.com\/product\/yoast-seo-wordpress\/ -->\n<title>Belo Monte: governo falta \u00e0 audi\u00eancia na Corte Interamericana de Direitos Humanos -<\/title>\n<meta name=\"robots\" content=\"index, follow, max-snippet:-1, max-image-preview:large, max-video-preview:-1\" \/>\n<link rel=\"canonical\" href=\"https:\/\/inclusivenews.com.br\/?p=21414\" \/>\n<meta property=\"og:locale\" content=\"pt_PT\" \/>\n<meta property=\"og:type\" content=\"article\" \/>\n<meta property=\"og:title\" content=\"Belo Monte: governo falta \u00e0 audi\u00eancia na Corte Interamericana de Direitos Humanos -\" \/>\n<meta property=\"og:description\" content=\"Um documento assinado pela Federa\u00e7\u00e3o Internacional de Direitos Humanos (FIDH) e por 14 organiza\u00e7\u00f5es de cinco pa\u00edses americanos \u201ccondenou\u201d a postura brasileira e manifestou \u201cprofunda preocupa\u00e7\u00e3o sobre a falta de respeito do Estado brasileiro aos procedimentos e mecanismos de prote\u00e7\u00e3o da CIDH\u201d no caso das medidas cautelares de Belo Monte.\" \/>\n<meta property=\"og:url\" content=\"https:\/\/inclusivenews.com.br\/?p=21414\" \/>\n<meta property=\"article:publisher\" content=\"https:\/\/www.facebook.com\/agenciainclusive\/\" \/>\n<meta property=\"article:published_time\" content=\"2011-11-03T09:14:57+00:00\" \/>\n<meta property=\"og:image\" content=\"http:\/\/www.xinguvivo.org.br\/wp-content\/uploads\/2011\/10\/chegada-300x200.jpg\" \/>\n<meta name=\"author\" content=\"inclusivenews2024\" \/>\n<meta name=\"twitter:card\" content=\"summary_large_image\" \/>\n<meta name=\"twitter:label1\" content=\"Escrito por\" \/>\n\t<meta name=\"twitter:data1\" content=\"inclusivenews2024\" \/>\n\t<meta name=\"twitter:label2\" content=\"Tempo estimado de leitura\" \/>\n\t<meta name=\"twitter:data2\" content=\"3 minutos\" \/>\n<script type=\"application\/ld+json\" class=\"yoast-schema-graph\">{\"@context\":\"https:\\\/\\\/schema.org\",\"@graph\":[{\"@type\":\"Article\",\"@id\":\"https:\\\/\\\/inclusivenews.com.br\\\/?p=21414#article\",\"isPartOf\":{\"@id\":\"https:\\\/\\\/inclusivenews.com.br\\\/?p=21414\"},\"author\":{\"name\":\"inclusivenews2024\",\"@id\":\"https:\\\/\\\/inclusivenews.com.br\\\/#\\\/schema\\\/person\\\/ae4ec7087559b8692fb33b6fffd2273b\"},\"headline\":\"Belo Monte: governo falta \u00e0 audi\u00eancia na Corte Interamericana de Direitos Humanos\",\"datePublished\":\"2011-11-03T09:14:57+00:00\",\"mainEntityOfPage\":{\"@id\":\"https:\\\/\\\/inclusivenews.com.br\\\/?p=21414\"},\"wordCount\":599,\"commentCount\":0,\"publisher\":{\"@id\":\"https:\\\/\\\/inclusivenews.com.br\\\/#organization\"},\"image\":{\"@id\":\"https:\\\/\\\/inclusivenews.com.br\\\/?p=21414#primaryimage\"},\"thumbnailUrl\":\"http:\\\/\\\/www.xinguvivo.org.br\\\/wp-content\\\/uploads\\\/2011\\\/10\\\/chegada-300x200.jpg\",\"articleSection\":[\"DIREITOS HUMANOS\",\"NOT\u00cdCIAS\"],\"inLanguage\":\"pt-PT\",\"potentialAction\":[{\"@type\":\"CommentAction\",\"name\":\"Comment\",\"target\":[\"https:\\\/\\\/inclusivenews.com.br\\\/?p=21414#respond\"]}]},{\"@type\":\"WebPage\",\"@id\":\"https:\\\/\\\/inclusivenews.com.br\\\/?p=21414\",\"url\":\"https:\\\/\\\/inclusivenews.com.br\\\/?p=21414\",\"name\":\"Belo Monte: governo falta \u00e0 audi\u00eancia na Corte Interamericana de Direitos Humanos -\",\"isPartOf\":{\"@id\":\"https:\\\/\\\/inclusivenews.com.br\\\/#website\"},\"primaryImageOfPage\":{\"@id\":\"https:\\\/\\\/inclusivenews.com.br\\\/?p=21414#primaryimage\"},\"image\":{\"@id\":\"https:\\\/\\\/inclusivenews.com.br\\\/?p=21414#primaryimage\"},\"thumbnailUrl\":\"http:\\\/\\\/www.xinguvivo.org.br\\\/wp-content\\\/uploads\\\/2011\\\/10\\\/chegada-300x200.jpg\",\"datePublished\":\"2011-11-03T09:14:57+00:00\",\"breadcrumb\":{\"@id\":\"https:\\\/\\\/inclusivenews.com.br\\\/?p=21414#breadcrumb\"},\"inLanguage\":\"pt-PT\",\"potentialAction\":[{\"@type\":\"ReadAction\",\"target\":[\"https:\\\/\\\/inclusivenews.com.br\\\/?p=21414\"]}]},{\"@type\":\"ImageObject\",\"inLanguage\":\"pt-PT\",\"@id\":\"https:\\\/\\\/inclusivenews.com.br\\\/?p=21414#primaryimage\",\"url\":\"http:\\\/\\\/www.xinguvivo.org.br\\\/wp-content\\\/uploads\\\/2011\\\/10\\\/chegada-300x200.jpg\",\"contentUrl\":\"http:\\\/\\\/www.xinguvivo.org.br\\\/wp-content\\\/uploads\\\/2011\\\/10\\\/chegada-300x200.jpg\"},{\"@type\":\"BreadcrumbList\",\"@id\":\"https:\\\/\\\/inclusivenews.com.br\\\/?p=21414#breadcrumb\",\"itemListElement\":[{\"@type\":\"ListItem\",\"position\":1,\"name\":\"In\u00edcio\",\"item\":\"https:\\\/\\\/inclusivenews.com.br\\\/\"},{\"@type\":\"ListItem\",\"position\":2,\"name\":\"Belo Monte: governo falta \u00e0 audi\u00eancia na Corte Interamericana de Direitos Humanos\"}]},{\"@type\":\"WebSite\",\"@id\":\"https:\\\/\\\/inclusivenews.com.br\\\/#website\",\"url\":\"https:\\\/\\\/inclusivenews.com.br\\\/\",\"name\":\"Inclusive News\",\"description\":\"Inclusive News\",\"publisher\":{\"@id\":\"https:\\\/\\\/inclusivenews.com.br\\\/#organization\"},\"potentialAction\":[{\"@type\":\"SearchAction\",\"target\":{\"@type\":\"EntryPoint\",\"urlTemplate\":\"https:\\\/\\\/inclusivenews.com.br\\\/?s={search_term_string}\"},\"query-input\":{\"@type\":\"PropertyValueSpecification\",\"valueRequired\":true,\"valueName\":\"search_term_string\"}}],\"inLanguage\":\"pt-PT\"},{\"@type\":\"Organization\",\"@id\":\"https:\\\/\\\/inclusivenews.com.br\\\/#organization\",\"name\":\"Inclusive - inclus\u00e3o e cidadania\",\"url\":\"https:\\\/\\\/inclusivenews.com.br\\\/\",\"logo\":{\"@type\":\"ImageObject\",\"inLanguage\":\"pt-PT\",\"@id\":\"https:\\\/\\\/inclusivenews.com.br\\\/#\\\/schema\\\/logo\\\/image\\\/\",\"url\":\"https:\\\/\\\/inclusivenews.com.br\\\/wp-content\\\/uploads\\\/2024\\\/03\\\/@grandesite.png\",\"contentUrl\":\"https:\\\/\\\/inclusivenews.com.br\\\/wp-content\\\/uploads\\\/2024\\\/03\\\/@grandesite.png\",\"width\":1080,\"height\":1080,\"caption\":\"Inclusive - inclus\u00e3o e cidadania\"},\"image\":{\"@id\":\"https:\\\/\\\/inclusivenews.com.br\\\/#\\\/schema\\\/logo\\\/image\\\/\"},\"sameAs\":[\"https:\\\/\\\/www.facebook.com\\\/agenciainclusive\\\/\",\"https:\\\/\\\/www.instagram.com\\\/newsinclusive\\\/\"]},{\"@type\":\"Person\",\"@id\":\"https:\\\/\\\/inclusivenews.com.br\\\/#\\\/schema\\\/person\\\/ae4ec7087559b8692fb33b6fffd2273b\",\"name\":\"inclusivenews2024\",\"image\":{\"@type\":\"ImageObject\",\"inLanguage\":\"pt-PT\",\"@id\":\"https:\\\/\\\/secure.gravatar.com\\\/avatar\\\/c5a7ef84c66fa914f55bc4f7ce26cfa275a3b9a1c5568b907bd184fb4dde7b40?s=96&d=mm&r=g\",\"url\":\"https:\\\/\\\/secure.gravatar.com\\\/avatar\\\/c5a7ef84c66fa914f55bc4f7ce26cfa275a3b9a1c5568b907bd184fb4dde7b40?s=96&d=mm&r=g\",\"contentUrl\":\"https:\\\/\\\/secure.gravatar.com\\\/avatar\\\/c5a7ef84c66fa914f55bc4f7ce26cfa275a3b9a1c5568b907bd184fb4dde7b40?s=96&d=mm&r=g\",\"caption\":\"inclusivenews2024\"},\"sameAs\":[\"https:\\\/\\\/inclusivenews.com.br\"],\"url\":\"https:\\\/\\\/inclusivenews.com.br\\\/?author=1\"}]}<\/script>\n<!-- \/ Yoast SEO plugin. -->","yoast_head_json":{"title":"Belo Monte: governo falta \u00e0 audi\u00eancia na Corte Interamericana de Direitos Humanos -","robots":{"index":"index","follow":"follow","max-snippet":"max-snippet:-1","max-image-preview":"max-image-preview:large","max-video-preview":"max-video-preview:-1"},"canonical":"https:\/\/inclusivenews.com.br\/?p=21414","og_locale":"pt_PT","og_type":"article","og_title":"Belo Monte: governo falta \u00e0 audi\u00eancia na Corte Interamericana de Direitos Humanos -","og_description":"Um documento assinado pela Federa\u00e7\u00e3o Internacional de Direitos Humanos (FIDH) e por 14 organiza\u00e7\u00f5es de cinco pa\u00edses americanos \u201ccondenou\u201d a postura brasileira e manifestou \u201cprofunda preocupa\u00e7\u00e3o sobre a falta de respeito do Estado brasileiro aos procedimentos e mecanismos de prote\u00e7\u00e3o da CIDH\u201d no caso das medidas cautelares de Belo Monte.","og_url":"https:\/\/inclusivenews.com.br\/?p=21414","article_publisher":"https:\/\/www.facebook.com\/agenciainclusive\/","article_published_time":"2011-11-03T09:14:57+00:00","og_image":[{"url":"http:\/\/www.xinguvivo.org.br\/wp-content\/uploads\/2011\/10\/chegada-300x200.jpg","type":"","width":"","height":""}],"author":"inclusivenews2024","twitter_card":"summary_large_image","twitter_misc":{"Escrito por":"inclusivenews2024","Tempo estimado de leitura":"3 minutos"},"schema":{"@context":"https:\/\/schema.org","@graph":[{"@type":"Article","@id":"https:\/\/inclusivenews.com.br\/?p=21414#article","isPartOf":{"@id":"https:\/\/inclusivenews.com.br\/?p=21414"},"author":{"name":"inclusivenews2024","@id":"https:\/\/inclusivenews.com.br\/#\/schema\/person\/ae4ec7087559b8692fb33b6fffd2273b"},"headline":"Belo Monte: governo falta \u00e0 audi\u00eancia na Corte Interamericana de Direitos Humanos","datePublished":"2011-11-03T09:14:57+00:00","mainEntityOfPage":{"@id":"https:\/\/inclusivenews.com.br\/?p=21414"},"wordCount":599,"commentCount":0,"publisher":{"@id":"https:\/\/inclusivenews.com.br\/#organization"},"image":{"@id":"https:\/\/inclusivenews.com.br\/?p=21414#primaryimage"},"thumbnailUrl":"http:\/\/www.xinguvivo.org.br\/wp-content\/uploads\/2011\/10\/chegada-300x200.jpg","articleSection":["DIREITOS HUMANOS","NOT\u00cdCIAS"],"inLanguage":"pt-PT","potentialAction":[{"@type":"CommentAction","name":"Comment","target":["https:\/\/inclusivenews.com.br\/?p=21414#respond"]}]},{"@type":"WebPage","@id":"https:\/\/inclusivenews.com.br\/?p=21414","url":"https:\/\/inclusivenews.com.br\/?p=21414","name":"Belo Monte: governo falta \u00e0 audi\u00eancia na Corte Interamericana de Direitos Humanos -","isPartOf":{"@id":"https:\/\/inclusivenews.com.br\/#website"},"primaryImageOfPage":{"@id":"https:\/\/inclusivenews.com.br\/?p=21414#primaryimage"},"image":{"@id":"https:\/\/inclusivenews.com.br\/?p=21414#primaryimage"},"thumbnailUrl":"http:\/\/www.xinguvivo.org.br\/wp-content\/uploads\/2011\/10\/chegada-300x200.jpg","datePublished":"2011-11-03T09:14:57+00:00","breadcrumb":{"@id":"https:\/\/inclusivenews.com.br\/?p=21414#breadcrumb"},"inLanguage":"pt-PT","potentialAction":[{"@type":"ReadAction","target":["https:\/\/inclusivenews.com.br\/?p=21414"]}]},{"@type":"ImageObject","inLanguage":"pt-PT","@id":"https:\/\/inclusivenews.com.br\/?p=21414#primaryimage","url":"http:\/\/www.xinguvivo.org.br\/wp-content\/uploads\/2011\/10\/chegada-300x200.jpg","contentUrl":"http:\/\/www.xinguvivo.org.br\/wp-content\/uploads\/2011\/10\/chegada-300x200.jpg"},{"@type":"BreadcrumbList","@id":"https:\/\/inclusivenews.com.br\/?p=21414#breadcrumb","itemListElement":[{"@type":"ListItem","position":1,"name":"In\u00edcio","item":"https:\/\/inclusivenews.com.br\/"},{"@type":"ListItem","position":2,"name":"Belo Monte: governo falta \u00e0 audi\u00eancia na Corte Interamericana de Direitos Humanos"}]},{"@type":"WebSite","@id":"https:\/\/inclusivenews.com.br\/#website","url":"https:\/\/inclusivenews.com.br\/","name":"Inclusive News","description":"Inclusive News","publisher":{"@id":"https:\/\/inclusivenews.com.br\/#organization"},"potentialAction":[{"@type":"SearchAction","target":{"@type":"EntryPoint","urlTemplate":"https:\/\/inclusivenews.com.br\/?s={search_term_string}"},"query-input":{"@type":"PropertyValueSpecification","valueRequired":true,"valueName":"search_term_string"}}],"inLanguage":"pt-PT"},{"@type":"Organization","@id":"https:\/\/inclusivenews.com.br\/#organization","name":"Inclusive - inclus\u00e3o e cidadania","url":"https:\/\/inclusivenews.com.br\/","logo":{"@type":"ImageObject","inLanguage":"pt-PT","@id":"https:\/\/inclusivenews.com.br\/#\/schema\/logo\/image\/","url":"https:\/\/inclusivenews.com.br\/wp-content\/uploads\/2024\/03\/@grandesite.png","contentUrl":"https:\/\/inclusivenews.com.br\/wp-content\/uploads\/2024\/03\/@grandesite.png","width":1080,"height":1080,"caption":"Inclusive - inclus\u00e3o e cidadania"},"image":{"@id":"https:\/\/inclusivenews.com.br\/#\/schema\/logo\/image\/"},"sameAs":["https:\/\/www.facebook.com\/agenciainclusive\/","https:\/\/www.instagram.com\/newsinclusive\/"]},{"@type":"Person","@id":"https:\/\/inclusivenews.com.br\/#\/schema\/person\/ae4ec7087559b8692fb33b6fffd2273b","name":"inclusivenews2024","image":{"@type":"ImageObject","inLanguage":"pt-PT","@id":"https:\/\/secure.gravatar.com\/avatar\/c5a7ef84c66fa914f55bc4f7ce26cfa275a3b9a1c5568b907bd184fb4dde7b40?s=96&d=mm&r=g","url":"https:\/\/secure.gravatar.com\/avatar\/c5a7ef84c66fa914f55bc4f7ce26cfa275a3b9a1c5568b907bd184fb4dde7b40?s=96&d=mm&r=g","contentUrl":"https:\/\/secure.gravatar.com\/avatar\/c5a7ef84c66fa914f55bc4f7ce26cfa275a3b9a1c5568b907bd184fb4dde7b40?s=96&d=mm&r=g","caption":"inclusivenews2024"},"sameAs":["https:\/\/inclusivenews.com.br"],"url":"https:\/\/inclusivenews.com.br\/?author=1"}]}},"_links":{"self":[{"href":"https:\/\/inclusivenews.com.br\/index.php?rest_route=\/wp\/v2\/posts\/21414","targetHints":{"allow":["GET"]}}],"collection":[{"href":"https:\/\/inclusivenews.com.br\/index.php?rest_route=\/wp\/v2\/posts"}],"about":[{"href":"https:\/\/inclusivenews.com.br\/index.php?rest_route=\/wp\/v2\/types\/post"}],"author":[{"embeddable":true,"href":"https:\/\/inclusivenews.com.br\/index.php?rest_route=\/wp\/v2\/users\/1"}],"replies":[{"embeddable":true,"href":"https:\/\/inclusivenews.com.br\/index.php?rest_route=%2Fwp%2Fv2%2Fcomments&post=21414"}],"version-history":[{"count":0,"href":"https:\/\/inclusivenews.com.br\/index.php?rest_route=\/wp\/v2\/posts\/21414\/revisions"}],"wp:attachment":[{"href":"https:\/\/inclusivenews.com.br\/index.php?rest_route=%2Fwp%2Fv2%2Fmedia&parent=21414"}],"wp:term":[{"taxonomy":"category","embeddable":true,"href":"https:\/\/inclusivenews.com.br\/index.php?rest_route=%2Fwp%2Fv2%2Fcategories&post=21414"},{"taxonomy":"post_tag","embeddable":true,"href":"https:\/\/inclusivenews.com.br\/index.php?rest_route=%2Fwp%2Fv2%2Ftags&post=21414"}],"curies":[{"name":"wp","href":"https:\/\/api.w.org\/{rel}","templated":true}]}}