{"id":21416,"date":"2011-11-03T06:20:20","date_gmt":"2011-11-03T09:20:20","guid":{"rendered":"http:\/\/www.inclusive.org.br\/?p=21416"},"modified":"2011-11-03T06:20:20","modified_gmt":"2011-11-03T09:20:20","slug":"ifce-adapta-tablet-para-leitura-em-braile","status":"publish","type":"post","link":"https:\/\/inclusivenews.com.br\/?p=21416","title":{"rendered":"IFCE adapta tablet para leitura em braile"},"content":{"rendered":"<figure style=\"width: 150px\" class=\"wp-caption alignleft\"><a class=\"moz-txt-link-freetext\" href=\"http:\/\/www.boanoticia.org.br\/arquivos\/Image\/noticias\/brailletablet.jpg\"><img loading=\"lazy\" decoding=\"async\" title=\"Pessoa usando tablet\" src=\"http:\/\/www.boanoticia.org.br\/arquivos\/Image\/noticias\/brailletablet.jpg\" alt=\"Pessoa usando tablet\" width=\"150\" height=\"150\" \/><\/a><figcaption class=\"wp-caption-text\">Imagem: Ag\u00eancia da Boa Not\u00edcia<\/figcaption><\/figure>\n<p>A possibilidade de ler qualquer coisa continua sendo um sonho para muitos deficientes visuais. Uma equipe de professores do campus de Fortaleza do Instituto Federal do Cear\u00e1 juntamente com a empresa incubada AED Tecnologia, est\u00e1 prestes a tornar isso muito mais f\u00e1cil e acess\u00edvel. O grupo est\u00e1 desenvolvendo um equipamento capaz de permitir aos deficientes visuais a leitura de documentos impresso ou digitalizados, bem como a escrita de documentos, utilizando uma ou mais c\u00e9lulas braile.<\/p>\n<p>O Projeto Port\u00e1ctil, que est\u00e1 sendo financiado pelo MEC desde 2010 ap\u00f3s o reitor do IFCE Cl\u00e1udio Ricardo Gomes de Lima ter apresentado a id\u00e9ia ao ministro da Educa\u00e7\u00e3o Fernando Haddad, ainda possui fun\u00e7\u00e3o de sintetiza\u00e7\u00e3o de voz, permitindo a leitura aos que n\u00e3o dominam a linguagem braile. Coordenado pelo Laborat\u00f3rio de Pesquisa Aplicada e Desenvolvimento em Automa\u00e7\u00e3o, o projeto tem \u00e0 frente o professor Anax\u00e1goras Maia Gir\u00e3o, tamb\u00e9m coordenador geral do Port\u00e1ctil.<\/p>\n<p>De acordo com o professor Elias Teodoro J\u00fanior, integrante da equipe que desenvolve o projeto, o processo \u00e9 constru\u00eddo da seguinte maneira: a imagem impressa \u00e9 capturada pela camera do tablet com ajuda de um software. Em seguida, \u00e9 usado um OCR (Optical Character Recognition) para obter o texto a partir da imagem. Finalmente, o texto \u00e9 enviado para a c\u00e9lula braile, dando ao usu\u00e1rio total controle de navega\u00e7\u00e3o sobre o texto exibido nessa modalidade de linguagem.<\/p>\n<p>Elias Teodoro ainda lembra que o equipamento se comunica com o tablet via bluetooth, o que permite que, na aus\u00eancia do tablet, possa ser usado num celular do tipo smartphone. De acordo com o professor, a iniciativa tem como objetivo assegurar a inclus\u00e3o de deficientes visuais na modernidade da educa\u00e7\u00e3o. \u201cAtualmente, temos pouca literatura em braile e a um custo muito alto. Esse equipamento possibilitar\u00e1 a leitura de qualquer documento, aumentando significativamente as possibilidades para essas pessoas\u201d.<\/p>\n<p>Outra vantagem \u00e9 a possibilidade de armazenar v\u00e1rias obras em equipamentos pequenos e port\u00e1teis como o tablet e o celular. O Projeto Port\u00e1ctil, que j\u00e1 tem patente depositada junto ao Instituto Nacional da Propriedade Industrial (INPI), estar\u00e1 totalmente conclu\u00eddo em dezembro e, como se trata de uma pesquisa encomendada pelo MEC, a partir do pr\u00f3ximo ano, o minist\u00e9rio poder\u00e1 contratar empresas fabricantes para comercializar o equipamento.<\/p>\n<p>Com informa\u00e7\u00f5es da Assessoria de Comunica\u00e7\u00e3o do Instituto Federal do Cear\u00e1<br \/>\nSugest\u00e3o de pauta: Ag\u00eancia da Boa Not\u00edcia \u2013 (fone: 85 3224 5509)<\/p>\n<p>Fonte: <a href=\"http:\/\/www.boanoticia.org.br\/noticias_detalhes.asp?Cod=3319\">Ag\u00eancia da Boa Not\u00edcia<\/a><\/p>\n","protected":false},"excerpt":{"rendered":"<p>A possibilidade de ler qualquer coisa continua sendo um sonho para muitos deficientes visuais. Uma equipe de professores do campus de Fortaleza do Instituto Federal do Cear\u00e1 juntamente com a empresa incubada AED Tecnologia, est\u00e1 prestes a tornar isso muito mais f\u00e1cil e acess\u00edvel. Da Ag\u00eancia da Boa Not\u00edcia.<\/p>\n","protected":false},"author":1,"featured_media":0,"comment_status":"open","ping_status":"open","sticky":false,"template":"","format":"standard","meta":{"site-container-style":"default","site-container-layout":"default","site-sidebar-layout":"default","disable-article-header":"default","disable-site-header":"default","disable-site-footer":"default","disable-content-area-spacing":"default","footnotes":""},"categories":[44,38,48,4],"tags":[],"class_list":["post-21416","post","type-post","status-publish","format-standard","hentry","category-acessibilidade","category-deficiencia","category-inclusao","category-noticias"],"yoast_head":"<!-- This site is optimized with the Yoast SEO plugin v27.4 - https:\/\/yoast.com\/product\/yoast-seo-wordpress\/ -->\n<title>IFCE adapta tablet para leitura em braile -<\/title>\n<meta name=\"robots\" content=\"index, follow, max-snippet:-1, max-image-preview:large, max-video-preview:-1\" \/>\n<link rel=\"canonical\" href=\"https:\/\/inclusivenews.com.br\/?p=21416\" \/>\n<meta property=\"og:locale\" content=\"pt_PT\" \/>\n<meta property=\"og:type\" content=\"article\" \/>\n<meta property=\"og:title\" content=\"IFCE adapta tablet para leitura em braile -\" \/>\n<meta property=\"og:description\" content=\"A possibilidade de ler qualquer coisa continua sendo um sonho para muitos deficientes visuais. Uma equipe de professores do campus de Fortaleza do Instituto Federal do Cear\u00e1 juntamente com a empresa incubada AED Tecnologia, est\u00e1 prestes a tornar isso muito mais f\u00e1cil e acess\u00edvel. Da Ag\u00eancia da Boa Not\u00edcia.\" \/>\n<meta property=\"og:url\" content=\"https:\/\/inclusivenews.com.br\/?p=21416\" \/>\n<meta property=\"article:publisher\" content=\"https:\/\/www.facebook.com\/agenciainclusive\/\" \/>\n<meta property=\"article:published_time\" content=\"2011-11-03T09:20:20+00:00\" \/>\n<meta property=\"og:image\" content=\"http:\/\/www.boanoticia.org.br\/arquivos\/Image\/noticias\/brailletablet.jpg\" \/>\n<meta name=\"author\" content=\"inclusivenews2024\" \/>\n<meta name=\"twitter:card\" content=\"summary_large_image\" \/>\n<meta name=\"twitter:label1\" content=\"Escrito por\" \/>\n\t<meta name=\"twitter:data1\" content=\"inclusivenews2024\" \/>\n\t<meta name=\"twitter:label2\" content=\"Tempo estimado de leitura\" \/>\n\t<meta name=\"twitter:data2\" content=\"2 minutos\" \/>\n<script type=\"application\/ld+json\" class=\"yoast-schema-graph\">{\"@context\":\"https:\\\/\\\/schema.org\",\"@graph\":[{\"@type\":\"Article\",\"@id\":\"https:\\\/\\\/inclusivenews.com.br\\\/?p=21416#article\",\"isPartOf\":{\"@id\":\"https:\\\/\\\/inclusivenews.com.br\\\/?p=21416\"},\"author\":{\"name\":\"inclusivenews2024\",\"@id\":\"https:\\\/\\\/inclusivenews.com.br\\\/#\\\/schema\\\/person\\\/ae4ec7087559b8692fb33b6fffd2273b\"},\"headline\":\"IFCE adapta tablet para leitura em braile\",\"datePublished\":\"2011-11-03T09:20:20+00:00\",\"mainEntityOfPage\":{\"@id\":\"https:\\\/\\\/inclusivenews.com.br\\\/?p=21416\"},\"wordCount\":444,\"commentCount\":0,\"publisher\":{\"@id\":\"https:\\\/\\\/inclusivenews.com.br\\\/#organization\"},\"image\":{\"@id\":\"https:\\\/\\\/inclusivenews.com.br\\\/?p=21416#primaryimage\"},\"thumbnailUrl\":\"http:\\\/\\\/www.boanoticia.org.br\\\/arquivos\\\/Image\\\/noticias\\\/brailletablet.jpg\",\"articleSection\":[\"ACESSIBILIDADE\",\"Defici\u00eancia\",\"INCLUS\u00c3O SOCIAL\",\"NOT\u00cdCIAS\"],\"inLanguage\":\"pt-PT\",\"potentialAction\":[{\"@type\":\"CommentAction\",\"name\":\"Comment\",\"target\":[\"https:\\\/\\\/inclusivenews.com.br\\\/?p=21416#respond\"]}]},{\"@type\":\"WebPage\",\"@id\":\"https:\\\/\\\/inclusivenews.com.br\\\/?p=21416\",\"url\":\"https:\\\/\\\/inclusivenews.com.br\\\/?p=21416\",\"name\":\"IFCE adapta tablet para leitura em braile -\",\"isPartOf\":{\"@id\":\"https:\\\/\\\/inclusivenews.com.br\\\/#website\"},\"primaryImageOfPage\":{\"@id\":\"https:\\\/\\\/inclusivenews.com.br\\\/?p=21416#primaryimage\"},\"image\":{\"@id\":\"https:\\\/\\\/inclusivenews.com.br\\\/?p=21416#primaryimage\"},\"thumbnailUrl\":\"http:\\\/\\\/www.boanoticia.org.br\\\/arquivos\\\/Image\\\/noticias\\\/brailletablet.jpg\",\"datePublished\":\"2011-11-03T09:20:20+00:00\",\"breadcrumb\":{\"@id\":\"https:\\\/\\\/inclusivenews.com.br\\\/?p=21416#breadcrumb\"},\"inLanguage\":\"pt-PT\",\"potentialAction\":[{\"@type\":\"ReadAction\",\"target\":[\"https:\\\/\\\/inclusivenews.com.br\\\/?p=21416\"]}]},{\"@type\":\"ImageObject\",\"inLanguage\":\"pt-PT\",\"@id\":\"https:\\\/\\\/inclusivenews.com.br\\\/?p=21416#primaryimage\",\"url\":\"http:\\\/\\\/www.boanoticia.org.br\\\/arquivos\\\/Image\\\/noticias\\\/brailletablet.jpg\",\"contentUrl\":\"http:\\\/\\\/www.boanoticia.org.br\\\/arquivos\\\/Image\\\/noticias\\\/brailletablet.jpg\"},{\"@type\":\"BreadcrumbList\",\"@id\":\"https:\\\/\\\/inclusivenews.com.br\\\/?p=21416#breadcrumb\",\"itemListElement\":[{\"@type\":\"ListItem\",\"position\":1,\"name\":\"In\u00edcio\",\"item\":\"https:\\\/\\\/inclusivenews.com.br\\\/\"},{\"@type\":\"ListItem\",\"position\":2,\"name\":\"IFCE adapta tablet para leitura em braile\"}]},{\"@type\":\"WebSite\",\"@id\":\"https:\\\/\\\/inclusivenews.com.br\\\/#website\",\"url\":\"https:\\\/\\\/inclusivenews.com.br\\\/\",\"name\":\"Inclusive News\",\"description\":\"Inclusive News\",\"publisher\":{\"@id\":\"https:\\\/\\\/inclusivenews.com.br\\\/#organization\"},\"potentialAction\":[{\"@type\":\"SearchAction\",\"target\":{\"@type\":\"EntryPoint\",\"urlTemplate\":\"https:\\\/\\\/inclusivenews.com.br\\\/?s={search_term_string}\"},\"query-input\":{\"@type\":\"PropertyValueSpecification\",\"valueRequired\":true,\"valueName\":\"search_term_string\"}}],\"inLanguage\":\"pt-PT\"},{\"@type\":\"Organization\",\"@id\":\"https:\\\/\\\/inclusivenews.com.br\\\/#organization\",\"name\":\"Inclusive - inclus\u00e3o e cidadania\",\"url\":\"https:\\\/\\\/inclusivenews.com.br\\\/\",\"logo\":{\"@type\":\"ImageObject\",\"inLanguage\":\"pt-PT\",\"@id\":\"https:\\\/\\\/inclusivenews.com.br\\\/#\\\/schema\\\/logo\\\/image\\\/\",\"url\":\"https:\\\/\\\/inclusivenews.com.br\\\/wp-content\\\/uploads\\\/2024\\\/03\\\/@grandesite.png\",\"contentUrl\":\"https:\\\/\\\/inclusivenews.com.br\\\/wp-content\\\/uploads\\\/2024\\\/03\\\/@grandesite.png\",\"width\":1080,\"height\":1080,\"caption\":\"Inclusive - inclus\u00e3o e cidadania\"},\"image\":{\"@id\":\"https:\\\/\\\/inclusivenews.com.br\\\/#\\\/schema\\\/logo\\\/image\\\/\"},\"sameAs\":[\"https:\\\/\\\/www.facebook.com\\\/agenciainclusive\\\/\",\"https:\\\/\\\/www.instagram.com\\\/newsinclusive\\\/\"]},{\"@type\":\"Person\",\"@id\":\"https:\\\/\\\/inclusivenews.com.br\\\/#\\\/schema\\\/person\\\/ae4ec7087559b8692fb33b6fffd2273b\",\"name\":\"inclusivenews2024\",\"image\":{\"@type\":\"ImageObject\",\"inLanguage\":\"pt-PT\",\"@id\":\"https:\\\/\\\/secure.gravatar.com\\\/avatar\\\/c5a7ef84c66fa914f55bc4f7ce26cfa275a3b9a1c5568b907bd184fb4dde7b40?s=96&d=mm&r=g\",\"url\":\"https:\\\/\\\/secure.gravatar.com\\\/avatar\\\/c5a7ef84c66fa914f55bc4f7ce26cfa275a3b9a1c5568b907bd184fb4dde7b40?s=96&d=mm&r=g\",\"contentUrl\":\"https:\\\/\\\/secure.gravatar.com\\\/avatar\\\/c5a7ef84c66fa914f55bc4f7ce26cfa275a3b9a1c5568b907bd184fb4dde7b40?s=96&d=mm&r=g\",\"caption\":\"inclusivenews2024\"},\"sameAs\":[\"https:\\\/\\\/inclusivenews.com.br\"],\"url\":\"https:\\\/\\\/inclusivenews.com.br\\\/?author=1\"}]}<\/script>\n<!-- \/ Yoast SEO plugin. -->","yoast_head_json":{"title":"IFCE adapta tablet para leitura em braile -","robots":{"index":"index","follow":"follow","max-snippet":"max-snippet:-1","max-image-preview":"max-image-preview:large","max-video-preview":"max-video-preview:-1"},"canonical":"https:\/\/inclusivenews.com.br\/?p=21416","og_locale":"pt_PT","og_type":"article","og_title":"IFCE adapta tablet para leitura em braile -","og_description":"A possibilidade de ler qualquer coisa continua sendo um sonho para muitos deficientes visuais. Uma equipe de professores do campus de Fortaleza do Instituto Federal do Cear\u00e1 juntamente com a empresa incubada AED Tecnologia, est\u00e1 prestes a tornar isso muito mais f\u00e1cil e acess\u00edvel. Da Ag\u00eancia da Boa Not\u00edcia.","og_url":"https:\/\/inclusivenews.com.br\/?p=21416","article_publisher":"https:\/\/www.facebook.com\/agenciainclusive\/","article_published_time":"2011-11-03T09:20:20+00:00","og_image":[{"url":"http:\/\/www.boanoticia.org.br\/arquivos\/Image\/noticias\/brailletablet.jpg","type":"","width":"","height":""}],"author":"inclusivenews2024","twitter_card":"summary_large_image","twitter_misc":{"Escrito por":"inclusivenews2024","Tempo estimado de leitura":"2 minutos"},"schema":{"@context":"https:\/\/schema.org","@graph":[{"@type":"Article","@id":"https:\/\/inclusivenews.com.br\/?p=21416#article","isPartOf":{"@id":"https:\/\/inclusivenews.com.br\/?p=21416"},"author":{"name":"inclusivenews2024","@id":"https:\/\/inclusivenews.com.br\/#\/schema\/person\/ae4ec7087559b8692fb33b6fffd2273b"},"headline":"IFCE adapta tablet para leitura em braile","datePublished":"2011-11-03T09:20:20+00:00","mainEntityOfPage":{"@id":"https:\/\/inclusivenews.com.br\/?p=21416"},"wordCount":444,"commentCount":0,"publisher":{"@id":"https:\/\/inclusivenews.com.br\/#organization"},"image":{"@id":"https:\/\/inclusivenews.com.br\/?p=21416#primaryimage"},"thumbnailUrl":"http:\/\/www.boanoticia.org.br\/arquivos\/Image\/noticias\/brailletablet.jpg","articleSection":["ACESSIBILIDADE","Defici\u00eancia","INCLUS\u00c3O SOCIAL","NOT\u00cdCIAS"],"inLanguage":"pt-PT","potentialAction":[{"@type":"CommentAction","name":"Comment","target":["https:\/\/inclusivenews.com.br\/?p=21416#respond"]}]},{"@type":"WebPage","@id":"https:\/\/inclusivenews.com.br\/?p=21416","url":"https:\/\/inclusivenews.com.br\/?p=21416","name":"IFCE adapta tablet para leitura em braile -","isPartOf":{"@id":"https:\/\/inclusivenews.com.br\/#website"},"primaryImageOfPage":{"@id":"https:\/\/inclusivenews.com.br\/?p=21416#primaryimage"},"image":{"@id":"https:\/\/inclusivenews.com.br\/?p=21416#primaryimage"},"thumbnailUrl":"http:\/\/www.boanoticia.org.br\/arquivos\/Image\/noticias\/brailletablet.jpg","datePublished":"2011-11-03T09:20:20+00:00","breadcrumb":{"@id":"https:\/\/inclusivenews.com.br\/?p=21416#breadcrumb"},"inLanguage":"pt-PT","potentialAction":[{"@type":"ReadAction","target":["https:\/\/inclusivenews.com.br\/?p=21416"]}]},{"@type":"ImageObject","inLanguage":"pt-PT","@id":"https:\/\/inclusivenews.com.br\/?p=21416#primaryimage","url":"http:\/\/www.boanoticia.org.br\/arquivos\/Image\/noticias\/brailletablet.jpg","contentUrl":"http:\/\/www.boanoticia.org.br\/arquivos\/Image\/noticias\/brailletablet.jpg"},{"@type":"BreadcrumbList","@id":"https:\/\/inclusivenews.com.br\/?p=21416#breadcrumb","itemListElement":[{"@type":"ListItem","position":1,"name":"In\u00edcio","item":"https:\/\/inclusivenews.com.br\/"},{"@type":"ListItem","position":2,"name":"IFCE adapta tablet para leitura em braile"}]},{"@type":"WebSite","@id":"https:\/\/inclusivenews.com.br\/#website","url":"https:\/\/inclusivenews.com.br\/","name":"Inclusive News","description":"Inclusive News","publisher":{"@id":"https:\/\/inclusivenews.com.br\/#organization"},"potentialAction":[{"@type":"SearchAction","target":{"@type":"EntryPoint","urlTemplate":"https:\/\/inclusivenews.com.br\/?s={search_term_string}"},"query-input":{"@type":"PropertyValueSpecification","valueRequired":true,"valueName":"search_term_string"}}],"inLanguage":"pt-PT"},{"@type":"Organization","@id":"https:\/\/inclusivenews.com.br\/#organization","name":"Inclusive - inclus\u00e3o e cidadania","url":"https:\/\/inclusivenews.com.br\/","logo":{"@type":"ImageObject","inLanguage":"pt-PT","@id":"https:\/\/inclusivenews.com.br\/#\/schema\/logo\/image\/","url":"https:\/\/inclusivenews.com.br\/wp-content\/uploads\/2024\/03\/@grandesite.png","contentUrl":"https:\/\/inclusivenews.com.br\/wp-content\/uploads\/2024\/03\/@grandesite.png","width":1080,"height":1080,"caption":"Inclusive - inclus\u00e3o e cidadania"},"image":{"@id":"https:\/\/inclusivenews.com.br\/#\/schema\/logo\/image\/"},"sameAs":["https:\/\/www.facebook.com\/agenciainclusive\/","https:\/\/www.instagram.com\/newsinclusive\/"]},{"@type":"Person","@id":"https:\/\/inclusivenews.com.br\/#\/schema\/person\/ae4ec7087559b8692fb33b6fffd2273b","name":"inclusivenews2024","image":{"@type":"ImageObject","inLanguage":"pt-PT","@id":"https:\/\/secure.gravatar.com\/avatar\/c5a7ef84c66fa914f55bc4f7ce26cfa275a3b9a1c5568b907bd184fb4dde7b40?s=96&d=mm&r=g","url":"https:\/\/secure.gravatar.com\/avatar\/c5a7ef84c66fa914f55bc4f7ce26cfa275a3b9a1c5568b907bd184fb4dde7b40?s=96&d=mm&r=g","contentUrl":"https:\/\/secure.gravatar.com\/avatar\/c5a7ef84c66fa914f55bc4f7ce26cfa275a3b9a1c5568b907bd184fb4dde7b40?s=96&d=mm&r=g","caption":"inclusivenews2024"},"sameAs":["https:\/\/inclusivenews.com.br"],"url":"https:\/\/inclusivenews.com.br\/?author=1"}]}},"_links":{"self":[{"href":"https:\/\/inclusivenews.com.br\/index.php?rest_route=\/wp\/v2\/posts\/21416","targetHints":{"allow":["GET"]}}],"collection":[{"href":"https:\/\/inclusivenews.com.br\/index.php?rest_route=\/wp\/v2\/posts"}],"about":[{"href":"https:\/\/inclusivenews.com.br\/index.php?rest_route=\/wp\/v2\/types\/post"}],"author":[{"embeddable":true,"href":"https:\/\/inclusivenews.com.br\/index.php?rest_route=\/wp\/v2\/users\/1"}],"replies":[{"embeddable":true,"href":"https:\/\/inclusivenews.com.br\/index.php?rest_route=%2Fwp%2Fv2%2Fcomments&post=21416"}],"version-history":[{"count":0,"href":"https:\/\/inclusivenews.com.br\/index.php?rest_route=\/wp\/v2\/posts\/21416\/revisions"}],"wp:attachment":[{"href":"https:\/\/inclusivenews.com.br\/index.php?rest_route=%2Fwp%2Fv2%2Fmedia&parent=21416"}],"wp:term":[{"taxonomy":"category","embeddable":true,"href":"https:\/\/inclusivenews.com.br\/index.php?rest_route=%2Fwp%2Fv2%2Fcategories&post=21416"},{"taxonomy":"post_tag","embeddable":true,"href":"https:\/\/inclusivenews.com.br\/index.php?rest_route=%2Fwp%2Fv2%2Ftags&post=21416"}],"curies":[{"name":"wp","href":"https:\/\/api.w.org\/{rel}","templated":true}]}}