{"id":21420,"date":"2011-11-03T06:15:44","date_gmt":"2011-11-03T09:15:44","guid":{"rendered":"http:\/\/www.inclusive.org.br\/?p=21420"},"modified":"2011-11-03T06:15:44","modified_gmt":"2011-11-03T09:15:44","slug":"relatorio-de-violencias-contra-os-povos-indigenas-no-ms","status":"publish","type":"post","link":"https:\/\/inclusivenews.com.br\/?p=21420","title":{"rendered":"Relat\u00f3rio de viol\u00eancias contra os povos ind\u00edgenas no MS"},"content":{"rendered":"<figure id=\"attachment_21016\" aria-describedby=\"caption-attachment-21016\" style=\"width: 155px\" class=\"wp-caption alignleft\"><img loading=\"lazy\" decoding=\"async\" class=\"size-full wp-image-21016\" title=\"CIMI - Conselho Indigenista Mission\u00e1rio\" src=\"http:\/\/inclusivenews.com.br\/wp-content\/uploads\/cimi-amai.jpg\" alt=\"CIMI - Conselho Indigenista Mission\u00e1rio\" width=\"155\" height=\"127\" \/><figcaption id=\"caption-attachment-21016\" class=\"wp-caption-text\"> <\/figcaption><\/figure>\n<p><a class=\"moz-txt-link-freetext\" href=\"http:\/\/www.cimi.org.br\/pub\/MS\/Viol_MS_2003_2010.pdf\">Fa\u00e7a download do Relat\u00f3rio aqui.<\/a><\/p>\n<p>Produzido e publicado pelo Conselho Indigenista Mission\u00e1rio (Cimi), o relat\u00f3rio analisa dados de viol\u00eancia coletados nos \u00faltimos oito anos. Atrav\u00e9s de artigos especializados, aprofunda as causas, consequ\u00eancias e caminhos para uma das realidades ind\u00edgenas mais violentas do mundo \u2013 conforme palavras da vice-procuradora geral da Rep\u00fablica, Deborah Duprat, em artigo reproduzido.<\/p>\n<p>Marcado por uma hist\u00f3ria de espolia\u00e7\u00e3o das terras ind\u00edgenas, o estado concentra a maior quantidade de acampamentos ind\u00edgenas do Pa\u00eds, 31 quando h\u00e1 dois anos eram 22. S\u00e3o mais de 1200 fam\u00edlias vivendo em condi\u00e7\u00f5es subumanas \u00e0 beira de rodovias ou sitiados em fazendas.<\/p>\n<p>Atualmente, 98% da popula\u00e7\u00e3o origin\u00e1ria do estado vivem efetivamente em menos de 75 mil hectares, ou seja, 0,2% do territ\u00f3rio estadual. Em dados comparativos, cerca de 70 mil cabe\u00e7as de gado, das mais de 22,3 milh\u00f5es que o estado possui, ocupam \u00e1rea equivalente as que est\u00e3o efetivamente na posse dos ind\u00edgenas hoje.<\/p>\n<p>Em oito anos de governo Lula, as promessas de solucionar os problemas territoriais dos povos ind\u00edgenas no MS n\u00e3o passaram de mero formalismo.<\/p>\n<p>Neste per\u00edodo, o estado concentrou 55,5% dos casos de assassinatos de ind\u00edgenas no Pa\u00eds. Em 2008, foram 70%; em 2010, 57% e nos primeiros nove meses deste ano, 27 ind\u00edgenas foram assassinados dos 38 ocorridos no Pa\u00eds, ou seja, 71%.<\/p>\n<p>Os n\u00fameros das viol\u00eancias continuam expondo uma realidade de guerra, desesperan\u00e7a e morte. Neste per\u00edodo foram registrados pelo Cimi e ve\u00edculos de comunica\u00e7\u00e3o, cerca de 190 tentativas de assassinatos; 176 suic\u00eddios; 49 atropelamentos e mais de 70 conflitos relativos a direitos territoriais.<\/p>\n<p>A publica\u00e7\u00e3o analisa ainda a situa\u00e7\u00e3o dos trabalhadores ind\u00edgenas no corte da cana de a\u00e7\u00facar, realidade que desde 2004 teve mais de 2600 ind\u00edgenas e n\u00e3o ind\u00edgenas libertados de trabalhos an\u00e1logos \u00e0 escravid\u00e3o. Tal realidade configura-se como uma das principais viola\u00e7\u00f5es de Direitos Humanos do pa\u00eds.<\/p>\n<p>Por fim, o Relat\u00f3rio aprofunda as formas de resist\u00eancia destes povos, frente este processo de exterm\u00ednio. Trazem suas grandes assembleias, organiza\u00e7\u00e3o social, religiosidade e documentos como forma de denunciar esta realidade e de continuar anunciando a esperan\u00e7a e coragem que os motiva a lutar por seus direitos Constitucionais.<\/p>\n<p>O Relat\u00f3rio de Viol\u00eancia Contra os Povos Ind\u00edgenas em Mato Grosso do Sul, foi lan\u00e7ado na \u00faltima segunda-feira (31), \u00e0s 14h30, na C\u00faria Metropolitana de Campo Grande, com a participa\u00e7\u00e3o do arcebispo de Mato Grosso Sul, Dom Dimas Lara Barbosa.<\/p>\n<p>Fonte: CIMI<\/p>\n","protected":false},"excerpt":{"rendered":"<p>Num per\u00edodo de oito anos, ao menos 250 ind\u00edgenas foram assassinados somente no estado. Informa\u00e7\u00e3o \u00e9 do CIMI.<\/p>\n","protected":false},"author":1,"featured_media":0,"comment_status":"open","ping_status":"open","sticky":false,"template":"","format":"standard","meta":{"site-container-style":"default","site-container-layout":"default","site-sidebar-layout":"default","disable-article-header":"default","disable-site-header":"default","disable-site-footer":"default","disable-content-area-spacing":"default","footnotes":""},"categories":[11,52,4,10,117],"tags":[100,94],"class_list":["post-21420","post","type-post","status-publish","format-standard","hentry","category-direitos-humanos","category-downloadables","category-noticias","category-publicacoes","category-relatorios","tag-indigenas","tag-violencia"],"yoast_head":"<!-- This site is optimized with the Yoast SEO plugin v27.4 - https:\/\/yoast.com\/product\/yoast-seo-wordpress\/ -->\n<title>Relat\u00f3rio de viol\u00eancias contra os povos ind\u00edgenas no MS -<\/title>\n<meta name=\"robots\" content=\"index, follow, max-snippet:-1, max-image-preview:large, max-video-preview:-1\" \/>\n<link rel=\"canonical\" href=\"https:\/\/inclusivenews.com.br\/?p=21420\" \/>\n<meta property=\"og:locale\" content=\"pt_PT\" \/>\n<meta property=\"og:type\" content=\"article\" \/>\n<meta property=\"og:title\" content=\"Relat\u00f3rio de viol\u00eancias contra os povos ind\u00edgenas no MS -\" \/>\n<meta property=\"og:description\" content=\"Num per\u00edodo de oito anos, ao menos 250 ind\u00edgenas foram assassinados somente no estado. Informa\u00e7\u00e3o \u00e9 do CIMI.\" \/>\n<meta property=\"og:url\" content=\"https:\/\/inclusivenews.com.br\/?p=21420\" \/>\n<meta property=\"article:publisher\" content=\"https:\/\/www.facebook.com\/agenciainclusive\/\" \/>\n<meta property=\"article:published_time\" content=\"2011-11-03T09:15:44+00:00\" \/>\n<meta property=\"og:image\" content=\"http:\/\/inclusivenews.com.br\/wp-content\/uploads\/cimi-amai.jpg\" \/>\n<meta name=\"author\" content=\"inclusivenews2024\" \/>\n<meta name=\"twitter:card\" content=\"summary_large_image\" \/>\n<meta name=\"twitter:label1\" content=\"Escrito por\" \/>\n\t<meta name=\"twitter:data1\" content=\"inclusivenews2024\" \/>\n\t<meta name=\"twitter:label2\" content=\"Tempo estimado de leitura\" \/>\n\t<meta name=\"twitter:data2\" content=\"2 minutos\" \/>\n<script type=\"application\/ld+json\" class=\"yoast-schema-graph\">{\"@context\":\"https:\\\/\\\/schema.org\",\"@graph\":[{\"@type\":\"Article\",\"@id\":\"https:\\\/\\\/inclusivenews.com.br\\\/?p=21420#article\",\"isPartOf\":{\"@id\":\"https:\\\/\\\/inclusivenews.com.br\\\/?p=21420\"},\"author\":{\"name\":\"inclusivenews2024\",\"@id\":\"https:\\\/\\\/inclusivenews.com.br\\\/#\\\/schema\\\/person\\\/ae4ec7087559b8692fb33b6fffd2273b\"},\"headline\":\"Relat\u00f3rio de viol\u00eancias contra os povos ind\u00edgenas no MS\",\"datePublished\":\"2011-11-03T09:15:44+00:00\",\"mainEntityOfPage\":{\"@id\":\"https:\\\/\\\/inclusivenews.com.br\\\/?p=21420\"},\"wordCount\":447,\"commentCount\":0,\"publisher\":{\"@id\":\"https:\\\/\\\/inclusivenews.com.br\\\/#organization\"},\"image\":{\"@id\":\"https:\\\/\\\/inclusivenews.com.br\\\/?p=21420#primaryimage\"},\"thumbnailUrl\":\"http:\\\/\\\/inclusivenews.com.br\\\/wp-content\\\/uploads\\\/cimi-amai.jpg\",\"keywords\":[\"Ind\u00edgenas\",\"Viol\u00eancia\"],\"articleSection\":[\"DIREITOS HUMANOS\",\"Downloadables\",\"NOT\u00cdCIAS\",\"PUBLICA\u00c7\u00d5ES\",\"Relat\u00f3rios\"],\"inLanguage\":\"pt-PT\",\"potentialAction\":[{\"@type\":\"CommentAction\",\"name\":\"Comment\",\"target\":[\"https:\\\/\\\/inclusivenews.com.br\\\/?p=21420#respond\"]}]},{\"@type\":\"WebPage\",\"@id\":\"https:\\\/\\\/inclusivenews.com.br\\\/?p=21420\",\"url\":\"https:\\\/\\\/inclusivenews.com.br\\\/?p=21420\",\"name\":\"Relat\u00f3rio de viol\u00eancias contra os povos ind\u00edgenas no MS -\",\"isPartOf\":{\"@id\":\"https:\\\/\\\/inclusivenews.com.br\\\/#website\"},\"primaryImageOfPage\":{\"@id\":\"https:\\\/\\\/inclusivenews.com.br\\\/?p=21420#primaryimage\"},\"image\":{\"@id\":\"https:\\\/\\\/inclusivenews.com.br\\\/?p=21420#primaryimage\"},\"thumbnailUrl\":\"http:\\\/\\\/inclusivenews.com.br\\\/wp-content\\\/uploads\\\/cimi-amai.jpg\",\"datePublished\":\"2011-11-03T09:15:44+00:00\",\"breadcrumb\":{\"@id\":\"https:\\\/\\\/inclusivenews.com.br\\\/?p=21420#breadcrumb\"},\"inLanguage\":\"pt-PT\",\"potentialAction\":[{\"@type\":\"ReadAction\",\"target\":[\"https:\\\/\\\/inclusivenews.com.br\\\/?p=21420\"]}]},{\"@type\":\"ImageObject\",\"inLanguage\":\"pt-PT\",\"@id\":\"https:\\\/\\\/inclusivenews.com.br\\\/?p=21420#primaryimage\",\"url\":\"\",\"contentUrl\":\"\"},{\"@type\":\"BreadcrumbList\",\"@id\":\"https:\\\/\\\/inclusivenews.com.br\\\/?p=21420#breadcrumb\",\"itemListElement\":[{\"@type\":\"ListItem\",\"position\":1,\"name\":\"In\u00edcio\",\"item\":\"https:\\\/\\\/inclusivenews.com.br\\\/\"},{\"@type\":\"ListItem\",\"position\":2,\"name\":\"Relat\u00f3rio de viol\u00eancias contra os povos ind\u00edgenas no MS\"}]},{\"@type\":\"WebSite\",\"@id\":\"https:\\\/\\\/inclusivenews.com.br\\\/#website\",\"url\":\"https:\\\/\\\/inclusivenews.com.br\\\/\",\"name\":\"Inclusive News\",\"description\":\"Inclusive News\",\"publisher\":{\"@id\":\"https:\\\/\\\/inclusivenews.com.br\\\/#organization\"},\"potentialAction\":[{\"@type\":\"SearchAction\",\"target\":{\"@type\":\"EntryPoint\",\"urlTemplate\":\"https:\\\/\\\/inclusivenews.com.br\\\/?s={search_term_string}\"},\"query-input\":{\"@type\":\"PropertyValueSpecification\",\"valueRequired\":true,\"valueName\":\"search_term_string\"}}],\"inLanguage\":\"pt-PT\"},{\"@type\":\"Organization\",\"@id\":\"https:\\\/\\\/inclusivenews.com.br\\\/#organization\",\"name\":\"Inclusive - inclus\u00e3o e cidadania\",\"url\":\"https:\\\/\\\/inclusivenews.com.br\\\/\",\"logo\":{\"@type\":\"ImageObject\",\"inLanguage\":\"pt-PT\",\"@id\":\"https:\\\/\\\/inclusivenews.com.br\\\/#\\\/schema\\\/logo\\\/image\\\/\",\"url\":\"https:\\\/\\\/inclusivenews.com.br\\\/wp-content\\\/uploads\\\/2024\\\/03\\\/@grandesite.png\",\"contentUrl\":\"https:\\\/\\\/inclusivenews.com.br\\\/wp-content\\\/uploads\\\/2024\\\/03\\\/@grandesite.png\",\"width\":1080,\"height\":1080,\"caption\":\"Inclusive - inclus\u00e3o e cidadania\"},\"image\":{\"@id\":\"https:\\\/\\\/inclusivenews.com.br\\\/#\\\/schema\\\/logo\\\/image\\\/\"},\"sameAs\":[\"https:\\\/\\\/www.facebook.com\\\/agenciainclusive\\\/\",\"https:\\\/\\\/www.instagram.com\\\/newsinclusive\\\/\"]},{\"@type\":\"Person\",\"@id\":\"https:\\\/\\\/inclusivenews.com.br\\\/#\\\/schema\\\/person\\\/ae4ec7087559b8692fb33b6fffd2273b\",\"name\":\"inclusivenews2024\",\"image\":{\"@type\":\"ImageObject\",\"inLanguage\":\"pt-PT\",\"@id\":\"https:\\\/\\\/secure.gravatar.com\\\/avatar\\\/c5a7ef84c66fa914f55bc4f7ce26cfa275a3b9a1c5568b907bd184fb4dde7b40?s=96&d=mm&r=g\",\"url\":\"https:\\\/\\\/secure.gravatar.com\\\/avatar\\\/c5a7ef84c66fa914f55bc4f7ce26cfa275a3b9a1c5568b907bd184fb4dde7b40?s=96&d=mm&r=g\",\"contentUrl\":\"https:\\\/\\\/secure.gravatar.com\\\/avatar\\\/c5a7ef84c66fa914f55bc4f7ce26cfa275a3b9a1c5568b907bd184fb4dde7b40?s=96&d=mm&r=g\",\"caption\":\"inclusivenews2024\"},\"sameAs\":[\"https:\\\/\\\/inclusivenews.com.br\"],\"url\":\"https:\\\/\\\/inclusivenews.com.br\\\/?author=1\"}]}<\/script>\n<!-- \/ Yoast SEO plugin. -->","yoast_head_json":{"title":"Relat\u00f3rio de viol\u00eancias contra os povos ind\u00edgenas no MS -","robots":{"index":"index","follow":"follow","max-snippet":"max-snippet:-1","max-image-preview":"max-image-preview:large","max-video-preview":"max-video-preview:-1"},"canonical":"https:\/\/inclusivenews.com.br\/?p=21420","og_locale":"pt_PT","og_type":"article","og_title":"Relat\u00f3rio de viol\u00eancias contra os povos ind\u00edgenas no MS -","og_description":"Num per\u00edodo de oito anos, ao menos 250 ind\u00edgenas foram assassinados somente no estado. Informa\u00e7\u00e3o \u00e9 do CIMI.","og_url":"https:\/\/inclusivenews.com.br\/?p=21420","article_publisher":"https:\/\/www.facebook.com\/agenciainclusive\/","article_published_time":"2011-11-03T09:15:44+00:00","og_image":[{"url":"http:\/\/inclusivenews.com.br\/wp-content\/uploads\/cimi-amai.jpg","type":"","width":"","height":""}],"author":"inclusivenews2024","twitter_card":"summary_large_image","twitter_misc":{"Escrito por":"inclusivenews2024","Tempo estimado de leitura":"2 minutos"},"schema":{"@context":"https:\/\/schema.org","@graph":[{"@type":"Article","@id":"https:\/\/inclusivenews.com.br\/?p=21420#article","isPartOf":{"@id":"https:\/\/inclusivenews.com.br\/?p=21420"},"author":{"name":"inclusivenews2024","@id":"https:\/\/inclusivenews.com.br\/#\/schema\/person\/ae4ec7087559b8692fb33b6fffd2273b"},"headline":"Relat\u00f3rio de viol\u00eancias contra os povos ind\u00edgenas no MS","datePublished":"2011-11-03T09:15:44+00:00","mainEntityOfPage":{"@id":"https:\/\/inclusivenews.com.br\/?p=21420"},"wordCount":447,"commentCount":0,"publisher":{"@id":"https:\/\/inclusivenews.com.br\/#organization"},"image":{"@id":"https:\/\/inclusivenews.com.br\/?p=21420#primaryimage"},"thumbnailUrl":"http:\/\/inclusivenews.com.br\/wp-content\/uploads\/cimi-amai.jpg","keywords":["Ind\u00edgenas","Viol\u00eancia"],"articleSection":["DIREITOS HUMANOS","Downloadables","NOT\u00cdCIAS","PUBLICA\u00c7\u00d5ES","Relat\u00f3rios"],"inLanguage":"pt-PT","potentialAction":[{"@type":"CommentAction","name":"Comment","target":["https:\/\/inclusivenews.com.br\/?p=21420#respond"]}]},{"@type":"WebPage","@id":"https:\/\/inclusivenews.com.br\/?p=21420","url":"https:\/\/inclusivenews.com.br\/?p=21420","name":"Relat\u00f3rio de viol\u00eancias contra os povos ind\u00edgenas no MS -","isPartOf":{"@id":"https:\/\/inclusivenews.com.br\/#website"},"primaryImageOfPage":{"@id":"https:\/\/inclusivenews.com.br\/?p=21420#primaryimage"},"image":{"@id":"https:\/\/inclusivenews.com.br\/?p=21420#primaryimage"},"thumbnailUrl":"http:\/\/inclusivenews.com.br\/wp-content\/uploads\/cimi-amai.jpg","datePublished":"2011-11-03T09:15:44+00:00","breadcrumb":{"@id":"https:\/\/inclusivenews.com.br\/?p=21420#breadcrumb"},"inLanguage":"pt-PT","potentialAction":[{"@type":"ReadAction","target":["https:\/\/inclusivenews.com.br\/?p=21420"]}]},{"@type":"ImageObject","inLanguage":"pt-PT","@id":"https:\/\/inclusivenews.com.br\/?p=21420#primaryimage","url":"","contentUrl":""},{"@type":"BreadcrumbList","@id":"https:\/\/inclusivenews.com.br\/?p=21420#breadcrumb","itemListElement":[{"@type":"ListItem","position":1,"name":"In\u00edcio","item":"https:\/\/inclusivenews.com.br\/"},{"@type":"ListItem","position":2,"name":"Relat\u00f3rio de viol\u00eancias contra os povos ind\u00edgenas no MS"}]},{"@type":"WebSite","@id":"https:\/\/inclusivenews.com.br\/#website","url":"https:\/\/inclusivenews.com.br\/","name":"Inclusive News","description":"Inclusive News","publisher":{"@id":"https:\/\/inclusivenews.com.br\/#organization"},"potentialAction":[{"@type":"SearchAction","target":{"@type":"EntryPoint","urlTemplate":"https:\/\/inclusivenews.com.br\/?s={search_term_string}"},"query-input":{"@type":"PropertyValueSpecification","valueRequired":true,"valueName":"search_term_string"}}],"inLanguage":"pt-PT"},{"@type":"Organization","@id":"https:\/\/inclusivenews.com.br\/#organization","name":"Inclusive - inclus\u00e3o e cidadania","url":"https:\/\/inclusivenews.com.br\/","logo":{"@type":"ImageObject","inLanguage":"pt-PT","@id":"https:\/\/inclusivenews.com.br\/#\/schema\/logo\/image\/","url":"https:\/\/inclusivenews.com.br\/wp-content\/uploads\/2024\/03\/@grandesite.png","contentUrl":"https:\/\/inclusivenews.com.br\/wp-content\/uploads\/2024\/03\/@grandesite.png","width":1080,"height":1080,"caption":"Inclusive - inclus\u00e3o e cidadania"},"image":{"@id":"https:\/\/inclusivenews.com.br\/#\/schema\/logo\/image\/"},"sameAs":["https:\/\/www.facebook.com\/agenciainclusive\/","https:\/\/www.instagram.com\/newsinclusive\/"]},{"@type":"Person","@id":"https:\/\/inclusivenews.com.br\/#\/schema\/person\/ae4ec7087559b8692fb33b6fffd2273b","name":"inclusivenews2024","image":{"@type":"ImageObject","inLanguage":"pt-PT","@id":"https:\/\/secure.gravatar.com\/avatar\/c5a7ef84c66fa914f55bc4f7ce26cfa275a3b9a1c5568b907bd184fb4dde7b40?s=96&d=mm&r=g","url":"https:\/\/secure.gravatar.com\/avatar\/c5a7ef84c66fa914f55bc4f7ce26cfa275a3b9a1c5568b907bd184fb4dde7b40?s=96&d=mm&r=g","contentUrl":"https:\/\/secure.gravatar.com\/avatar\/c5a7ef84c66fa914f55bc4f7ce26cfa275a3b9a1c5568b907bd184fb4dde7b40?s=96&d=mm&r=g","caption":"inclusivenews2024"},"sameAs":["https:\/\/inclusivenews.com.br"],"url":"https:\/\/inclusivenews.com.br\/?author=1"}]}},"_links":{"self":[{"href":"https:\/\/inclusivenews.com.br\/index.php?rest_route=\/wp\/v2\/posts\/21420","targetHints":{"allow":["GET"]}}],"collection":[{"href":"https:\/\/inclusivenews.com.br\/index.php?rest_route=\/wp\/v2\/posts"}],"about":[{"href":"https:\/\/inclusivenews.com.br\/index.php?rest_route=\/wp\/v2\/types\/post"}],"author":[{"embeddable":true,"href":"https:\/\/inclusivenews.com.br\/index.php?rest_route=\/wp\/v2\/users\/1"}],"replies":[{"embeddable":true,"href":"https:\/\/inclusivenews.com.br\/index.php?rest_route=%2Fwp%2Fv2%2Fcomments&post=21420"}],"version-history":[{"count":0,"href":"https:\/\/inclusivenews.com.br\/index.php?rest_route=\/wp\/v2\/posts\/21420\/revisions"}],"wp:attachment":[{"href":"https:\/\/inclusivenews.com.br\/index.php?rest_route=%2Fwp%2Fv2%2Fmedia&parent=21420"}],"wp:term":[{"taxonomy":"category","embeddable":true,"href":"https:\/\/inclusivenews.com.br\/index.php?rest_route=%2Fwp%2Fv2%2Fcategories&post=21420"},{"taxonomy":"post_tag","embeddable":true,"href":"https:\/\/inclusivenews.com.br\/index.php?rest_route=%2Fwp%2Fv2%2Ftags&post=21420"}],"curies":[{"name":"wp","href":"https:\/\/api.w.org\/{rel}","templated":true}]}}