{"id":21426,"date":"2011-11-03T06:21:06","date_gmt":"2011-11-03T09:21:06","guid":{"rendered":"http:\/\/www.inclusive.org.br\/?p=21426"},"modified":"2011-11-03T06:21:06","modified_gmt":"2011-11-03T09:21:06","slug":"pesquisadores-da-educacao-infantil-criticam-ideia-de-avaliacao-em-programa-para-primeira-infancia-do-governo-federal","status":"publish","type":"post","link":"https:\/\/inclusivenews.com.br\/?p=21426","title":{"rendered":"Pesquisadores da educa\u00e7\u00e3o infantil criticam ideia de avalia\u00e7\u00e3o em programa para  primeira inf\u00e2ncia do governo federal"},"content":{"rendered":"<p><img loading=\"lazy\" decoding=\"async\" class=\"alignleft size-full wp-image-12981\" title=\"Inclusive - alunos fazendo arte e pinturas no ch\u00e3o.\" src=\"http:\/\/inclusivenews.com.br\/wp-content\/uploads\/2009\/12\/participacao.jpg\" alt=\"Inclusive - alunos fazendo arte e pinturas no ch\u00e3o.\" width=\"226\" height=\"168\" \/>A proposta da Secretaria de Assuntos Estrat\u00e9gicos da Presid\u00eancia (SAE) de criar e integrar pol\u00edticas de aten\u00e7\u00e3o \u00e0 primeira inf\u00e2ncia tem gerado intenso debate entre pesquisadores e profissionais da educa\u00e7\u00e3o infantil. O ponto pol\u00eamico da discuss\u00e3o \u00e9 a ideia de avaliar crian\u00e7as de 0 a 5 anos (de creches e pr\u00e9-escolas) com base em um modelo que j\u00e1 foi adotado pelo Rio de Janeiro, em parceria com a SAE.<\/p>\n<p>\u201cEsse material quer exatamente avaliar crian\u00e7as a partir de indicadores restritos, repetidos. Algo que j\u00e1 tinha sido deixado de lado\u201d, afirmou Maria Let\u00edcia Nascimento, professora doutora da Faculdade de Educa\u00e7\u00e3o da USP e pesquisadora na \u00e1rea da sociologia da inf\u00e2ncia e da educa\u00e7\u00e3o infantil.<\/p>\n<p>Segundo a professora, medidas dessa natureza estavam em voga no pa\u00eds na d\u00e9cada de 70, e j\u00e1 tinham sido deixadas de lado pelos pedagogos, sendo retomada agora por economistas e gestores (leia <a href=\"http:\/\/www.observatoriodaeducacao.org.br\/index.php?option=com_content&amp;view=article&amp;id=1101:estao-deixando-a-pesquisa-de-educacao-de-lado-afirma-professora-da-usp-sobre-proposta-de-avaliacao-em-creches&amp;catid=56:entrevistas&amp;Itemid=2\"><strong> <\/strong><\/a><a href=\"http:\/\/www.observatoriodaeducacao.org.br\/index.php?option=com_content&amp;view=article&amp;id=1101:estao-deixando-a-pesquisa-de-educacao-de-lado-afirma-professora-da-usp-sobre-proposta-de-avaliacao-em-creches&amp;catid=56:entrevistas&amp;Itemid=2\" target=\"_blank\" rel=\"noopener\"><strong>entrevista<\/strong> <\/a>com a pesquisadora).<\/p>\n<p>A SAE desenhou uma Pol\u00edtica de Desenvolvimento Integral na Primeira Inf\u00e2ncia, que ser\u00e1 executada com outros minist\u00e9rios. Para apresentar publicamente essas iniciativas para a primeira inf\u00e2ncia, a SAE realizou nesta semana o Semin\u00e1rio \u201cCidad\u00e3o do Futuro\u201d. Foram discutidas pol\u00edticas de promo\u00e7\u00e3o do desenvolvimento integral na primeira inf\u00e2ncia, de avalia\u00e7\u00e3o do desenvolvimento infantil, entre outras (veja a programa\u00e7\u00e3o completa no <a href=\"http:\/\/www.sae.gov.br\/primeirainfancia\/#\" target=\"_blank\" rel=\"noopener\"><strong>site do evento<\/strong><\/a>). A proposta de criar um protocolo unificado \u00e9 mencionada no documento divulgado no semin\u00e1rio (veja\u00a0<a href=\"http:\/\/www.observatoriodaeducacao.org.br\/index.php?option=com_content&amp;view=article&amp;id=1104:sae-propoe-protocolo-unificado-para-avaliar-desenvolvimento-infantil&amp;catid=48:sugestoes-de-pautas&amp;Itemid=98\" target=\"_blank\" rel=\"noopener\"><strong>aqui<\/strong><\/a>).<br \/>\n<strong><br \/>\nRea\u00e7\u00e3o dos pesquisadores<\/strong><\/p>\n<p>Grupos de pesquisadores emitiram notas contra pol\u00edticas p\u00fablicas com esse car\u00e1ter de investimento, que pode ser visualizado na declara\u00e7\u00e3o da secret\u00e1ria municipal da Educa\u00e7\u00e3o do Rio de Janeiro, Claudia Costin, durante o Semin\u00e1rio: \u201ca creche agrega valor \u00e0 crian\u00e7a que consegue se desenvolver conforme os padr\u00f5es internacionais estabelecidos\u201d \u2013 veiculou o<strong> <a href=\"http:\/\/www.sae.gov.br\/site\/?p=8606\">portal da SAE<\/a><\/strong>.<\/p>\n<p>Em dois dias de debate, enfatizou a Maria Let\u00edcia, poucos pedagogos foram ouvidos, em um mar de economistas, administradores, pol\u00edticos e cientistas de v\u00e1rias \u00e1reas. Em especial, o assunto de avalia\u00e7\u00e3o discutido no Semin\u00e1rio vem de proposta aplicada previamente no Rio de Janeiro \u2013 e que vem sendo alvo de intensas cr\u00edticas de pesquisadores, como Maria Let\u00edcia.<\/p>\n<p>Chamado de ASQ-3, o m\u00e9todo avaliativo adotado no munic\u00edpio do Rio de Janeiro em parceria com a SAE \u00e9 aplicado em crian\u00e7as de 2 meses a 5 anos e meio de idade, em toda a rede de educa\u00e7\u00e3o infantil p\u00fablica e conveniada (leia mais sobre o tema <a href=\"http:\/\/www.observatoriodaeducacao.org.br\/index.php?option=com_content&amp;view=article&amp;id=1102:rio-de-janeiro-aplica-avaliacao-na-educacao-infantil-em-parceria-com-a-sae&amp;catid=48:sugestoes-de-pautas&amp;Itemid=98\"><strong>aqui<\/strong><\/a>).\u00a0 S\u00e3o cinco os dom\u00ednios do desenvolvimento infantil avaliados, como comunica\u00e7\u00e3o e coordena\u00e7\u00e3o motora.<\/p>\n<p>Coletivos que estudam a educa\u00e7\u00e3o na primeira inf\u00e2ncia, como o Grupo de Trabalho (GT-7) da Associa\u00e7\u00e3o Nacional de P\u00f3s-Gradua\u00e7\u00e3o e Pesquisa em Educa\u00e7\u00e3o (ANPEd) e o Movimento Interf\u00f3runs de Educa\u00e7\u00e3o Infantil do Brasil (MIEIB) se manifestam contra a iniciativa, e est\u00e3o procurando mobilizar a sociedade para impedir esse processo, que consideram equivocado.<\/p>\n<p>Na mo\u00e7\u00e3o de rep\u00fadio feita pela ANPEd, os professores se posicionaram contra\u00a0 os m\u00e9todos avaliativos de crian\u00e7as de zero a seis anos, e a encaminharam para o Minist\u00e9rio da Educa\u00e7\u00e3o (MEC), o Conselho Nacional de Educa\u00e7\u00e3o (CNE), e diversos outros \u00f3rg\u00e3os competentes.<\/p>\n<p>\u201cO GT 07 &#8211; Educa\u00e7\u00e3o da crian\u00e7a de 0 a 6 anos manifesta seu REP\u00daDIO \u00e0 ado\u00e7\u00e3o de pol\u00edticas p\u00fablicas em \u00e2mbito nacional, estadual e municipal de avalia\u00e7\u00e3o em larga escala do desempenho da crian\u00e7a de 0 at\u00e9 6 anos de idade, por meio de question\u00e1rios, testes, provas e quaisquer outros instrumentos, uma vez que tais procedimentos desconsideram a concep\u00e7\u00e3o de Educa\u00e7\u00e3o Infantil e de avalia\u00e7\u00e3o presente na Lei de Diretrizes e Bases da Educa\u00e7\u00e3o (Lei n. 9394\/96), nas Diretrizes Curriculares Nacionais para Educa\u00e7\u00e3o Infantil (Resolu\u00e7\u00e3o CNE\/CEB n\u00ba 05 de dezembro de 2009) e nos Indicadores da Qualidade na Educa\u00e7\u00e3o Infantil (2009).\u201d<br \/>\n<strong><br \/>\nEduca\u00e7\u00e3o como direito<\/strong><\/p>\n<p>O documento emitido pelo MIEIB enfatiza a defesa de pol\u00edticas que reconhe\u00e7am as crian\u00e7as de zero a seis anos como sujeitos de direito. E ressalta que, para normatizar esta etapa da educa\u00e7\u00e3o, j\u00e1 existe uma s\u00e9rie de documentos que d\u00e3o suporte legal e orientam essa oferta educacional (Leia o\u00a0<a href=\"http:\/\/www.observatoriodaeducacao.org.br\/images\/pdfs\/manifestomieib.pdf\"><strong>documento completo<\/strong><\/a> do MIEIB aqui).<\/p>\n<p>Assim, aponta, \u201ch\u00e1 riscos importantes que n\u00e3o podemos correr neste processo de articula\u00e7\u00e3o de pol\u00edticas\u201d. Um deles seria a utiliza\u00e7\u00e3o de medidas avaliativas \u201caos moldes de avalia\u00e7\u00f5es de impacto em larga escala\u201d.<\/p>\n<p>\u201c\u00c9 sabido que este tipo de avalia\u00e7\u00e3o desconsidera o processo e os insumos de fato necess\u00e1rios para a oferta de educa\u00e7\u00e3o de qualidade, al\u00e9m de direcionar programas e curr\u00edculos em uma perspectiva de vi\u00e9s classificat\u00f3rio e pernicioso para os objetivos emancipat\u00f3rios da educa\u00e7\u00e3o que se fazem necess\u00e1rios na realidade brasileira\u201d. O manifesto tamb\u00e9m prop\u00f5e desafios como a amplia\u00e7\u00e3o de vagas e a valoriza\u00e7\u00e3o do corpo docente.<\/p>\n<p>A assessoria de comunica\u00e7\u00e3o da SAE n\u00e3o respondeu ao pedido de entrevista do Observat\u00f3rio da Educa\u00e7\u00e3o at\u00e9 o fechamento desta reportagem.<\/p>\n<p><strong><span class=\"Apple-style-span\"><span style=\"color: #000000;\">Leia tamb\u00e9m: <\/span><\/span><br \/>\n<\/strong><\/p>\n<pre><strong><strong><a href=\"http:\/\/www.observatoriodaeducacao.org.br\/index.php?option=com_content&amp;view=article&amp;id=1104:sae-propoe-protocolo-unificado-para-avaliar-desenvolvimento-infantil&amp;catid=48:sugestoes-de-pautas&amp;Itemid=98\">SAE prop\u00f5e protocolo unificado para avaliar desenvolvimento infantil<\/a><\/strong><\/strong><\/pre>\n<pre><strong><strong><a href=\"http:\/\/www.observatoriodaeducacao.org.br\/index.php?option=com_content&amp;view=article&amp;id=1102:rio-de-janeiro-aplica-avaliacao-na-educacao-infantil-em-parceria-com-a-sae&amp;catid=48:sugestoes-de-pautas&amp;Itemid=98\">Rio de Janeiro aplica avalia\u00e7\u00e3o na educa\u00e7\u00e3o infantil em parceria com a SAE <\/a><\/strong><\/strong><\/pre>\n<pre><strong><strong><a href=\"http:\/\/www.observatoriodaeducacao.org.br\/index.php?view=article&amp;id=1100%3Ae-um-escalonamento-falso-diz-pesquisadora-da-uerj-sobre-metodo-avaliativo-aplicado-em-creches-do-rio-de-janeiro&amp;option=com_content&amp;Itemid=2\">\u201c\u00c9 um escalonamento falso\u201d, diz pesquisadora da UERJ sobre m\u00e9todo avaliativo aplicado em creches do Rio de Janeiro<\/a><\/strong><\/strong><\/pre>\n<pre><strong><strong><a href=\"http:\/\/www.observatoriodaeducacao.org.br\/index.php?option=com_content&amp;view=article&amp;id=1101:estao-deixando-a-pesquisa-de-educacao-de-lado-afirma-professora-da-usp-sobre-proposta-de-avaliacao-em-creches&amp;catid=56:entrevistas&amp;Itemid=2\" target=\"_blank\" rel=\"noopener\">\u201cEst\u00e3o deixando a pesquisa de educa\u00e7\u00e3o de lado\u201d, afirma professora da USP sobre proposta de avalia\u00e7\u00e3o em creches<\/a> <\/strong><\/strong><\/pre>\n<p>Fonte: <a href=\"http:\/\/www.observatoriodaeducacao.org.br\/index.php?option=com_content&amp;view=article&amp;id=1103:pesquisadores-da-educacao-infantil-criticam-ideia-de-avaliacao-em-programa-para-primeira-infancia-do-governo-federal&amp;catid=48:sugestoes-de-pautas&amp;Itemid=98\">Observat\u00f3rio da Educa\u00e7\u00e3o<\/a><\/p>\n","protected":false},"excerpt":{"rendered":"<p>A proposta da Secretaria de Assuntos Estrat\u00e9gicos da Presid\u00eancia (SAE) de criar e integrar pol\u00edticas de aten\u00e7\u00e3o \u00e0 primeira inf\u00e2ncia tem gerado intenso debate entre pesquisadores e profissionais da educa\u00e7\u00e3o infantil.<\/p>\n","protected":false},"author":1,"featured_media":0,"comment_status":"open","ping_status":"open","sticky":false,"template":"","format":"standard","meta":{"site-container-style":"default","site-container-layout":"default","site-sidebar-layout":"default","disable-article-header":"default","disable-site-header":"default","disable-site-footer":"default","disable-content-area-spacing":"default","footnotes":""},"categories":[4],"tags":[],"class_list":["post-21426","post","type-post","status-publish","format-standard","hentry","category-noticias"],"yoast_head":"<!-- This site is optimized with the Yoast SEO plugin v27.4 - https:\/\/yoast.com\/product\/yoast-seo-wordpress\/ -->\n<title>Pesquisadores da educa\u00e7\u00e3o infantil criticam ideia de avalia\u00e7\u00e3o em programa para primeira inf\u00e2ncia do governo federal -<\/title>\n<meta name=\"robots\" content=\"index, follow, max-snippet:-1, max-image-preview:large, max-video-preview:-1\" \/>\n<link rel=\"canonical\" href=\"https:\/\/inclusivenews.com.br\/?p=21426\" \/>\n<meta property=\"og:locale\" content=\"pt_PT\" \/>\n<meta property=\"og:type\" content=\"article\" \/>\n<meta property=\"og:title\" content=\"Pesquisadores da educa\u00e7\u00e3o infantil criticam ideia de avalia\u00e7\u00e3o em programa para primeira inf\u00e2ncia do governo federal -\" \/>\n<meta property=\"og:description\" content=\"A proposta da Secretaria de Assuntos Estrat\u00e9gicos da Presid\u00eancia (SAE) de criar e integrar pol\u00edticas de aten\u00e7\u00e3o \u00e0 primeira inf\u00e2ncia tem gerado intenso debate entre pesquisadores e profissionais da educa\u00e7\u00e3o infantil.\" \/>\n<meta property=\"og:url\" content=\"https:\/\/inclusivenews.com.br\/?p=21426\" \/>\n<meta property=\"article:publisher\" content=\"https:\/\/www.facebook.com\/agenciainclusive\/\" \/>\n<meta property=\"article:published_time\" content=\"2011-11-03T09:21:06+00:00\" \/>\n<meta property=\"og:image\" content=\"http:\/\/inclusivenews.com.br\/wp-content\/uploads\/2009\/12\/participacao.jpg\" \/>\n<meta name=\"author\" content=\"inclusivenews2024\" \/>\n<meta name=\"twitter:card\" content=\"summary_large_image\" \/>\n<meta name=\"twitter:label1\" content=\"Escrito por\" \/>\n\t<meta name=\"twitter:data1\" content=\"inclusivenews2024\" \/>\n\t<meta name=\"twitter:label2\" content=\"Tempo estimado de leitura\" \/>\n\t<meta name=\"twitter:data2\" content=\"5 minutos\" \/>\n<script type=\"application\/ld+json\" class=\"yoast-schema-graph\">{\"@context\":\"https:\\\/\\\/schema.org\",\"@graph\":[{\"@type\":\"Article\",\"@id\":\"https:\\\/\\\/inclusivenews.com.br\\\/?p=21426#article\",\"isPartOf\":{\"@id\":\"https:\\\/\\\/inclusivenews.com.br\\\/?p=21426\"},\"author\":{\"name\":\"inclusivenews2024\",\"@id\":\"https:\\\/\\\/inclusivenews.com.br\\\/#\\\/schema\\\/person\\\/ae4ec7087559b8692fb33b6fffd2273b\"},\"headline\":\"Pesquisadores da educa\u00e7\u00e3o infantil criticam ideia de avalia\u00e7\u00e3o em programa para primeira inf\u00e2ncia do governo federal\",\"datePublished\":\"2011-11-03T09:21:06+00:00\",\"mainEntityOfPage\":{\"@id\":\"https:\\\/\\\/inclusivenews.com.br\\\/?p=21426\"},\"wordCount\":898,\"commentCount\":0,\"publisher\":{\"@id\":\"https:\\\/\\\/inclusivenews.com.br\\\/#organization\"},\"image\":{\"@id\":\"https:\\\/\\\/inclusivenews.com.br\\\/?p=21426#primaryimage\"},\"thumbnailUrl\":\"http:\\\/\\\/inclusivenews.com.br\\\/wp-content\\\/uploads\\\/2009\\\/12\\\/participacao.jpg\",\"articleSection\":[\"NOT\u00cdCIAS\"],\"inLanguage\":\"pt-PT\",\"potentialAction\":[{\"@type\":\"CommentAction\",\"name\":\"Comment\",\"target\":[\"https:\\\/\\\/inclusivenews.com.br\\\/?p=21426#respond\"]}]},{\"@type\":\"WebPage\",\"@id\":\"https:\\\/\\\/inclusivenews.com.br\\\/?p=21426\",\"url\":\"https:\\\/\\\/inclusivenews.com.br\\\/?p=21426\",\"name\":\"Pesquisadores da educa\u00e7\u00e3o infantil criticam ideia de avalia\u00e7\u00e3o em programa para primeira inf\u00e2ncia do governo federal -\",\"isPartOf\":{\"@id\":\"https:\\\/\\\/inclusivenews.com.br\\\/#website\"},\"primaryImageOfPage\":{\"@id\":\"https:\\\/\\\/inclusivenews.com.br\\\/?p=21426#primaryimage\"},\"image\":{\"@id\":\"https:\\\/\\\/inclusivenews.com.br\\\/?p=21426#primaryimage\"},\"thumbnailUrl\":\"http:\\\/\\\/inclusivenews.com.br\\\/wp-content\\\/uploads\\\/2009\\\/12\\\/participacao.jpg\",\"datePublished\":\"2011-11-03T09:21:06+00:00\",\"breadcrumb\":{\"@id\":\"https:\\\/\\\/inclusivenews.com.br\\\/?p=21426#breadcrumb\"},\"inLanguage\":\"pt-PT\",\"potentialAction\":[{\"@type\":\"ReadAction\",\"target\":[\"https:\\\/\\\/inclusivenews.com.br\\\/?p=21426\"]}]},{\"@type\":\"ImageObject\",\"inLanguage\":\"pt-PT\",\"@id\":\"https:\\\/\\\/inclusivenews.com.br\\\/?p=21426#primaryimage\",\"url\":\"\",\"contentUrl\":\"\"},{\"@type\":\"BreadcrumbList\",\"@id\":\"https:\\\/\\\/inclusivenews.com.br\\\/?p=21426#breadcrumb\",\"itemListElement\":[{\"@type\":\"ListItem\",\"position\":1,\"name\":\"In\u00edcio\",\"item\":\"https:\\\/\\\/inclusivenews.com.br\\\/\"},{\"@type\":\"ListItem\",\"position\":2,\"name\":\"Pesquisadores da educa\u00e7\u00e3o infantil criticam ideia de avalia\u00e7\u00e3o em programa para primeira inf\u00e2ncia do governo federal\"}]},{\"@type\":\"WebSite\",\"@id\":\"https:\\\/\\\/inclusivenews.com.br\\\/#website\",\"url\":\"https:\\\/\\\/inclusivenews.com.br\\\/\",\"name\":\"Inclusive News\",\"description\":\"Inclusive News\",\"publisher\":{\"@id\":\"https:\\\/\\\/inclusivenews.com.br\\\/#organization\"},\"potentialAction\":[{\"@type\":\"SearchAction\",\"target\":{\"@type\":\"EntryPoint\",\"urlTemplate\":\"https:\\\/\\\/inclusivenews.com.br\\\/?s={search_term_string}\"},\"query-input\":{\"@type\":\"PropertyValueSpecification\",\"valueRequired\":true,\"valueName\":\"search_term_string\"}}],\"inLanguage\":\"pt-PT\"},{\"@type\":\"Organization\",\"@id\":\"https:\\\/\\\/inclusivenews.com.br\\\/#organization\",\"name\":\"Inclusive - inclus\u00e3o e cidadania\",\"url\":\"https:\\\/\\\/inclusivenews.com.br\\\/\",\"logo\":{\"@type\":\"ImageObject\",\"inLanguage\":\"pt-PT\",\"@id\":\"https:\\\/\\\/inclusivenews.com.br\\\/#\\\/schema\\\/logo\\\/image\\\/\",\"url\":\"https:\\\/\\\/inclusivenews.com.br\\\/wp-content\\\/uploads\\\/2024\\\/03\\\/@grandesite.png\",\"contentUrl\":\"https:\\\/\\\/inclusivenews.com.br\\\/wp-content\\\/uploads\\\/2024\\\/03\\\/@grandesite.png\",\"width\":1080,\"height\":1080,\"caption\":\"Inclusive - inclus\u00e3o e cidadania\"},\"image\":{\"@id\":\"https:\\\/\\\/inclusivenews.com.br\\\/#\\\/schema\\\/logo\\\/image\\\/\"},\"sameAs\":[\"https:\\\/\\\/www.facebook.com\\\/agenciainclusive\\\/\",\"https:\\\/\\\/www.instagram.com\\\/newsinclusive\\\/\"]},{\"@type\":\"Person\",\"@id\":\"https:\\\/\\\/inclusivenews.com.br\\\/#\\\/schema\\\/person\\\/ae4ec7087559b8692fb33b6fffd2273b\",\"name\":\"inclusivenews2024\",\"image\":{\"@type\":\"ImageObject\",\"inLanguage\":\"pt-PT\",\"@id\":\"https:\\\/\\\/secure.gravatar.com\\\/avatar\\\/c5a7ef84c66fa914f55bc4f7ce26cfa275a3b9a1c5568b907bd184fb4dde7b40?s=96&d=mm&r=g\",\"url\":\"https:\\\/\\\/secure.gravatar.com\\\/avatar\\\/c5a7ef84c66fa914f55bc4f7ce26cfa275a3b9a1c5568b907bd184fb4dde7b40?s=96&d=mm&r=g\",\"contentUrl\":\"https:\\\/\\\/secure.gravatar.com\\\/avatar\\\/c5a7ef84c66fa914f55bc4f7ce26cfa275a3b9a1c5568b907bd184fb4dde7b40?s=96&d=mm&r=g\",\"caption\":\"inclusivenews2024\"},\"sameAs\":[\"https:\\\/\\\/inclusivenews.com.br\"],\"url\":\"https:\\\/\\\/inclusivenews.com.br\\\/?author=1\"}]}<\/script>\n<!-- \/ Yoast SEO plugin. -->","yoast_head_json":{"title":"Pesquisadores da educa\u00e7\u00e3o infantil criticam ideia de avalia\u00e7\u00e3o em programa para primeira inf\u00e2ncia do governo federal -","robots":{"index":"index","follow":"follow","max-snippet":"max-snippet:-1","max-image-preview":"max-image-preview:large","max-video-preview":"max-video-preview:-1"},"canonical":"https:\/\/inclusivenews.com.br\/?p=21426","og_locale":"pt_PT","og_type":"article","og_title":"Pesquisadores da educa\u00e7\u00e3o infantil criticam ideia de avalia\u00e7\u00e3o em programa para primeira inf\u00e2ncia do governo federal -","og_description":"A proposta da Secretaria de Assuntos Estrat\u00e9gicos da Presid\u00eancia (SAE) de criar e integrar pol\u00edticas de aten\u00e7\u00e3o \u00e0 primeira inf\u00e2ncia tem gerado intenso debate entre pesquisadores e profissionais da educa\u00e7\u00e3o infantil.","og_url":"https:\/\/inclusivenews.com.br\/?p=21426","article_publisher":"https:\/\/www.facebook.com\/agenciainclusive\/","article_published_time":"2011-11-03T09:21:06+00:00","og_image":[{"url":"http:\/\/inclusivenews.com.br\/wp-content\/uploads\/2009\/12\/participacao.jpg","type":"","width":"","height":""}],"author":"inclusivenews2024","twitter_card":"summary_large_image","twitter_misc":{"Escrito por":"inclusivenews2024","Tempo estimado de leitura":"5 minutos"},"schema":{"@context":"https:\/\/schema.org","@graph":[{"@type":"Article","@id":"https:\/\/inclusivenews.com.br\/?p=21426#article","isPartOf":{"@id":"https:\/\/inclusivenews.com.br\/?p=21426"},"author":{"name":"inclusivenews2024","@id":"https:\/\/inclusivenews.com.br\/#\/schema\/person\/ae4ec7087559b8692fb33b6fffd2273b"},"headline":"Pesquisadores da educa\u00e7\u00e3o infantil criticam ideia de avalia\u00e7\u00e3o em programa para primeira inf\u00e2ncia do governo federal","datePublished":"2011-11-03T09:21:06+00:00","mainEntityOfPage":{"@id":"https:\/\/inclusivenews.com.br\/?p=21426"},"wordCount":898,"commentCount":0,"publisher":{"@id":"https:\/\/inclusivenews.com.br\/#organization"},"image":{"@id":"https:\/\/inclusivenews.com.br\/?p=21426#primaryimage"},"thumbnailUrl":"http:\/\/inclusivenews.com.br\/wp-content\/uploads\/2009\/12\/participacao.jpg","articleSection":["NOT\u00cdCIAS"],"inLanguage":"pt-PT","potentialAction":[{"@type":"CommentAction","name":"Comment","target":["https:\/\/inclusivenews.com.br\/?p=21426#respond"]}]},{"@type":"WebPage","@id":"https:\/\/inclusivenews.com.br\/?p=21426","url":"https:\/\/inclusivenews.com.br\/?p=21426","name":"Pesquisadores da educa\u00e7\u00e3o infantil criticam ideia de avalia\u00e7\u00e3o em programa para primeira inf\u00e2ncia do governo federal -","isPartOf":{"@id":"https:\/\/inclusivenews.com.br\/#website"},"primaryImageOfPage":{"@id":"https:\/\/inclusivenews.com.br\/?p=21426#primaryimage"},"image":{"@id":"https:\/\/inclusivenews.com.br\/?p=21426#primaryimage"},"thumbnailUrl":"http:\/\/inclusivenews.com.br\/wp-content\/uploads\/2009\/12\/participacao.jpg","datePublished":"2011-11-03T09:21:06+00:00","breadcrumb":{"@id":"https:\/\/inclusivenews.com.br\/?p=21426#breadcrumb"},"inLanguage":"pt-PT","potentialAction":[{"@type":"ReadAction","target":["https:\/\/inclusivenews.com.br\/?p=21426"]}]},{"@type":"ImageObject","inLanguage":"pt-PT","@id":"https:\/\/inclusivenews.com.br\/?p=21426#primaryimage","url":"","contentUrl":""},{"@type":"BreadcrumbList","@id":"https:\/\/inclusivenews.com.br\/?p=21426#breadcrumb","itemListElement":[{"@type":"ListItem","position":1,"name":"In\u00edcio","item":"https:\/\/inclusivenews.com.br\/"},{"@type":"ListItem","position":2,"name":"Pesquisadores da educa\u00e7\u00e3o infantil criticam ideia de avalia\u00e7\u00e3o em programa para primeira inf\u00e2ncia do governo federal"}]},{"@type":"WebSite","@id":"https:\/\/inclusivenews.com.br\/#website","url":"https:\/\/inclusivenews.com.br\/","name":"Inclusive News","description":"Inclusive News","publisher":{"@id":"https:\/\/inclusivenews.com.br\/#organization"},"potentialAction":[{"@type":"SearchAction","target":{"@type":"EntryPoint","urlTemplate":"https:\/\/inclusivenews.com.br\/?s={search_term_string}"},"query-input":{"@type":"PropertyValueSpecification","valueRequired":true,"valueName":"search_term_string"}}],"inLanguage":"pt-PT"},{"@type":"Organization","@id":"https:\/\/inclusivenews.com.br\/#organization","name":"Inclusive - inclus\u00e3o e cidadania","url":"https:\/\/inclusivenews.com.br\/","logo":{"@type":"ImageObject","inLanguage":"pt-PT","@id":"https:\/\/inclusivenews.com.br\/#\/schema\/logo\/image\/","url":"https:\/\/inclusivenews.com.br\/wp-content\/uploads\/2024\/03\/@grandesite.png","contentUrl":"https:\/\/inclusivenews.com.br\/wp-content\/uploads\/2024\/03\/@grandesite.png","width":1080,"height":1080,"caption":"Inclusive - inclus\u00e3o e cidadania"},"image":{"@id":"https:\/\/inclusivenews.com.br\/#\/schema\/logo\/image\/"},"sameAs":["https:\/\/www.facebook.com\/agenciainclusive\/","https:\/\/www.instagram.com\/newsinclusive\/"]},{"@type":"Person","@id":"https:\/\/inclusivenews.com.br\/#\/schema\/person\/ae4ec7087559b8692fb33b6fffd2273b","name":"inclusivenews2024","image":{"@type":"ImageObject","inLanguage":"pt-PT","@id":"https:\/\/secure.gravatar.com\/avatar\/c5a7ef84c66fa914f55bc4f7ce26cfa275a3b9a1c5568b907bd184fb4dde7b40?s=96&d=mm&r=g","url":"https:\/\/secure.gravatar.com\/avatar\/c5a7ef84c66fa914f55bc4f7ce26cfa275a3b9a1c5568b907bd184fb4dde7b40?s=96&d=mm&r=g","contentUrl":"https:\/\/secure.gravatar.com\/avatar\/c5a7ef84c66fa914f55bc4f7ce26cfa275a3b9a1c5568b907bd184fb4dde7b40?s=96&d=mm&r=g","caption":"inclusivenews2024"},"sameAs":["https:\/\/inclusivenews.com.br"],"url":"https:\/\/inclusivenews.com.br\/?author=1"}]}},"_links":{"self":[{"href":"https:\/\/inclusivenews.com.br\/index.php?rest_route=\/wp\/v2\/posts\/21426","targetHints":{"allow":["GET"]}}],"collection":[{"href":"https:\/\/inclusivenews.com.br\/index.php?rest_route=\/wp\/v2\/posts"}],"about":[{"href":"https:\/\/inclusivenews.com.br\/index.php?rest_route=\/wp\/v2\/types\/post"}],"author":[{"embeddable":true,"href":"https:\/\/inclusivenews.com.br\/index.php?rest_route=\/wp\/v2\/users\/1"}],"replies":[{"embeddable":true,"href":"https:\/\/inclusivenews.com.br\/index.php?rest_route=%2Fwp%2Fv2%2Fcomments&post=21426"}],"version-history":[{"count":0,"href":"https:\/\/inclusivenews.com.br\/index.php?rest_route=\/wp\/v2\/posts\/21426\/revisions"}],"wp:attachment":[{"href":"https:\/\/inclusivenews.com.br\/index.php?rest_route=%2Fwp%2Fv2%2Fmedia&parent=21426"}],"wp:term":[{"taxonomy":"category","embeddable":true,"href":"https:\/\/inclusivenews.com.br\/index.php?rest_route=%2Fwp%2Fv2%2Fcategories&post=21426"},{"taxonomy":"post_tag","embeddable":true,"href":"https:\/\/inclusivenews.com.br\/index.php?rest_route=%2Fwp%2Fv2%2Ftags&post=21426"}],"curies":[{"name":"wp","href":"https:\/\/api.w.org\/{rel}","templated":true}]}}