{"id":21428,"date":"2011-11-03T06:21:32","date_gmt":"2011-11-03T09:21:32","guid":{"rendered":"http:\/\/www.inclusive.org.br\/?p=21428"},"modified":"2011-11-03T06:21:32","modified_gmt":"2011-11-03T09:21:32","slug":"o-joio-e-o-trigo-no-mundo-das-ongs","status":"publish","type":"post","link":"https:\/\/inclusivenews.com.br\/?p=21428","title":{"rendered":"O joio e o trigo no mundo das ONGs"},"content":{"rendered":"<figure id=\"attachment_21451\" aria-describedby=\"caption-attachment-21451\" style=\"width: 200px\" class=\"wp-caption alignleft\"><img loading=\"lazy\" decoding=\"async\" class=\"size-full wp-image-21451\" title=\"Joio e trigo\" src=\"http:\/\/inclusivenews.com.br\/wp-content\/uploads\/Joio-e-Trigo.jpg\" alt=\"\" width=\"200\" height=\"139\" \/><figcaption id=\"caption-attachment-21451\" class=\"wp-caption-text\"> <\/figcaption><\/figure>\n<p><strong>Por F\u00e1tima Mello<br \/>\ndo N\u00facleo Justi\u00e7a Ambiental e Direitos da FASE<\/strong><\/p>\n<p>As recentes not\u00edcias sobre desvios de recursos p\u00fablicos envolvendo ONGs convidam a opini\u00e3o p\u00fablica a conhecer melhor estas organiza\u00e7\u00f5es e suas motiva\u00e7\u00f5es.<span> <\/span>Entre as mais de 300 mil ONGs existentes no pa\u00eds existem algumas que foram criadas para servir a interesses particulares e que se beneficiam da aus\u00eancia de um claro marco regulat\u00f3rio que balize a atua\u00e7\u00e3o das ONGs para agirem a servi\u00e7o de interesses privados. O guarda-chuva difuso do termo n\u00e3o-governamental abriga interesses diversos e muitas vezes contradit\u00f3rios e opostos. Tudo que n\u00e3o \u00e9 governo nem empresa pode ser uma ONG.<span> <\/span>Assim como no mundo empresarial e governamental tamb\u00e9m no mundo das ONGs existem perfis e interesses heterog\u00eaneos.<span> <\/span><\/p>\n<p>As den\u00fancias de corrup\u00e7\u00e3o e malfeitos de algumas delas, no entanto, n\u00e3o devem ofuscar o valioso papel que a atua\u00e7\u00e3o de grande parte das ONGs brasileiras exerce na defesa do interesse p\u00fablico e da cidadania.<span> <\/span>Enquanto as den\u00fancias de desvios no Minist\u00e9rio dos Esportes t\u00eam sido usadas para acusar e condenar todas as ONGs \u00e0 guilhotina, o mundo das ONGs ligado a defesa da democracia, dos direitos humanos e da justi\u00e7a social e ambiental est\u00e1 em festa, comemorando o anivers\u00e1rio de 50 anos da FASE \u2013 Solidariedade e Educa\u00e7\u00e3o. Eis uma ONG que junto com centenas de outras ONGs parceiras t\u00eam constru\u00eddo a hist\u00f3ria da luta por pol\u00edticas p\u00fablicas que universalizem direitos e cidadania no pa\u00eds. H\u00e1 anos este conjunto de organiza\u00e7\u00f5es tem insistido na necessidade de cria\u00e7\u00e3o de um marco regulat\u00f3rio para a atua\u00e7\u00e3o das ONGs visando a transpar\u00eancia e o controle p\u00fablico.<\/p>\n<p>A FASE e seus parceiros t\u00eam orgulho de serem ONGs que ao longo das \u00faltimas d\u00e9cadas atuaram para fortalecer o tecido social atrav\u00e9s da forma\u00e7\u00e3o de um sem-n\u00famero de grupos de agricultura agroecol\u00f3gica, de mulheres, jovens, quilombolas, pescadores, agroextrativistas, grupos urbanos em defesa da moradia, saneamento ambiental, cultura e arte, democratiza\u00e7\u00e3o da informa\u00e7\u00e3o e educa\u00e7\u00e3o para a cidadania.<span> <\/span>Este tecido organizativo \u00e9 respons\u00e1vel por conquistas memor\u00e1veis, como a contribui\u00e7\u00e3o decisiva que as ONGs deste campo deram \u00e0s lutas pelo fim da ditadura e redemocratiza\u00e7\u00e3o, pelo rico processo de mobiliza\u00e7\u00e3o social que resultou na Constitui\u00e7\u00e3o de 1988, e pelos \u00e1rduos esfor\u00e7os at\u00e9 hoje em curso pela desprivatiza\u00e7\u00e3o do Estado e constitui\u00e7\u00e3o de pol\u00edticas p\u00fablicas que universalizem direitos e reduzam desigualdades sociais.<span> <\/span>As experi\u00eancias que estas ONGs realizam em todos os cantos do pa\u00eds t\u00eam servido de refer\u00eancia para a elabora\u00e7\u00e3o de programas e pol\u00edticas inovadores em diversos setores, como foi o caso do Or\u00e7amento Participativo, das lutas da agricultura familiar e camponesa que deram origem ao Programa de Aquisi\u00e7\u00e3o de Alimentos (PAA) e ao Programa Nacional de Alimenta\u00e7\u00e3o Escolar (PNAE), \u00e0s lutas das popula\u00e7\u00f5es tradicionais e organiza\u00e7\u00f5es da Amaz\u00f4nia que deram origem a um novo ciclo de pol\u00edticas s\u00f3cio-ambientais, e \u00e0s lutas pelo bem comum e em defesa de nossas florestas onde as ONGs buscam defender o C\u00f3digo Florestal dos ataques dos ruralistas.<span> <\/span><span> <\/span><\/p>\n<p>Memor\u00e1vel tamb\u00e9m tem sido a atua\u00e7\u00e3o das ONGs brasileiras nos temas de pol\u00edtica internacional. O Brasil deve creditar \u00e0s suas ONGs a realiza\u00e7\u00e3o do hist\u00f3rico F\u00f3rum Global no Aterro do Flamengo durante a Eco92, que se repetir\u00e1 no ano que vem por ocasi\u00e3o da Rio+20. Nossas ONGs e parceiros nos movimentos sociais criaram o F\u00f3rum Social Mundial que teve o m\u00e9rito de quebrar a hegemonia do neoliberalismo e de inaugurar um novo ciclo pol\u00edtico na Am\u00e9rica Latina.<span> <\/span>Nossas ONGs pressionaram e conquistaram o direito de serem consultadas nas negocia\u00e7\u00f5es internacionais do Brasil sobre mudan\u00e7as clim\u00e1ticas, com\u00e9rcio e integra\u00e7\u00e3o regional, algo que historicamente foi monop\u00f3lio do grande empresariado.<\/p>\n<p>Ao inclu\u00edrem na disputa por pol\u00edticas p\u00fablicas nacionais e internacionais os interesses dos que sempre foram exclu\u00eddos, nossas ONGs contribuem decisivamente para a democratiza\u00e7\u00e3o do Estado brasileiro.<span> <\/span>Por isso o Brasil precisa de suas ONGs.<\/p>\n<p>Fonte: <a href=\"http:\/\/www.fase.org.br\/v2\/pagina.php?id=3597\">FASEF\u00e1tima Mello, do N\u00facleo Justi\u00e7a Ambiental e Direitos da FASE<\/a><\/p>\n","protected":false},"excerpt":{"rendered":"<p>O guarda-chuva difuso do termo n\u00e3o-governamental abriga interesses diversos e muitas vezes contradit\u00f3rios e opostos. Opini\u00e3o \u00e9 de F\u00e1tima Melllo, da FASE.<\/p>\n","protected":false},"author":1,"featured_media":0,"comment_status":"open","ping_status":"open","sticky":false,"template":"","format":"standard","meta":{"site-container-style":"default","site-container-layout":"default","site-sidebar-layout":"default","disable-article-header":"default","disable-site-header":"default","disable-site-footer":"default","disable-content-area-spacing":"default","footnotes":""},"categories":[11,8],"tags":[],"class_list":["post-21428","post","type-post","status-publish","format-standard","hentry","category-direitos-humanos","category-textos-e-artigos"],"yoast_head":"<!-- This site is optimized with the Yoast SEO plugin v27.4 - https:\/\/yoast.com\/product\/yoast-seo-wordpress\/ -->\n<title>O joio e o trigo no mundo das ONGs -<\/title>\n<meta name=\"robots\" content=\"index, follow, max-snippet:-1, max-image-preview:large, max-video-preview:-1\" \/>\n<link rel=\"canonical\" href=\"https:\/\/inclusivenews.com.br\/?p=21428\" \/>\n<meta property=\"og:locale\" content=\"pt_PT\" \/>\n<meta property=\"og:type\" content=\"article\" \/>\n<meta property=\"og:title\" content=\"O joio e o trigo no mundo das ONGs -\" \/>\n<meta property=\"og:description\" content=\"O guarda-chuva difuso do termo n\u00e3o-governamental abriga interesses diversos e muitas vezes contradit\u00f3rios e opostos. Opini\u00e3o \u00e9 de F\u00e1tima Melllo, da FASE.\" \/>\n<meta property=\"og:url\" content=\"https:\/\/inclusivenews.com.br\/?p=21428\" \/>\n<meta property=\"article:publisher\" content=\"https:\/\/www.facebook.com\/agenciainclusive\/\" \/>\n<meta property=\"article:published_time\" content=\"2011-11-03T09:21:32+00:00\" \/>\n<meta property=\"og:image\" content=\"http:\/\/inclusivenews.com.br\/wp-content\/uploads\/Joio-e-Trigo.jpg\" \/>\n<meta name=\"author\" content=\"inclusivenews2024\" \/>\n<meta name=\"twitter:card\" content=\"summary_large_image\" \/>\n<meta name=\"twitter:label1\" content=\"Escrito por\" \/>\n\t<meta name=\"twitter:data1\" content=\"inclusivenews2024\" \/>\n\t<meta name=\"twitter:label2\" content=\"Tempo estimado de leitura\" \/>\n\t<meta name=\"twitter:data2\" content=\"4 minutos\" \/>\n<script type=\"application\/ld+json\" class=\"yoast-schema-graph\">{\"@context\":\"https:\\\/\\\/schema.org\",\"@graph\":[{\"@type\":\"Article\",\"@id\":\"https:\\\/\\\/inclusivenews.com.br\\\/?p=21428#article\",\"isPartOf\":{\"@id\":\"https:\\\/\\\/inclusivenews.com.br\\\/?p=21428\"},\"author\":{\"name\":\"inclusivenews2024\",\"@id\":\"https:\\\/\\\/inclusivenews.com.br\\\/#\\\/schema\\\/person\\\/ae4ec7087559b8692fb33b6fffd2273b\"},\"headline\":\"O joio e o trigo no mundo das ONGs\",\"datePublished\":\"2011-11-03T09:21:32+00:00\",\"mainEntityOfPage\":{\"@id\":\"https:\\\/\\\/inclusivenews.com.br\\\/?p=21428\"},\"wordCount\":752,\"commentCount\":0,\"publisher\":{\"@id\":\"https:\\\/\\\/inclusivenews.com.br\\\/#organization\"},\"image\":{\"@id\":\"https:\\\/\\\/inclusivenews.com.br\\\/?p=21428#primaryimage\"},\"thumbnailUrl\":\"http:\\\/\\\/inclusivenews.com.br\\\/wp-content\\\/uploads\\\/Joio-e-Trigo.jpg\",\"articleSection\":[\"DIREITOS HUMANOS\",\"OPINI\u00c3O\"],\"inLanguage\":\"pt-PT\",\"potentialAction\":[{\"@type\":\"CommentAction\",\"name\":\"Comment\",\"target\":[\"https:\\\/\\\/inclusivenews.com.br\\\/?p=21428#respond\"]}]},{\"@type\":\"WebPage\",\"@id\":\"https:\\\/\\\/inclusivenews.com.br\\\/?p=21428\",\"url\":\"https:\\\/\\\/inclusivenews.com.br\\\/?p=21428\",\"name\":\"O joio e o trigo no mundo das ONGs -\",\"isPartOf\":{\"@id\":\"https:\\\/\\\/inclusivenews.com.br\\\/#website\"},\"primaryImageOfPage\":{\"@id\":\"https:\\\/\\\/inclusivenews.com.br\\\/?p=21428#primaryimage\"},\"image\":{\"@id\":\"https:\\\/\\\/inclusivenews.com.br\\\/?p=21428#primaryimage\"},\"thumbnailUrl\":\"http:\\\/\\\/inclusivenews.com.br\\\/wp-content\\\/uploads\\\/Joio-e-Trigo.jpg\",\"datePublished\":\"2011-11-03T09:21:32+00:00\",\"breadcrumb\":{\"@id\":\"https:\\\/\\\/inclusivenews.com.br\\\/?p=21428#breadcrumb\"},\"inLanguage\":\"pt-PT\",\"potentialAction\":[{\"@type\":\"ReadAction\",\"target\":[\"https:\\\/\\\/inclusivenews.com.br\\\/?p=21428\"]}]},{\"@type\":\"ImageObject\",\"inLanguage\":\"pt-PT\",\"@id\":\"https:\\\/\\\/inclusivenews.com.br\\\/?p=21428#primaryimage\",\"url\":\"\",\"contentUrl\":\"\"},{\"@type\":\"BreadcrumbList\",\"@id\":\"https:\\\/\\\/inclusivenews.com.br\\\/?p=21428#breadcrumb\",\"itemListElement\":[{\"@type\":\"ListItem\",\"position\":1,\"name\":\"In\u00edcio\",\"item\":\"https:\\\/\\\/inclusivenews.com.br\\\/\"},{\"@type\":\"ListItem\",\"position\":2,\"name\":\"O joio e o trigo no mundo das ONGs\"}]},{\"@type\":\"WebSite\",\"@id\":\"https:\\\/\\\/inclusivenews.com.br\\\/#website\",\"url\":\"https:\\\/\\\/inclusivenews.com.br\\\/\",\"name\":\"Inclusive News\",\"description\":\"Inclusive News\",\"publisher\":{\"@id\":\"https:\\\/\\\/inclusivenews.com.br\\\/#organization\"},\"potentialAction\":[{\"@type\":\"SearchAction\",\"target\":{\"@type\":\"EntryPoint\",\"urlTemplate\":\"https:\\\/\\\/inclusivenews.com.br\\\/?s={search_term_string}\"},\"query-input\":{\"@type\":\"PropertyValueSpecification\",\"valueRequired\":true,\"valueName\":\"search_term_string\"}}],\"inLanguage\":\"pt-PT\"},{\"@type\":\"Organization\",\"@id\":\"https:\\\/\\\/inclusivenews.com.br\\\/#organization\",\"name\":\"Inclusive - inclus\u00e3o e cidadania\",\"url\":\"https:\\\/\\\/inclusivenews.com.br\\\/\",\"logo\":{\"@type\":\"ImageObject\",\"inLanguage\":\"pt-PT\",\"@id\":\"https:\\\/\\\/inclusivenews.com.br\\\/#\\\/schema\\\/logo\\\/image\\\/\",\"url\":\"https:\\\/\\\/inclusivenews.com.br\\\/wp-content\\\/uploads\\\/2024\\\/03\\\/@grandesite.png\",\"contentUrl\":\"https:\\\/\\\/inclusivenews.com.br\\\/wp-content\\\/uploads\\\/2024\\\/03\\\/@grandesite.png\",\"width\":1080,\"height\":1080,\"caption\":\"Inclusive - inclus\u00e3o e cidadania\"},\"image\":{\"@id\":\"https:\\\/\\\/inclusivenews.com.br\\\/#\\\/schema\\\/logo\\\/image\\\/\"},\"sameAs\":[\"https:\\\/\\\/www.facebook.com\\\/agenciainclusive\\\/\",\"https:\\\/\\\/www.instagram.com\\\/newsinclusive\\\/\"]},{\"@type\":\"Person\",\"@id\":\"https:\\\/\\\/inclusivenews.com.br\\\/#\\\/schema\\\/person\\\/ae4ec7087559b8692fb33b6fffd2273b\",\"name\":\"inclusivenews2024\",\"image\":{\"@type\":\"ImageObject\",\"inLanguage\":\"pt-PT\",\"@id\":\"https:\\\/\\\/secure.gravatar.com\\\/avatar\\\/c5a7ef84c66fa914f55bc4f7ce26cfa275a3b9a1c5568b907bd184fb4dde7b40?s=96&d=mm&r=g\",\"url\":\"https:\\\/\\\/secure.gravatar.com\\\/avatar\\\/c5a7ef84c66fa914f55bc4f7ce26cfa275a3b9a1c5568b907bd184fb4dde7b40?s=96&d=mm&r=g\",\"contentUrl\":\"https:\\\/\\\/secure.gravatar.com\\\/avatar\\\/c5a7ef84c66fa914f55bc4f7ce26cfa275a3b9a1c5568b907bd184fb4dde7b40?s=96&d=mm&r=g\",\"caption\":\"inclusivenews2024\"},\"sameAs\":[\"https:\\\/\\\/inclusivenews.com.br\"],\"url\":\"https:\\\/\\\/inclusivenews.com.br\\\/?author=1\"}]}<\/script>\n<!-- \/ Yoast SEO plugin. -->","yoast_head_json":{"title":"O joio e o trigo no mundo das ONGs -","robots":{"index":"index","follow":"follow","max-snippet":"max-snippet:-1","max-image-preview":"max-image-preview:large","max-video-preview":"max-video-preview:-1"},"canonical":"https:\/\/inclusivenews.com.br\/?p=21428","og_locale":"pt_PT","og_type":"article","og_title":"O joio e o trigo no mundo das ONGs -","og_description":"O guarda-chuva difuso do termo n\u00e3o-governamental abriga interesses diversos e muitas vezes contradit\u00f3rios e opostos. Opini\u00e3o \u00e9 de F\u00e1tima Melllo, da FASE.","og_url":"https:\/\/inclusivenews.com.br\/?p=21428","article_publisher":"https:\/\/www.facebook.com\/agenciainclusive\/","article_published_time":"2011-11-03T09:21:32+00:00","og_image":[{"url":"http:\/\/inclusivenews.com.br\/wp-content\/uploads\/Joio-e-Trigo.jpg","type":"","width":"","height":""}],"author":"inclusivenews2024","twitter_card":"summary_large_image","twitter_misc":{"Escrito por":"inclusivenews2024","Tempo estimado de leitura":"4 minutos"},"schema":{"@context":"https:\/\/schema.org","@graph":[{"@type":"Article","@id":"https:\/\/inclusivenews.com.br\/?p=21428#article","isPartOf":{"@id":"https:\/\/inclusivenews.com.br\/?p=21428"},"author":{"name":"inclusivenews2024","@id":"https:\/\/inclusivenews.com.br\/#\/schema\/person\/ae4ec7087559b8692fb33b6fffd2273b"},"headline":"O joio e o trigo no mundo das ONGs","datePublished":"2011-11-03T09:21:32+00:00","mainEntityOfPage":{"@id":"https:\/\/inclusivenews.com.br\/?p=21428"},"wordCount":752,"commentCount":0,"publisher":{"@id":"https:\/\/inclusivenews.com.br\/#organization"},"image":{"@id":"https:\/\/inclusivenews.com.br\/?p=21428#primaryimage"},"thumbnailUrl":"http:\/\/inclusivenews.com.br\/wp-content\/uploads\/Joio-e-Trigo.jpg","articleSection":["DIREITOS HUMANOS","OPINI\u00c3O"],"inLanguage":"pt-PT","potentialAction":[{"@type":"CommentAction","name":"Comment","target":["https:\/\/inclusivenews.com.br\/?p=21428#respond"]}]},{"@type":"WebPage","@id":"https:\/\/inclusivenews.com.br\/?p=21428","url":"https:\/\/inclusivenews.com.br\/?p=21428","name":"O joio e o trigo no mundo das ONGs -","isPartOf":{"@id":"https:\/\/inclusivenews.com.br\/#website"},"primaryImageOfPage":{"@id":"https:\/\/inclusivenews.com.br\/?p=21428#primaryimage"},"image":{"@id":"https:\/\/inclusivenews.com.br\/?p=21428#primaryimage"},"thumbnailUrl":"http:\/\/inclusivenews.com.br\/wp-content\/uploads\/Joio-e-Trigo.jpg","datePublished":"2011-11-03T09:21:32+00:00","breadcrumb":{"@id":"https:\/\/inclusivenews.com.br\/?p=21428#breadcrumb"},"inLanguage":"pt-PT","potentialAction":[{"@type":"ReadAction","target":["https:\/\/inclusivenews.com.br\/?p=21428"]}]},{"@type":"ImageObject","inLanguage":"pt-PT","@id":"https:\/\/inclusivenews.com.br\/?p=21428#primaryimage","url":"","contentUrl":""},{"@type":"BreadcrumbList","@id":"https:\/\/inclusivenews.com.br\/?p=21428#breadcrumb","itemListElement":[{"@type":"ListItem","position":1,"name":"In\u00edcio","item":"https:\/\/inclusivenews.com.br\/"},{"@type":"ListItem","position":2,"name":"O joio e o trigo no mundo das ONGs"}]},{"@type":"WebSite","@id":"https:\/\/inclusivenews.com.br\/#website","url":"https:\/\/inclusivenews.com.br\/","name":"Inclusive News","description":"Inclusive News","publisher":{"@id":"https:\/\/inclusivenews.com.br\/#organization"},"potentialAction":[{"@type":"SearchAction","target":{"@type":"EntryPoint","urlTemplate":"https:\/\/inclusivenews.com.br\/?s={search_term_string}"},"query-input":{"@type":"PropertyValueSpecification","valueRequired":true,"valueName":"search_term_string"}}],"inLanguage":"pt-PT"},{"@type":"Organization","@id":"https:\/\/inclusivenews.com.br\/#organization","name":"Inclusive - inclus\u00e3o e cidadania","url":"https:\/\/inclusivenews.com.br\/","logo":{"@type":"ImageObject","inLanguage":"pt-PT","@id":"https:\/\/inclusivenews.com.br\/#\/schema\/logo\/image\/","url":"https:\/\/inclusivenews.com.br\/wp-content\/uploads\/2024\/03\/@grandesite.png","contentUrl":"https:\/\/inclusivenews.com.br\/wp-content\/uploads\/2024\/03\/@grandesite.png","width":1080,"height":1080,"caption":"Inclusive - inclus\u00e3o e cidadania"},"image":{"@id":"https:\/\/inclusivenews.com.br\/#\/schema\/logo\/image\/"},"sameAs":["https:\/\/www.facebook.com\/agenciainclusive\/","https:\/\/www.instagram.com\/newsinclusive\/"]},{"@type":"Person","@id":"https:\/\/inclusivenews.com.br\/#\/schema\/person\/ae4ec7087559b8692fb33b6fffd2273b","name":"inclusivenews2024","image":{"@type":"ImageObject","inLanguage":"pt-PT","@id":"https:\/\/secure.gravatar.com\/avatar\/c5a7ef84c66fa914f55bc4f7ce26cfa275a3b9a1c5568b907bd184fb4dde7b40?s=96&d=mm&r=g","url":"https:\/\/secure.gravatar.com\/avatar\/c5a7ef84c66fa914f55bc4f7ce26cfa275a3b9a1c5568b907bd184fb4dde7b40?s=96&d=mm&r=g","contentUrl":"https:\/\/secure.gravatar.com\/avatar\/c5a7ef84c66fa914f55bc4f7ce26cfa275a3b9a1c5568b907bd184fb4dde7b40?s=96&d=mm&r=g","caption":"inclusivenews2024"},"sameAs":["https:\/\/inclusivenews.com.br"],"url":"https:\/\/inclusivenews.com.br\/?author=1"}]}},"_links":{"self":[{"href":"https:\/\/inclusivenews.com.br\/index.php?rest_route=\/wp\/v2\/posts\/21428","targetHints":{"allow":["GET"]}}],"collection":[{"href":"https:\/\/inclusivenews.com.br\/index.php?rest_route=\/wp\/v2\/posts"}],"about":[{"href":"https:\/\/inclusivenews.com.br\/index.php?rest_route=\/wp\/v2\/types\/post"}],"author":[{"embeddable":true,"href":"https:\/\/inclusivenews.com.br\/index.php?rest_route=\/wp\/v2\/users\/1"}],"replies":[{"embeddable":true,"href":"https:\/\/inclusivenews.com.br\/index.php?rest_route=%2Fwp%2Fv2%2Fcomments&post=21428"}],"version-history":[{"count":0,"href":"https:\/\/inclusivenews.com.br\/index.php?rest_route=\/wp\/v2\/posts\/21428\/revisions"}],"wp:attachment":[{"href":"https:\/\/inclusivenews.com.br\/index.php?rest_route=%2Fwp%2Fv2%2Fmedia&parent=21428"}],"wp:term":[{"taxonomy":"category","embeddable":true,"href":"https:\/\/inclusivenews.com.br\/index.php?rest_route=%2Fwp%2Fv2%2Fcategories&post=21428"},{"taxonomy":"post_tag","embeddable":true,"href":"https:\/\/inclusivenews.com.br\/index.php?rest_route=%2Fwp%2Fv2%2Ftags&post=21428"}],"curies":[{"name":"wp","href":"https:\/\/api.w.org\/{rel}","templated":true}]}}