{"id":21432,"date":"2011-11-03T06:17:41","date_gmt":"2011-11-03T09:17:41","guid":{"rendered":"http:\/\/www.inclusive.org.br\/?p=21432"},"modified":"2011-11-03T06:17:41","modified_gmt":"2011-11-03T09:17:41","slug":"escola-de-gente-lanca-projeto-para-formacao-de-jovens-em-comunidades-do-rio","status":"publish","type":"post","link":"https:\/\/inclusivenews.com.br\/?p=21432","title":{"rendered":"Escola de Gente lan\u00e7a projeto para forma\u00e7\u00e3o de jovens em comunidades do Rio"},"content":{"rendered":"<p><strong><em><\/em><\/strong><em><img loading=\"lazy\" decoding=\"async\" class=\"alignleft\" title=\"Escola de Gente\" src=\"http:\/\/www.infojovem.org.br\/wp-content\/uploads\/2010\/09\/EscoladeGenteLogo.jpg\" alt=\"\" width=\"200\" height=\"200\" \/>Iniciativa abrir\u00e1 vagas para oficinas de m\u00eddias acess\u00edveis<\/em><\/p>\n<p class=\"MsoNormal\" style=\"text-align: justify;\">Est\u00e3o abertas as inscri\u00e7\u00f5es para o projeto <strong>Agentes de Promo\u00e7\u00e3o da Acessibilidade<\/strong>, promovido pela Escola de Gente \u2013 Comunica\u00e7\u00e3o em Inclus\u00e3o. Com apoio do Programa Oi Novos Brasis, o projeto \u00e9 uma parceria com a Rede de Adolescentes Promotores da Sa\u00fade, iniciativa conjunta da Secretaria Municipal de Sa\u00fade e Defesa Civil do Rio de Janeiro, do Centro de Promo\u00e7\u00e3o da Sa\u00fade e da Plataforma de Centros Urbanos do Unicef.<\/p>\n<p class=\"MsoNormal\" style=\"text-align: justify;\">Com este projeto, a Escola de Gente atuar\u00e1 em comunidades do Rio de Janeiro, realizando oficinas de m\u00eddias acess\u00edveis para a forma\u00e7\u00e3o de jovens, com e sem defici\u00eancia, com idades entre de 15 a 29 anos. Ser\u00e3o 75 vagas em tr\u00eas turmas. Uma delas j\u00e1 est\u00e1 com local definido: o Adolescentro Paulo Freire, na Rocinha. Os demais locais ser\u00e3o escolhidos de acordo com a demanda. <span style=\"color: red;\"><span style=\"color: #000000;\">As inscri\u00e7\u00f5es poder\u00e3o ser feitas at\u00e9 o dia 7\/11 pelo site<\/span><\/span><strong><span style=\"color: red;\"> <a href=\"http:\/\/www.escoladegente.org.br\" target=\"_blank\" rel=\"noopener\">http:\/\/www.escoladegente.org.br<\/a> <\/span><\/strong><span style=\"color: #000000;\"><span style=\"color: red;\">ou pelo telefone <\/span><span style=\"color: red;\">21 2483-1780<\/span><strong><span style=\"color: red;\">.<\/span><\/strong><\/span><\/p>\n<p class=\"MsoNormal\" style=\"text-align: justify;\">Fundadora da Escola de Gente e pioneira na dissemina\u00e7\u00e3o do conceito de sociedade inclusiva, Claudia Werneck explica que, atrav\u00e9s dessa iniciativa, esses grupos ter\u00e3o acesso a conte\u00fados e pr\u00e1ticas que os colocar\u00e3o em contato com as diversas formas de comunica\u00e7\u00e3o acess\u00edvel. \u00a0Segundo ela, as oficinas ser\u00e3o lideradas por especialistas em acessibilidade no Brasil, incluindo integrantes da equipe t\u00e9cnica da Escola de Gente, e apresentar\u00e3o conte\u00fados in\u00e9ditos para a maioria destes jovens, como audiodescri\u00e7\u00e3o, l\u00edngua de sinais brasileira, braile, legendas eletr\u00f4nicas, entre outros.\u00a0 \u201cNosso objetivo \u00e9 que eles possam disseminar esses conte\u00fados em todas as suas a\u00e7\u00f5es da vida cotidiana. Que possam produzir com acessibilidade produtos como livros, v\u00eddeos, espet\u00e1culos teatrais e at\u00e9 mesmo programas de r\u00e1dio, descobrindo como n\u00e3o discriminar determinadas condi\u00e7\u00f5es humanas, o\u00a0 que naturalmente fortalece as redes de juventude das comunidades e fomenta uma mentalidade inclusiva e cidad\u00e3\u201d, explica.<\/p>\n<p class=\"MsoNormal\" style=\"text-align: justify;\">O projeto re\u00fane metodologias premiadas da Escola de Gente, como as Oficinas Inclusivas e as oficinas de teatro. A forma\u00e7\u00e3o ser\u00e1 finalizada com a produ\u00e7\u00e3o de uma cartilha acess\u00edvel, elaborada pelos pr\u00f3prios participantes e pela equipe da Escola de Gente. Tudo ser\u00e1 documentado, de forma a garantir que jovens com defici\u00eancia participem de todo o processo e tenham seus direitos \u00e0 comunica\u00e7\u00e3o garantidos.<\/p>\n<p class=\"MsoNormal\" style=\"text-align: justify;\">Segundo dados do Censo Demogr\u00e1fico\/2000 do IBGE, o Brasil tem a maior gera\u00e7\u00e3o de jovens de todos os tempos. S\u00e3o 48 milh\u00f5es de brasileiros(as) com idade entre 15 e 29 anos, sendo mais de seis milh\u00f5es com pelo menos uma defici\u00eancia (14,7% do total de jovens). De acordo com a Organiza\u00e7\u00e3o das Na\u00e7\u00f5es Unidas, 82% das pessoas com defici\u00eancia no mundo vivem abaixo da linha da pobreza, sendo grande parte na faixa da inf\u00e2ncia e juventude. Dados do Banco Interamericano de Desenvolvimento revelam, ainda, que, em rela\u00e7\u00e3o ao recorte \u00e9tnico\/racial no Brasil, as popula\u00e7\u00f5es negras e ind\u00edgenas s\u00e3o as que apresentam o maior percentual de pessoas com defici\u00eancia dentro do total geral da popula\u00e7\u00e3o, respectivamente 18% e 17%. \u201cCom o cruzamento, ra\u00e7a\/etnia, pobreza e defici\u00eancia, percebemos que esta popula\u00e7\u00e3o \u00e9 ainda mais discriminada porque \u00e9 a soma de v\u00e1rios estere\u00f3tipos. Para reverter este quadro \u00e9 preciso investimento em forma\u00e7\u00e3o em acessibilidade na comunica\u00e7\u00e3o, pois \u00e9 onde ocorre a maioria dos processos de discrimina\u00e7\u00e3o\u201d, ressalta Claudia Werneck.<\/p>\n<p>O projeto <strong>Agentes de Promo\u00e7\u00e3o da Acessibilidade<\/strong> \u00e9 parte das comemora\u00e7\u00f5es dos 10 anos da Escola de Gente. Dedicada a criar e monitorar pol\u00edticas p\u00fablicas inclusivas para pessoas com defici\u00eancia, a organiza\u00e7\u00e3o vem trabalhando com a\u00e7\u00f5es de impacto nas \u00e1reas de cultura, comunica\u00e7\u00e3o, pol\u00edticas p\u00fablicas para a juventude e cria\u00e7\u00e3o de indicadores de acessibilidade para sustentabilidade. No \u00e2mbito da comunica\u00e7\u00e3o, o novo projeto coloca em pr\u00e1tica o lema Comunica\u00e7\u00e3o em Inclus\u00e3o.<\/p>\n","protected":false},"excerpt":{"rendered":"<p>Est\u00e3o abertas as inscri\u00e7\u00f5es para o projeto Agentes de Promo\u00e7\u00e3o da Acessibilidade, promovido pela Escola de Gente \u2013 Comunica\u00e7\u00e3o em Inclus\u00e3o.<\/p>\n","protected":false},"author":1,"featured_media":0,"comment_status":"open","ping_status":"open","sticky":false,"template":"","format":"standard","meta":{"site-container-style":"default","site-container-layout":"default","site-sidebar-layout":"default","disable-article-header":"default","disable-site-header":"default","disable-site-footer":"default","disable-content-area-spacing":"default","footnotes":""},"categories":[12,4],"tags":[],"class_list":["post-21432","post","type-post","status-publish","format-standard","hentry","category-cursos-e-eventos","category-noticias"],"yoast_head":"<!-- This site is optimized with the Yoast SEO plugin v27.4 - https:\/\/yoast.com\/product\/yoast-seo-wordpress\/ -->\n<title>Escola de Gente lan\u00e7a projeto para forma\u00e7\u00e3o de jovens em comunidades do Rio -<\/title>\n<meta name=\"robots\" content=\"index, follow, max-snippet:-1, max-image-preview:large, max-video-preview:-1\" \/>\n<link rel=\"canonical\" href=\"https:\/\/inclusivenews.com.br\/?p=21432\" \/>\n<meta property=\"og:locale\" content=\"pt_PT\" \/>\n<meta property=\"og:type\" content=\"article\" \/>\n<meta property=\"og:title\" content=\"Escola de Gente lan\u00e7a projeto para forma\u00e7\u00e3o de jovens em comunidades do Rio -\" \/>\n<meta property=\"og:description\" content=\"Est\u00e3o abertas as inscri\u00e7\u00f5es para o projeto Agentes de Promo\u00e7\u00e3o da Acessibilidade, promovido pela Escola de Gente \u2013 Comunica\u00e7\u00e3o em Inclus\u00e3o.\" \/>\n<meta property=\"og:url\" content=\"https:\/\/inclusivenews.com.br\/?p=21432\" \/>\n<meta property=\"article:publisher\" content=\"https:\/\/www.facebook.com\/agenciainclusive\/\" \/>\n<meta property=\"article:published_time\" content=\"2011-11-03T09:17:41+00:00\" \/>\n<meta property=\"og:image\" content=\"http:\/\/www.infojovem.org.br\/wp-content\/uploads\/2010\/09\/EscoladeGenteLogo.jpg\" \/>\n<meta name=\"author\" content=\"inclusivenews2024\" \/>\n<meta name=\"twitter:card\" content=\"summary_large_image\" \/>\n<meta name=\"twitter:label1\" content=\"Escrito por\" \/>\n\t<meta name=\"twitter:data1\" content=\"inclusivenews2024\" \/>\n\t<meta name=\"twitter:label2\" content=\"Tempo estimado de leitura\" \/>\n\t<meta name=\"twitter:data2\" content=\"3 minutos\" \/>\n<script type=\"application\/ld+json\" class=\"yoast-schema-graph\">{\"@context\":\"https:\\\/\\\/schema.org\",\"@graph\":[{\"@type\":\"Article\",\"@id\":\"https:\\\/\\\/inclusivenews.com.br\\\/?p=21432#article\",\"isPartOf\":{\"@id\":\"https:\\\/\\\/inclusivenews.com.br\\\/?p=21432\"},\"author\":{\"name\":\"inclusivenews2024\",\"@id\":\"https:\\\/\\\/inclusivenews.com.br\\\/#\\\/schema\\\/person\\\/ae4ec7087559b8692fb33b6fffd2273b\"},\"headline\":\"Escola de Gente lan\u00e7a projeto para forma\u00e7\u00e3o de jovens em comunidades do Rio\",\"datePublished\":\"2011-11-03T09:17:41+00:00\",\"mainEntityOfPage\":{\"@id\":\"https:\\\/\\\/inclusivenews.com.br\\\/?p=21432\"},\"wordCount\":689,\"commentCount\":0,\"publisher\":{\"@id\":\"https:\\\/\\\/inclusivenews.com.br\\\/#organization\"},\"image\":{\"@id\":\"https:\\\/\\\/inclusivenews.com.br\\\/?p=21432#primaryimage\"},\"thumbnailUrl\":\"http:\\\/\\\/www.infojovem.org.br\\\/wp-content\\\/uploads\\\/2010\\\/09\\\/EscoladeGenteLogo.jpg\",\"articleSection\":[\"Cursos e eventos\",\"NOT\u00cdCIAS\"],\"inLanguage\":\"pt-PT\",\"potentialAction\":[{\"@type\":\"CommentAction\",\"name\":\"Comment\",\"target\":[\"https:\\\/\\\/inclusivenews.com.br\\\/?p=21432#respond\"]}]},{\"@type\":\"WebPage\",\"@id\":\"https:\\\/\\\/inclusivenews.com.br\\\/?p=21432\",\"url\":\"https:\\\/\\\/inclusivenews.com.br\\\/?p=21432\",\"name\":\"Escola de Gente lan\u00e7a projeto para forma\u00e7\u00e3o de jovens em comunidades do Rio -\",\"isPartOf\":{\"@id\":\"https:\\\/\\\/inclusivenews.com.br\\\/#website\"},\"primaryImageOfPage\":{\"@id\":\"https:\\\/\\\/inclusivenews.com.br\\\/?p=21432#primaryimage\"},\"image\":{\"@id\":\"https:\\\/\\\/inclusivenews.com.br\\\/?p=21432#primaryimage\"},\"thumbnailUrl\":\"http:\\\/\\\/www.infojovem.org.br\\\/wp-content\\\/uploads\\\/2010\\\/09\\\/EscoladeGenteLogo.jpg\",\"datePublished\":\"2011-11-03T09:17:41+00:00\",\"breadcrumb\":{\"@id\":\"https:\\\/\\\/inclusivenews.com.br\\\/?p=21432#breadcrumb\"},\"inLanguage\":\"pt-PT\",\"potentialAction\":[{\"@type\":\"ReadAction\",\"target\":[\"https:\\\/\\\/inclusivenews.com.br\\\/?p=21432\"]}]},{\"@type\":\"ImageObject\",\"inLanguage\":\"pt-PT\",\"@id\":\"https:\\\/\\\/inclusivenews.com.br\\\/?p=21432#primaryimage\",\"url\":\"http:\\\/\\\/www.infojovem.org.br\\\/wp-content\\\/uploads\\\/2010\\\/09\\\/EscoladeGenteLogo.jpg\",\"contentUrl\":\"http:\\\/\\\/www.infojovem.org.br\\\/wp-content\\\/uploads\\\/2010\\\/09\\\/EscoladeGenteLogo.jpg\"},{\"@type\":\"BreadcrumbList\",\"@id\":\"https:\\\/\\\/inclusivenews.com.br\\\/?p=21432#breadcrumb\",\"itemListElement\":[{\"@type\":\"ListItem\",\"position\":1,\"name\":\"In\u00edcio\",\"item\":\"https:\\\/\\\/inclusivenews.com.br\\\/\"},{\"@type\":\"ListItem\",\"position\":2,\"name\":\"Escola de Gente lan\u00e7a projeto para forma\u00e7\u00e3o de jovens em comunidades do Rio\"}]},{\"@type\":\"WebSite\",\"@id\":\"https:\\\/\\\/inclusivenews.com.br\\\/#website\",\"url\":\"https:\\\/\\\/inclusivenews.com.br\\\/\",\"name\":\"Inclusive News\",\"description\":\"Inclusive News\",\"publisher\":{\"@id\":\"https:\\\/\\\/inclusivenews.com.br\\\/#organization\"},\"potentialAction\":[{\"@type\":\"SearchAction\",\"target\":{\"@type\":\"EntryPoint\",\"urlTemplate\":\"https:\\\/\\\/inclusivenews.com.br\\\/?s={search_term_string}\"},\"query-input\":{\"@type\":\"PropertyValueSpecification\",\"valueRequired\":true,\"valueName\":\"search_term_string\"}}],\"inLanguage\":\"pt-PT\"},{\"@type\":\"Organization\",\"@id\":\"https:\\\/\\\/inclusivenews.com.br\\\/#organization\",\"name\":\"Inclusive - inclus\u00e3o e cidadania\",\"url\":\"https:\\\/\\\/inclusivenews.com.br\\\/\",\"logo\":{\"@type\":\"ImageObject\",\"inLanguage\":\"pt-PT\",\"@id\":\"https:\\\/\\\/inclusivenews.com.br\\\/#\\\/schema\\\/logo\\\/image\\\/\",\"url\":\"https:\\\/\\\/inclusivenews.com.br\\\/wp-content\\\/uploads\\\/2024\\\/03\\\/@grandesite.png\",\"contentUrl\":\"https:\\\/\\\/inclusivenews.com.br\\\/wp-content\\\/uploads\\\/2024\\\/03\\\/@grandesite.png\",\"width\":1080,\"height\":1080,\"caption\":\"Inclusive - inclus\u00e3o e cidadania\"},\"image\":{\"@id\":\"https:\\\/\\\/inclusivenews.com.br\\\/#\\\/schema\\\/logo\\\/image\\\/\"},\"sameAs\":[\"https:\\\/\\\/www.facebook.com\\\/agenciainclusive\\\/\",\"https:\\\/\\\/www.instagram.com\\\/newsinclusive\\\/\"]},{\"@type\":\"Person\",\"@id\":\"https:\\\/\\\/inclusivenews.com.br\\\/#\\\/schema\\\/person\\\/ae4ec7087559b8692fb33b6fffd2273b\",\"name\":\"inclusivenews2024\",\"image\":{\"@type\":\"ImageObject\",\"inLanguage\":\"pt-PT\",\"@id\":\"https:\\\/\\\/secure.gravatar.com\\\/avatar\\\/c5a7ef84c66fa914f55bc4f7ce26cfa275a3b9a1c5568b907bd184fb4dde7b40?s=96&d=mm&r=g\",\"url\":\"https:\\\/\\\/secure.gravatar.com\\\/avatar\\\/c5a7ef84c66fa914f55bc4f7ce26cfa275a3b9a1c5568b907bd184fb4dde7b40?s=96&d=mm&r=g\",\"contentUrl\":\"https:\\\/\\\/secure.gravatar.com\\\/avatar\\\/c5a7ef84c66fa914f55bc4f7ce26cfa275a3b9a1c5568b907bd184fb4dde7b40?s=96&d=mm&r=g\",\"caption\":\"inclusivenews2024\"},\"sameAs\":[\"https:\\\/\\\/inclusivenews.com.br\"],\"url\":\"https:\\\/\\\/inclusivenews.com.br\\\/?author=1\"}]}<\/script>\n<!-- \/ Yoast SEO plugin. -->","yoast_head_json":{"title":"Escola de Gente lan\u00e7a projeto para forma\u00e7\u00e3o de jovens em comunidades do Rio -","robots":{"index":"index","follow":"follow","max-snippet":"max-snippet:-1","max-image-preview":"max-image-preview:large","max-video-preview":"max-video-preview:-1"},"canonical":"https:\/\/inclusivenews.com.br\/?p=21432","og_locale":"pt_PT","og_type":"article","og_title":"Escola de Gente lan\u00e7a projeto para forma\u00e7\u00e3o de jovens em comunidades do Rio -","og_description":"Est\u00e3o abertas as inscri\u00e7\u00f5es para o projeto Agentes de Promo\u00e7\u00e3o da Acessibilidade, promovido pela Escola de Gente \u2013 Comunica\u00e7\u00e3o em Inclus\u00e3o.","og_url":"https:\/\/inclusivenews.com.br\/?p=21432","article_publisher":"https:\/\/www.facebook.com\/agenciainclusive\/","article_published_time":"2011-11-03T09:17:41+00:00","og_image":[{"url":"http:\/\/www.infojovem.org.br\/wp-content\/uploads\/2010\/09\/EscoladeGenteLogo.jpg","type":"","width":"","height":""}],"author":"inclusivenews2024","twitter_card":"summary_large_image","twitter_misc":{"Escrito por":"inclusivenews2024","Tempo estimado de leitura":"3 minutos"},"schema":{"@context":"https:\/\/schema.org","@graph":[{"@type":"Article","@id":"https:\/\/inclusivenews.com.br\/?p=21432#article","isPartOf":{"@id":"https:\/\/inclusivenews.com.br\/?p=21432"},"author":{"name":"inclusivenews2024","@id":"https:\/\/inclusivenews.com.br\/#\/schema\/person\/ae4ec7087559b8692fb33b6fffd2273b"},"headline":"Escola de Gente lan\u00e7a projeto para forma\u00e7\u00e3o de jovens em comunidades do Rio","datePublished":"2011-11-03T09:17:41+00:00","mainEntityOfPage":{"@id":"https:\/\/inclusivenews.com.br\/?p=21432"},"wordCount":689,"commentCount":0,"publisher":{"@id":"https:\/\/inclusivenews.com.br\/#organization"},"image":{"@id":"https:\/\/inclusivenews.com.br\/?p=21432#primaryimage"},"thumbnailUrl":"http:\/\/www.infojovem.org.br\/wp-content\/uploads\/2010\/09\/EscoladeGenteLogo.jpg","articleSection":["Cursos e eventos","NOT\u00cdCIAS"],"inLanguage":"pt-PT","potentialAction":[{"@type":"CommentAction","name":"Comment","target":["https:\/\/inclusivenews.com.br\/?p=21432#respond"]}]},{"@type":"WebPage","@id":"https:\/\/inclusivenews.com.br\/?p=21432","url":"https:\/\/inclusivenews.com.br\/?p=21432","name":"Escola de Gente lan\u00e7a projeto para forma\u00e7\u00e3o de jovens em comunidades do Rio -","isPartOf":{"@id":"https:\/\/inclusivenews.com.br\/#website"},"primaryImageOfPage":{"@id":"https:\/\/inclusivenews.com.br\/?p=21432#primaryimage"},"image":{"@id":"https:\/\/inclusivenews.com.br\/?p=21432#primaryimage"},"thumbnailUrl":"http:\/\/www.infojovem.org.br\/wp-content\/uploads\/2010\/09\/EscoladeGenteLogo.jpg","datePublished":"2011-11-03T09:17:41+00:00","breadcrumb":{"@id":"https:\/\/inclusivenews.com.br\/?p=21432#breadcrumb"},"inLanguage":"pt-PT","potentialAction":[{"@type":"ReadAction","target":["https:\/\/inclusivenews.com.br\/?p=21432"]}]},{"@type":"ImageObject","inLanguage":"pt-PT","@id":"https:\/\/inclusivenews.com.br\/?p=21432#primaryimage","url":"http:\/\/www.infojovem.org.br\/wp-content\/uploads\/2010\/09\/EscoladeGenteLogo.jpg","contentUrl":"http:\/\/www.infojovem.org.br\/wp-content\/uploads\/2010\/09\/EscoladeGenteLogo.jpg"},{"@type":"BreadcrumbList","@id":"https:\/\/inclusivenews.com.br\/?p=21432#breadcrumb","itemListElement":[{"@type":"ListItem","position":1,"name":"In\u00edcio","item":"https:\/\/inclusivenews.com.br\/"},{"@type":"ListItem","position":2,"name":"Escola de Gente lan\u00e7a projeto para forma\u00e7\u00e3o de jovens em comunidades do Rio"}]},{"@type":"WebSite","@id":"https:\/\/inclusivenews.com.br\/#website","url":"https:\/\/inclusivenews.com.br\/","name":"Inclusive News","description":"Inclusive News","publisher":{"@id":"https:\/\/inclusivenews.com.br\/#organization"},"potentialAction":[{"@type":"SearchAction","target":{"@type":"EntryPoint","urlTemplate":"https:\/\/inclusivenews.com.br\/?s={search_term_string}"},"query-input":{"@type":"PropertyValueSpecification","valueRequired":true,"valueName":"search_term_string"}}],"inLanguage":"pt-PT"},{"@type":"Organization","@id":"https:\/\/inclusivenews.com.br\/#organization","name":"Inclusive - inclus\u00e3o e cidadania","url":"https:\/\/inclusivenews.com.br\/","logo":{"@type":"ImageObject","inLanguage":"pt-PT","@id":"https:\/\/inclusivenews.com.br\/#\/schema\/logo\/image\/","url":"https:\/\/inclusivenews.com.br\/wp-content\/uploads\/2024\/03\/@grandesite.png","contentUrl":"https:\/\/inclusivenews.com.br\/wp-content\/uploads\/2024\/03\/@grandesite.png","width":1080,"height":1080,"caption":"Inclusive - inclus\u00e3o e cidadania"},"image":{"@id":"https:\/\/inclusivenews.com.br\/#\/schema\/logo\/image\/"},"sameAs":["https:\/\/www.facebook.com\/agenciainclusive\/","https:\/\/www.instagram.com\/newsinclusive\/"]},{"@type":"Person","@id":"https:\/\/inclusivenews.com.br\/#\/schema\/person\/ae4ec7087559b8692fb33b6fffd2273b","name":"inclusivenews2024","image":{"@type":"ImageObject","inLanguage":"pt-PT","@id":"https:\/\/secure.gravatar.com\/avatar\/c5a7ef84c66fa914f55bc4f7ce26cfa275a3b9a1c5568b907bd184fb4dde7b40?s=96&d=mm&r=g","url":"https:\/\/secure.gravatar.com\/avatar\/c5a7ef84c66fa914f55bc4f7ce26cfa275a3b9a1c5568b907bd184fb4dde7b40?s=96&d=mm&r=g","contentUrl":"https:\/\/secure.gravatar.com\/avatar\/c5a7ef84c66fa914f55bc4f7ce26cfa275a3b9a1c5568b907bd184fb4dde7b40?s=96&d=mm&r=g","caption":"inclusivenews2024"},"sameAs":["https:\/\/inclusivenews.com.br"],"url":"https:\/\/inclusivenews.com.br\/?author=1"}]}},"_links":{"self":[{"href":"https:\/\/inclusivenews.com.br\/index.php?rest_route=\/wp\/v2\/posts\/21432","targetHints":{"allow":["GET"]}}],"collection":[{"href":"https:\/\/inclusivenews.com.br\/index.php?rest_route=\/wp\/v2\/posts"}],"about":[{"href":"https:\/\/inclusivenews.com.br\/index.php?rest_route=\/wp\/v2\/types\/post"}],"author":[{"embeddable":true,"href":"https:\/\/inclusivenews.com.br\/index.php?rest_route=\/wp\/v2\/users\/1"}],"replies":[{"embeddable":true,"href":"https:\/\/inclusivenews.com.br\/index.php?rest_route=%2Fwp%2Fv2%2Fcomments&post=21432"}],"version-history":[{"count":0,"href":"https:\/\/inclusivenews.com.br\/index.php?rest_route=\/wp\/v2\/posts\/21432\/revisions"}],"wp:attachment":[{"href":"https:\/\/inclusivenews.com.br\/index.php?rest_route=%2Fwp%2Fv2%2Fmedia&parent=21432"}],"wp:term":[{"taxonomy":"category","embeddable":true,"href":"https:\/\/inclusivenews.com.br\/index.php?rest_route=%2Fwp%2Fv2%2Fcategories&post=21432"},{"taxonomy":"post_tag","embeddable":true,"href":"https:\/\/inclusivenews.com.br\/index.php?rest_route=%2Fwp%2Fv2%2Ftags&post=21432"}],"curies":[{"name":"wp","href":"https:\/\/api.w.org\/{rel}","templated":true}]}}