{"id":21436,"date":"2011-11-03T06:19:53","date_gmt":"2011-11-03T09:19:53","guid":{"rendered":"http:\/\/www.inclusive.org.br\/?p=21436"},"modified":"2011-11-03T06:19:53","modified_gmt":"2011-11-03T09:19:53","slug":"criancas-com-sindrome-de-down-dao-exemplo-de-socializacao-na-bahia","status":"publish","type":"post","link":"https:\/\/inclusivenews.com.br\/?p=21436","title":{"rendered":"Crian\u00e7as com s\u00edndrome de Down d\u00e3o exemplo de socializa\u00e7\u00e3o na Bahia"},"content":{"rendered":"<p>Ela quer um videogame de presente. Ele tem prefer\u00eancia por carros de brinquedo. Aos 12 e 13 anos, respectivamente, Gabriela e Pedro aguardam a chegada do Dia das Crian\u00e7as, como qualquer outro jovem da mesma idade. Os filhos de Dona Lenalva e Dona Gra\u00e7a nasceram com S\u00edndrome de Down e, mesmo com a defici\u00eancia intelectual, frequentam um col\u00e9gio regular em Salvador.<\/p>\n<div class=\"foto componente_materia midia-largura-225\"><a class=\"moz-txt-link-freetext\" href=\"http:\/\/s.glbimg.com\/jo\/g1\/f\/original\/2011\/10\/11\/pedro.jpg\"><img loading=\"lazy\" decoding=\"async\" class=\"alignnone\" src=\"http:\/\/s.glbimg.com\/jo\/g1\/f\/original\/2011\/10\/11\/pedro.jpg\" alt=\"\" width=\"225\" height=\"300\" \/><\/a><br \/>\n<strong>Pedro, de 13 anos, adora estudar<br \/>\n(Foto: Jairo Gon\u00e7alves\/ G1 BA)<\/strong><\/div>\n<p>\u201cEle n\u00e3o tem nenhum tipo de privil\u00e9gio por ser especial. A \u00fanica diferen\u00e7a para os outros alunos \u00e9 que a avalia\u00e7\u00e3o dele exige um pouco menos, dentro das limita\u00e7\u00f5es dele\u201d, conta orgulhosa a m\u00e3e de Pedro. Para ajudar no aprendizado do filho, Maria Lenalva contratou uma professora particular para dar um refor\u00e7o escolar ao garoto, que ir\u00e1 concluir o 4\u00ba ano fundamental no final de 2011. \u201cAssim como qualquer outra crian\u00e7a, meu filho precisa de acompanhamento para se desenvolver melhor na escola\u201d, diz Dona Lenalva.<\/p>\n<p>Para a pedagoga e especialista em desvios do desenvolvimento Ana Beatriz, ao estudar em uma escola regular a crian\u00e7a com Down aprende a se comunicar melhor, amplia o vocabul\u00e1rio e imita o comportamento social das outras crian\u00e7as, al\u00e9m de ser capaz de assimilar os conte\u00fados que a institui\u00e7\u00e3o ensina. \u201cCom um trabalho paciente e competente dos professores, elas podem sim aprender a ler, escrever, contar\u201d, relata a pedagoga. \u201cElas precisam e querem ir \u00e0 escola, parques, festas de anivers\u00e1rio. Elas aprendem a conviver convivendo. A s\u00edndrome n\u00e3o impede a crian\u00e7a de se comunicar, fazer amigos, muito menos de se comportar como qualquer outra de sua idade\u201d, complementa.<\/p>\n<div class=\"frase-materia componente_materia expandido\">\n<div class=\"frase\">Amigo de todos e considerado um aluno exemplar, Pedro desperta a aten\u00e7\u00e3o dos professores quando o assunto \u00e9 determina\u00e7\u00e3o. \u201cA maior qualidade dele \u00e9 o aceitar, ele n\u00e3o se v\u00ea como down. A persist\u00eancia e interesse dele \u00e9 que faz com que ele se desenvolva cada vez mais\u201d, conta, orgulhosa, a professora Lucimare de Jesus. \u201cNossa rela\u00e7\u00e3o \u00e9 normal, ele \u00e9 muito engra\u00e7ado, esfor\u00e7ado e tem muitos amigos\u201d, avalia Matheus Diniz, de 10 anos, um dos colegas de sala de Pedro. Ao ser perguntado do que mais gosta na escola, a resposta de Pedro \u00e9 imediata: estudar. Al\u00e9m da paix\u00e3o pelos estudos, o garoto tamb\u00e9m compartilha uma paix\u00e3o nacional, o futebol. Para o Dia das Crian\u00e7as, uma boa &#8216;pelada&#8217; est\u00e1 entre os planos do jovem.<\/div>\n<\/div>\n<div class=\"foto componente_materia midia-largura-225\"><a class=\"moz-txt-link-freetext\" href=\"http:\/\/s.glbimg.com\/jo\/g1\/f\/original\/2011\/10\/11\/gabriela.jpg\"><img loading=\"lazy\" decoding=\"async\" class=\"alignnone\" src=\"http:\/\/s.glbimg.com\/jo\/g1\/f\/original\/2011\/10\/11\/gabriela.jpg\" alt=\"\" width=\"225\" height=\"300\" \/><\/a><br \/>\n<strong>Gabriela, de 12 anos, deseja ser<br \/>\nartista (Foto: Jairo Gon\u00e7alves\/ G1 BA)<\/strong><\/div>\n<p><strong>Socializa\u00e7\u00e3o<br \/>\n<\/strong><\/p>\n<p>\u201cEla \u00e9 igual a todo mundo, brincamos todos juntos, principalmente de pega-pega\u201d, conta Filipe Rodrigues. A declara\u00e7\u00e3o do jovem de apenas 7 anos, colega de turma de Gabriela Trindade, mostra a intera\u00e7\u00e3o entre as crian\u00e7as que possuem e as que n\u00e3o possuem a s\u00edndrome. \u201cInclus\u00e3o \u00e9 adaptar a proposta para a crian\u00e7a, independente da defici\u00eancia\u201d, diz Caroline Vanessa, coordenadora da institui\u00e7\u00e3o de ensino que Gabriela e Pedro estudam.<\/p>\n<p>Aluna da 2\u00aa s\u00e9rie do ensino fundamental, Gabriela revela que adora brincar com os colegas no intervalo, e, na hora de estudar, a leitura est\u00e1 entre as atividades que mais gosta. Quando fala de futuro, ela manifesta um desejo comum a outros jovens da mesma idade. \u201cQuero ser atriz. Vou trabalhar na televis\u00e3o\u201d, conta, euf\u00f3rica.<\/p>\n<p>Para a coordenadora da escola, a filha de Gra\u00e7a Ferreira e C\u00e9zar Trindade obteve uma evolu\u00e7\u00e3o social e intelectual significativa em 2011. \u201cQuando ela come\u00e7ou a realizar atividades em grupo, percebeu a import\u00e2ncia do outro e o trabalho melhorou bastante\u201d, destaca.<\/p>\n<p>Segundo a pedagoga Ana Beatriz, quanto mais cedo as crian\u00e7as com Down convivem com outras sem a s\u00edndrome mais naturalmente todos lidam com a situa\u00e7\u00e3o. \u201cCrian\u00e7as n\u00e3o trazem preconceitos nem estere\u00f3tipos, querem apenas brincar e se divertir. Crian\u00e7as com Down s\u00e3o, sobretudo, crian\u00e7as\u201d, conclui a especialista.<\/p>\n<p>Fonte: <a href=\"http:\/\/g1.globo.com\/bahia\/noticia\/2011\/10\/criancas-com-sindrome-de-down-dao-exemplo-de-socializacao-na-bahia.html\">G1<\/a><\/p>\n","protected":false},"excerpt":{"rendered":"<p>Ela quer um videogame de presente. Ele tem prefer\u00eancia por carros de brinquedo. Aos 12 e 13 anos, respectivamente, Gabriela e Pedro aguardam a chegada do Dia das Crian\u00e7as, como qualquer outro jovem da mesma idade. Os filhos de Dona Lenalva e Dona Gra\u00e7a nasceram com S\u00edndrome de Down e, mesmo com a defici\u00eancia intelectual, frequentam um col\u00e9gio regular em Salvador.<\/p>\n","protected":false},"author":1,"featured_media":0,"comment_status":"open","ping_status":"open","sticky":false,"template":"","format":"standard","meta":{"site-container-style":"default","site-container-layout":"default","site-sidebar-layout":"default","disable-article-header":"default","disable-site-header":"default","disable-site-footer":"default","disable-content-area-spacing":"default","footnotes":""},"categories":[38,6,48,4],"tags":[],"class_list":["post-21436","post","type-post","status-publish","format-standard","hentry","category-deficiencia","category-educacao","category-inclusao","category-noticias"],"yoast_head":"<!-- This site is optimized with the Yoast SEO plugin v27.4 - https:\/\/yoast.com\/product\/yoast-seo-wordpress\/ -->\n<title>Crian\u00e7as com s\u00edndrome de Down d\u00e3o exemplo de socializa\u00e7\u00e3o na Bahia -<\/title>\n<meta name=\"robots\" content=\"index, follow, max-snippet:-1, max-image-preview:large, max-video-preview:-1\" \/>\n<link rel=\"canonical\" href=\"https:\/\/inclusivenews.com.br\/?p=21436\" \/>\n<meta property=\"og:locale\" content=\"pt_PT\" \/>\n<meta property=\"og:type\" content=\"article\" \/>\n<meta property=\"og:title\" content=\"Crian\u00e7as com s\u00edndrome de Down d\u00e3o exemplo de socializa\u00e7\u00e3o na Bahia -\" \/>\n<meta property=\"og:description\" content=\"Ela quer um videogame de presente. Ele tem prefer\u00eancia por carros de brinquedo. Aos 12 e 13 anos, respectivamente, Gabriela e Pedro aguardam a chegada do Dia das Crian\u00e7as, como qualquer outro jovem da mesma idade. Os filhos de Dona Lenalva e Dona Gra\u00e7a nasceram com S\u00edndrome de Down e, mesmo com a defici\u00eancia intelectual, frequentam um col\u00e9gio regular em Salvador.\" \/>\n<meta property=\"og:url\" content=\"https:\/\/inclusivenews.com.br\/?p=21436\" \/>\n<meta property=\"article:publisher\" content=\"https:\/\/www.facebook.com\/agenciainclusive\/\" \/>\n<meta property=\"article:published_time\" content=\"2011-11-03T09:19:53+00:00\" \/>\n<meta property=\"og:image\" content=\"http:\/\/s.glbimg.com\/jo\/g1\/f\/original\/2011\/10\/11\/pedro.jpg\" \/>\n<meta name=\"author\" content=\"inclusivenews2024\" \/>\n<meta name=\"twitter:card\" content=\"summary_large_image\" \/>\n<meta name=\"twitter:label1\" content=\"Escrito por\" \/>\n\t<meta name=\"twitter:data1\" content=\"inclusivenews2024\" \/>\n\t<meta name=\"twitter:label2\" content=\"Tempo estimado de leitura\" \/>\n\t<meta name=\"twitter:data2\" content=\"3 minutos\" \/>\n<script type=\"application\/ld+json\" class=\"yoast-schema-graph\">{\"@context\":\"https:\\\/\\\/schema.org\",\"@graph\":[{\"@type\":\"Article\",\"@id\":\"https:\\\/\\\/inclusivenews.com.br\\\/?p=21436#article\",\"isPartOf\":{\"@id\":\"https:\\\/\\\/inclusivenews.com.br\\\/?p=21436\"},\"author\":{\"name\":\"inclusivenews2024\",\"@id\":\"https:\\\/\\\/inclusivenews.com.br\\\/#\\\/schema\\\/person\\\/ae4ec7087559b8692fb33b6fffd2273b\"},\"headline\":\"Crian\u00e7as com s\u00edndrome de Down d\u00e3o exemplo de socializa\u00e7\u00e3o na Bahia\",\"datePublished\":\"2011-11-03T09:19:53+00:00\",\"mainEntityOfPage\":{\"@id\":\"https:\\\/\\\/inclusivenews.com.br\\\/?p=21436\"},\"wordCount\":674,\"commentCount\":0,\"publisher\":{\"@id\":\"https:\\\/\\\/inclusivenews.com.br\\\/#organization\"},\"image\":{\"@id\":\"https:\\\/\\\/inclusivenews.com.br\\\/?p=21436#primaryimage\"},\"thumbnailUrl\":\"http:\\\/\\\/s.glbimg.com\\\/jo\\\/g1\\\/f\\\/original\\\/2011\\\/10\\\/11\\\/pedro.jpg\",\"articleSection\":[\"Defici\u00eancia\",\"EDUCA\u00c7\u00c3O\",\"INCLUS\u00c3O SOCIAL\",\"NOT\u00cdCIAS\"],\"inLanguage\":\"pt-PT\",\"potentialAction\":[{\"@type\":\"CommentAction\",\"name\":\"Comment\",\"target\":[\"https:\\\/\\\/inclusivenews.com.br\\\/?p=21436#respond\"]}]},{\"@type\":\"WebPage\",\"@id\":\"https:\\\/\\\/inclusivenews.com.br\\\/?p=21436\",\"url\":\"https:\\\/\\\/inclusivenews.com.br\\\/?p=21436\",\"name\":\"Crian\u00e7as com s\u00edndrome de Down d\u00e3o exemplo de socializa\u00e7\u00e3o na Bahia -\",\"isPartOf\":{\"@id\":\"https:\\\/\\\/inclusivenews.com.br\\\/#website\"},\"primaryImageOfPage\":{\"@id\":\"https:\\\/\\\/inclusivenews.com.br\\\/?p=21436#primaryimage\"},\"image\":{\"@id\":\"https:\\\/\\\/inclusivenews.com.br\\\/?p=21436#primaryimage\"},\"thumbnailUrl\":\"http:\\\/\\\/s.glbimg.com\\\/jo\\\/g1\\\/f\\\/original\\\/2011\\\/10\\\/11\\\/pedro.jpg\",\"datePublished\":\"2011-11-03T09:19:53+00:00\",\"breadcrumb\":{\"@id\":\"https:\\\/\\\/inclusivenews.com.br\\\/?p=21436#breadcrumb\"},\"inLanguage\":\"pt-PT\",\"potentialAction\":[{\"@type\":\"ReadAction\",\"target\":[\"https:\\\/\\\/inclusivenews.com.br\\\/?p=21436\"]}]},{\"@type\":\"ImageObject\",\"inLanguage\":\"pt-PT\",\"@id\":\"https:\\\/\\\/inclusivenews.com.br\\\/?p=21436#primaryimage\",\"url\":\"http:\\\/\\\/s.glbimg.com\\\/jo\\\/g1\\\/f\\\/original\\\/2011\\\/10\\\/11\\\/pedro.jpg\",\"contentUrl\":\"http:\\\/\\\/s.glbimg.com\\\/jo\\\/g1\\\/f\\\/original\\\/2011\\\/10\\\/11\\\/pedro.jpg\"},{\"@type\":\"BreadcrumbList\",\"@id\":\"https:\\\/\\\/inclusivenews.com.br\\\/?p=21436#breadcrumb\",\"itemListElement\":[{\"@type\":\"ListItem\",\"position\":1,\"name\":\"In\u00edcio\",\"item\":\"https:\\\/\\\/inclusivenews.com.br\\\/\"},{\"@type\":\"ListItem\",\"position\":2,\"name\":\"Crian\u00e7as com s\u00edndrome de Down d\u00e3o exemplo de socializa\u00e7\u00e3o na Bahia\"}]},{\"@type\":\"WebSite\",\"@id\":\"https:\\\/\\\/inclusivenews.com.br\\\/#website\",\"url\":\"https:\\\/\\\/inclusivenews.com.br\\\/\",\"name\":\"Inclusive News\",\"description\":\"Inclusive News\",\"publisher\":{\"@id\":\"https:\\\/\\\/inclusivenews.com.br\\\/#organization\"},\"potentialAction\":[{\"@type\":\"SearchAction\",\"target\":{\"@type\":\"EntryPoint\",\"urlTemplate\":\"https:\\\/\\\/inclusivenews.com.br\\\/?s={search_term_string}\"},\"query-input\":{\"@type\":\"PropertyValueSpecification\",\"valueRequired\":true,\"valueName\":\"search_term_string\"}}],\"inLanguage\":\"pt-PT\"},{\"@type\":\"Organization\",\"@id\":\"https:\\\/\\\/inclusivenews.com.br\\\/#organization\",\"name\":\"Inclusive - inclus\u00e3o e cidadania\",\"url\":\"https:\\\/\\\/inclusivenews.com.br\\\/\",\"logo\":{\"@type\":\"ImageObject\",\"inLanguage\":\"pt-PT\",\"@id\":\"https:\\\/\\\/inclusivenews.com.br\\\/#\\\/schema\\\/logo\\\/image\\\/\",\"url\":\"https:\\\/\\\/inclusivenews.com.br\\\/wp-content\\\/uploads\\\/2024\\\/03\\\/@grandesite.png\",\"contentUrl\":\"https:\\\/\\\/inclusivenews.com.br\\\/wp-content\\\/uploads\\\/2024\\\/03\\\/@grandesite.png\",\"width\":1080,\"height\":1080,\"caption\":\"Inclusive - inclus\u00e3o e cidadania\"},\"image\":{\"@id\":\"https:\\\/\\\/inclusivenews.com.br\\\/#\\\/schema\\\/logo\\\/image\\\/\"},\"sameAs\":[\"https:\\\/\\\/www.facebook.com\\\/agenciainclusive\\\/\",\"https:\\\/\\\/www.instagram.com\\\/newsinclusive\\\/\"]},{\"@type\":\"Person\",\"@id\":\"https:\\\/\\\/inclusivenews.com.br\\\/#\\\/schema\\\/person\\\/ae4ec7087559b8692fb33b6fffd2273b\",\"name\":\"inclusivenews2024\",\"image\":{\"@type\":\"ImageObject\",\"inLanguage\":\"pt-PT\",\"@id\":\"https:\\\/\\\/secure.gravatar.com\\\/avatar\\\/c5a7ef84c66fa914f55bc4f7ce26cfa275a3b9a1c5568b907bd184fb4dde7b40?s=96&d=mm&r=g\",\"url\":\"https:\\\/\\\/secure.gravatar.com\\\/avatar\\\/c5a7ef84c66fa914f55bc4f7ce26cfa275a3b9a1c5568b907bd184fb4dde7b40?s=96&d=mm&r=g\",\"contentUrl\":\"https:\\\/\\\/secure.gravatar.com\\\/avatar\\\/c5a7ef84c66fa914f55bc4f7ce26cfa275a3b9a1c5568b907bd184fb4dde7b40?s=96&d=mm&r=g\",\"caption\":\"inclusivenews2024\"},\"sameAs\":[\"https:\\\/\\\/inclusivenews.com.br\"],\"url\":\"https:\\\/\\\/inclusivenews.com.br\\\/?author=1\"}]}<\/script>\n<!-- \/ Yoast SEO plugin. -->","yoast_head_json":{"title":"Crian\u00e7as com s\u00edndrome de Down d\u00e3o exemplo de socializa\u00e7\u00e3o na Bahia -","robots":{"index":"index","follow":"follow","max-snippet":"max-snippet:-1","max-image-preview":"max-image-preview:large","max-video-preview":"max-video-preview:-1"},"canonical":"https:\/\/inclusivenews.com.br\/?p=21436","og_locale":"pt_PT","og_type":"article","og_title":"Crian\u00e7as com s\u00edndrome de Down d\u00e3o exemplo de socializa\u00e7\u00e3o na Bahia -","og_description":"Ela quer um videogame de presente. Ele tem prefer\u00eancia por carros de brinquedo. Aos 12 e 13 anos, respectivamente, Gabriela e Pedro aguardam a chegada do Dia das Crian\u00e7as, como qualquer outro jovem da mesma idade. Os filhos de Dona Lenalva e Dona Gra\u00e7a nasceram com S\u00edndrome de Down e, mesmo com a defici\u00eancia intelectual, frequentam um col\u00e9gio regular em Salvador.","og_url":"https:\/\/inclusivenews.com.br\/?p=21436","article_publisher":"https:\/\/www.facebook.com\/agenciainclusive\/","article_published_time":"2011-11-03T09:19:53+00:00","og_image":[{"url":"http:\/\/s.glbimg.com\/jo\/g1\/f\/original\/2011\/10\/11\/pedro.jpg","type":"","width":"","height":""}],"author":"inclusivenews2024","twitter_card":"summary_large_image","twitter_misc":{"Escrito por":"inclusivenews2024","Tempo estimado de leitura":"3 minutos"},"schema":{"@context":"https:\/\/schema.org","@graph":[{"@type":"Article","@id":"https:\/\/inclusivenews.com.br\/?p=21436#article","isPartOf":{"@id":"https:\/\/inclusivenews.com.br\/?p=21436"},"author":{"name":"inclusivenews2024","@id":"https:\/\/inclusivenews.com.br\/#\/schema\/person\/ae4ec7087559b8692fb33b6fffd2273b"},"headline":"Crian\u00e7as com s\u00edndrome de Down d\u00e3o exemplo de socializa\u00e7\u00e3o na Bahia","datePublished":"2011-11-03T09:19:53+00:00","mainEntityOfPage":{"@id":"https:\/\/inclusivenews.com.br\/?p=21436"},"wordCount":674,"commentCount":0,"publisher":{"@id":"https:\/\/inclusivenews.com.br\/#organization"},"image":{"@id":"https:\/\/inclusivenews.com.br\/?p=21436#primaryimage"},"thumbnailUrl":"http:\/\/s.glbimg.com\/jo\/g1\/f\/original\/2011\/10\/11\/pedro.jpg","articleSection":["Defici\u00eancia","EDUCA\u00c7\u00c3O","INCLUS\u00c3O SOCIAL","NOT\u00cdCIAS"],"inLanguage":"pt-PT","potentialAction":[{"@type":"CommentAction","name":"Comment","target":["https:\/\/inclusivenews.com.br\/?p=21436#respond"]}]},{"@type":"WebPage","@id":"https:\/\/inclusivenews.com.br\/?p=21436","url":"https:\/\/inclusivenews.com.br\/?p=21436","name":"Crian\u00e7as com s\u00edndrome de Down d\u00e3o exemplo de socializa\u00e7\u00e3o na Bahia -","isPartOf":{"@id":"https:\/\/inclusivenews.com.br\/#website"},"primaryImageOfPage":{"@id":"https:\/\/inclusivenews.com.br\/?p=21436#primaryimage"},"image":{"@id":"https:\/\/inclusivenews.com.br\/?p=21436#primaryimage"},"thumbnailUrl":"http:\/\/s.glbimg.com\/jo\/g1\/f\/original\/2011\/10\/11\/pedro.jpg","datePublished":"2011-11-03T09:19:53+00:00","breadcrumb":{"@id":"https:\/\/inclusivenews.com.br\/?p=21436#breadcrumb"},"inLanguage":"pt-PT","potentialAction":[{"@type":"ReadAction","target":["https:\/\/inclusivenews.com.br\/?p=21436"]}]},{"@type":"ImageObject","inLanguage":"pt-PT","@id":"https:\/\/inclusivenews.com.br\/?p=21436#primaryimage","url":"http:\/\/s.glbimg.com\/jo\/g1\/f\/original\/2011\/10\/11\/pedro.jpg","contentUrl":"http:\/\/s.glbimg.com\/jo\/g1\/f\/original\/2011\/10\/11\/pedro.jpg"},{"@type":"BreadcrumbList","@id":"https:\/\/inclusivenews.com.br\/?p=21436#breadcrumb","itemListElement":[{"@type":"ListItem","position":1,"name":"In\u00edcio","item":"https:\/\/inclusivenews.com.br\/"},{"@type":"ListItem","position":2,"name":"Crian\u00e7as com s\u00edndrome de Down d\u00e3o exemplo de socializa\u00e7\u00e3o na Bahia"}]},{"@type":"WebSite","@id":"https:\/\/inclusivenews.com.br\/#website","url":"https:\/\/inclusivenews.com.br\/","name":"Inclusive News","description":"Inclusive News","publisher":{"@id":"https:\/\/inclusivenews.com.br\/#organization"},"potentialAction":[{"@type":"SearchAction","target":{"@type":"EntryPoint","urlTemplate":"https:\/\/inclusivenews.com.br\/?s={search_term_string}"},"query-input":{"@type":"PropertyValueSpecification","valueRequired":true,"valueName":"search_term_string"}}],"inLanguage":"pt-PT"},{"@type":"Organization","@id":"https:\/\/inclusivenews.com.br\/#organization","name":"Inclusive - inclus\u00e3o e cidadania","url":"https:\/\/inclusivenews.com.br\/","logo":{"@type":"ImageObject","inLanguage":"pt-PT","@id":"https:\/\/inclusivenews.com.br\/#\/schema\/logo\/image\/","url":"https:\/\/inclusivenews.com.br\/wp-content\/uploads\/2024\/03\/@grandesite.png","contentUrl":"https:\/\/inclusivenews.com.br\/wp-content\/uploads\/2024\/03\/@grandesite.png","width":1080,"height":1080,"caption":"Inclusive - inclus\u00e3o e cidadania"},"image":{"@id":"https:\/\/inclusivenews.com.br\/#\/schema\/logo\/image\/"},"sameAs":["https:\/\/www.facebook.com\/agenciainclusive\/","https:\/\/www.instagram.com\/newsinclusive\/"]},{"@type":"Person","@id":"https:\/\/inclusivenews.com.br\/#\/schema\/person\/ae4ec7087559b8692fb33b6fffd2273b","name":"inclusivenews2024","image":{"@type":"ImageObject","inLanguage":"pt-PT","@id":"https:\/\/secure.gravatar.com\/avatar\/c5a7ef84c66fa914f55bc4f7ce26cfa275a3b9a1c5568b907bd184fb4dde7b40?s=96&d=mm&r=g","url":"https:\/\/secure.gravatar.com\/avatar\/c5a7ef84c66fa914f55bc4f7ce26cfa275a3b9a1c5568b907bd184fb4dde7b40?s=96&d=mm&r=g","contentUrl":"https:\/\/secure.gravatar.com\/avatar\/c5a7ef84c66fa914f55bc4f7ce26cfa275a3b9a1c5568b907bd184fb4dde7b40?s=96&d=mm&r=g","caption":"inclusivenews2024"},"sameAs":["https:\/\/inclusivenews.com.br"],"url":"https:\/\/inclusivenews.com.br\/?author=1"}]}},"_links":{"self":[{"href":"https:\/\/inclusivenews.com.br\/index.php?rest_route=\/wp\/v2\/posts\/21436","targetHints":{"allow":["GET"]}}],"collection":[{"href":"https:\/\/inclusivenews.com.br\/index.php?rest_route=\/wp\/v2\/posts"}],"about":[{"href":"https:\/\/inclusivenews.com.br\/index.php?rest_route=\/wp\/v2\/types\/post"}],"author":[{"embeddable":true,"href":"https:\/\/inclusivenews.com.br\/index.php?rest_route=\/wp\/v2\/users\/1"}],"replies":[{"embeddable":true,"href":"https:\/\/inclusivenews.com.br\/index.php?rest_route=%2Fwp%2Fv2%2Fcomments&post=21436"}],"version-history":[{"count":0,"href":"https:\/\/inclusivenews.com.br\/index.php?rest_route=\/wp\/v2\/posts\/21436\/revisions"}],"wp:attachment":[{"href":"https:\/\/inclusivenews.com.br\/index.php?rest_route=%2Fwp%2Fv2%2Fmedia&parent=21436"}],"wp:term":[{"taxonomy":"category","embeddable":true,"href":"https:\/\/inclusivenews.com.br\/index.php?rest_route=%2Fwp%2Fv2%2Fcategories&post=21436"},{"taxonomy":"post_tag","embeddable":true,"href":"https:\/\/inclusivenews.com.br\/index.php?rest_route=%2Fwp%2Fv2%2Ftags&post=21436"}],"curies":[{"name":"wp","href":"https:\/\/api.w.org\/{rel}","templated":true}]}}