{"id":21439,"date":"2011-11-03T06:16:21","date_gmt":"2011-11-03T09:16:21","guid":{"rendered":"http:\/\/www.inclusive.org.br\/?p=21439"},"modified":"2011-11-03T06:16:21","modified_gmt":"2011-11-03T09:16:21","slug":"trabalho-escravo-brasil-avancou-no-combate-mas-nao-e-modelo","status":"publish","type":"post","link":"https:\/\/inclusivenews.com.br\/?p=21439","title":{"rendered":"Trabalho Escravo: Brasil avan\u00e7ou no combate, mas n\u00e3o \u00e9 modelo"},"content":{"rendered":"<figure style=\"width: 233px\" class=\"wp-caption alignleft\"><img loading=\"lazy\" decoding=\"async\" title=\"M\u00e3os algemadas sobre um livro\" src=\"http:\/\/www.debatesculturais.com.br\/wp-content\/uploads\/Trabalho-escravo.jpg\" alt=\"\" width=\"233\" height=\"175\" \/><figcaption class=\"wp-caption-text\"> <\/figcaption><\/figure>\n<p>Desde 1995, quando reconheceu oficialmente a exist\u00eancia de trabalho  an\u00e1logo \u00e0 escravid\u00e3o, o Brasil tem avan\u00e7ado no combate \u00e0 explora\u00e7\u00e3o de  trabalhadores, mas ainda precisa ampliar as pol\u00edticas para diminuir a  vulnerabilidade social das v\u00edtimas e garantir a puni\u00e7\u00e3o dos criminosos. A  an\u00e1lise \u00e9 da Organiza\u00e7\u00e3o Internacional do Trabalho (OIT), que divulgou no \u00faltimo 25 de outubro um estudo com o perfil dos atores envolvidos no trabalho  escravo rural no Brasil: as v\u00edtimas, os intermedi\u00e1rios e os  empregadores.<\/p>\n<p>\u201cO Brasil j\u00e1 foi mencionado como modelo. N\u00e3o \u00e9 modelo nem exemplo,  porque ainda n\u00e3o erradicou o trabalho escravo. Mas tem mecanismos que  s\u00e3o refer\u00eancia e a OIT reconhece avan\u00e7os do Brasil em rela\u00e7\u00e3o a outros  pa\u00edses\u201d, ponderou o coordenador do Projeto de Combate ao Trabalho  Escravo da OIT, Luiz Antonio Machado.<\/p>\n<p>Entre as pol\u00edticas de combate \u00e0 escravid\u00e3o contempor\u00e2nea que t\u00eam dado  resultados no cen\u00e1rio brasileiro est\u00e3o a cria\u00e7\u00e3o dos grupos m\u00f3veis de  fiscaliza\u00e7\u00e3o, a Lista Suja (cadastro que agrupa nomes de empregadores  flagrados na explora\u00e7\u00e3o de trabalhadores em condi\u00e7\u00e3o an\u00e1loga \u00e0  escravid\u00e3o), e o Pacto Nacional, compromisso volunt\u00e1rio que integra a  cadeia produtiva para boicotar produtos com origem de fazendas da Lista  Suja.<\/p>\n<p>A impunidade, segundo a OIT, ainda \u00e9 um dos principais gargalos do  enfrentamento do trabalho escravo no Brasil. \u201cA puni\u00e7\u00e3o efetiva dos  escravagistas \u00e9 um dos elementos que faltam para uma mudan\u00e7a definitiva  nesse cen\u00e1rio\u201d, cita o documento. \u201cAs leis existem, mas as condena\u00e7\u00f5es  criminais n\u00e3o est\u00e3o acontecendo\u201d, avalia Machado.<\/p>\n<p>A aprova\u00e7\u00e3o da Proposta de Emenda Constitucional (PEC) 438, que  tramita no Congresso Nacional desde 2001, poderia fortalecer o combate a  esse crime. Conhecido como PEC do Trabalho Escravo, o texto prev\u00ea a  expropria\u00e7\u00e3o da terra em que ficar comprovada a explora\u00e7\u00e3o de trabalho  escravo. Aprovado em primeiro turno em 2004, a PEC espera vota\u00e7\u00e3o no  plen\u00e1rio na C\u00e2mara h\u00e1 mais de seis anos. \u201cA principal resist\u00eancia est\u00e1  na bancada ruralista, por causa do hist\u00f3rico de trabalho escravo, sempre  concentrado no setor rural\u201d, avalia Machado.<\/p>\n<p>Para o coordenador, o combate ao trabalho escravo precisa virar uma  causa e ganhar o apoio popular, mobilizar a sociedade consumidora,  principalmente a que est\u00e1 nos centros urbanos. \u201cO que a gente consome, o  que a gente veste, o que a gente usa tem origem. E muitas vezes est\u00e1 no  campo, com um trabalhador explorado, escravizado. Quando a sociedade  perceber que a gente n\u00e3o pode consumir produtos oriundos do trabalho  escravo, consumidores se mobilizarem com o tema, a PEC pode ganhar  for\u00e7a\u201d, aposta.<\/p>\n<p>A assist\u00eancia aos trabalhadores resgatados de situa\u00e7\u00e3o an\u00e1loga \u00e0  escravid\u00e3o tamb\u00e9m precisa ser fortalecida, segundo a OIT. Entre os  trabalhadores entrevistados para o levantamento dos perfis, 59,7% j\u00e1  haviam passado anteriormente por situa\u00e7\u00e3o de trabalho escravo. \u201cO  desafio do Brasil \u00e9 complementar os louv\u00e1veis esfor\u00e7os no combate \u00e0  escravid\u00e3o com estrat\u00e9gias eficazes de preven\u00e7\u00e3o e reabilita\u00e7\u00e3o\u201d, sugere  o documento.<\/p>\n<p>A OIT ressalta a necessidade de manuten\u00e7\u00e3o e amplia\u00e7\u00e3o do Grupo  Especial de Fiscaliza\u00e7\u00e3o M\u00f3vel, ligado ao Minist\u00e9rio do Trabalho, que,  desde 1995, resgatou mais de 40 mil trabalhadores e trabalhadoras em  situa\u00e7\u00e3o an\u00e1loga \u00e0 escravid\u00e3o. \u201cA fiscaliza\u00e7\u00e3o \u00e9 feita com base em  den\u00fancias, mas muitas vezes os trabalhadores ficam de fato presos,  isolados geograficamente, por isso a import\u00e2ncia do grupo m\u00f3vel chegar a  esses locais\u201d, avaliou Machado.<\/p>\n<p>Apesar do foco no trabalho escravo rural, a OIT reconhece o avan\u00e7o do  problema tamb\u00e9m nos centros urbanos, segundo Machado. Nesses cen\u00e1rios, a  maior parte dos casos est\u00e1 na constru\u00e7\u00e3o civil e no setor t\u00eaxtil \u201cN\u00e3o \u00e9  exclusividade de nenhuma regi\u00e3o. O trabalho escravo est\u00e1 espalhado pelo  pa\u00eds inteiro, inclusive no meio urbano, como aconteceu nas confec\u00e7\u00f5es  de S\u00e3o Paulo [flagradas recentemente]\u201d.<\/p>\n<p><a href=\"http:\/\/agenciabrasil.ebc.com.br\/ckfinder\/userfiles\/images\/Infograficos\/Perfil-do-trabalho-escravo.jpg\"><img loading=\"lazy\" decoding=\"async\" src=\"http:\/\/agenciabrasil.ebc.com.br\/ckfinder\/userfiles\/images\/Infograficos\/Perfil-do-trabalho-escravo.jpg\" alt=\"\" width=\"518\" height=\"646\" \/><\/a><\/p>\n<p>Fonte: <a href=\"http:\/\/agenciabrasil.ebc.com.br\/noticia\/2011-10-25\/trabalho-escravo-brasil-avancou-no-combate-mas-nao-e-modelo\">Ag\u00eancia Brasil<\/a><\/p>\n","protected":false},"excerpt":{"rendered":"<p>Desde 1995, quando reconheceu oficialmente a exist\u00eancia de trabalho an\u00e1logo \u00e0 escravid\u00e3o, o Brasil tem avan\u00e7ado no combate \u00e0 explora\u00e7\u00e3o de trabalhadores, mas ainda precisa ampliar as pol\u00edticas para diminuir a vulnerabilidade social das v\u00edtimas e garantir a puni\u00e7\u00e3o dos criminosos.<\/p>\n","protected":false},"author":1,"featured_media":0,"comment_status":"open","ping_status":"open","sticky":false,"template":"","format":"standard","meta":{"site-container-style":"default","site-container-layout":"default","site-sidebar-layout":"default","disable-article-header":"default","disable-site-header":"default","disable-site-footer":"default","disable-content-area-spacing":"default","footnotes":""},"categories":[11,4],"tags":[],"class_list":["post-21439","post","type-post","status-publish","format-standard","hentry","category-direitos-humanos","category-noticias"],"yoast_head":"<!-- This site is optimized with the Yoast SEO plugin v27.4 - https:\/\/yoast.com\/product\/yoast-seo-wordpress\/ -->\n<title>Trabalho Escravo: Brasil avan\u00e7ou no combate, mas n\u00e3o \u00e9 modelo -<\/title>\n<meta name=\"robots\" content=\"index, follow, max-snippet:-1, max-image-preview:large, max-video-preview:-1\" \/>\n<link rel=\"canonical\" href=\"https:\/\/inclusivenews.com.br\/?p=21439\" \/>\n<meta property=\"og:locale\" content=\"pt_PT\" \/>\n<meta property=\"og:type\" content=\"article\" \/>\n<meta property=\"og:title\" content=\"Trabalho Escravo: Brasil avan\u00e7ou no combate, mas n\u00e3o \u00e9 modelo -\" \/>\n<meta property=\"og:description\" content=\"Desde 1995, quando reconheceu oficialmente a exist\u00eancia de trabalho an\u00e1logo \u00e0 escravid\u00e3o, o Brasil tem avan\u00e7ado no combate \u00e0 explora\u00e7\u00e3o de trabalhadores, mas ainda precisa ampliar as pol\u00edticas para diminuir a vulnerabilidade social das v\u00edtimas e garantir a puni\u00e7\u00e3o dos criminosos.\" \/>\n<meta property=\"og:url\" content=\"https:\/\/inclusivenews.com.br\/?p=21439\" \/>\n<meta property=\"article:publisher\" content=\"https:\/\/www.facebook.com\/agenciainclusive\/\" \/>\n<meta property=\"article:published_time\" content=\"2011-11-03T09:16:21+00:00\" \/>\n<meta property=\"og:image\" content=\"http:\/\/www.debatesculturais.com.br\/wp-content\/uploads\/Trabalho-escravo.jpg\" \/>\n<meta name=\"author\" content=\"inclusivenews2024\" \/>\n<meta name=\"twitter:card\" content=\"summary_large_image\" \/>\n<meta name=\"twitter:label1\" content=\"Escrito por\" \/>\n\t<meta name=\"twitter:data1\" content=\"inclusivenews2024\" \/>\n\t<meta name=\"twitter:label2\" content=\"Tempo estimado de leitura\" \/>\n\t<meta name=\"twitter:data2\" content=\"3 minutos\" \/>\n<script type=\"application\/ld+json\" class=\"yoast-schema-graph\">{\"@context\":\"https:\\\/\\\/schema.org\",\"@graph\":[{\"@type\":\"Article\",\"@id\":\"https:\\\/\\\/inclusivenews.com.br\\\/?p=21439#article\",\"isPartOf\":{\"@id\":\"https:\\\/\\\/inclusivenews.com.br\\\/?p=21439\"},\"author\":{\"name\":\"inclusivenews2024\",\"@id\":\"https:\\\/\\\/inclusivenews.com.br\\\/#\\\/schema\\\/person\\\/ae4ec7087559b8692fb33b6fffd2273b\"},\"headline\":\"Trabalho Escravo: Brasil avan\u00e7ou no combate, mas n\u00e3o \u00e9 modelo\",\"datePublished\":\"2011-11-03T09:16:21+00:00\",\"mainEntityOfPage\":{\"@id\":\"https:\\\/\\\/inclusivenews.com.br\\\/?p=21439\"},\"wordCount\":683,\"commentCount\":0,\"publisher\":{\"@id\":\"https:\\\/\\\/inclusivenews.com.br\\\/#organization\"},\"image\":{\"@id\":\"https:\\\/\\\/inclusivenews.com.br\\\/?p=21439#primaryimage\"},\"thumbnailUrl\":\"http:\\\/\\\/www.debatesculturais.com.br\\\/wp-content\\\/uploads\\\/Trabalho-escravo.jpg\",\"articleSection\":[\"DIREITOS HUMANOS\",\"NOT\u00cdCIAS\"],\"inLanguage\":\"pt-PT\",\"potentialAction\":[{\"@type\":\"CommentAction\",\"name\":\"Comment\",\"target\":[\"https:\\\/\\\/inclusivenews.com.br\\\/?p=21439#respond\"]}]},{\"@type\":\"WebPage\",\"@id\":\"https:\\\/\\\/inclusivenews.com.br\\\/?p=21439\",\"url\":\"https:\\\/\\\/inclusivenews.com.br\\\/?p=21439\",\"name\":\"Trabalho Escravo: Brasil avan\u00e7ou no combate, mas n\u00e3o \u00e9 modelo -\",\"isPartOf\":{\"@id\":\"https:\\\/\\\/inclusivenews.com.br\\\/#website\"},\"primaryImageOfPage\":{\"@id\":\"https:\\\/\\\/inclusivenews.com.br\\\/?p=21439#primaryimage\"},\"image\":{\"@id\":\"https:\\\/\\\/inclusivenews.com.br\\\/?p=21439#primaryimage\"},\"thumbnailUrl\":\"http:\\\/\\\/www.debatesculturais.com.br\\\/wp-content\\\/uploads\\\/Trabalho-escravo.jpg\",\"datePublished\":\"2011-11-03T09:16:21+00:00\",\"breadcrumb\":{\"@id\":\"https:\\\/\\\/inclusivenews.com.br\\\/?p=21439#breadcrumb\"},\"inLanguage\":\"pt-PT\",\"potentialAction\":[{\"@type\":\"ReadAction\",\"target\":[\"https:\\\/\\\/inclusivenews.com.br\\\/?p=21439\"]}]},{\"@type\":\"ImageObject\",\"inLanguage\":\"pt-PT\",\"@id\":\"https:\\\/\\\/inclusivenews.com.br\\\/?p=21439#primaryimage\",\"url\":\"http:\\\/\\\/www.debatesculturais.com.br\\\/wp-content\\\/uploads\\\/Trabalho-escravo.jpg\",\"contentUrl\":\"http:\\\/\\\/www.debatesculturais.com.br\\\/wp-content\\\/uploads\\\/Trabalho-escravo.jpg\"},{\"@type\":\"BreadcrumbList\",\"@id\":\"https:\\\/\\\/inclusivenews.com.br\\\/?p=21439#breadcrumb\",\"itemListElement\":[{\"@type\":\"ListItem\",\"position\":1,\"name\":\"In\u00edcio\",\"item\":\"https:\\\/\\\/inclusivenews.com.br\\\/\"},{\"@type\":\"ListItem\",\"position\":2,\"name\":\"Trabalho Escravo: Brasil avan\u00e7ou no combate, mas n\u00e3o \u00e9 modelo\"}]},{\"@type\":\"WebSite\",\"@id\":\"https:\\\/\\\/inclusivenews.com.br\\\/#website\",\"url\":\"https:\\\/\\\/inclusivenews.com.br\\\/\",\"name\":\"Inclusive News\",\"description\":\"Inclusive News\",\"publisher\":{\"@id\":\"https:\\\/\\\/inclusivenews.com.br\\\/#organization\"},\"potentialAction\":[{\"@type\":\"SearchAction\",\"target\":{\"@type\":\"EntryPoint\",\"urlTemplate\":\"https:\\\/\\\/inclusivenews.com.br\\\/?s={search_term_string}\"},\"query-input\":{\"@type\":\"PropertyValueSpecification\",\"valueRequired\":true,\"valueName\":\"search_term_string\"}}],\"inLanguage\":\"pt-PT\"},{\"@type\":\"Organization\",\"@id\":\"https:\\\/\\\/inclusivenews.com.br\\\/#organization\",\"name\":\"Inclusive - inclus\u00e3o e cidadania\",\"url\":\"https:\\\/\\\/inclusivenews.com.br\\\/\",\"logo\":{\"@type\":\"ImageObject\",\"inLanguage\":\"pt-PT\",\"@id\":\"https:\\\/\\\/inclusivenews.com.br\\\/#\\\/schema\\\/logo\\\/image\\\/\",\"url\":\"https:\\\/\\\/inclusivenews.com.br\\\/wp-content\\\/uploads\\\/2024\\\/03\\\/@grandesite.png\",\"contentUrl\":\"https:\\\/\\\/inclusivenews.com.br\\\/wp-content\\\/uploads\\\/2024\\\/03\\\/@grandesite.png\",\"width\":1080,\"height\":1080,\"caption\":\"Inclusive - inclus\u00e3o e cidadania\"},\"image\":{\"@id\":\"https:\\\/\\\/inclusivenews.com.br\\\/#\\\/schema\\\/logo\\\/image\\\/\"},\"sameAs\":[\"https:\\\/\\\/www.facebook.com\\\/agenciainclusive\\\/\",\"https:\\\/\\\/www.instagram.com\\\/newsinclusive\\\/\"]},{\"@type\":\"Person\",\"@id\":\"https:\\\/\\\/inclusivenews.com.br\\\/#\\\/schema\\\/person\\\/ae4ec7087559b8692fb33b6fffd2273b\",\"name\":\"inclusivenews2024\",\"image\":{\"@type\":\"ImageObject\",\"inLanguage\":\"pt-PT\",\"@id\":\"https:\\\/\\\/secure.gravatar.com\\\/avatar\\\/c5a7ef84c66fa914f55bc4f7ce26cfa275a3b9a1c5568b907bd184fb4dde7b40?s=96&d=mm&r=g\",\"url\":\"https:\\\/\\\/secure.gravatar.com\\\/avatar\\\/c5a7ef84c66fa914f55bc4f7ce26cfa275a3b9a1c5568b907bd184fb4dde7b40?s=96&d=mm&r=g\",\"contentUrl\":\"https:\\\/\\\/secure.gravatar.com\\\/avatar\\\/c5a7ef84c66fa914f55bc4f7ce26cfa275a3b9a1c5568b907bd184fb4dde7b40?s=96&d=mm&r=g\",\"caption\":\"inclusivenews2024\"},\"sameAs\":[\"https:\\\/\\\/inclusivenews.com.br\"],\"url\":\"https:\\\/\\\/inclusivenews.com.br\\\/?author=1\"}]}<\/script>\n<!-- \/ Yoast SEO plugin. -->","yoast_head_json":{"title":"Trabalho Escravo: Brasil avan\u00e7ou no combate, mas n\u00e3o \u00e9 modelo -","robots":{"index":"index","follow":"follow","max-snippet":"max-snippet:-1","max-image-preview":"max-image-preview:large","max-video-preview":"max-video-preview:-1"},"canonical":"https:\/\/inclusivenews.com.br\/?p=21439","og_locale":"pt_PT","og_type":"article","og_title":"Trabalho Escravo: Brasil avan\u00e7ou no combate, mas n\u00e3o \u00e9 modelo -","og_description":"Desde 1995, quando reconheceu oficialmente a exist\u00eancia de trabalho an\u00e1logo \u00e0 escravid\u00e3o, o Brasil tem avan\u00e7ado no combate \u00e0 explora\u00e7\u00e3o de trabalhadores, mas ainda precisa ampliar as pol\u00edticas para diminuir a vulnerabilidade social das v\u00edtimas e garantir a puni\u00e7\u00e3o dos criminosos.","og_url":"https:\/\/inclusivenews.com.br\/?p=21439","article_publisher":"https:\/\/www.facebook.com\/agenciainclusive\/","article_published_time":"2011-11-03T09:16:21+00:00","og_image":[{"url":"http:\/\/www.debatesculturais.com.br\/wp-content\/uploads\/Trabalho-escravo.jpg","type":"","width":"","height":""}],"author":"inclusivenews2024","twitter_card":"summary_large_image","twitter_misc":{"Escrito por":"inclusivenews2024","Tempo estimado de leitura":"3 minutos"},"schema":{"@context":"https:\/\/schema.org","@graph":[{"@type":"Article","@id":"https:\/\/inclusivenews.com.br\/?p=21439#article","isPartOf":{"@id":"https:\/\/inclusivenews.com.br\/?p=21439"},"author":{"name":"inclusivenews2024","@id":"https:\/\/inclusivenews.com.br\/#\/schema\/person\/ae4ec7087559b8692fb33b6fffd2273b"},"headline":"Trabalho Escravo: Brasil avan\u00e7ou no combate, mas n\u00e3o \u00e9 modelo","datePublished":"2011-11-03T09:16:21+00:00","mainEntityOfPage":{"@id":"https:\/\/inclusivenews.com.br\/?p=21439"},"wordCount":683,"commentCount":0,"publisher":{"@id":"https:\/\/inclusivenews.com.br\/#organization"},"image":{"@id":"https:\/\/inclusivenews.com.br\/?p=21439#primaryimage"},"thumbnailUrl":"http:\/\/www.debatesculturais.com.br\/wp-content\/uploads\/Trabalho-escravo.jpg","articleSection":["DIREITOS HUMANOS","NOT\u00cdCIAS"],"inLanguage":"pt-PT","potentialAction":[{"@type":"CommentAction","name":"Comment","target":["https:\/\/inclusivenews.com.br\/?p=21439#respond"]}]},{"@type":"WebPage","@id":"https:\/\/inclusivenews.com.br\/?p=21439","url":"https:\/\/inclusivenews.com.br\/?p=21439","name":"Trabalho Escravo: Brasil avan\u00e7ou no combate, mas n\u00e3o \u00e9 modelo -","isPartOf":{"@id":"https:\/\/inclusivenews.com.br\/#website"},"primaryImageOfPage":{"@id":"https:\/\/inclusivenews.com.br\/?p=21439#primaryimage"},"image":{"@id":"https:\/\/inclusivenews.com.br\/?p=21439#primaryimage"},"thumbnailUrl":"http:\/\/www.debatesculturais.com.br\/wp-content\/uploads\/Trabalho-escravo.jpg","datePublished":"2011-11-03T09:16:21+00:00","breadcrumb":{"@id":"https:\/\/inclusivenews.com.br\/?p=21439#breadcrumb"},"inLanguage":"pt-PT","potentialAction":[{"@type":"ReadAction","target":["https:\/\/inclusivenews.com.br\/?p=21439"]}]},{"@type":"ImageObject","inLanguage":"pt-PT","@id":"https:\/\/inclusivenews.com.br\/?p=21439#primaryimage","url":"http:\/\/www.debatesculturais.com.br\/wp-content\/uploads\/Trabalho-escravo.jpg","contentUrl":"http:\/\/www.debatesculturais.com.br\/wp-content\/uploads\/Trabalho-escravo.jpg"},{"@type":"BreadcrumbList","@id":"https:\/\/inclusivenews.com.br\/?p=21439#breadcrumb","itemListElement":[{"@type":"ListItem","position":1,"name":"In\u00edcio","item":"https:\/\/inclusivenews.com.br\/"},{"@type":"ListItem","position":2,"name":"Trabalho Escravo: Brasil avan\u00e7ou no combate, mas n\u00e3o \u00e9 modelo"}]},{"@type":"WebSite","@id":"https:\/\/inclusivenews.com.br\/#website","url":"https:\/\/inclusivenews.com.br\/","name":"Inclusive News","description":"Inclusive News","publisher":{"@id":"https:\/\/inclusivenews.com.br\/#organization"},"potentialAction":[{"@type":"SearchAction","target":{"@type":"EntryPoint","urlTemplate":"https:\/\/inclusivenews.com.br\/?s={search_term_string}"},"query-input":{"@type":"PropertyValueSpecification","valueRequired":true,"valueName":"search_term_string"}}],"inLanguage":"pt-PT"},{"@type":"Organization","@id":"https:\/\/inclusivenews.com.br\/#organization","name":"Inclusive - inclus\u00e3o e cidadania","url":"https:\/\/inclusivenews.com.br\/","logo":{"@type":"ImageObject","inLanguage":"pt-PT","@id":"https:\/\/inclusivenews.com.br\/#\/schema\/logo\/image\/","url":"https:\/\/inclusivenews.com.br\/wp-content\/uploads\/2024\/03\/@grandesite.png","contentUrl":"https:\/\/inclusivenews.com.br\/wp-content\/uploads\/2024\/03\/@grandesite.png","width":1080,"height":1080,"caption":"Inclusive - inclus\u00e3o e cidadania"},"image":{"@id":"https:\/\/inclusivenews.com.br\/#\/schema\/logo\/image\/"},"sameAs":["https:\/\/www.facebook.com\/agenciainclusive\/","https:\/\/www.instagram.com\/newsinclusive\/"]},{"@type":"Person","@id":"https:\/\/inclusivenews.com.br\/#\/schema\/person\/ae4ec7087559b8692fb33b6fffd2273b","name":"inclusivenews2024","image":{"@type":"ImageObject","inLanguage":"pt-PT","@id":"https:\/\/secure.gravatar.com\/avatar\/c5a7ef84c66fa914f55bc4f7ce26cfa275a3b9a1c5568b907bd184fb4dde7b40?s=96&d=mm&r=g","url":"https:\/\/secure.gravatar.com\/avatar\/c5a7ef84c66fa914f55bc4f7ce26cfa275a3b9a1c5568b907bd184fb4dde7b40?s=96&d=mm&r=g","contentUrl":"https:\/\/secure.gravatar.com\/avatar\/c5a7ef84c66fa914f55bc4f7ce26cfa275a3b9a1c5568b907bd184fb4dde7b40?s=96&d=mm&r=g","caption":"inclusivenews2024"},"sameAs":["https:\/\/inclusivenews.com.br"],"url":"https:\/\/inclusivenews.com.br\/?author=1"}]}},"_links":{"self":[{"href":"https:\/\/inclusivenews.com.br\/index.php?rest_route=\/wp\/v2\/posts\/21439","targetHints":{"allow":["GET"]}}],"collection":[{"href":"https:\/\/inclusivenews.com.br\/index.php?rest_route=\/wp\/v2\/posts"}],"about":[{"href":"https:\/\/inclusivenews.com.br\/index.php?rest_route=\/wp\/v2\/types\/post"}],"author":[{"embeddable":true,"href":"https:\/\/inclusivenews.com.br\/index.php?rest_route=\/wp\/v2\/users\/1"}],"replies":[{"embeddable":true,"href":"https:\/\/inclusivenews.com.br\/index.php?rest_route=%2Fwp%2Fv2%2Fcomments&post=21439"}],"version-history":[{"count":0,"href":"https:\/\/inclusivenews.com.br\/index.php?rest_route=\/wp\/v2\/posts\/21439\/revisions"}],"wp:attachment":[{"href":"https:\/\/inclusivenews.com.br\/index.php?rest_route=%2Fwp%2Fv2%2Fmedia&parent=21439"}],"wp:term":[{"taxonomy":"category","embeddable":true,"href":"https:\/\/inclusivenews.com.br\/index.php?rest_route=%2Fwp%2Fv2%2Fcategories&post=21439"},{"taxonomy":"post_tag","embeddable":true,"href":"https:\/\/inclusivenews.com.br\/index.php?rest_route=%2Fwp%2Fv2%2Ftags&post=21439"}],"curies":[{"name":"wp","href":"https:\/\/api.w.org\/{rel}","templated":true}]}}