{"id":21465,"date":"2011-11-09T15:32:32","date_gmt":"2011-11-09T18:32:32","guid":{"rendered":"http:\/\/www.inclusive.org.br\/?p=21465"},"modified":"2011-11-09T15:32:32","modified_gmt":"2011-11-09T18:32:32","slug":"hoje-no-chile-nada-e-mais-importante-que-educacao-diz-professor","status":"publish","type":"post","link":"https:\/\/inclusivenews.com.br\/?p=21465","title":{"rendered":"&#039;&#039;Hoje no Chile nada \u00e9 mais importante que Educa\u00e7\u00e3o&#039;&#039;, diz professor"},"content":{"rendered":"<figure style=\"width: 220px\" class=\"wp-caption alignleft\"><img loading=\"lazy\" decoding=\"async\" title=\"Mapa do Chile\" src=\"http:\/\/upload.wikimedia.org\/wikipedia\/commons\/thumb\/d\/d1\/Ci-map-CIA.png\/220px-Ci-map-CIA.png\" alt=\"\" width=\"220\" height=\"480\" \/><figcaption class=\"wp-caption-text\"> <\/figcaption><\/figure>\n<p>Atrair talentos para a carreira de professor n\u00e3o \u00e9 uma preocupa\u00e7\u00e3o exclusiva do Brasil. O Chile, tido como refer\u00eancia em educa\u00e7\u00e3o na Am\u00e9rica Latina \u2013 o pa\u00eds obt\u00e9m os melhores resultados em avalia\u00e7\u00f5es internacionais, como o Pisa \u2013 tamb\u00e9m tem dificuldade em atrair para a profiss\u00e3o os melhores alunos do ensino m\u00e9dio e, uma vez que eles j\u00e1 est\u00e3o estudando, oferecer uma boa forma\u00e7\u00e3o aos futuros professores.<\/p>\n<p>Com o intuito de modificar essa realidade, uma a\u00e7\u00e3o p\u00fablico-privada que envolve campanhas publicit\u00e1rias, palestras, visitas a escolas, pesquisas e pol\u00edticas p\u00fablicas chamada Elige Educar est\u00e1 sendo realizada desde 2009.<\/p>\n<p>\u00c0 frente do trabalho que tem metas ambiciosas est\u00e1 o engenheiro civil e graduado em Filosofia pela Pontif\u00edcia Universidade Cat\u00f3lica do Chile Herman Hocchscild, que participa nos dias 7 e 8\/11 do semin\u00e1rio &#8220;Inova\u00e7\u00e3o e Qualidade na Forma\u00e7\u00e3o Inicial de Professores&#8221;, promovido pelo  Instituto Singularidades, no audit\u00f3rio do Clube A Hebraica, em S\u00e3o  Paulo.<\/p>\n<p>Segundo o tamb\u00e9m professor e especialista em educa\u00e7\u00e3o, em um ano a iniciativa conseguiu elevar de 30% para 40% o percentual de estudantes que obteve as melhores notas na avalia\u00e7\u00e3o realizada ao final do col\u00e9gio (o Enem chileno) e escolheu a carreira de professor.<\/p>\n<p>Mas o objetivo \u00e9 bem maior: em cinco anos, Hocchscild quer que a carreira atinja o mesmo n\u00edvel de medicina e engenharia na valoriza\u00e7\u00e3o social e que todos os futuros professores venham do grupo de alunos com desempenho mais alto.<\/p>\n<p>No mesmo momento em que estudantes secundaristas e universit\u00e1rios chilenos se mobilizam em s\u00e9rie de manifesta\u00e7\u00f5es para reivindicar ensino p\u00fablico e gratuito, a campanha ganha grande repercuss\u00e3o. Embora Hocchscild n\u00e3o concorde com o foco dos protestos, ele entende que conseguiram fazer com que a educa\u00e7\u00e3o tenha sido promovida \u00e0 principal pauta do pa\u00eds.<\/p>\n<p>\u201cO problema do movimento estudantil \u00e9 o foco na universidade. Nosso desafio \u00e9 influenciar os professores. A forma\u00e7\u00e3o do professor para o ensino b\u00e1sico \u00e9 o que far\u00e1 a principal mudan\u00e7a no ensino\u201d, defende antes de reconhecer que a agenda dos estudantes promoveu uma maior aten\u00e7\u00e3o e um debate mais qualificado aos problemas do ensino. \u201cHoje, no Chile nada \u00e9 mais importante do que a educa\u00e7\u00e3o\u201d, conta.<\/p>\n<p><strong> <\/strong><\/p>\n<p><strong>Foco nos professores<\/strong><\/p>\n<p>Em entrevista por telefone ao iG, Hocchscild explicou que os pa\u00edses que t\u00eam uma boa educa\u00e7\u00e3o valorizam os professores, atraem talentos para a doc\u00eancia, d\u00e3o boa forma\u00e7\u00e3o e condi\u00e7\u00f5es para se desenvolverem como profissionais pensantes. \u201cNo Chile, as pessoas menosprezam o trabalho de professor, pensam que \u00e9 f\u00e1cil e n\u00e3o requer grandes conhecimentos. Mas n\u00e3o \u00e9 assim\u201d, diz o presidente do Elige Educar.<\/p>\n<p>Na avalia\u00e7\u00e3o do especialista, eles t\u00eam pouco tempo para preparar as classes, qualificar o trabalho e pouca liberdade de aprendizagem. \u201cFalta de efetividade aos professores e parece que no Brasil acontece o mesmo\u201d, palpita.<\/p>\n<p>Mas diferente do que ocorre no Brasil, onde um deficit de professores se aproxima, no pa\u00eds vizinho esse n\u00e3o \u00e9 um problema. Apesar de entre as classes sociais mais altas a carreira ser pouco valorizada, entre as mais baixas muitos optam pela doc\u00eancia. As faculdades oferecem cursos com baixo custo e muitas pessoas sem voca\u00e7\u00e3o acabam estudando para dar aulas porque n\u00e3o v\u00eaem outra oportunidade na vida, segundo ele.<\/p>\n<p>Nos \u00faltimos anos, as matr\u00edculas para carreiras de educa\u00e7\u00e3o cresceram \u2013 existem 190 mil professores formados e outros 110 mil estudando para a carreira. Com o Elige Educar, o n\u00famero de interessados s\u00f3 tende a aumentar porque uma campanha publicit\u00e1ria apresenta depoimentos de professores bem sucedidos em hor\u00e1rio nobre na TV. Hocchscild diz que a quantidade n\u00e3o \u00e9 vista como um problema, mas \u00e9 preciso selecionar os melhores estudantes.<\/p>\n<p>Fonte: <a href=\"http:\/\/www.todospelaeducacao.org.br\/comunicacao-e-midia\/educacao-na-midia\/20035\/hoje-no-chile-nada-e-mais-importante-que-educacao-diz-professor\/\">Todos pela Educa\u00e7\u00e3o<\/a><\/p>\n","protected":false},"excerpt":{"rendered":"<p>Coordenador de a\u00e7\u00e3o para incentivar carreira docente no Chile diz que forma\u00e7\u00e3o do professor \u00e9 o principal agente de mudan\u00e7a.<\/p>\n","protected":false},"author":1,"featured_media":0,"comment_status":"open","ping_status":"open","sticky":false,"template":"","format":"standard","meta":{"site-container-style":"default","site-container-layout":"default","site-sidebar-layout":"default","disable-article-header":"default","disable-site-header":"default","disable-site-footer":"default","disable-content-area-spacing":"default","footnotes":""},"categories":[6,4],"tags":[],"class_list":["post-21465","post","type-post","status-publish","format-standard","hentry","category-educacao","category-noticias"],"yoast_head":"<!-- This site is optimized with the Yoast SEO plugin v27.4 - https:\/\/yoast.com\/product\/yoast-seo-wordpress\/ -->\n<title>&#039;&#039;Hoje no Chile nada \u00e9 mais importante que Educa\u00e7\u00e3o&#039;&#039;, diz professor -<\/title>\n<meta name=\"robots\" content=\"index, follow, max-snippet:-1, max-image-preview:large, max-video-preview:-1\" \/>\n<link rel=\"canonical\" href=\"https:\/\/inclusivenews.com.br\/?p=21465\" \/>\n<meta property=\"og:locale\" content=\"pt_PT\" \/>\n<meta property=\"og:type\" content=\"article\" \/>\n<meta property=\"og:title\" content=\"&#039;&#039;Hoje no Chile nada \u00e9 mais importante que Educa\u00e7\u00e3o&#039;&#039;, diz professor -\" \/>\n<meta property=\"og:description\" content=\"Coordenador de a\u00e7\u00e3o para incentivar carreira docente no Chile diz que forma\u00e7\u00e3o do professor \u00e9 o principal agente de mudan\u00e7a.\" \/>\n<meta property=\"og:url\" content=\"https:\/\/inclusivenews.com.br\/?p=21465\" \/>\n<meta property=\"article:publisher\" content=\"https:\/\/www.facebook.com\/agenciainclusive\/\" \/>\n<meta property=\"article:published_time\" content=\"2011-11-09T18:32:32+00:00\" \/>\n<meta property=\"og:image\" content=\"http:\/\/upload.wikimedia.org\/wikipedia\/commons\/thumb\/d\/d1\/Ci-map-CIA.png\/220px-Ci-map-CIA.png\" \/>\n<meta name=\"author\" content=\"inclusivenews2024\" \/>\n<meta name=\"twitter:card\" content=\"summary_large_image\" \/>\n<meta name=\"twitter:label1\" content=\"Escrito por\" \/>\n\t<meta name=\"twitter:data1\" content=\"inclusivenews2024\" \/>\n\t<meta name=\"twitter:label2\" content=\"Tempo estimado de leitura\" \/>\n\t<meta name=\"twitter:data2\" content=\"3 minutos\" \/>\n<script type=\"application\/ld+json\" class=\"yoast-schema-graph\">{\"@context\":\"https:\\\/\\\/schema.org\",\"@graph\":[{\"@type\":\"Article\",\"@id\":\"https:\\\/\\\/inclusivenews.com.br\\\/?p=21465#article\",\"isPartOf\":{\"@id\":\"https:\\\/\\\/inclusivenews.com.br\\\/?p=21465\"},\"author\":{\"name\":\"inclusivenews2024\",\"@id\":\"https:\\\/\\\/inclusivenews.com.br\\\/#\\\/schema\\\/person\\\/ae4ec7087559b8692fb33b6fffd2273b\"},\"headline\":\"&#039;&#039;Hoje no Chile nada \u00e9 mais importante que Educa\u00e7\u00e3o&#039;&#039;, diz professor\",\"datePublished\":\"2011-11-09T18:32:32+00:00\",\"mainEntityOfPage\":{\"@id\":\"https:\\\/\\\/inclusivenews.com.br\\\/?p=21465\"},\"wordCount\":661,\"commentCount\":0,\"publisher\":{\"@id\":\"https:\\\/\\\/inclusivenews.com.br\\\/#organization\"},\"image\":{\"@id\":\"https:\\\/\\\/inclusivenews.com.br\\\/?p=21465#primaryimage\"},\"thumbnailUrl\":\"http:\\\/\\\/upload.wikimedia.org\\\/wikipedia\\\/commons\\\/thumb\\\/d\\\/d1\\\/Ci-map-CIA.png\\\/220px-Ci-map-CIA.png\",\"articleSection\":[\"EDUCA\u00c7\u00c3O\",\"NOT\u00cdCIAS\"],\"inLanguage\":\"pt-PT\",\"potentialAction\":[{\"@type\":\"CommentAction\",\"name\":\"Comment\",\"target\":[\"https:\\\/\\\/inclusivenews.com.br\\\/?p=21465#respond\"]}]},{\"@type\":\"WebPage\",\"@id\":\"https:\\\/\\\/inclusivenews.com.br\\\/?p=21465\",\"url\":\"https:\\\/\\\/inclusivenews.com.br\\\/?p=21465\",\"name\":\"&#039;&#039;Hoje no Chile nada \u00e9 mais importante que Educa\u00e7\u00e3o&#039;&#039;, diz professor -\",\"isPartOf\":{\"@id\":\"https:\\\/\\\/inclusivenews.com.br\\\/#website\"},\"primaryImageOfPage\":{\"@id\":\"https:\\\/\\\/inclusivenews.com.br\\\/?p=21465#primaryimage\"},\"image\":{\"@id\":\"https:\\\/\\\/inclusivenews.com.br\\\/?p=21465#primaryimage\"},\"thumbnailUrl\":\"http:\\\/\\\/upload.wikimedia.org\\\/wikipedia\\\/commons\\\/thumb\\\/d\\\/d1\\\/Ci-map-CIA.png\\\/220px-Ci-map-CIA.png\",\"datePublished\":\"2011-11-09T18:32:32+00:00\",\"breadcrumb\":{\"@id\":\"https:\\\/\\\/inclusivenews.com.br\\\/?p=21465#breadcrumb\"},\"inLanguage\":\"pt-PT\",\"potentialAction\":[{\"@type\":\"ReadAction\",\"target\":[\"https:\\\/\\\/inclusivenews.com.br\\\/?p=21465\"]}]},{\"@type\":\"ImageObject\",\"inLanguage\":\"pt-PT\",\"@id\":\"https:\\\/\\\/inclusivenews.com.br\\\/?p=21465#primaryimage\",\"url\":\"http:\\\/\\\/upload.wikimedia.org\\\/wikipedia\\\/commons\\\/thumb\\\/d\\\/d1\\\/Ci-map-CIA.png\\\/220px-Ci-map-CIA.png\",\"contentUrl\":\"http:\\\/\\\/upload.wikimedia.org\\\/wikipedia\\\/commons\\\/thumb\\\/d\\\/d1\\\/Ci-map-CIA.png\\\/220px-Ci-map-CIA.png\"},{\"@type\":\"BreadcrumbList\",\"@id\":\"https:\\\/\\\/inclusivenews.com.br\\\/?p=21465#breadcrumb\",\"itemListElement\":[{\"@type\":\"ListItem\",\"position\":1,\"name\":\"In\u00edcio\",\"item\":\"https:\\\/\\\/inclusivenews.com.br\\\/\"},{\"@type\":\"ListItem\",\"position\":2,\"name\":\"&#039;&#039;Hoje no Chile nada \u00e9 mais importante que Educa\u00e7\u00e3o&#039;&#039;, diz professor\"}]},{\"@type\":\"WebSite\",\"@id\":\"https:\\\/\\\/inclusivenews.com.br\\\/#website\",\"url\":\"https:\\\/\\\/inclusivenews.com.br\\\/\",\"name\":\"Inclusive News\",\"description\":\"Inclusive News\",\"publisher\":{\"@id\":\"https:\\\/\\\/inclusivenews.com.br\\\/#organization\"},\"potentialAction\":[{\"@type\":\"SearchAction\",\"target\":{\"@type\":\"EntryPoint\",\"urlTemplate\":\"https:\\\/\\\/inclusivenews.com.br\\\/?s={search_term_string}\"},\"query-input\":{\"@type\":\"PropertyValueSpecification\",\"valueRequired\":true,\"valueName\":\"search_term_string\"}}],\"inLanguage\":\"pt-PT\"},{\"@type\":\"Organization\",\"@id\":\"https:\\\/\\\/inclusivenews.com.br\\\/#organization\",\"name\":\"Inclusive - inclus\u00e3o e cidadania\",\"url\":\"https:\\\/\\\/inclusivenews.com.br\\\/\",\"logo\":{\"@type\":\"ImageObject\",\"inLanguage\":\"pt-PT\",\"@id\":\"https:\\\/\\\/inclusivenews.com.br\\\/#\\\/schema\\\/logo\\\/image\\\/\",\"url\":\"https:\\\/\\\/inclusivenews.com.br\\\/wp-content\\\/uploads\\\/2024\\\/03\\\/@grandesite.png\",\"contentUrl\":\"https:\\\/\\\/inclusivenews.com.br\\\/wp-content\\\/uploads\\\/2024\\\/03\\\/@grandesite.png\",\"width\":1080,\"height\":1080,\"caption\":\"Inclusive - inclus\u00e3o e cidadania\"},\"image\":{\"@id\":\"https:\\\/\\\/inclusivenews.com.br\\\/#\\\/schema\\\/logo\\\/image\\\/\"},\"sameAs\":[\"https:\\\/\\\/www.facebook.com\\\/agenciainclusive\\\/\",\"https:\\\/\\\/www.instagram.com\\\/newsinclusive\\\/\"]},{\"@type\":\"Person\",\"@id\":\"https:\\\/\\\/inclusivenews.com.br\\\/#\\\/schema\\\/person\\\/ae4ec7087559b8692fb33b6fffd2273b\",\"name\":\"inclusivenews2024\",\"image\":{\"@type\":\"ImageObject\",\"inLanguage\":\"pt-PT\",\"@id\":\"https:\\\/\\\/secure.gravatar.com\\\/avatar\\\/c5a7ef84c66fa914f55bc4f7ce26cfa275a3b9a1c5568b907bd184fb4dde7b40?s=96&d=mm&r=g\",\"url\":\"https:\\\/\\\/secure.gravatar.com\\\/avatar\\\/c5a7ef84c66fa914f55bc4f7ce26cfa275a3b9a1c5568b907bd184fb4dde7b40?s=96&d=mm&r=g\",\"contentUrl\":\"https:\\\/\\\/secure.gravatar.com\\\/avatar\\\/c5a7ef84c66fa914f55bc4f7ce26cfa275a3b9a1c5568b907bd184fb4dde7b40?s=96&d=mm&r=g\",\"caption\":\"inclusivenews2024\"},\"sameAs\":[\"https:\\\/\\\/inclusivenews.com.br\"],\"url\":\"https:\\\/\\\/inclusivenews.com.br\\\/?author=1\"}]}<\/script>\n<!-- \/ Yoast SEO plugin. -->","yoast_head_json":{"title":"&#039;&#039;Hoje no Chile nada \u00e9 mais importante que Educa\u00e7\u00e3o&#039;&#039;, diz professor -","robots":{"index":"index","follow":"follow","max-snippet":"max-snippet:-1","max-image-preview":"max-image-preview:large","max-video-preview":"max-video-preview:-1"},"canonical":"https:\/\/inclusivenews.com.br\/?p=21465","og_locale":"pt_PT","og_type":"article","og_title":"&#039;&#039;Hoje no Chile nada \u00e9 mais importante que Educa\u00e7\u00e3o&#039;&#039;, diz professor -","og_description":"Coordenador de a\u00e7\u00e3o para incentivar carreira docente no Chile diz que forma\u00e7\u00e3o do professor \u00e9 o principal agente de mudan\u00e7a.","og_url":"https:\/\/inclusivenews.com.br\/?p=21465","article_publisher":"https:\/\/www.facebook.com\/agenciainclusive\/","article_published_time":"2011-11-09T18:32:32+00:00","og_image":[{"url":"http:\/\/upload.wikimedia.org\/wikipedia\/commons\/thumb\/d\/d1\/Ci-map-CIA.png\/220px-Ci-map-CIA.png","type":"","width":"","height":""}],"author":"inclusivenews2024","twitter_card":"summary_large_image","twitter_misc":{"Escrito por":"inclusivenews2024","Tempo estimado de leitura":"3 minutos"},"schema":{"@context":"https:\/\/schema.org","@graph":[{"@type":"Article","@id":"https:\/\/inclusivenews.com.br\/?p=21465#article","isPartOf":{"@id":"https:\/\/inclusivenews.com.br\/?p=21465"},"author":{"name":"inclusivenews2024","@id":"https:\/\/inclusivenews.com.br\/#\/schema\/person\/ae4ec7087559b8692fb33b6fffd2273b"},"headline":"&#039;&#039;Hoje no Chile nada \u00e9 mais importante que Educa\u00e7\u00e3o&#039;&#039;, diz professor","datePublished":"2011-11-09T18:32:32+00:00","mainEntityOfPage":{"@id":"https:\/\/inclusivenews.com.br\/?p=21465"},"wordCount":661,"commentCount":0,"publisher":{"@id":"https:\/\/inclusivenews.com.br\/#organization"},"image":{"@id":"https:\/\/inclusivenews.com.br\/?p=21465#primaryimage"},"thumbnailUrl":"http:\/\/upload.wikimedia.org\/wikipedia\/commons\/thumb\/d\/d1\/Ci-map-CIA.png\/220px-Ci-map-CIA.png","articleSection":["EDUCA\u00c7\u00c3O","NOT\u00cdCIAS"],"inLanguage":"pt-PT","potentialAction":[{"@type":"CommentAction","name":"Comment","target":["https:\/\/inclusivenews.com.br\/?p=21465#respond"]}]},{"@type":"WebPage","@id":"https:\/\/inclusivenews.com.br\/?p=21465","url":"https:\/\/inclusivenews.com.br\/?p=21465","name":"&#039;&#039;Hoje no Chile nada \u00e9 mais importante que Educa\u00e7\u00e3o&#039;&#039;, diz professor -","isPartOf":{"@id":"https:\/\/inclusivenews.com.br\/#website"},"primaryImageOfPage":{"@id":"https:\/\/inclusivenews.com.br\/?p=21465#primaryimage"},"image":{"@id":"https:\/\/inclusivenews.com.br\/?p=21465#primaryimage"},"thumbnailUrl":"http:\/\/upload.wikimedia.org\/wikipedia\/commons\/thumb\/d\/d1\/Ci-map-CIA.png\/220px-Ci-map-CIA.png","datePublished":"2011-11-09T18:32:32+00:00","breadcrumb":{"@id":"https:\/\/inclusivenews.com.br\/?p=21465#breadcrumb"},"inLanguage":"pt-PT","potentialAction":[{"@type":"ReadAction","target":["https:\/\/inclusivenews.com.br\/?p=21465"]}]},{"@type":"ImageObject","inLanguage":"pt-PT","@id":"https:\/\/inclusivenews.com.br\/?p=21465#primaryimage","url":"http:\/\/upload.wikimedia.org\/wikipedia\/commons\/thumb\/d\/d1\/Ci-map-CIA.png\/220px-Ci-map-CIA.png","contentUrl":"http:\/\/upload.wikimedia.org\/wikipedia\/commons\/thumb\/d\/d1\/Ci-map-CIA.png\/220px-Ci-map-CIA.png"},{"@type":"BreadcrumbList","@id":"https:\/\/inclusivenews.com.br\/?p=21465#breadcrumb","itemListElement":[{"@type":"ListItem","position":1,"name":"In\u00edcio","item":"https:\/\/inclusivenews.com.br\/"},{"@type":"ListItem","position":2,"name":"&#039;&#039;Hoje no Chile nada \u00e9 mais importante que Educa\u00e7\u00e3o&#039;&#039;, diz professor"}]},{"@type":"WebSite","@id":"https:\/\/inclusivenews.com.br\/#website","url":"https:\/\/inclusivenews.com.br\/","name":"Inclusive News","description":"Inclusive News","publisher":{"@id":"https:\/\/inclusivenews.com.br\/#organization"},"potentialAction":[{"@type":"SearchAction","target":{"@type":"EntryPoint","urlTemplate":"https:\/\/inclusivenews.com.br\/?s={search_term_string}"},"query-input":{"@type":"PropertyValueSpecification","valueRequired":true,"valueName":"search_term_string"}}],"inLanguage":"pt-PT"},{"@type":"Organization","@id":"https:\/\/inclusivenews.com.br\/#organization","name":"Inclusive - inclus\u00e3o e cidadania","url":"https:\/\/inclusivenews.com.br\/","logo":{"@type":"ImageObject","inLanguage":"pt-PT","@id":"https:\/\/inclusivenews.com.br\/#\/schema\/logo\/image\/","url":"https:\/\/inclusivenews.com.br\/wp-content\/uploads\/2024\/03\/@grandesite.png","contentUrl":"https:\/\/inclusivenews.com.br\/wp-content\/uploads\/2024\/03\/@grandesite.png","width":1080,"height":1080,"caption":"Inclusive - inclus\u00e3o e cidadania"},"image":{"@id":"https:\/\/inclusivenews.com.br\/#\/schema\/logo\/image\/"},"sameAs":["https:\/\/www.facebook.com\/agenciainclusive\/","https:\/\/www.instagram.com\/newsinclusive\/"]},{"@type":"Person","@id":"https:\/\/inclusivenews.com.br\/#\/schema\/person\/ae4ec7087559b8692fb33b6fffd2273b","name":"inclusivenews2024","image":{"@type":"ImageObject","inLanguage":"pt-PT","@id":"https:\/\/secure.gravatar.com\/avatar\/c5a7ef84c66fa914f55bc4f7ce26cfa275a3b9a1c5568b907bd184fb4dde7b40?s=96&d=mm&r=g","url":"https:\/\/secure.gravatar.com\/avatar\/c5a7ef84c66fa914f55bc4f7ce26cfa275a3b9a1c5568b907bd184fb4dde7b40?s=96&d=mm&r=g","contentUrl":"https:\/\/secure.gravatar.com\/avatar\/c5a7ef84c66fa914f55bc4f7ce26cfa275a3b9a1c5568b907bd184fb4dde7b40?s=96&d=mm&r=g","caption":"inclusivenews2024"},"sameAs":["https:\/\/inclusivenews.com.br"],"url":"https:\/\/inclusivenews.com.br\/?author=1"}]}},"_links":{"self":[{"href":"https:\/\/inclusivenews.com.br\/index.php?rest_route=\/wp\/v2\/posts\/21465","targetHints":{"allow":["GET"]}}],"collection":[{"href":"https:\/\/inclusivenews.com.br\/index.php?rest_route=\/wp\/v2\/posts"}],"about":[{"href":"https:\/\/inclusivenews.com.br\/index.php?rest_route=\/wp\/v2\/types\/post"}],"author":[{"embeddable":true,"href":"https:\/\/inclusivenews.com.br\/index.php?rest_route=\/wp\/v2\/users\/1"}],"replies":[{"embeddable":true,"href":"https:\/\/inclusivenews.com.br\/index.php?rest_route=%2Fwp%2Fv2%2Fcomments&post=21465"}],"version-history":[{"count":0,"href":"https:\/\/inclusivenews.com.br\/index.php?rest_route=\/wp\/v2\/posts\/21465\/revisions"}],"wp:attachment":[{"href":"https:\/\/inclusivenews.com.br\/index.php?rest_route=%2Fwp%2Fv2%2Fmedia&parent=21465"}],"wp:term":[{"taxonomy":"category","embeddable":true,"href":"https:\/\/inclusivenews.com.br\/index.php?rest_route=%2Fwp%2Fv2%2Fcategories&post=21465"},{"taxonomy":"post_tag","embeddable":true,"href":"https:\/\/inclusivenews.com.br\/index.php?rest_route=%2Fwp%2Fv2%2Ftags&post=21465"}],"curies":[{"name":"wp","href":"https:\/\/api.w.org\/{rel}","templated":true}]}}