{"id":21467,"date":"2011-11-08T20:38:58","date_gmt":"2011-11-08T23:38:58","guid":{"rendered":"http:\/\/www.inclusive.org.br\/?p=21467"},"modified":"2011-11-08T20:38:58","modified_gmt":"2011-11-08T23:38:58","slug":"participe-do-lancamento-da-rede-pela-valorizacao-ds-docentes-latino-americans-nesta-quarta-dia-9","status":"publish","type":"post","link":"https:\/\/inclusivenews.com.br\/?p=21467","title":{"rendered":"Participe do lan\u00e7amento da Rede pela Valoriza\u00e7\u00e3o d@s Docentes Latino-american@s (nesta quarta, dia 9)"},"content":{"rendered":"<figure id=\"attachment_21497\" aria-describedby=\"caption-attachment-21497\" style=\"width: 101px\" class=\"wp-caption alignleft\"><img loading=\"lazy\" decoding=\"async\" class=\"size-full wp-image-21497\" title=\"Vozes da educa\u00e7\u00e3o - a Am\u00e9rica Latina desenhada a giz em um quadro negro\" src=\"http:\/\/inclusivenews.com.br\/wp-content\/uploads\/vozes_da_educacao.jpg\" alt=\"Vozes da educa\u00e7\u00e3o - a Am\u00e9rica Latina desenhada a giz em um quadro negro\" width=\"101\" height=\"160\" \/><figcaption id=\"caption-attachment-21497\" class=\"wp-caption-text\"> <\/figcaption><\/figure>\n<p>Evento ter\u00e1 transmiss\u00e3o ao vivo pela internet com bate-papo interativo a partir das 9h<\/p>\n<p>A partir do diagn\u00f3stico de que a melhora da educa\u00e7\u00e3o p\u00fablica depende da efetiva valoriza\u00e7\u00e3o dos educadores e das educadoras, organiza\u00e7\u00f5es de diferentes pa\u00edses da Am\u00e9rica Latina lan\u00e7am, amanh\u00e3 (9\/11), a Rede pela Valoriza\u00e7\u00e3o d@s Docentes Latino-american@s.<\/p>\n<p>A articula\u00e7\u00e3o j\u00e1 conta com pessoas e organiza\u00e7\u00f5es integrantes de Argentina, Brasil, Equador, Paraguai, Chile, Uruguai, Nicar\u00e1gua, Costa Rica e Peru, mas est\u00e1 aberta \u00e0 participa\u00e7\u00e3o de todos os pa\u00edses da regi\u00e3o. Veja mais detalhes da programa\u00e7\u00e3o abaixo e <a href=\"http:\/\/painel.virtualtarget.whservidor.com\/index.dma\/DmaClick?9141,53,8532,410,41da0e772eaa35318fcd734a11acd995,aHR0cHM6Ly9kb2NzLmdvb2dsZS5jb20vc3ByZWFkc2hlZXQvdmlld2Zvcm0\/aGw9cHRfQlImZm9ybWtleT1kSEp4WkVJdE1sTkdZMHAxZEdaUVJFUnpiV042UVVFNk1BI2dpZD0w\" target=\"_blank\" rel=\"noopener\">clique aqui para fazer o credenciamento. <\/a><\/p>\n<p>\u201cA agenda da valoriza\u00e7\u00e3o docente deve ser assumida por toda a sociedade, por isso a import\u00e2ncia de se reunirem diferentes for\u00e7as pol\u00edticas nessa iniciativa\u201d, ressalta Denise Carreira, coordenadora de Educa\u00e7\u00e3o da A\u00e7\u00e3o Educativa. Est\u00e3o envolvidos na rede articula\u00e7\u00f5es e organiza\u00e7\u00f5es da sociedade civil, educadores, associa\u00e7\u00f5es e confedera\u00e7\u00f5es sindicais docentes e pesquisadores.<\/p>\n<p>A Rede possui tr\u00eas eixos estrat\u00e9gicos de atua\u00e7\u00e3o: comunica\u00e7\u00e3o, pesquisa e articula\u00e7\u00e3o pol\u00edtica. Como a\u00e7\u00e3o do primeiro eixo, foi criado o portal Vozes da Educa\u00e7\u00e3o (<a href=\"http:\/\/painel.virtualtarget.whservidor.com\/index.dma\/DmaClick?9141,53,8532,405,41da0e772eaa35318fcd734a11acd995,aHR0cDovL3d3dy52b3plc2RhZWR1Y2FjYW8ub3JnLmJyLw==\">www.vozesdaeducacao.org.br<\/a>), que ser\u00e1 apresentado no dia 9. Durante o evento, tamb\u00e9m ser\u00e3o divulgados dados de um primeiro levantamento sobre o tratamento dos meios de comunica\u00e7\u00e3o latino-americanos \u00e0s quest\u00f5es docentes.<\/p>\n<p>\u201cVerificamos a aus\u00eancia da voz dos professores na cobertura sobre educa\u00e7\u00e3o de dez pa\u00edses da Am\u00e9rica Latina, embora esses profissionais estejam em posi\u00e7\u00e3o privilegiada para opinar sobre o tema\u201d, aponta Fernanda Campagnucci, editora do Observat\u00f3rio da Educa\u00e7\u00e3o. No levantamento, foram identificadas como marcas do debate p\u00fablico a culpabiliza\u00e7\u00e3o dos docentes pela m\u00e1 qualidade do ensino e a abordagem pouco aprofundada de pol\u00edticas voltadas \u00e0 doc\u00eancia.<\/p>\n<p>O est\u00edmulo e o fortalecimento da participa\u00e7\u00e3o docente na discuss\u00e3o e elabora\u00e7\u00e3o de pol\u00edticas p\u00fablicas s\u00e3o objetivos da articula\u00e7\u00e3o. Para dar visibilidade aos diferentes discursos e experi\u00eancias, o portal Vozes da Educa\u00e7\u00e3o trar\u00e1 depoimentos de professores\/as (em \u00e1udio, v\u00eddeo ou texto) de diferentes lugares da Am\u00e9rica Latina \u2013 na Amaz\u00f4nia, no altiplano andino, no campo, nas capitais..<\/p>\n<p><strong>Debates e pesquisas<\/strong><\/p>\n<p>A cada 15 dias, um novo tema de debate ser\u00e1 proposto no portal. O primeiro tema j\u00e1 est\u00e1 no ar: a ado\u00e7\u00e3o, pela cidade de Buenos Aires, da avalia\u00e7\u00e3o de desempenho de professores com vistas \u00e0 bonifica\u00e7\u00e3o por m\u00e9rito. Ser\u00e1 poss\u00edvel criar blogs na Rede, participar de comunidades e de f\u00f3runs de discuss\u00e3o tem\u00e1ticos. O cadastro pode ser executado em poucos passos.<\/p>\n<p>Em seu eixo de pesquisa, a Rede desenvolver\u00e1 est\u00edmulo \u00e0 produ\u00e7\u00e3o e divulga\u00e7\u00e3o de estudos sobre a condi\u00e7\u00e3o docente na Am\u00e9rica Latina, trabalhando tamb\u00e9m com pesquisas participativas em forma de consultas. Tamb\u00e9m vai construir um banco de estudos e publica\u00e7\u00f5es sobre a quest\u00e3o docente, al\u00e9m de trazer dados sobre a condi\u00e7\u00e3o dos professores e das professoras na Am\u00e9rica Latina.<\/p>\n<p><strong>Alguns temas de debate foram escolhidos como priorit\u00e1rios: <\/strong><\/p>\n<p>* quest\u00f5es referentes \u00e0 valoriza\u00e7\u00e3o dos docentes (sistemas de avalia\u00e7\u00e3o\/bonifica\u00e7\u00e3o e incentivos, ingresso e progress\u00e3o na carreira, forma\u00e7\u00e3o inicial e continuada, o papel do docente, condi\u00e7\u00f5es de trabalho, formas de contato e remunera\u00e7\u00e3o, rotatividade e absente\u00edsmo, entre outros).<br \/>\n* concep\u00e7\u00f5es pedag\u00f3gicas (os paradigmas do ensino, rela\u00e7\u00e3o docentes-fam\u00edlia, rela\u00e7\u00e3o entre a aprendizagem e a afetividade\/cuidado).<br \/>\n* abordagem da educa\u00e7\u00e3o como bem p\u00fablico (a rela\u00e7\u00e3o entre o p\u00fablico e o privado, a educa\u00e7\u00e3o como direito humano e o financiamento necess\u00e1rio para uma educa\u00e7\u00e3o p\u00fablica de qualidade).<\/p>\n<p>Entre as organiza\u00e7\u00f5es vinculadas \u00e0 iniciativa, est\u00e3o A\u00e7\u00e3o Educativa (Brasil), CDI \u2013 Centro para el Desarrollo de la Inteligencia (Paraguai), CIDPA \u2013 Centro de Estudios Sociales (Chile), El Abrojo (Uruguai), Escuelas del Bicentenario (Argentina) e Fundaci\u00f3n AVINA. Apoiam a rede a Confedera\u00e7\u00e3o Nacional dos Trabalhadores em Educa\u00e7\u00e3o (CNTE), Campanha Nacional pelo Direito \u00e0 Educa\u00e7\u00e3o e Campanha Latino-americana pelo Direito \u00e0 Educa\u00e7\u00e3o.<\/p>\n<p><strong>Programa\u00e7\u00e3o<\/strong><\/p>\n<p>Abertura: 9h00 &#8211; 10h00<br \/>\nExposi\u00e7\u00e3o dos objetivos e estrat\u00e9gias da Rede, lan\u00e7amento do portal Vozes da Educa\u00e7\u00e3o e divulga\u00e7\u00e3o de levantamento sobre os professores e professoras na imprensa latino-americana.<\/p>\n<p><strong>Debates<\/strong><\/p>\n<p>Com a participa\u00e7\u00e3o de pesquisadores, educadores da rede p\u00fablica, confedera\u00e7\u00f5es sindicais, organiza\u00e7\u00f5es e articula\u00e7\u00f5es da sociedade civil latino-americanas.<\/p>\n<p>10h30 &#8211; 12h30 A quest\u00e3o docente na Am\u00e9rica Latina<br \/>\nF\u00e1tima Aparecida Silva (Internacional de Educa\u00e7\u00e3o da Am\u00e9rica Latina \u2013 IEAL); Guillermo Williamson (Universidad de La Frontera, Chile); Marcelo Mosqueira (professor e diretor de escola p\u00fablica em Buenos Aires, Argentina); Milton Luna, coordenador do Contrato Social pela Educa\u00e7\u00e3o e integrante do comit\u00ea diretivo da Campanha Latino-americana pelo Direito \u00e0 Educa\u00e7\u00e3o. Media\u00e7\u00e3o: Monica Zefferino (El Abrojo).<\/p>\n<p>14h00 &#8211; 16h30 Uma agenda de toda a sociedade brasileira<br \/>\nRoberto Franklin Le\u00e3o (Confedera\u00e7\u00e3o Nacional dos Trabalhadores em Educa\u00e7\u00e3o \u2013 CNTE); Daniel Cara (Campanha Nacional pelo Direito \u00e0 Educa\u00e7\u00e3o); Eduardo Amaral (professor de Filosofia da rede estadual de S\u00e3o Paulo); Teresa Aliperti (professora do ensino fundamental I na rede municipal de S\u00e3o Paulo); representante do Movimento Todos pela Educa\u00e7\u00e3o; \u00c1lvaro Hypolito (Red Estrado, UFMG). Media\u00e7\u00e3o: Denise Carreira (A\u00e7\u00e3o Educativa).<\/p>\n<p>17h00 &#8211; Exibi\u00e7\u00e3o especial do Filme Carregadoras de Sonhos<\/p>\n<p>Produzido pelo SINTESE &#8211; Sindicato dos Trabalhadores em Educa\u00e7\u00e3o de Sergipe. Dura\u00e7\u00e3o: 65 minutos.<\/p>\n<p><strong>Leia tamb\u00e9m:<\/strong><\/p>\n<p><a href=\"http:\/\/painel.virtualtarget.whservidor.com\/index.dma\/DmaClick?9141,53,8532,406,41da0e772eaa35318fcd734a11acd995,aHR0cDovL3ZvemVzZGFlZHVjYWNhby5vcmcuYnIvYmxvZy8yMDExLzEwLzMxLzk1NC8=\" target=\"_blank\" rel=\"noopener\">Filme sobre cotidiano docente ser\u00e1 exibido no lan\u00e7amento da rede Vozes da Educa\u00e7\u00e3o<\/a><br \/>\n<a href=\"http:\/\/painel.virtualtarget.whservidor.com\/index.dma\/DmaClick?9141,53,8532,407,41da0e772eaa35318fcd734a11acd995,aHR0cDovL3ZvemVzZGFlZHVjYWNhby5vcmcuYnIvYmxvZy8yMDExLzEwLzMxL3ZpZGVvLXByb2Zlc3Nvci1hbmFsaXNhLW1vdmltZW50b3MtcGVsYS1kZW1vY3JhdGl6YWNhby1kYS1lZHVjYWNhby1uby1jaGlsZS8=\" target=\"_blank\" rel=\"noopener\">V\u00eddeo: professor analisa movimentos pela democratiza\u00e7\u00e3o da educa\u00e7\u00e3o no Chile<\/a><br \/>\n<a href=\"http:\/\/painel.virtualtarget.whservidor.com\/index.dma\/DmaClick?9141,53,8532,408,41da0e772eaa35318fcd734a11acd995,aHR0cDovL3ZvemVzZGFlZHVjYWNhby5vcmcuYnIvYmxvZy8yMDExLzA5LzIzL3Rlc3RlLw==\">Buenos Aires adota avalia\u00e7\u00e3o de desempenho para docentes<\/a><\/p>\n<p><strong>Servi\u00e7o<\/strong><\/p>\n<p>Lan\u00e7amento da rede Vozes da Educa\u00e7\u00e3o<br \/>\nData\/hor\u00e1rio: 9\/11\/2011, das 9h \u00e0s 18h.<br \/>\nLocal: ONG A\u00e7\u00e3o Educativa &#8211; Rua General Jardim, 660 \u2013 Vila Buarque. S\u00e3o Paulo, SP.<br \/>\nVeja a programa\u00e7\u00e3o completa em www.vozesdaeducacao.org.br.<\/p>\n<p><strong>Contatos para imprensa<\/strong><\/p>\n<p>Ana Cl\u00e1udia Mielki &#8211; Assessora de comunica\u00e7\u00e3o da A\u00e7\u00e3o Educativa<br \/>\n(11) 3151-2333 ramal 160<br \/>\nFernanda Campagnucci &#8211; Editora do Observat\u00f3rio da Educa\u00e7\u00e3o<br \/>\n(11) 3151-2333 ramal 170, 175<\/p>\n","protected":false},"excerpt":{"rendered":"<p>Evento ter\u00e1 transmiss\u00e3o ao vivo pela internet com bate-papo interativo a partir das 9h. A partir do diagn\u00f3stico de que a melhora da educa\u00e7\u00e3o p\u00fablica depende da efetiva valoriza\u00e7\u00e3o dos educadores e das educadoras, organiza\u00e7\u00f5es de diferentes pa\u00edses da Am\u00e9rica Latina lan\u00e7am, amanh\u00e3 (9\/11), a Rede pela Valoriza\u00e7\u00e3o d@s Docentes Latino-american@s.<\/p>\n","protected":false},"author":1,"featured_media":0,"comment_status":"open","ping_status":"open","sticky":false,"template":"","format":"standard","meta":{"site-container-style":"default","site-container-layout":"default","site-sidebar-layout":"default","disable-article-header":"default","disable-site-header":"default","disable-site-footer":"default","disable-content-area-spacing":"default","footnotes":""},"categories":[6,4],"tags":[],"class_list":["post-21467","post","type-post","status-publish","format-standard","hentry","category-educacao","category-noticias"],"yoast_head":"<!-- This site is optimized with the Yoast SEO plugin v27.4 - https:\/\/yoast.com\/product\/yoast-seo-wordpress\/ -->\n<title>Participe do lan\u00e7amento da Rede pela Valoriza\u00e7\u00e3o d@s Docentes Latino-american@s (nesta quarta, dia 9) -<\/title>\n<meta name=\"robots\" content=\"index, follow, max-snippet:-1, max-image-preview:large, max-video-preview:-1\" \/>\n<link rel=\"canonical\" href=\"https:\/\/inclusivenews.com.br\/?p=21467\" \/>\n<meta property=\"og:locale\" content=\"pt_PT\" \/>\n<meta property=\"og:type\" content=\"article\" \/>\n<meta property=\"og:title\" content=\"Participe do lan\u00e7amento da Rede pela Valoriza\u00e7\u00e3o d@s Docentes Latino-american@s (nesta quarta, dia 9) -\" \/>\n<meta property=\"og:description\" content=\"Evento ter\u00e1 transmiss\u00e3o ao vivo pela internet com bate-papo interativo a partir das 9h. A partir do diagn\u00f3stico de que a melhora da educa\u00e7\u00e3o p\u00fablica depende da efetiva valoriza\u00e7\u00e3o dos educadores e das educadoras, organiza\u00e7\u00f5es de diferentes pa\u00edses da Am\u00e9rica Latina lan\u00e7am, amanh\u00e3 (9\/11), a Rede pela Valoriza\u00e7\u00e3o d@s Docentes Latino-american@s.\" \/>\n<meta property=\"og:url\" content=\"https:\/\/inclusivenews.com.br\/?p=21467\" \/>\n<meta property=\"article:publisher\" content=\"https:\/\/www.facebook.com\/agenciainclusive\/\" \/>\n<meta property=\"article:published_time\" content=\"2011-11-08T23:38:58+00:00\" \/>\n<meta property=\"og:image\" content=\"http:\/\/inclusivenews.com.br\/wp-content\/uploads\/vozes_da_educacao.jpg\" \/>\n<meta name=\"author\" content=\"inclusivenews2024\" \/>\n<meta name=\"twitter:card\" content=\"summary_large_image\" \/>\n<meta name=\"twitter:label1\" content=\"Escrito por\" \/>\n\t<meta name=\"twitter:data1\" content=\"inclusivenews2024\" \/>\n\t<meta name=\"twitter:label2\" content=\"Tempo estimado de leitura\" \/>\n\t<meta name=\"twitter:data2\" content=\"5 minutos\" \/>\n<script type=\"application\/ld+json\" class=\"yoast-schema-graph\">{\"@context\":\"https:\\\/\\\/schema.org\",\"@graph\":[{\"@type\":\"Article\",\"@id\":\"https:\\\/\\\/inclusivenews.com.br\\\/?p=21467#article\",\"isPartOf\":{\"@id\":\"https:\\\/\\\/inclusivenews.com.br\\\/?p=21467\"},\"author\":{\"name\":\"inclusivenews2024\",\"@id\":\"https:\\\/\\\/inclusivenews.com.br\\\/#\\\/schema\\\/person\\\/ae4ec7087559b8692fb33b6fffd2273b\"},\"headline\":\"Participe do lan\u00e7amento da Rede pela Valoriza\u00e7\u00e3o d@s Docentes Latino-american@s (nesta quarta, dia 9)\",\"datePublished\":\"2011-11-08T23:38:58+00:00\",\"mainEntityOfPage\":{\"@id\":\"https:\\\/\\\/inclusivenews.com.br\\\/?p=21467\"},\"wordCount\":1075,\"commentCount\":0,\"publisher\":{\"@id\":\"https:\\\/\\\/inclusivenews.com.br\\\/#organization\"},\"image\":{\"@id\":\"https:\\\/\\\/inclusivenews.com.br\\\/?p=21467#primaryimage\"},\"thumbnailUrl\":\"http:\\\/\\\/inclusivenews.com.br\\\/wp-content\\\/uploads\\\/vozes_da_educacao.jpg\",\"articleSection\":[\"EDUCA\u00c7\u00c3O\",\"NOT\u00cdCIAS\"],\"inLanguage\":\"pt-PT\",\"potentialAction\":[{\"@type\":\"CommentAction\",\"name\":\"Comment\",\"target\":[\"https:\\\/\\\/inclusivenews.com.br\\\/?p=21467#respond\"]}]},{\"@type\":\"WebPage\",\"@id\":\"https:\\\/\\\/inclusivenews.com.br\\\/?p=21467\",\"url\":\"https:\\\/\\\/inclusivenews.com.br\\\/?p=21467\",\"name\":\"Participe do lan\u00e7amento da Rede pela Valoriza\u00e7\u00e3o d@s Docentes Latino-american@s (nesta quarta, dia 9) -\",\"isPartOf\":{\"@id\":\"https:\\\/\\\/inclusivenews.com.br\\\/#website\"},\"primaryImageOfPage\":{\"@id\":\"https:\\\/\\\/inclusivenews.com.br\\\/?p=21467#primaryimage\"},\"image\":{\"@id\":\"https:\\\/\\\/inclusivenews.com.br\\\/?p=21467#primaryimage\"},\"thumbnailUrl\":\"http:\\\/\\\/inclusivenews.com.br\\\/wp-content\\\/uploads\\\/vozes_da_educacao.jpg\",\"datePublished\":\"2011-11-08T23:38:58+00:00\",\"breadcrumb\":{\"@id\":\"https:\\\/\\\/inclusivenews.com.br\\\/?p=21467#breadcrumb\"},\"inLanguage\":\"pt-PT\",\"potentialAction\":[{\"@type\":\"ReadAction\",\"target\":[\"https:\\\/\\\/inclusivenews.com.br\\\/?p=21467\"]}]},{\"@type\":\"ImageObject\",\"inLanguage\":\"pt-PT\",\"@id\":\"https:\\\/\\\/inclusivenews.com.br\\\/?p=21467#primaryimage\",\"url\":\"\",\"contentUrl\":\"\"},{\"@type\":\"BreadcrumbList\",\"@id\":\"https:\\\/\\\/inclusivenews.com.br\\\/?p=21467#breadcrumb\",\"itemListElement\":[{\"@type\":\"ListItem\",\"position\":1,\"name\":\"In\u00edcio\",\"item\":\"https:\\\/\\\/inclusivenews.com.br\\\/\"},{\"@type\":\"ListItem\",\"position\":2,\"name\":\"Participe do lan\u00e7amento da Rede pela Valoriza\u00e7\u00e3o d@s Docentes Latino-american@s (nesta quarta, dia 9)\"}]},{\"@type\":\"WebSite\",\"@id\":\"https:\\\/\\\/inclusivenews.com.br\\\/#website\",\"url\":\"https:\\\/\\\/inclusivenews.com.br\\\/\",\"name\":\"Inclusive News\",\"description\":\"Inclusive News\",\"publisher\":{\"@id\":\"https:\\\/\\\/inclusivenews.com.br\\\/#organization\"},\"potentialAction\":[{\"@type\":\"SearchAction\",\"target\":{\"@type\":\"EntryPoint\",\"urlTemplate\":\"https:\\\/\\\/inclusivenews.com.br\\\/?s={search_term_string}\"},\"query-input\":{\"@type\":\"PropertyValueSpecification\",\"valueRequired\":true,\"valueName\":\"search_term_string\"}}],\"inLanguage\":\"pt-PT\"},{\"@type\":\"Organization\",\"@id\":\"https:\\\/\\\/inclusivenews.com.br\\\/#organization\",\"name\":\"Inclusive - inclus\u00e3o e cidadania\",\"url\":\"https:\\\/\\\/inclusivenews.com.br\\\/\",\"logo\":{\"@type\":\"ImageObject\",\"inLanguage\":\"pt-PT\",\"@id\":\"https:\\\/\\\/inclusivenews.com.br\\\/#\\\/schema\\\/logo\\\/image\\\/\",\"url\":\"https:\\\/\\\/inclusivenews.com.br\\\/wp-content\\\/uploads\\\/2024\\\/03\\\/@grandesite.png\",\"contentUrl\":\"https:\\\/\\\/inclusivenews.com.br\\\/wp-content\\\/uploads\\\/2024\\\/03\\\/@grandesite.png\",\"width\":1080,\"height\":1080,\"caption\":\"Inclusive - inclus\u00e3o e cidadania\"},\"image\":{\"@id\":\"https:\\\/\\\/inclusivenews.com.br\\\/#\\\/schema\\\/logo\\\/image\\\/\"},\"sameAs\":[\"https:\\\/\\\/www.facebook.com\\\/agenciainclusive\\\/\",\"https:\\\/\\\/www.instagram.com\\\/newsinclusive\\\/\"]},{\"@type\":\"Person\",\"@id\":\"https:\\\/\\\/inclusivenews.com.br\\\/#\\\/schema\\\/person\\\/ae4ec7087559b8692fb33b6fffd2273b\",\"name\":\"inclusivenews2024\",\"image\":{\"@type\":\"ImageObject\",\"inLanguage\":\"pt-PT\",\"@id\":\"https:\\\/\\\/secure.gravatar.com\\\/avatar\\\/c5a7ef84c66fa914f55bc4f7ce26cfa275a3b9a1c5568b907bd184fb4dde7b40?s=96&d=mm&r=g\",\"url\":\"https:\\\/\\\/secure.gravatar.com\\\/avatar\\\/c5a7ef84c66fa914f55bc4f7ce26cfa275a3b9a1c5568b907bd184fb4dde7b40?s=96&d=mm&r=g\",\"contentUrl\":\"https:\\\/\\\/secure.gravatar.com\\\/avatar\\\/c5a7ef84c66fa914f55bc4f7ce26cfa275a3b9a1c5568b907bd184fb4dde7b40?s=96&d=mm&r=g\",\"caption\":\"inclusivenews2024\"},\"sameAs\":[\"https:\\\/\\\/inclusivenews.com.br\"],\"url\":\"https:\\\/\\\/inclusivenews.com.br\\\/?author=1\"}]}<\/script>\n<!-- \/ Yoast SEO plugin. -->","yoast_head_json":{"title":"Participe do lan\u00e7amento da Rede pela Valoriza\u00e7\u00e3o d@s Docentes Latino-american@s (nesta quarta, dia 9) -","robots":{"index":"index","follow":"follow","max-snippet":"max-snippet:-1","max-image-preview":"max-image-preview:large","max-video-preview":"max-video-preview:-1"},"canonical":"https:\/\/inclusivenews.com.br\/?p=21467","og_locale":"pt_PT","og_type":"article","og_title":"Participe do lan\u00e7amento da Rede pela Valoriza\u00e7\u00e3o d@s Docentes Latino-american@s (nesta quarta, dia 9) -","og_description":"Evento ter\u00e1 transmiss\u00e3o ao vivo pela internet com bate-papo interativo a partir das 9h. A partir do diagn\u00f3stico de que a melhora da educa\u00e7\u00e3o p\u00fablica depende da efetiva valoriza\u00e7\u00e3o dos educadores e das educadoras, organiza\u00e7\u00f5es de diferentes pa\u00edses da Am\u00e9rica Latina lan\u00e7am, amanh\u00e3 (9\/11), a Rede pela Valoriza\u00e7\u00e3o d@s Docentes Latino-american@s.","og_url":"https:\/\/inclusivenews.com.br\/?p=21467","article_publisher":"https:\/\/www.facebook.com\/agenciainclusive\/","article_published_time":"2011-11-08T23:38:58+00:00","og_image":[{"url":"http:\/\/inclusivenews.com.br\/wp-content\/uploads\/vozes_da_educacao.jpg","type":"","width":"","height":""}],"author":"inclusivenews2024","twitter_card":"summary_large_image","twitter_misc":{"Escrito por":"inclusivenews2024","Tempo estimado de leitura":"5 minutos"},"schema":{"@context":"https:\/\/schema.org","@graph":[{"@type":"Article","@id":"https:\/\/inclusivenews.com.br\/?p=21467#article","isPartOf":{"@id":"https:\/\/inclusivenews.com.br\/?p=21467"},"author":{"name":"inclusivenews2024","@id":"https:\/\/inclusivenews.com.br\/#\/schema\/person\/ae4ec7087559b8692fb33b6fffd2273b"},"headline":"Participe do lan\u00e7amento da Rede pela Valoriza\u00e7\u00e3o d@s Docentes Latino-american@s (nesta quarta, dia 9)","datePublished":"2011-11-08T23:38:58+00:00","mainEntityOfPage":{"@id":"https:\/\/inclusivenews.com.br\/?p=21467"},"wordCount":1075,"commentCount":0,"publisher":{"@id":"https:\/\/inclusivenews.com.br\/#organization"},"image":{"@id":"https:\/\/inclusivenews.com.br\/?p=21467#primaryimage"},"thumbnailUrl":"http:\/\/inclusivenews.com.br\/wp-content\/uploads\/vozes_da_educacao.jpg","articleSection":["EDUCA\u00c7\u00c3O","NOT\u00cdCIAS"],"inLanguage":"pt-PT","potentialAction":[{"@type":"CommentAction","name":"Comment","target":["https:\/\/inclusivenews.com.br\/?p=21467#respond"]}]},{"@type":"WebPage","@id":"https:\/\/inclusivenews.com.br\/?p=21467","url":"https:\/\/inclusivenews.com.br\/?p=21467","name":"Participe do lan\u00e7amento da Rede pela Valoriza\u00e7\u00e3o d@s Docentes Latino-american@s (nesta quarta, dia 9) -","isPartOf":{"@id":"https:\/\/inclusivenews.com.br\/#website"},"primaryImageOfPage":{"@id":"https:\/\/inclusivenews.com.br\/?p=21467#primaryimage"},"image":{"@id":"https:\/\/inclusivenews.com.br\/?p=21467#primaryimage"},"thumbnailUrl":"http:\/\/inclusivenews.com.br\/wp-content\/uploads\/vozes_da_educacao.jpg","datePublished":"2011-11-08T23:38:58+00:00","breadcrumb":{"@id":"https:\/\/inclusivenews.com.br\/?p=21467#breadcrumb"},"inLanguage":"pt-PT","potentialAction":[{"@type":"ReadAction","target":["https:\/\/inclusivenews.com.br\/?p=21467"]}]},{"@type":"ImageObject","inLanguage":"pt-PT","@id":"https:\/\/inclusivenews.com.br\/?p=21467#primaryimage","url":"","contentUrl":""},{"@type":"BreadcrumbList","@id":"https:\/\/inclusivenews.com.br\/?p=21467#breadcrumb","itemListElement":[{"@type":"ListItem","position":1,"name":"In\u00edcio","item":"https:\/\/inclusivenews.com.br\/"},{"@type":"ListItem","position":2,"name":"Participe do lan\u00e7amento da Rede pela Valoriza\u00e7\u00e3o d@s Docentes Latino-american@s (nesta quarta, dia 9)"}]},{"@type":"WebSite","@id":"https:\/\/inclusivenews.com.br\/#website","url":"https:\/\/inclusivenews.com.br\/","name":"Inclusive News","description":"Inclusive News","publisher":{"@id":"https:\/\/inclusivenews.com.br\/#organization"},"potentialAction":[{"@type":"SearchAction","target":{"@type":"EntryPoint","urlTemplate":"https:\/\/inclusivenews.com.br\/?s={search_term_string}"},"query-input":{"@type":"PropertyValueSpecification","valueRequired":true,"valueName":"search_term_string"}}],"inLanguage":"pt-PT"},{"@type":"Organization","@id":"https:\/\/inclusivenews.com.br\/#organization","name":"Inclusive - inclus\u00e3o e cidadania","url":"https:\/\/inclusivenews.com.br\/","logo":{"@type":"ImageObject","inLanguage":"pt-PT","@id":"https:\/\/inclusivenews.com.br\/#\/schema\/logo\/image\/","url":"https:\/\/inclusivenews.com.br\/wp-content\/uploads\/2024\/03\/@grandesite.png","contentUrl":"https:\/\/inclusivenews.com.br\/wp-content\/uploads\/2024\/03\/@grandesite.png","width":1080,"height":1080,"caption":"Inclusive - inclus\u00e3o e cidadania"},"image":{"@id":"https:\/\/inclusivenews.com.br\/#\/schema\/logo\/image\/"},"sameAs":["https:\/\/www.facebook.com\/agenciainclusive\/","https:\/\/www.instagram.com\/newsinclusive\/"]},{"@type":"Person","@id":"https:\/\/inclusivenews.com.br\/#\/schema\/person\/ae4ec7087559b8692fb33b6fffd2273b","name":"inclusivenews2024","image":{"@type":"ImageObject","inLanguage":"pt-PT","@id":"https:\/\/secure.gravatar.com\/avatar\/c5a7ef84c66fa914f55bc4f7ce26cfa275a3b9a1c5568b907bd184fb4dde7b40?s=96&d=mm&r=g","url":"https:\/\/secure.gravatar.com\/avatar\/c5a7ef84c66fa914f55bc4f7ce26cfa275a3b9a1c5568b907bd184fb4dde7b40?s=96&d=mm&r=g","contentUrl":"https:\/\/secure.gravatar.com\/avatar\/c5a7ef84c66fa914f55bc4f7ce26cfa275a3b9a1c5568b907bd184fb4dde7b40?s=96&d=mm&r=g","caption":"inclusivenews2024"},"sameAs":["https:\/\/inclusivenews.com.br"],"url":"https:\/\/inclusivenews.com.br\/?author=1"}]}},"_links":{"self":[{"href":"https:\/\/inclusivenews.com.br\/index.php?rest_route=\/wp\/v2\/posts\/21467","targetHints":{"allow":["GET"]}}],"collection":[{"href":"https:\/\/inclusivenews.com.br\/index.php?rest_route=\/wp\/v2\/posts"}],"about":[{"href":"https:\/\/inclusivenews.com.br\/index.php?rest_route=\/wp\/v2\/types\/post"}],"author":[{"embeddable":true,"href":"https:\/\/inclusivenews.com.br\/index.php?rest_route=\/wp\/v2\/users\/1"}],"replies":[{"embeddable":true,"href":"https:\/\/inclusivenews.com.br\/index.php?rest_route=%2Fwp%2Fv2%2Fcomments&post=21467"}],"version-history":[{"count":0,"href":"https:\/\/inclusivenews.com.br\/index.php?rest_route=\/wp\/v2\/posts\/21467\/revisions"}],"wp:attachment":[{"href":"https:\/\/inclusivenews.com.br\/index.php?rest_route=%2Fwp%2Fv2%2Fmedia&parent=21467"}],"wp:term":[{"taxonomy":"category","embeddable":true,"href":"https:\/\/inclusivenews.com.br\/index.php?rest_route=%2Fwp%2Fv2%2Fcategories&post=21467"},{"taxonomy":"post_tag","embeddable":true,"href":"https:\/\/inclusivenews.com.br\/index.php?rest_route=%2Fwp%2Fv2%2Ftags&post=21467"}],"curies":[{"name":"wp","href":"https:\/\/api.w.org\/{rel}","templated":true}]}}