{"id":21471,"date":"2011-11-09T14:32:37","date_gmt":"2011-11-09T17:32:37","guid":{"rendered":"http:\/\/www.inclusive.org.br\/?p=21471"},"modified":"2011-11-09T14:32:37","modified_gmt":"2011-11-09T17:32:37","slug":"premios-empreendedor-social-e-empreendedor-social-de-futuro-apresentam-vencedores-20-11","status":"publish","type":"post","link":"https:\/\/inclusivenews.com.br\/?p=21471","title":{"rendered":"Pr\u00eamios empreendedor social e empreendedor social de futuro apresentam vencedores 20 11"},"content":{"rendered":"<figure style=\"width: 284px\" class=\"wp-caption alignleft\"><img loading=\"lazy\" decoding=\"async\" src=\"http:\/\/t3.gstatic.com\/images?q=tbn:ANd9GcRYrHnRthDfLdqMpfCIubPNNpjnQ6kwVhSPfazkKJiIcBKUGA_cyQ\" alt=\"\" width=\"284\" height=\"178\" \/><figcaption class=\"wp-caption-text\"> <\/figcaption><\/figure>\n<p><em>Entre 272 inscritos, de 24 Estados e DF, 11 finalistas, de 9 organiza\u00e7\u00f5es, destacam-se por a\u00e7\u00f5es inovadoras e sustent\u00e1veis, de impacto positivo na sociedade. Em 9\/11, ser\u00e3o revelados os vencedores, em cerim\u00f4nia de premia\u00e7\u00e3o restrita a convidados, no Masp (Museu de Arte de S\u00e3o Paulo), na capital paulista<\/em><\/p>\n<p>A 7\u00aa edi\u00e7\u00e3o do Pr\u00eamio Empreendedor Social e a 3\u00aa do Pr\u00eamio Folha Empreendedor Social de Futuro chegam \u00e0 etapa final em 9 de novembro (quarta-feira), \u00e0s 19 horas, quando ser\u00e3o apresentados os dois vencedores de 2011, em cerim\u00f4nia para convidados no Masp, em S\u00e3o Paulo (SP). Foram selecionados 6 candidatos ao Empreendedor Social e 5 ao Empreendedor Social de Futuro, de 9 organiza\u00e7\u00f5es. Juntos, os dois pr\u00eamios contabilizaram, em 2011, 272 organiza\u00e7\u00f5es inscritas, entre l\u00edderes sociais de 24 Estados e do Distrito Federal. Neste ano, 6 dos 11 finalistas s\u00e3o mulheres.<\/p>\n<p>O Pr\u00eamio Empreendedor Social, promovido no Brasil pela Funda\u00e7\u00e3o Schwab, em parceria exclusiva com a Folha de S.Paulo, destaca l\u00edderes sociais que atuam h\u00e1 pelo menos tr\u00eas anos, de maneira inovadora, sustent\u00e1vel e com forte impacto na sociedade e em pol\u00edticas p\u00fablicas, em \u00e1reas como agricultura, ambiente, cultura, desenvolvimento de neg\u00f3cios, educa\u00e7\u00e3o, habita\u00e7\u00e3o, sa\u00fade. Os finalistas de 2011 s\u00e3o: Claudia de Freitas Vidigal, do Instituto Fazendo Hist\u00f3ria (CE, MA, PB, PR, RJ, SP, DF e Costa Rica); Dagmar Rivieri Garroux, da Associa\u00e7\u00e3o Educacional e Assistencial Casa do Zezinho (SP); Gisela Maria Bernardes Solymos, do Centro de Recupera\u00e7\u00e3o e Educa\u00e7\u00e3o Nutricional (SP, AL); Ira\u00ea Cardoso, da Associa\u00e7\u00e3o dos Amigos e Pais de Pessoas Especiais (AL); Jos\u00e9 Dias Campos, do Centro de Educa\u00e7\u00e3o Popular e Forma\u00e7\u00e3o Social (PB); e Luciana Chinaglia Quint\u00e3o, do Banco de Alimentos (SP) (veja resumos abaixo).<\/p>\n<p>O Pr\u00eamio Folha Empreendedor Social de Futuro, realizado exclusivamente pela Folha de S.Paulo, reconhece e promove l\u00edderes sociais que atuam h\u00e1, no m\u00ednimo, um ano e, no m\u00e1ximo, tr\u00eas anos, de forma inovadora, e que precisem de mais visibilidade para atingir ou consolidar a sustentabilidade de sua iniciativa, al\u00e9m de multiplicar seu impacto. Concorrem a esse pr\u00eamio em 2011: Eduardo Pacheco e Chaves, da Associa\u00e7\u00e3o Hurra (SP); Henrique Cardoso Saraiva, Luana Nobre e Phelipe Nobre, da Adaptsurf (RJ); e Valmir do Vale Lins, do Instituto Musiva (RJ) (veja resumos abaixo).<\/p>\n<p>\u201cMais do que chancelar esses projetos sociais, a Folha reitera seu compromisso de reconhecer publicamente esses empreendedores, que s\u00e3o exemplo de que \u00e9 poss\u00edvel unir primeiro, segundo e terceiro setores em busca de solu\u00e7\u00f5es efetivas para os problemas sociais brasileiros\u201d, afirma S\u00e9rgio D\u00e1vila, editor-executivo da Folha de S.Paulo. Segundo Mirjam Schoening, diretora-executiva da Funda\u00e7\u00e3o Schwab, pelo s\u00e9timo ano consecutivo, \u201co Brasil confirma sua voca\u00e7\u00e3o de celeiro de empreendedores que inovam nas \u00e1reas social, econ\u00f4mica e ambiental\u201d.<\/p>\n<p>Festa de premia\u00e7\u00e3o<br \/>\nOs vencedores ser\u00e3o apresentados em uma cerim\u00f4nia no Masp, em 9\/11. \u00c0s 19h, tem in\u00edcio um coquetel, com a presen\u00e7a dos finalistas deste e de anos anteriores e convidados dos setores p\u00fablico e empresarial, al\u00e9m de acad\u00eamicos e representantes do Terceiro Setor. No local, haver\u00e1 uma exposi\u00e7\u00e3o com fotografias dos projetos, assinada por Renato Stockler. Em seguida, \u00e0s 20h, come\u00e7a a premia\u00e7\u00e3o. A abertura contar\u00e1 com apresenta\u00e7\u00e3o especial da Camerata Bachiana e do coral do projeto social A M\u00fasica Venceu, regidos pelo maestro Jo\u00e3o Carlos Martins. Cl\u00e1udia Cotes e F\u00e1bio Bibancos, da Rede Folha de Empreendedores Socioambientais, comandar\u00e3o a cerim\u00f4nia, com tradu\u00e7\u00e3o para Libras (L\u00edngua Brasileira de Sinais).<\/p>\n<p>Antes de serem anunciados os vencedores deste ano, a TV Folha exibir\u00e1 um document\u00e1rio de cada um deles. Os trof\u00e9us de vencedores ser\u00e3o entregues pelos ganhadores da edi\u00e7\u00e3o 2010, o m\u00e9dico Roberto Kikawa, do Projeto Cies, e pelo economista Wagner Gomes, da Adel (Ag\u00eancia de Desenvolvimento Econ\u00f4mico Local).<\/p>\n","protected":false},"excerpt":{"rendered":"<p>Entre 272 inscritos, de 24 Estados e DF, 11 finalistas, de 9 organiza\u00e7\u00f5es, destacam-se por a\u00e7\u00f5es inovadoras e sustent\u00e1veis, de impacto positivo na sociedade. Em 9\/11, ser\u00e3o revelados os vencedores, em cerim\u00f4nia de premia\u00e7\u00e3o restrita a convidados, no Masp (Museu de Arte de S\u00e3o Paulo), na capital paulista.<\/p>\n","protected":false},"author":1,"featured_media":0,"comment_status":"open","ping_status":"open","sticky":false,"template":"","format":"standard","meta":{"site-container-style":"default","site-container-layout":"default","site-sidebar-layout":"default","disable-article-header":"default","disable-site-header":"default","disable-site-footer":"default","disable-content-area-spacing":"default","footnotes":""},"categories":[4],"tags":[],"class_list":["post-21471","post","type-post","status-publish","format-standard","hentry","category-noticias"],"yoast_head":"<!-- This site is optimized with the Yoast SEO plugin v27.4 - https:\/\/yoast.com\/product\/yoast-seo-wordpress\/ -->\n<title>Pr\u00eamios empreendedor social e empreendedor social de futuro apresentam vencedores 20 11 -<\/title>\n<meta name=\"robots\" content=\"index, follow, max-snippet:-1, max-image-preview:large, max-video-preview:-1\" \/>\n<link rel=\"canonical\" href=\"https:\/\/inclusivenews.com.br\/?p=21471\" \/>\n<meta property=\"og:locale\" content=\"pt_PT\" \/>\n<meta property=\"og:type\" content=\"article\" \/>\n<meta property=\"og:title\" content=\"Pr\u00eamios empreendedor social e empreendedor social de futuro apresentam vencedores 20 11 -\" \/>\n<meta property=\"og:description\" content=\"Entre 272 inscritos, de 24 Estados e DF, 11 finalistas, de 9 organiza\u00e7\u00f5es, destacam-se por a\u00e7\u00f5es inovadoras e sustent\u00e1veis, de impacto positivo na sociedade. Em 9\/11, ser\u00e3o revelados os vencedores, em cerim\u00f4nia de premia\u00e7\u00e3o restrita a convidados, no Masp (Museu de Arte de S\u00e3o Paulo), na capital paulista.\" \/>\n<meta property=\"og:url\" content=\"https:\/\/inclusivenews.com.br\/?p=21471\" \/>\n<meta property=\"article:publisher\" content=\"https:\/\/www.facebook.com\/agenciainclusive\/\" \/>\n<meta property=\"article:published_time\" content=\"2011-11-09T17:32:37+00:00\" \/>\n<meta property=\"og:image\" content=\"http:\/\/t3.gstatic.com\/images?q=tbn:ANd9GcRYrHnRthDfLdqMpfCIubPNNpjnQ6kwVhSPfazkKJiIcBKUGA_cyQ\" \/>\n<meta name=\"author\" content=\"inclusivenews2024\" \/>\n<meta name=\"twitter:card\" content=\"summary_large_image\" \/>\n<meta name=\"twitter:label1\" content=\"Escrito por\" \/>\n\t<meta name=\"twitter:data1\" content=\"inclusivenews2024\" \/>\n\t<meta name=\"twitter:label2\" content=\"Tempo estimado de leitura\" \/>\n\t<meta name=\"twitter:data2\" content=\"3 minutos\" \/>\n<script type=\"application\/ld+json\" class=\"yoast-schema-graph\">{\"@context\":\"https:\\\/\\\/schema.org\",\"@graph\":[{\"@type\":\"Article\",\"@id\":\"https:\\\/\\\/inclusivenews.com.br\\\/?p=21471#article\",\"isPartOf\":{\"@id\":\"https:\\\/\\\/inclusivenews.com.br\\\/?p=21471\"},\"author\":{\"name\":\"inclusivenews2024\",\"@id\":\"https:\\\/\\\/inclusivenews.com.br\\\/#\\\/schema\\\/person\\\/ae4ec7087559b8692fb33b6fffd2273b\"},\"headline\":\"Pr\u00eamios empreendedor social e empreendedor social de futuro apresentam vencedores 20 11\",\"datePublished\":\"2011-11-09T17:32:37+00:00\",\"mainEntityOfPage\":{\"@id\":\"https:\\\/\\\/inclusivenews.com.br\\\/?p=21471\"},\"wordCount\":682,\"commentCount\":0,\"publisher\":{\"@id\":\"https:\\\/\\\/inclusivenews.com.br\\\/#organization\"},\"image\":{\"@id\":\"https:\\\/\\\/inclusivenews.com.br\\\/?p=21471#primaryimage\"},\"thumbnailUrl\":\"http:\\\/\\\/t3.gstatic.com\\\/images?q=tbn:ANd9GcRYrHnRthDfLdqMpfCIubPNNpjnQ6kwVhSPfazkKJiIcBKUGA_cyQ\",\"articleSection\":[\"NOT\u00cdCIAS\"],\"inLanguage\":\"pt-PT\",\"potentialAction\":[{\"@type\":\"CommentAction\",\"name\":\"Comment\",\"target\":[\"https:\\\/\\\/inclusivenews.com.br\\\/?p=21471#respond\"]}]},{\"@type\":\"WebPage\",\"@id\":\"https:\\\/\\\/inclusivenews.com.br\\\/?p=21471\",\"url\":\"https:\\\/\\\/inclusivenews.com.br\\\/?p=21471\",\"name\":\"Pr\u00eamios empreendedor social e empreendedor social de futuro apresentam vencedores 20 11 -\",\"isPartOf\":{\"@id\":\"https:\\\/\\\/inclusivenews.com.br\\\/#website\"},\"primaryImageOfPage\":{\"@id\":\"https:\\\/\\\/inclusivenews.com.br\\\/?p=21471#primaryimage\"},\"image\":{\"@id\":\"https:\\\/\\\/inclusivenews.com.br\\\/?p=21471#primaryimage\"},\"thumbnailUrl\":\"http:\\\/\\\/t3.gstatic.com\\\/images?q=tbn:ANd9GcRYrHnRthDfLdqMpfCIubPNNpjnQ6kwVhSPfazkKJiIcBKUGA_cyQ\",\"datePublished\":\"2011-11-09T17:32:37+00:00\",\"breadcrumb\":{\"@id\":\"https:\\\/\\\/inclusivenews.com.br\\\/?p=21471#breadcrumb\"},\"inLanguage\":\"pt-PT\",\"potentialAction\":[{\"@type\":\"ReadAction\",\"target\":[\"https:\\\/\\\/inclusivenews.com.br\\\/?p=21471\"]}]},{\"@type\":\"ImageObject\",\"inLanguage\":\"pt-PT\",\"@id\":\"https:\\\/\\\/inclusivenews.com.br\\\/?p=21471#primaryimage\",\"url\":\"http:\\\/\\\/t3.gstatic.com\\\/images?q=tbn:ANd9GcRYrHnRthDfLdqMpfCIubPNNpjnQ6kwVhSPfazkKJiIcBKUGA_cyQ\",\"contentUrl\":\"http:\\\/\\\/t3.gstatic.com\\\/images?q=tbn:ANd9GcRYrHnRthDfLdqMpfCIubPNNpjnQ6kwVhSPfazkKJiIcBKUGA_cyQ\"},{\"@type\":\"BreadcrumbList\",\"@id\":\"https:\\\/\\\/inclusivenews.com.br\\\/?p=21471#breadcrumb\",\"itemListElement\":[{\"@type\":\"ListItem\",\"position\":1,\"name\":\"In\u00edcio\",\"item\":\"https:\\\/\\\/inclusivenews.com.br\\\/\"},{\"@type\":\"ListItem\",\"position\":2,\"name\":\"Pr\u00eamios empreendedor social e empreendedor social de futuro apresentam vencedores 20 11\"}]},{\"@type\":\"WebSite\",\"@id\":\"https:\\\/\\\/inclusivenews.com.br\\\/#website\",\"url\":\"https:\\\/\\\/inclusivenews.com.br\\\/\",\"name\":\"Inclusive News\",\"description\":\"Inclusive News\",\"publisher\":{\"@id\":\"https:\\\/\\\/inclusivenews.com.br\\\/#organization\"},\"potentialAction\":[{\"@type\":\"SearchAction\",\"target\":{\"@type\":\"EntryPoint\",\"urlTemplate\":\"https:\\\/\\\/inclusivenews.com.br\\\/?s={search_term_string}\"},\"query-input\":{\"@type\":\"PropertyValueSpecification\",\"valueRequired\":true,\"valueName\":\"search_term_string\"}}],\"inLanguage\":\"pt-PT\"},{\"@type\":\"Organization\",\"@id\":\"https:\\\/\\\/inclusivenews.com.br\\\/#organization\",\"name\":\"Inclusive - inclus\u00e3o e cidadania\",\"url\":\"https:\\\/\\\/inclusivenews.com.br\\\/\",\"logo\":{\"@type\":\"ImageObject\",\"inLanguage\":\"pt-PT\",\"@id\":\"https:\\\/\\\/inclusivenews.com.br\\\/#\\\/schema\\\/logo\\\/image\\\/\",\"url\":\"https:\\\/\\\/inclusivenews.com.br\\\/wp-content\\\/uploads\\\/2024\\\/03\\\/@grandesite.png\",\"contentUrl\":\"https:\\\/\\\/inclusivenews.com.br\\\/wp-content\\\/uploads\\\/2024\\\/03\\\/@grandesite.png\",\"width\":1080,\"height\":1080,\"caption\":\"Inclusive - inclus\u00e3o e cidadania\"},\"image\":{\"@id\":\"https:\\\/\\\/inclusivenews.com.br\\\/#\\\/schema\\\/logo\\\/image\\\/\"},\"sameAs\":[\"https:\\\/\\\/www.facebook.com\\\/agenciainclusive\\\/\",\"https:\\\/\\\/www.instagram.com\\\/newsinclusive\\\/\"]},{\"@type\":\"Person\",\"@id\":\"https:\\\/\\\/inclusivenews.com.br\\\/#\\\/schema\\\/person\\\/ae4ec7087559b8692fb33b6fffd2273b\",\"name\":\"inclusivenews2024\",\"image\":{\"@type\":\"ImageObject\",\"inLanguage\":\"pt-PT\",\"@id\":\"https:\\\/\\\/secure.gravatar.com\\\/avatar\\\/c5a7ef84c66fa914f55bc4f7ce26cfa275a3b9a1c5568b907bd184fb4dde7b40?s=96&d=mm&r=g\",\"url\":\"https:\\\/\\\/secure.gravatar.com\\\/avatar\\\/c5a7ef84c66fa914f55bc4f7ce26cfa275a3b9a1c5568b907bd184fb4dde7b40?s=96&d=mm&r=g\",\"contentUrl\":\"https:\\\/\\\/secure.gravatar.com\\\/avatar\\\/c5a7ef84c66fa914f55bc4f7ce26cfa275a3b9a1c5568b907bd184fb4dde7b40?s=96&d=mm&r=g\",\"caption\":\"inclusivenews2024\"},\"sameAs\":[\"https:\\\/\\\/inclusivenews.com.br\"],\"url\":\"https:\\\/\\\/inclusivenews.com.br\\\/?author=1\"}]}<\/script>\n<!-- \/ Yoast SEO plugin. -->","yoast_head_json":{"title":"Pr\u00eamios empreendedor social e empreendedor social de futuro apresentam vencedores 20 11 -","robots":{"index":"index","follow":"follow","max-snippet":"max-snippet:-1","max-image-preview":"max-image-preview:large","max-video-preview":"max-video-preview:-1"},"canonical":"https:\/\/inclusivenews.com.br\/?p=21471","og_locale":"pt_PT","og_type":"article","og_title":"Pr\u00eamios empreendedor social e empreendedor social de futuro apresentam vencedores 20 11 -","og_description":"Entre 272 inscritos, de 24 Estados e DF, 11 finalistas, de 9 organiza\u00e7\u00f5es, destacam-se por a\u00e7\u00f5es inovadoras e sustent\u00e1veis, de impacto positivo na sociedade. Em 9\/11, ser\u00e3o revelados os vencedores, em cerim\u00f4nia de premia\u00e7\u00e3o restrita a convidados, no Masp (Museu de Arte de S\u00e3o Paulo), na capital paulista.","og_url":"https:\/\/inclusivenews.com.br\/?p=21471","article_publisher":"https:\/\/www.facebook.com\/agenciainclusive\/","article_published_time":"2011-11-09T17:32:37+00:00","og_image":[{"url":"http:\/\/t3.gstatic.com\/images?q=tbn:ANd9GcRYrHnRthDfLdqMpfCIubPNNpjnQ6kwVhSPfazkKJiIcBKUGA_cyQ","type":"","width":"","height":""}],"author":"inclusivenews2024","twitter_card":"summary_large_image","twitter_misc":{"Escrito por":"inclusivenews2024","Tempo estimado de leitura":"3 minutos"},"schema":{"@context":"https:\/\/schema.org","@graph":[{"@type":"Article","@id":"https:\/\/inclusivenews.com.br\/?p=21471#article","isPartOf":{"@id":"https:\/\/inclusivenews.com.br\/?p=21471"},"author":{"name":"inclusivenews2024","@id":"https:\/\/inclusivenews.com.br\/#\/schema\/person\/ae4ec7087559b8692fb33b6fffd2273b"},"headline":"Pr\u00eamios empreendedor social e empreendedor social de futuro apresentam vencedores 20 11","datePublished":"2011-11-09T17:32:37+00:00","mainEntityOfPage":{"@id":"https:\/\/inclusivenews.com.br\/?p=21471"},"wordCount":682,"commentCount":0,"publisher":{"@id":"https:\/\/inclusivenews.com.br\/#organization"},"image":{"@id":"https:\/\/inclusivenews.com.br\/?p=21471#primaryimage"},"thumbnailUrl":"http:\/\/t3.gstatic.com\/images?q=tbn:ANd9GcRYrHnRthDfLdqMpfCIubPNNpjnQ6kwVhSPfazkKJiIcBKUGA_cyQ","articleSection":["NOT\u00cdCIAS"],"inLanguage":"pt-PT","potentialAction":[{"@type":"CommentAction","name":"Comment","target":["https:\/\/inclusivenews.com.br\/?p=21471#respond"]}]},{"@type":"WebPage","@id":"https:\/\/inclusivenews.com.br\/?p=21471","url":"https:\/\/inclusivenews.com.br\/?p=21471","name":"Pr\u00eamios empreendedor social e empreendedor social de futuro apresentam vencedores 20 11 -","isPartOf":{"@id":"https:\/\/inclusivenews.com.br\/#website"},"primaryImageOfPage":{"@id":"https:\/\/inclusivenews.com.br\/?p=21471#primaryimage"},"image":{"@id":"https:\/\/inclusivenews.com.br\/?p=21471#primaryimage"},"thumbnailUrl":"http:\/\/t3.gstatic.com\/images?q=tbn:ANd9GcRYrHnRthDfLdqMpfCIubPNNpjnQ6kwVhSPfazkKJiIcBKUGA_cyQ","datePublished":"2011-11-09T17:32:37+00:00","breadcrumb":{"@id":"https:\/\/inclusivenews.com.br\/?p=21471#breadcrumb"},"inLanguage":"pt-PT","potentialAction":[{"@type":"ReadAction","target":["https:\/\/inclusivenews.com.br\/?p=21471"]}]},{"@type":"ImageObject","inLanguage":"pt-PT","@id":"https:\/\/inclusivenews.com.br\/?p=21471#primaryimage","url":"http:\/\/t3.gstatic.com\/images?q=tbn:ANd9GcRYrHnRthDfLdqMpfCIubPNNpjnQ6kwVhSPfazkKJiIcBKUGA_cyQ","contentUrl":"http:\/\/t3.gstatic.com\/images?q=tbn:ANd9GcRYrHnRthDfLdqMpfCIubPNNpjnQ6kwVhSPfazkKJiIcBKUGA_cyQ"},{"@type":"BreadcrumbList","@id":"https:\/\/inclusivenews.com.br\/?p=21471#breadcrumb","itemListElement":[{"@type":"ListItem","position":1,"name":"In\u00edcio","item":"https:\/\/inclusivenews.com.br\/"},{"@type":"ListItem","position":2,"name":"Pr\u00eamios empreendedor social e empreendedor social de futuro apresentam vencedores 20 11"}]},{"@type":"WebSite","@id":"https:\/\/inclusivenews.com.br\/#website","url":"https:\/\/inclusivenews.com.br\/","name":"Inclusive News","description":"Inclusive News","publisher":{"@id":"https:\/\/inclusivenews.com.br\/#organization"},"potentialAction":[{"@type":"SearchAction","target":{"@type":"EntryPoint","urlTemplate":"https:\/\/inclusivenews.com.br\/?s={search_term_string}"},"query-input":{"@type":"PropertyValueSpecification","valueRequired":true,"valueName":"search_term_string"}}],"inLanguage":"pt-PT"},{"@type":"Organization","@id":"https:\/\/inclusivenews.com.br\/#organization","name":"Inclusive - inclus\u00e3o e cidadania","url":"https:\/\/inclusivenews.com.br\/","logo":{"@type":"ImageObject","inLanguage":"pt-PT","@id":"https:\/\/inclusivenews.com.br\/#\/schema\/logo\/image\/","url":"https:\/\/inclusivenews.com.br\/wp-content\/uploads\/2024\/03\/@grandesite.png","contentUrl":"https:\/\/inclusivenews.com.br\/wp-content\/uploads\/2024\/03\/@grandesite.png","width":1080,"height":1080,"caption":"Inclusive - inclus\u00e3o e cidadania"},"image":{"@id":"https:\/\/inclusivenews.com.br\/#\/schema\/logo\/image\/"},"sameAs":["https:\/\/www.facebook.com\/agenciainclusive\/","https:\/\/www.instagram.com\/newsinclusive\/"]},{"@type":"Person","@id":"https:\/\/inclusivenews.com.br\/#\/schema\/person\/ae4ec7087559b8692fb33b6fffd2273b","name":"inclusivenews2024","image":{"@type":"ImageObject","inLanguage":"pt-PT","@id":"https:\/\/secure.gravatar.com\/avatar\/c5a7ef84c66fa914f55bc4f7ce26cfa275a3b9a1c5568b907bd184fb4dde7b40?s=96&d=mm&r=g","url":"https:\/\/secure.gravatar.com\/avatar\/c5a7ef84c66fa914f55bc4f7ce26cfa275a3b9a1c5568b907bd184fb4dde7b40?s=96&d=mm&r=g","contentUrl":"https:\/\/secure.gravatar.com\/avatar\/c5a7ef84c66fa914f55bc4f7ce26cfa275a3b9a1c5568b907bd184fb4dde7b40?s=96&d=mm&r=g","caption":"inclusivenews2024"},"sameAs":["https:\/\/inclusivenews.com.br"],"url":"https:\/\/inclusivenews.com.br\/?author=1"}]}},"_links":{"self":[{"href":"https:\/\/inclusivenews.com.br\/index.php?rest_route=\/wp\/v2\/posts\/21471","targetHints":{"allow":["GET"]}}],"collection":[{"href":"https:\/\/inclusivenews.com.br\/index.php?rest_route=\/wp\/v2\/posts"}],"about":[{"href":"https:\/\/inclusivenews.com.br\/index.php?rest_route=\/wp\/v2\/types\/post"}],"author":[{"embeddable":true,"href":"https:\/\/inclusivenews.com.br\/index.php?rest_route=\/wp\/v2\/users\/1"}],"replies":[{"embeddable":true,"href":"https:\/\/inclusivenews.com.br\/index.php?rest_route=%2Fwp%2Fv2%2Fcomments&post=21471"}],"version-history":[{"count":0,"href":"https:\/\/inclusivenews.com.br\/index.php?rest_route=\/wp\/v2\/posts\/21471\/revisions"}],"wp:attachment":[{"href":"https:\/\/inclusivenews.com.br\/index.php?rest_route=%2Fwp%2Fv2%2Fmedia&parent=21471"}],"wp:term":[{"taxonomy":"category","embeddable":true,"href":"https:\/\/inclusivenews.com.br\/index.php?rest_route=%2Fwp%2Fv2%2Fcategories&post=21471"},{"taxonomy":"post_tag","embeddable":true,"href":"https:\/\/inclusivenews.com.br\/index.php?rest_route=%2Fwp%2Fv2%2Ftags&post=21471"}],"curies":[{"name":"wp","href":"https:\/\/api.w.org\/{rel}","templated":true}]}}