{"id":21477,"date":"2011-11-09T15:30:31","date_gmt":"2011-11-09T18:30:31","guid":{"rendered":"http:\/\/www.inclusive.org.br\/?p=21477"},"modified":"2011-11-09T15:30:31","modified_gmt":"2011-11-09T18:30:31","slug":"midias-sociais-facilitam-interacao-com-alunos-e-podem-ser-instrumento-pedagogico-defendem-especialistas","status":"publish","type":"post","link":"https:\/\/inclusivenews.com.br\/?p=21477","title":{"rendered":"M\u00eddias sociais facilitam intera\u00e7\u00e3o com alunos e podem ser instrumento pedag\u00f3gico, defendem especialistas"},"content":{"rendered":"<figure style=\"width: 320px\" class=\"wp-caption alignleft\"><img loading=\"lazy\" decoding=\"async\" class=\" \" title=\"M\u00eddias sociais\" src=\"http:\/\/exame.abril.com.br\/rede-de-blogs\/midias-sociais\/files\/2011\/09\/redes-sociais.jpg\" alt=\"\" width=\"320\" height=\"240\" \/><figcaption class=\"wp-caption-text\"> <\/figcaption><\/figure>\n<p><strong>Por Isabela Vieira<br \/>\nna Ag\u00eancia Brasil<\/strong><\/p>\n<p>Escolas precisam experimentar o uso das m\u00eddias sociais para aproximar o conte\u00fado pedag\u00f3gico da realidade dos alunos, apontaram especialistas em educa\u00e7\u00e3o que participaram no \u00faltimo dia de semin\u00e1rio sobre o tema, no Rio. Segundo eles, o ideal \u00e9 testar v\u00e1rias tecnologias e ver qual se adapta \u00e0s regras da escola e os recursos dispon\u00edveis aos alunos, aos professores e aos pais.<\/p>\n<p>Ao apresentar casos bem sucedidos e problemas gerados pelo mau uso de redes sociais, o autor do livro Socialnomics: Como as M\u00eddias Sociais Transformam o Jeito que Vivemos e Fazemos Neg\u00f3cios (na tradu\u00e7\u00e3o livre), o norte-americano Erik Qualmn, disse que \u00e9 preciso ousar na educa\u00e7\u00e3o e n\u00e3o restringir as aulas ao m\u00e9todo tradicional que se resume a palestras, sem interatividade.<\/p>\n<p>&#8220;Precisamos prestar aten\u00e7\u00e3o nos alunos, ver com qual ferramenta ou equipamento eles est\u00e3o mais familiarizados e dar o primeiro passo&#8221;, disse Qualmn no semin\u00e1rio Conecta, organizado pelo Sesi\/Senai. Ele sugeriu, por exemplo, que escolas passem deveres de casa que possam ser apresentados pelo Youtube e substituam livros pelos ipads \u2013 aparelhos que re\u00fanem computador, video game, tocador de m\u00fasica e v\u00eddeo e leitor de livro digital.<\/p>\n<p>&#8220;Em muitos lugares, existe o debate sobre o uso, pelas crian\u00e7as, de telefones celulares&#8221;, disse sobre a dissemina\u00e7\u00e3o dos smartphones \u2013 celulares conectados \u00e0 internet. &#8220;As escolas precisam checar ao que \u00e9 melhor para si. Na [Universidade de] Harvard, o ipad \u00e9 permitido em algumas aulas. Outras aulas s\u00e3o dadas da mesma forma h\u00e1 cem anos&#8221;, acrescentou Qualmn, que tamb\u00e9m \u00e9 professor de MBS da Hult International Bussiness, nos Estados Unidos .<\/p>\n<p>Em uma escola p\u00fablica do munic\u00edpio de Hortol\u00e2ndia (SP), Edson Nascimento, professor de educa\u00e7\u00e3o f\u00edsica, deu o primeiro passo na ado\u00e7\u00e3o de novas tecnologias como instrumento pedag\u00f3gico. Ele criou um blog para divulgar o conte\u00fado das aulas e conquistou alunos at\u00e9 de outras escolas. Nascimento diz que o principal desafio para difundir a tecnologia na escola \u00e9 convencer os demais professores a aceit\u00e1-la como um recurso educativo.<\/p>\n<p>&#8220;Isso n\u00e3o \u00e9 uma coisa tranquila, n\u00e3o temos ades\u00e3o de 100% dos professores. Pessoas entendem que se migrarem para a tecnologia n\u00e3o v\u00e3o mais saber dar aula. Apegam-se ao giz e \u00e0 lousa como se isso lhes desse controle da turma. Mas os alunos acabam prestando aten\u00e7\u00e3o em outras mil coisas&#8221;, disse Nascimento, que d\u00e1 aulas para uma escola de 500 alunos de ensino m\u00e9dio e fundamental.<\/p>\n<p>O professor americano Qualmn acrescentou que o pr\u00f3prio uso da internet pode estimular debates sobre a veracidade de conte\u00fados dispon\u00edveis na rede, al\u00e9m de incentivar a produ\u00e7\u00e3o de conhecimento de forma colaborativa, como o que est\u00e1 dispon\u00edvel no Wikipedia, uma esp\u00e9cie de enciclop\u00e9dia online aberta, que aceita contribui\u00e7\u00f5es de qualquer usu\u00e1rio.<\/p>\n<p>Pedagoga de uma escola particular do Rio, que criou sua pr\u00f3pria rede social, Patr\u00edcia Lins e Silva relatou que a ferramenta ofereceu &#8220;ganchos&#8221; para que a escola discutisse t\u00f3picos como o uso de &#8220;palavr\u00f5es&#8221; e a superexposi\u00e7\u00e3o de \u00eddolos de adolescentes na rede.<\/p>\n<p>Edi\u00e7\u00e3o: Lana Cristina<\/p>\n<p>Fonte: Ag\u00eancia Brasil<\/p>\n","protected":false},"excerpt":{"rendered":"<p>M\u00eddias sociais facilitam intera\u00e7\u00e3o com alunos e podem ser instrumento pedag\u00f3gico, defendem especialistas. Da Ag\u00eancia Brasil.<\/p>\n","protected":false},"author":1,"featured_media":0,"comment_status":"open","ping_status":"open","sticky":false,"template":"","format":"standard","meta":{"site-container-style":"default","site-container-layout":"default","site-sidebar-layout":"default","disable-article-header":"default","disable-site-header":"default","disable-site-footer":"default","disable-content-area-spacing":"default","footnotes":""},"categories":[6,33],"tags":[],"class_list":["post-21477","post","type-post","status-publish","format-standard","hentry","category-educacao","category-reportagem"],"yoast_head":"<!-- This site is optimized with the Yoast SEO plugin v27.4 - https:\/\/yoast.com\/product\/yoast-seo-wordpress\/ -->\n<title>M\u00eddias sociais facilitam intera\u00e7\u00e3o com alunos e podem ser instrumento pedag\u00f3gico, defendem especialistas -<\/title>\n<meta name=\"robots\" content=\"index, follow, max-snippet:-1, max-image-preview:large, max-video-preview:-1\" \/>\n<link rel=\"canonical\" href=\"https:\/\/inclusivenews.com.br\/?p=21477\" \/>\n<meta property=\"og:locale\" content=\"pt_PT\" \/>\n<meta property=\"og:type\" content=\"article\" \/>\n<meta property=\"og:title\" content=\"M\u00eddias sociais facilitam intera\u00e7\u00e3o com alunos e podem ser instrumento pedag\u00f3gico, defendem especialistas -\" \/>\n<meta property=\"og:description\" content=\"M\u00eddias sociais facilitam intera\u00e7\u00e3o com alunos e podem ser instrumento pedag\u00f3gico, defendem especialistas. Da Ag\u00eancia Brasil.\" \/>\n<meta property=\"og:url\" content=\"https:\/\/inclusivenews.com.br\/?p=21477\" \/>\n<meta property=\"article:publisher\" content=\"https:\/\/www.facebook.com\/agenciainclusive\/\" \/>\n<meta property=\"article:published_time\" content=\"2011-11-09T18:30:31+00:00\" \/>\n<meta property=\"og:image\" content=\"http:\/\/exame.abril.com.br\/rede-de-blogs\/midias-sociais\/files\/2011\/09\/redes-sociais.jpg\" \/>\n<meta name=\"author\" content=\"inclusivenews2024\" \/>\n<meta name=\"twitter:card\" content=\"summary_large_image\" \/>\n<meta name=\"twitter:label1\" content=\"Escrito por\" \/>\n\t<meta name=\"twitter:data1\" content=\"inclusivenews2024\" \/>\n\t<meta name=\"twitter:label2\" content=\"Tempo estimado de leitura\" \/>\n\t<meta name=\"twitter:data2\" content=\"3 minutos\" \/>\n<script type=\"application\/ld+json\" class=\"yoast-schema-graph\">{\"@context\":\"https:\\\/\\\/schema.org\",\"@graph\":[{\"@type\":\"Article\",\"@id\":\"https:\\\/\\\/inclusivenews.com.br\\\/?p=21477#article\",\"isPartOf\":{\"@id\":\"https:\\\/\\\/inclusivenews.com.br\\\/?p=21477\"},\"author\":{\"name\":\"inclusivenews2024\",\"@id\":\"https:\\\/\\\/inclusivenews.com.br\\\/#\\\/schema\\\/person\\\/ae4ec7087559b8692fb33b6fffd2273b\"},\"headline\":\"M\u00eddias sociais facilitam intera\u00e7\u00e3o com alunos e podem ser instrumento pedag\u00f3gico, defendem especialistas\",\"datePublished\":\"2011-11-09T18:30:31+00:00\",\"mainEntityOfPage\":{\"@id\":\"https:\\\/\\\/inclusivenews.com.br\\\/?p=21477\"},\"wordCount\":566,\"commentCount\":0,\"publisher\":{\"@id\":\"https:\\\/\\\/inclusivenews.com.br\\\/#organization\"},\"image\":{\"@id\":\"https:\\\/\\\/inclusivenews.com.br\\\/?p=21477#primaryimage\"},\"thumbnailUrl\":\"http:\\\/\\\/exame.abril.com.br\\\/rede-de-blogs\\\/midias-sociais\\\/files\\\/2011\\\/09\\\/redes-sociais.jpg\",\"articleSection\":[\"EDUCA\u00c7\u00c3O\",\"Reportagem\"],\"inLanguage\":\"pt-PT\",\"potentialAction\":[{\"@type\":\"CommentAction\",\"name\":\"Comment\",\"target\":[\"https:\\\/\\\/inclusivenews.com.br\\\/?p=21477#respond\"]}]},{\"@type\":\"WebPage\",\"@id\":\"https:\\\/\\\/inclusivenews.com.br\\\/?p=21477\",\"url\":\"https:\\\/\\\/inclusivenews.com.br\\\/?p=21477\",\"name\":\"M\u00eddias sociais facilitam intera\u00e7\u00e3o com alunos e podem ser instrumento pedag\u00f3gico, defendem especialistas -\",\"isPartOf\":{\"@id\":\"https:\\\/\\\/inclusivenews.com.br\\\/#website\"},\"primaryImageOfPage\":{\"@id\":\"https:\\\/\\\/inclusivenews.com.br\\\/?p=21477#primaryimage\"},\"image\":{\"@id\":\"https:\\\/\\\/inclusivenews.com.br\\\/?p=21477#primaryimage\"},\"thumbnailUrl\":\"http:\\\/\\\/exame.abril.com.br\\\/rede-de-blogs\\\/midias-sociais\\\/files\\\/2011\\\/09\\\/redes-sociais.jpg\",\"datePublished\":\"2011-11-09T18:30:31+00:00\",\"breadcrumb\":{\"@id\":\"https:\\\/\\\/inclusivenews.com.br\\\/?p=21477#breadcrumb\"},\"inLanguage\":\"pt-PT\",\"potentialAction\":[{\"@type\":\"ReadAction\",\"target\":[\"https:\\\/\\\/inclusivenews.com.br\\\/?p=21477\"]}]},{\"@type\":\"ImageObject\",\"inLanguage\":\"pt-PT\",\"@id\":\"https:\\\/\\\/inclusivenews.com.br\\\/?p=21477#primaryimage\",\"url\":\"http:\\\/\\\/exame.abril.com.br\\\/rede-de-blogs\\\/midias-sociais\\\/files\\\/2011\\\/09\\\/redes-sociais.jpg\",\"contentUrl\":\"http:\\\/\\\/exame.abril.com.br\\\/rede-de-blogs\\\/midias-sociais\\\/files\\\/2011\\\/09\\\/redes-sociais.jpg\"},{\"@type\":\"BreadcrumbList\",\"@id\":\"https:\\\/\\\/inclusivenews.com.br\\\/?p=21477#breadcrumb\",\"itemListElement\":[{\"@type\":\"ListItem\",\"position\":1,\"name\":\"In\u00edcio\",\"item\":\"https:\\\/\\\/inclusivenews.com.br\\\/\"},{\"@type\":\"ListItem\",\"position\":2,\"name\":\"M\u00eddias sociais facilitam intera\u00e7\u00e3o com alunos e podem ser instrumento pedag\u00f3gico, defendem especialistas\"}]},{\"@type\":\"WebSite\",\"@id\":\"https:\\\/\\\/inclusivenews.com.br\\\/#website\",\"url\":\"https:\\\/\\\/inclusivenews.com.br\\\/\",\"name\":\"Inclusive News\",\"description\":\"Inclusive News\",\"publisher\":{\"@id\":\"https:\\\/\\\/inclusivenews.com.br\\\/#organization\"},\"potentialAction\":[{\"@type\":\"SearchAction\",\"target\":{\"@type\":\"EntryPoint\",\"urlTemplate\":\"https:\\\/\\\/inclusivenews.com.br\\\/?s={search_term_string}\"},\"query-input\":{\"@type\":\"PropertyValueSpecification\",\"valueRequired\":true,\"valueName\":\"search_term_string\"}}],\"inLanguage\":\"pt-PT\"},{\"@type\":\"Organization\",\"@id\":\"https:\\\/\\\/inclusivenews.com.br\\\/#organization\",\"name\":\"Inclusive - inclus\u00e3o e cidadania\",\"url\":\"https:\\\/\\\/inclusivenews.com.br\\\/\",\"logo\":{\"@type\":\"ImageObject\",\"inLanguage\":\"pt-PT\",\"@id\":\"https:\\\/\\\/inclusivenews.com.br\\\/#\\\/schema\\\/logo\\\/image\\\/\",\"url\":\"https:\\\/\\\/inclusivenews.com.br\\\/wp-content\\\/uploads\\\/2024\\\/03\\\/@grandesite.png\",\"contentUrl\":\"https:\\\/\\\/inclusivenews.com.br\\\/wp-content\\\/uploads\\\/2024\\\/03\\\/@grandesite.png\",\"width\":1080,\"height\":1080,\"caption\":\"Inclusive - inclus\u00e3o e cidadania\"},\"image\":{\"@id\":\"https:\\\/\\\/inclusivenews.com.br\\\/#\\\/schema\\\/logo\\\/image\\\/\"},\"sameAs\":[\"https:\\\/\\\/www.facebook.com\\\/agenciainclusive\\\/\",\"https:\\\/\\\/www.instagram.com\\\/newsinclusive\\\/\"]},{\"@type\":\"Person\",\"@id\":\"https:\\\/\\\/inclusivenews.com.br\\\/#\\\/schema\\\/person\\\/ae4ec7087559b8692fb33b6fffd2273b\",\"name\":\"inclusivenews2024\",\"image\":{\"@type\":\"ImageObject\",\"inLanguage\":\"pt-PT\",\"@id\":\"https:\\\/\\\/secure.gravatar.com\\\/avatar\\\/c5a7ef84c66fa914f55bc4f7ce26cfa275a3b9a1c5568b907bd184fb4dde7b40?s=96&d=mm&r=g\",\"url\":\"https:\\\/\\\/secure.gravatar.com\\\/avatar\\\/c5a7ef84c66fa914f55bc4f7ce26cfa275a3b9a1c5568b907bd184fb4dde7b40?s=96&d=mm&r=g\",\"contentUrl\":\"https:\\\/\\\/secure.gravatar.com\\\/avatar\\\/c5a7ef84c66fa914f55bc4f7ce26cfa275a3b9a1c5568b907bd184fb4dde7b40?s=96&d=mm&r=g\",\"caption\":\"inclusivenews2024\"},\"sameAs\":[\"https:\\\/\\\/inclusivenews.com.br\"],\"url\":\"https:\\\/\\\/inclusivenews.com.br\\\/?author=1\"}]}<\/script>\n<!-- \/ Yoast SEO plugin. -->","yoast_head_json":{"title":"M\u00eddias sociais facilitam intera\u00e7\u00e3o com alunos e podem ser instrumento pedag\u00f3gico, defendem especialistas -","robots":{"index":"index","follow":"follow","max-snippet":"max-snippet:-1","max-image-preview":"max-image-preview:large","max-video-preview":"max-video-preview:-1"},"canonical":"https:\/\/inclusivenews.com.br\/?p=21477","og_locale":"pt_PT","og_type":"article","og_title":"M\u00eddias sociais facilitam intera\u00e7\u00e3o com alunos e podem ser instrumento pedag\u00f3gico, defendem especialistas -","og_description":"M\u00eddias sociais facilitam intera\u00e7\u00e3o com alunos e podem ser instrumento pedag\u00f3gico, defendem especialistas. Da Ag\u00eancia Brasil.","og_url":"https:\/\/inclusivenews.com.br\/?p=21477","article_publisher":"https:\/\/www.facebook.com\/agenciainclusive\/","article_published_time":"2011-11-09T18:30:31+00:00","og_image":[{"url":"http:\/\/exame.abril.com.br\/rede-de-blogs\/midias-sociais\/files\/2011\/09\/redes-sociais.jpg","type":"","width":"","height":""}],"author":"inclusivenews2024","twitter_card":"summary_large_image","twitter_misc":{"Escrito por":"inclusivenews2024","Tempo estimado de leitura":"3 minutos"},"schema":{"@context":"https:\/\/schema.org","@graph":[{"@type":"Article","@id":"https:\/\/inclusivenews.com.br\/?p=21477#article","isPartOf":{"@id":"https:\/\/inclusivenews.com.br\/?p=21477"},"author":{"name":"inclusivenews2024","@id":"https:\/\/inclusivenews.com.br\/#\/schema\/person\/ae4ec7087559b8692fb33b6fffd2273b"},"headline":"M\u00eddias sociais facilitam intera\u00e7\u00e3o com alunos e podem ser instrumento pedag\u00f3gico, defendem especialistas","datePublished":"2011-11-09T18:30:31+00:00","mainEntityOfPage":{"@id":"https:\/\/inclusivenews.com.br\/?p=21477"},"wordCount":566,"commentCount":0,"publisher":{"@id":"https:\/\/inclusivenews.com.br\/#organization"},"image":{"@id":"https:\/\/inclusivenews.com.br\/?p=21477#primaryimage"},"thumbnailUrl":"http:\/\/exame.abril.com.br\/rede-de-blogs\/midias-sociais\/files\/2011\/09\/redes-sociais.jpg","articleSection":["EDUCA\u00c7\u00c3O","Reportagem"],"inLanguage":"pt-PT","potentialAction":[{"@type":"CommentAction","name":"Comment","target":["https:\/\/inclusivenews.com.br\/?p=21477#respond"]}]},{"@type":"WebPage","@id":"https:\/\/inclusivenews.com.br\/?p=21477","url":"https:\/\/inclusivenews.com.br\/?p=21477","name":"M\u00eddias sociais facilitam intera\u00e7\u00e3o com alunos e podem ser instrumento pedag\u00f3gico, defendem especialistas -","isPartOf":{"@id":"https:\/\/inclusivenews.com.br\/#website"},"primaryImageOfPage":{"@id":"https:\/\/inclusivenews.com.br\/?p=21477#primaryimage"},"image":{"@id":"https:\/\/inclusivenews.com.br\/?p=21477#primaryimage"},"thumbnailUrl":"http:\/\/exame.abril.com.br\/rede-de-blogs\/midias-sociais\/files\/2011\/09\/redes-sociais.jpg","datePublished":"2011-11-09T18:30:31+00:00","breadcrumb":{"@id":"https:\/\/inclusivenews.com.br\/?p=21477#breadcrumb"},"inLanguage":"pt-PT","potentialAction":[{"@type":"ReadAction","target":["https:\/\/inclusivenews.com.br\/?p=21477"]}]},{"@type":"ImageObject","inLanguage":"pt-PT","@id":"https:\/\/inclusivenews.com.br\/?p=21477#primaryimage","url":"http:\/\/exame.abril.com.br\/rede-de-blogs\/midias-sociais\/files\/2011\/09\/redes-sociais.jpg","contentUrl":"http:\/\/exame.abril.com.br\/rede-de-blogs\/midias-sociais\/files\/2011\/09\/redes-sociais.jpg"},{"@type":"BreadcrumbList","@id":"https:\/\/inclusivenews.com.br\/?p=21477#breadcrumb","itemListElement":[{"@type":"ListItem","position":1,"name":"In\u00edcio","item":"https:\/\/inclusivenews.com.br\/"},{"@type":"ListItem","position":2,"name":"M\u00eddias sociais facilitam intera\u00e7\u00e3o com alunos e podem ser instrumento pedag\u00f3gico, defendem especialistas"}]},{"@type":"WebSite","@id":"https:\/\/inclusivenews.com.br\/#website","url":"https:\/\/inclusivenews.com.br\/","name":"Inclusive News","description":"Inclusive News","publisher":{"@id":"https:\/\/inclusivenews.com.br\/#organization"},"potentialAction":[{"@type":"SearchAction","target":{"@type":"EntryPoint","urlTemplate":"https:\/\/inclusivenews.com.br\/?s={search_term_string}"},"query-input":{"@type":"PropertyValueSpecification","valueRequired":true,"valueName":"search_term_string"}}],"inLanguage":"pt-PT"},{"@type":"Organization","@id":"https:\/\/inclusivenews.com.br\/#organization","name":"Inclusive - inclus\u00e3o e cidadania","url":"https:\/\/inclusivenews.com.br\/","logo":{"@type":"ImageObject","inLanguage":"pt-PT","@id":"https:\/\/inclusivenews.com.br\/#\/schema\/logo\/image\/","url":"https:\/\/inclusivenews.com.br\/wp-content\/uploads\/2024\/03\/@grandesite.png","contentUrl":"https:\/\/inclusivenews.com.br\/wp-content\/uploads\/2024\/03\/@grandesite.png","width":1080,"height":1080,"caption":"Inclusive - inclus\u00e3o e cidadania"},"image":{"@id":"https:\/\/inclusivenews.com.br\/#\/schema\/logo\/image\/"},"sameAs":["https:\/\/www.facebook.com\/agenciainclusive\/","https:\/\/www.instagram.com\/newsinclusive\/"]},{"@type":"Person","@id":"https:\/\/inclusivenews.com.br\/#\/schema\/person\/ae4ec7087559b8692fb33b6fffd2273b","name":"inclusivenews2024","image":{"@type":"ImageObject","inLanguage":"pt-PT","@id":"https:\/\/secure.gravatar.com\/avatar\/c5a7ef84c66fa914f55bc4f7ce26cfa275a3b9a1c5568b907bd184fb4dde7b40?s=96&d=mm&r=g","url":"https:\/\/secure.gravatar.com\/avatar\/c5a7ef84c66fa914f55bc4f7ce26cfa275a3b9a1c5568b907bd184fb4dde7b40?s=96&d=mm&r=g","contentUrl":"https:\/\/secure.gravatar.com\/avatar\/c5a7ef84c66fa914f55bc4f7ce26cfa275a3b9a1c5568b907bd184fb4dde7b40?s=96&d=mm&r=g","caption":"inclusivenews2024"},"sameAs":["https:\/\/inclusivenews.com.br"],"url":"https:\/\/inclusivenews.com.br\/?author=1"}]}},"_links":{"self":[{"href":"https:\/\/inclusivenews.com.br\/index.php?rest_route=\/wp\/v2\/posts\/21477","targetHints":{"allow":["GET"]}}],"collection":[{"href":"https:\/\/inclusivenews.com.br\/index.php?rest_route=\/wp\/v2\/posts"}],"about":[{"href":"https:\/\/inclusivenews.com.br\/index.php?rest_route=\/wp\/v2\/types\/post"}],"author":[{"embeddable":true,"href":"https:\/\/inclusivenews.com.br\/index.php?rest_route=\/wp\/v2\/users\/1"}],"replies":[{"embeddable":true,"href":"https:\/\/inclusivenews.com.br\/index.php?rest_route=%2Fwp%2Fv2%2Fcomments&post=21477"}],"version-history":[{"count":0,"href":"https:\/\/inclusivenews.com.br\/index.php?rest_route=\/wp\/v2\/posts\/21477\/revisions"}],"wp:attachment":[{"href":"https:\/\/inclusivenews.com.br\/index.php?rest_route=%2Fwp%2Fv2%2Fmedia&parent=21477"}],"wp:term":[{"taxonomy":"category","embeddable":true,"href":"https:\/\/inclusivenews.com.br\/index.php?rest_route=%2Fwp%2Fv2%2Fcategories&post=21477"},{"taxonomy":"post_tag","embeddable":true,"href":"https:\/\/inclusivenews.com.br\/index.php?rest_route=%2Fwp%2Fv2%2Ftags&post=21477"}],"curies":[{"name":"wp","href":"https:\/\/api.w.org\/{rel}","templated":true}]}}