{"id":21487,"date":"2011-11-09T15:32:24","date_gmt":"2011-11-09T18:32:24","guid":{"rendered":"http:\/\/www.inclusive.org.br\/?p=21487"},"modified":"2011-11-09T15:32:24","modified_gmt":"2011-11-09T18:32:24","slug":"plebiscito-por-10-do-pib-para-educacao-publica-ja-comecou-no-domingo-6","status":"publish","type":"post","link":"https:\/\/inclusivenews.com.br\/?p=21487","title":{"rendered":"Plebiscito por \u201c10% do PIB para Educa\u00e7\u00e3o P\u00fablica, j\u00e1!\u201d come\u00e7ou no  domingo (6)"},"content":{"rendered":"<figure style=\"width: 240px\" class=\"wp-caption alignleft\"><img loading=\"lazy\" decoding=\"async\" title=\"10% do PIB j\u00e1!\" src=\"http:\/\/t3.gstatic.com\/images?q=tbn:ANd9GcTAZ5NBVbCqIRFhWIy26iRluRKwE76mVnYoyimo1I0pzuhiw8k_Yw\" alt=\"\" width=\"240\" height=\"169\" \/><figcaption class=\"wp-caption-text\"> <\/figcaption><\/figure>\n<p>O plebiscito nacional pela aplica\u00e7\u00e3o imediata de 10% do Produto Interno Bruto (PIB) para a Educa\u00e7\u00e3o P\u00fablica come\u00e7a no pr\u00f3ximo domingo, 6. A coleta de votos vai at\u00e9 o dia 6 de dezembro. A pergunta: \u201cVoc\u00ea concorda com o investimento de 10% do PIB (Produto Interno Bruto) na Educa\u00e7\u00e3o P\u00fablica, j\u00e1?\u201d deve percorrer todos os cantos do Brasil.<\/p>\n<p>O objetivo \u00e9 dialogar com os trabalhadores e sensibiliz\u00e1-los para a necessidade de aumentar imediatamente os recursos destinados pelos governos municipais, estaduais e federal \u00e0 educa\u00e7\u00e3o p\u00fablica. Os materiais para divulga\u00e7\u00e3o do pleito j\u00e1 est\u00e3o dispon\u00edveis (veja aqui) para impress\u00e3o e distribui\u00e7\u00e3o.<\/p>\n<p>As urnas ser\u00e3o alocadas pelos comit\u00eas estaduais da campanha \u201c10% do PIB para a Educa\u00e7\u00e3o P\u00fablica, j\u00e1!\u201d e tamb\u00e9m estar\u00e3o disponiveis nas se\u00e7\u00f5es sindicais do ANDES-SN.<\/p>\n<p>Anfope declara apoio A campanha \u201c10% do PIB para a Educa\u00e7\u00e3o P\u00fablica, j\u00e1!\u201d ganhou mais um apoio na luta por maiores investimentos dos governos na educa\u00e7\u00e3o p\u00fablica. A Associa\u00e7\u00e3o Nacional pela Forma\u00e7\u00e3o de Profissionais da Educa\u00e7\u00e3o (Anfope) declarou sua ades\u00e3o ao manifesto pela aplica\u00e7\u00e3o imediata de 10% do PIB na educa\u00e7\u00e3o p\u00fablica.<\/p>\n<p>Em e-mail enviado \u00e0 coordena\u00e7\u00e3o executiva da campanha, a presidente da Anfope, professora Iria Brzezinski, reafirmou a participa\u00e7\u00e3o da associa\u00e7\u00e3o como signat\u00e1ria na coleta de assinaturas para a campanha \u201c10% do PIB para a Educa\u00e7\u00e3o, J\u00e1\u201d.<\/p>\n<p>A Anfope se junta a outras entidades do meio acad\u00eamico que j\u00e1 declararam apoio assinando o manifesto da campanha como a Associa\u00e7\u00e3o Nacional de P\u00f3s-Gradua\u00e7\u00e3o e Pesquisa em Educa\u00e7\u00e3o (Anped) e o Centro de Estudos Educa\u00e7\u00e3o &amp; Sociedade (Cedes).<\/p>\n<p>Fonte: ANDES-SN<\/p>\n","protected":false},"excerpt":{"rendered":"<p>A coleta de votos vai at\u00e9 o dia 6 de dezembro. A pergunta: \u201cVoc\u00ea concorda com o investimento de 10% do PIB (Produto Interno Bruto) na Educa\u00e7\u00e3o P\u00fablica, j\u00e1?\u201d deve percorrer todos os cantos do Brasil.<\/p>\n","protected":false},"author":1,"featured_media":0,"comment_status":"open","ping_status":"open","sticky":false,"template":"","format":"standard","meta":{"site-container-style":"default","site-container-layout":"default","site-sidebar-layout":"default","disable-article-header":"default","disable-site-header":"default","disable-site-footer":"default","disable-content-area-spacing":"default","footnotes":""},"categories":[6,4],"tags":[],"class_list":["post-21487","post","type-post","status-publish","format-standard","hentry","category-educacao","category-noticias"],"yoast_head":"<!-- This site is optimized with the Yoast SEO plugin v27.4 - https:\/\/yoast.com\/product\/yoast-seo-wordpress\/ -->\n<title>Plebiscito por \u201c10% do PIB para Educa\u00e7\u00e3o P\u00fablica, j\u00e1!\u201d come\u00e7ou no domingo (6) -<\/title>\n<meta name=\"robots\" content=\"index, follow, max-snippet:-1, max-image-preview:large, max-video-preview:-1\" \/>\n<link rel=\"canonical\" href=\"https:\/\/inclusivenews.com.br\/?p=21487\" \/>\n<meta property=\"og:locale\" content=\"pt_PT\" \/>\n<meta property=\"og:type\" content=\"article\" \/>\n<meta property=\"og:title\" content=\"Plebiscito por \u201c10% do PIB para Educa\u00e7\u00e3o P\u00fablica, j\u00e1!\u201d come\u00e7ou no domingo (6) -\" \/>\n<meta property=\"og:description\" content=\"A coleta de votos vai at\u00e9 o dia 6 de dezembro. A pergunta: \u201cVoc\u00ea concorda com o investimento de 10% do PIB (Produto Interno Bruto) na Educa\u00e7\u00e3o P\u00fablica, j\u00e1?\u201d deve percorrer todos os cantos do Brasil.\" \/>\n<meta property=\"og:url\" content=\"https:\/\/inclusivenews.com.br\/?p=21487\" \/>\n<meta property=\"article:publisher\" content=\"https:\/\/www.facebook.com\/agenciainclusive\/\" \/>\n<meta property=\"article:published_time\" content=\"2011-11-09T18:32:24+00:00\" \/>\n<meta property=\"og:image\" content=\"http:\/\/t3.gstatic.com\/images?q=tbn:ANd9GcTAZ5NBVbCqIRFhWIy26iRluRKwE76mVnYoyimo1I0pzuhiw8k_Yw\" \/>\n<meta name=\"author\" content=\"inclusivenews2024\" \/>\n<meta name=\"twitter:card\" content=\"summary_large_image\" \/>\n<meta name=\"twitter:label1\" content=\"Escrito por\" \/>\n\t<meta name=\"twitter:data1\" content=\"inclusivenews2024\" \/>\n\t<meta name=\"twitter:label2\" content=\"Tempo estimado de leitura\" \/>\n\t<meta name=\"twitter:data2\" content=\"1 minuto\" \/>\n<script type=\"application\/ld+json\" class=\"yoast-schema-graph\">{\"@context\":\"https:\\\/\\\/schema.org\",\"@graph\":[{\"@type\":\"Article\",\"@id\":\"https:\\\/\\\/inclusivenews.com.br\\\/?p=21487#article\",\"isPartOf\":{\"@id\":\"https:\\\/\\\/inclusivenews.com.br\\\/?p=21487\"},\"author\":{\"name\":\"inclusivenews2024\",\"@id\":\"https:\\\/\\\/inclusivenews.com.br\\\/#\\\/schema\\\/person\\\/ae4ec7087559b8692fb33b6fffd2273b\"},\"headline\":\"Plebiscito por \u201c10% do PIB para Educa\u00e7\u00e3o P\u00fablica, j\u00e1!\u201d come\u00e7ou no domingo (6)\",\"datePublished\":\"2011-11-09T18:32:24+00:00\",\"mainEntityOfPage\":{\"@id\":\"https:\\\/\\\/inclusivenews.com.br\\\/?p=21487\"},\"wordCount\":309,\"commentCount\":0,\"publisher\":{\"@id\":\"https:\\\/\\\/inclusivenews.com.br\\\/#organization\"},\"image\":{\"@id\":\"https:\\\/\\\/inclusivenews.com.br\\\/?p=21487#primaryimage\"},\"thumbnailUrl\":\"http:\\\/\\\/t3.gstatic.com\\\/images?q=tbn:ANd9GcTAZ5NBVbCqIRFhWIy26iRluRKwE76mVnYoyimo1I0pzuhiw8k_Yw\",\"articleSection\":[\"EDUCA\u00c7\u00c3O\",\"NOT\u00cdCIAS\"],\"inLanguage\":\"pt-PT\",\"potentialAction\":[{\"@type\":\"CommentAction\",\"name\":\"Comment\",\"target\":[\"https:\\\/\\\/inclusivenews.com.br\\\/?p=21487#respond\"]}]},{\"@type\":\"WebPage\",\"@id\":\"https:\\\/\\\/inclusivenews.com.br\\\/?p=21487\",\"url\":\"https:\\\/\\\/inclusivenews.com.br\\\/?p=21487\",\"name\":\"Plebiscito por \u201c10% do PIB para Educa\u00e7\u00e3o P\u00fablica, j\u00e1!\u201d come\u00e7ou no domingo (6) -\",\"isPartOf\":{\"@id\":\"https:\\\/\\\/inclusivenews.com.br\\\/#website\"},\"primaryImageOfPage\":{\"@id\":\"https:\\\/\\\/inclusivenews.com.br\\\/?p=21487#primaryimage\"},\"image\":{\"@id\":\"https:\\\/\\\/inclusivenews.com.br\\\/?p=21487#primaryimage\"},\"thumbnailUrl\":\"http:\\\/\\\/t3.gstatic.com\\\/images?q=tbn:ANd9GcTAZ5NBVbCqIRFhWIy26iRluRKwE76mVnYoyimo1I0pzuhiw8k_Yw\",\"datePublished\":\"2011-11-09T18:32:24+00:00\",\"breadcrumb\":{\"@id\":\"https:\\\/\\\/inclusivenews.com.br\\\/?p=21487#breadcrumb\"},\"inLanguage\":\"pt-PT\",\"potentialAction\":[{\"@type\":\"ReadAction\",\"target\":[\"https:\\\/\\\/inclusivenews.com.br\\\/?p=21487\"]}]},{\"@type\":\"ImageObject\",\"inLanguage\":\"pt-PT\",\"@id\":\"https:\\\/\\\/inclusivenews.com.br\\\/?p=21487#primaryimage\",\"url\":\"http:\\\/\\\/t3.gstatic.com\\\/images?q=tbn:ANd9GcTAZ5NBVbCqIRFhWIy26iRluRKwE76mVnYoyimo1I0pzuhiw8k_Yw\",\"contentUrl\":\"http:\\\/\\\/t3.gstatic.com\\\/images?q=tbn:ANd9GcTAZ5NBVbCqIRFhWIy26iRluRKwE76mVnYoyimo1I0pzuhiw8k_Yw\"},{\"@type\":\"BreadcrumbList\",\"@id\":\"https:\\\/\\\/inclusivenews.com.br\\\/?p=21487#breadcrumb\",\"itemListElement\":[{\"@type\":\"ListItem\",\"position\":1,\"name\":\"In\u00edcio\",\"item\":\"https:\\\/\\\/inclusivenews.com.br\\\/\"},{\"@type\":\"ListItem\",\"position\":2,\"name\":\"Plebiscito por \u201c10% do PIB para Educa\u00e7\u00e3o P\u00fablica, j\u00e1!\u201d come\u00e7ou no domingo (6)\"}]},{\"@type\":\"WebSite\",\"@id\":\"https:\\\/\\\/inclusivenews.com.br\\\/#website\",\"url\":\"https:\\\/\\\/inclusivenews.com.br\\\/\",\"name\":\"Inclusive News\",\"description\":\"Inclusive News\",\"publisher\":{\"@id\":\"https:\\\/\\\/inclusivenews.com.br\\\/#organization\"},\"potentialAction\":[{\"@type\":\"SearchAction\",\"target\":{\"@type\":\"EntryPoint\",\"urlTemplate\":\"https:\\\/\\\/inclusivenews.com.br\\\/?s={search_term_string}\"},\"query-input\":{\"@type\":\"PropertyValueSpecification\",\"valueRequired\":true,\"valueName\":\"search_term_string\"}}],\"inLanguage\":\"pt-PT\"},{\"@type\":\"Organization\",\"@id\":\"https:\\\/\\\/inclusivenews.com.br\\\/#organization\",\"name\":\"Inclusive - inclus\u00e3o e cidadania\",\"url\":\"https:\\\/\\\/inclusivenews.com.br\\\/\",\"logo\":{\"@type\":\"ImageObject\",\"inLanguage\":\"pt-PT\",\"@id\":\"https:\\\/\\\/inclusivenews.com.br\\\/#\\\/schema\\\/logo\\\/image\\\/\",\"url\":\"https:\\\/\\\/inclusivenews.com.br\\\/wp-content\\\/uploads\\\/2024\\\/03\\\/@grandesite.png\",\"contentUrl\":\"https:\\\/\\\/inclusivenews.com.br\\\/wp-content\\\/uploads\\\/2024\\\/03\\\/@grandesite.png\",\"width\":1080,\"height\":1080,\"caption\":\"Inclusive - inclus\u00e3o e cidadania\"},\"image\":{\"@id\":\"https:\\\/\\\/inclusivenews.com.br\\\/#\\\/schema\\\/logo\\\/image\\\/\"},\"sameAs\":[\"https:\\\/\\\/www.facebook.com\\\/agenciainclusive\\\/\",\"https:\\\/\\\/www.instagram.com\\\/newsinclusive\\\/\"]},{\"@type\":\"Person\",\"@id\":\"https:\\\/\\\/inclusivenews.com.br\\\/#\\\/schema\\\/person\\\/ae4ec7087559b8692fb33b6fffd2273b\",\"name\":\"inclusivenews2024\",\"image\":{\"@type\":\"ImageObject\",\"inLanguage\":\"pt-PT\",\"@id\":\"https:\\\/\\\/secure.gravatar.com\\\/avatar\\\/c5a7ef84c66fa914f55bc4f7ce26cfa275a3b9a1c5568b907bd184fb4dde7b40?s=96&d=mm&r=g\",\"url\":\"https:\\\/\\\/secure.gravatar.com\\\/avatar\\\/c5a7ef84c66fa914f55bc4f7ce26cfa275a3b9a1c5568b907bd184fb4dde7b40?s=96&d=mm&r=g\",\"contentUrl\":\"https:\\\/\\\/secure.gravatar.com\\\/avatar\\\/c5a7ef84c66fa914f55bc4f7ce26cfa275a3b9a1c5568b907bd184fb4dde7b40?s=96&d=mm&r=g\",\"caption\":\"inclusivenews2024\"},\"sameAs\":[\"https:\\\/\\\/inclusivenews.com.br\"],\"url\":\"https:\\\/\\\/inclusivenews.com.br\\\/?author=1\"}]}<\/script>\n<!-- \/ Yoast SEO plugin. -->","yoast_head_json":{"title":"Plebiscito por \u201c10% do PIB para Educa\u00e7\u00e3o P\u00fablica, j\u00e1!\u201d come\u00e7ou no domingo (6) -","robots":{"index":"index","follow":"follow","max-snippet":"max-snippet:-1","max-image-preview":"max-image-preview:large","max-video-preview":"max-video-preview:-1"},"canonical":"https:\/\/inclusivenews.com.br\/?p=21487","og_locale":"pt_PT","og_type":"article","og_title":"Plebiscito por \u201c10% do PIB para Educa\u00e7\u00e3o P\u00fablica, j\u00e1!\u201d come\u00e7ou no domingo (6) -","og_description":"A coleta de votos vai at\u00e9 o dia 6 de dezembro. A pergunta: \u201cVoc\u00ea concorda com o investimento de 10% do PIB (Produto Interno Bruto) na Educa\u00e7\u00e3o P\u00fablica, j\u00e1?\u201d deve percorrer todos os cantos do Brasil.","og_url":"https:\/\/inclusivenews.com.br\/?p=21487","article_publisher":"https:\/\/www.facebook.com\/agenciainclusive\/","article_published_time":"2011-11-09T18:32:24+00:00","og_image":[{"url":"http:\/\/t3.gstatic.com\/images?q=tbn:ANd9GcTAZ5NBVbCqIRFhWIy26iRluRKwE76mVnYoyimo1I0pzuhiw8k_Yw","type":"","width":"","height":""}],"author":"inclusivenews2024","twitter_card":"summary_large_image","twitter_misc":{"Escrito por":"inclusivenews2024","Tempo estimado de leitura":"1 minuto"},"schema":{"@context":"https:\/\/schema.org","@graph":[{"@type":"Article","@id":"https:\/\/inclusivenews.com.br\/?p=21487#article","isPartOf":{"@id":"https:\/\/inclusivenews.com.br\/?p=21487"},"author":{"name":"inclusivenews2024","@id":"https:\/\/inclusivenews.com.br\/#\/schema\/person\/ae4ec7087559b8692fb33b6fffd2273b"},"headline":"Plebiscito por \u201c10% do PIB para Educa\u00e7\u00e3o P\u00fablica, j\u00e1!\u201d come\u00e7ou no domingo (6)","datePublished":"2011-11-09T18:32:24+00:00","mainEntityOfPage":{"@id":"https:\/\/inclusivenews.com.br\/?p=21487"},"wordCount":309,"commentCount":0,"publisher":{"@id":"https:\/\/inclusivenews.com.br\/#organization"},"image":{"@id":"https:\/\/inclusivenews.com.br\/?p=21487#primaryimage"},"thumbnailUrl":"http:\/\/t3.gstatic.com\/images?q=tbn:ANd9GcTAZ5NBVbCqIRFhWIy26iRluRKwE76mVnYoyimo1I0pzuhiw8k_Yw","articleSection":["EDUCA\u00c7\u00c3O","NOT\u00cdCIAS"],"inLanguage":"pt-PT","potentialAction":[{"@type":"CommentAction","name":"Comment","target":["https:\/\/inclusivenews.com.br\/?p=21487#respond"]}]},{"@type":"WebPage","@id":"https:\/\/inclusivenews.com.br\/?p=21487","url":"https:\/\/inclusivenews.com.br\/?p=21487","name":"Plebiscito por \u201c10% do PIB para Educa\u00e7\u00e3o P\u00fablica, j\u00e1!\u201d come\u00e7ou no domingo (6) -","isPartOf":{"@id":"https:\/\/inclusivenews.com.br\/#website"},"primaryImageOfPage":{"@id":"https:\/\/inclusivenews.com.br\/?p=21487#primaryimage"},"image":{"@id":"https:\/\/inclusivenews.com.br\/?p=21487#primaryimage"},"thumbnailUrl":"http:\/\/t3.gstatic.com\/images?q=tbn:ANd9GcTAZ5NBVbCqIRFhWIy26iRluRKwE76mVnYoyimo1I0pzuhiw8k_Yw","datePublished":"2011-11-09T18:32:24+00:00","breadcrumb":{"@id":"https:\/\/inclusivenews.com.br\/?p=21487#breadcrumb"},"inLanguage":"pt-PT","potentialAction":[{"@type":"ReadAction","target":["https:\/\/inclusivenews.com.br\/?p=21487"]}]},{"@type":"ImageObject","inLanguage":"pt-PT","@id":"https:\/\/inclusivenews.com.br\/?p=21487#primaryimage","url":"http:\/\/t3.gstatic.com\/images?q=tbn:ANd9GcTAZ5NBVbCqIRFhWIy26iRluRKwE76mVnYoyimo1I0pzuhiw8k_Yw","contentUrl":"http:\/\/t3.gstatic.com\/images?q=tbn:ANd9GcTAZ5NBVbCqIRFhWIy26iRluRKwE76mVnYoyimo1I0pzuhiw8k_Yw"},{"@type":"BreadcrumbList","@id":"https:\/\/inclusivenews.com.br\/?p=21487#breadcrumb","itemListElement":[{"@type":"ListItem","position":1,"name":"In\u00edcio","item":"https:\/\/inclusivenews.com.br\/"},{"@type":"ListItem","position":2,"name":"Plebiscito por \u201c10% do PIB para Educa\u00e7\u00e3o P\u00fablica, j\u00e1!\u201d come\u00e7ou no domingo (6)"}]},{"@type":"WebSite","@id":"https:\/\/inclusivenews.com.br\/#website","url":"https:\/\/inclusivenews.com.br\/","name":"Inclusive News","description":"Inclusive News","publisher":{"@id":"https:\/\/inclusivenews.com.br\/#organization"},"potentialAction":[{"@type":"SearchAction","target":{"@type":"EntryPoint","urlTemplate":"https:\/\/inclusivenews.com.br\/?s={search_term_string}"},"query-input":{"@type":"PropertyValueSpecification","valueRequired":true,"valueName":"search_term_string"}}],"inLanguage":"pt-PT"},{"@type":"Organization","@id":"https:\/\/inclusivenews.com.br\/#organization","name":"Inclusive - inclus\u00e3o e cidadania","url":"https:\/\/inclusivenews.com.br\/","logo":{"@type":"ImageObject","inLanguage":"pt-PT","@id":"https:\/\/inclusivenews.com.br\/#\/schema\/logo\/image\/","url":"https:\/\/inclusivenews.com.br\/wp-content\/uploads\/2024\/03\/@grandesite.png","contentUrl":"https:\/\/inclusivenews.com.br\/wp-content\/uploads\/2024\/03\/@grandesite.png","width":1080,"height":1080,"caption":"Inclusive - inclus\u00e3o e cidadania"},"image":{"@id":"https:\/\/inclusivenews.com.br\/#\/schema\/logo\/image\/"},"sameAs":["https:\/\/www.facebook.com\/agenciainclusive\/","https:\/\/www.instagram.com\/newsinclusive\/"]},{"@type":"Person","@id":"https:\/\/inclusivenews.com.br\/#\/schema\/person\/ae4ec7087559b8692fb33b6fffd2273b","name":"inclusivenews2024","image":{"@type":"ImageObject","inLanguage":"pt-PT","@id":"https:\/\/secure.gravatar.com\/avatar\/c5a7ef84c66fa914f55bc4f7ce26cfa275a3b9a1c5568b907bd184fb4dde7b40?s=96&d=mm&r=g","url":"https:\/\/secure.gravatar.com\/avatar\/c5a7ef84c66fa914f55bc4f7ce26cfa275a3b9a1c5568b907bd184fb4dde7b40?s=96&d=mm&r=g","contentUrl":"https:\/\/secure.gravatar.com\/avatar\/c5a7ef84c66fa914f55bc4f7ce26cfa275a3b9a1c5568b907bd184fb4dde7b40?s=96&d=mm&r=g","caption":"inclusivenews2024"},"sameAs":["https:\/\/inclusivenews.com.br"],"url":"https:\/\/inclusivenews.com.br\/?author=1"}]}},"_links":{"self":[{"href":"https:\/\/inclusivenews.com.br\/index.php?rest_route=\/wp\/v2\/posts\/21487","targetHints":{"allow":["GET"]}}],"collection":[{"href":"https:\/\/inclusivenews.com.br\/index.php?rest_route=\/wp\/v2\/posts"}],"about":[{"href":"https:\/\/inclusivenews.com.br\/index.php?rest_route=\/wp\/v2\/types\/post"}],"author":[{"embeddable":true,"href":"https:\/\/inclusivenews.com.br\/index.php?rest_route=\/wp\/v2\/users\/1"}],"replies":[{"embeddable":true,"href":"https:\/\/inclusivenews.com.br\/index.php?rest_route=%2Fwp%2Fv2%2Fcomments&post=21487"}],"version-history":[{"count":0,"href":"https:\/\/inclusivenews.com.br\/index.php?rest_route=\/wp\/v2\/posts\/21487\/revisions"}],"wp:attachment":[{"href":"https:\/\/inclusivenews.com.br\/index.php?rest_route=%2Fwp%2Fv2%2Fmedia&parent=21487"}],"wp:term":[{"taxonomy":"category","embeddable":true,"href":"https:\/\/inclusivenews.com.br\/index.php?rest_route=%2Fwp%2Fv2%2Fcategories&post=21487"},{"taxonomy":"post_tag","embeddable":true,"href":"https:\/\/inclusivenews.com.br\/index.php?rest_route=%2Fwp%2Fv2%2Ftags&post=21487"}],"curies":[{"name":"wp","href":"https:\/\/api.w.org\/{rel}","templated":true}]}}