{"id":21494,"date":"2011-11-09T15:28:56","date_gmt":"2011-11-09T18:28:56","guid":{"rendered":"http:\/\/www.inclusive.org.br\/?p=21494"},"modified":"2011-11-09T15:28:56","modified_gmt":"2011-11-09T18:28:56","slug":"eventos-do-roda-gigante-debatem-primeira-infancia-em-salvador","status":"publish","type":"post","link":"https:\/\/inclusivenews.com.br\/?p=21494","title":{"rendered":"Eventos do Roda Gigante debatem primeira inf\u00e2ncia em Salvador"},"content":{"rendered":"<p><img loading=\"lazy\" decoding=\"async\" class=\"alignleft size-full wp-image-17610\" title=\"Rede Nacional Primeira Inf\u00e2ncia - tr\u00eas crian\u00e7as sorriem sentadas em um sorriso\" src=\"http:\/\/inclusivenews.com.br\/wp-content\/uploads\/2010\/10\/rnpi_big.jpg\" alt=\"Rede Nacional Primeira Inf\u00e2ncia - tr\u00eas crian\u00e7as sorriem sentadas em um sorriso\" width=\"122\" height=\"135\" \/>Durante o m\u00eas de outubro, o projeto \u201cRoda Gigante: Primeira Inf\u00e2ncia em Primeiro Lugar\u201d mobilizou a cidade de Salvador e discutiu quest\u00f5es relacionadas \u00e0 primeira inf\u00e2ncia. Esse \u00e9 o primeiro ano em que a programa\u00e7\u00e3o ocorre e foi organizada pela Rede Nacional pela Primeira Inf\u00e2ncia, da qual a Avante \u2013 Educa\u00e7\u00e3o e Mobiliza\u00e7\u00e3o Social atualmente faz parte da secretaria executiva.<\/p>\n<p>Maria Thereza Marc\u00edlio, atual coordenadora, conta que ocorreram v\u00e1rias rodas de di\u00e1logos com adultos e cirandas infantis. \u201cPensamos no m\u00eas de outubro dar um foco especial no assunto\u201d, diz. V\u00e1rias entidades que debatem a primeira inf\u00e2ncia foram convidadas a participar da organiza\u00e7\u00e3o. Decretada por lei em 2007, em outubro tamb\u00e9m ocorre a Semana Nacional de Preven\u00e7\u00e3o a Viol\u00eancia na Primeira Inf\u00e2ncia, celebrada anualmente entre os dias 12 e 18.<\/p>\n<p>No Roda Gigante, um dos eixos tem\u00e1ticos, o direito ao brincar, prop\u00f4s um contraponto ao 12 de outubro, data normalmente marcada pela corrida consumista voltada para as crian\u00e7as. Maria Thereza explica que o eixo procurou trazer a \u201cideia do brincar como maneira que a crian\u00e7a tem de aprender o mundo, de relacionar\u201d. O direito \u00e0 prote\u00e7\u00e3o tamb\u00e9m foi tratado, assim como o direito \u00e0 aten\u00e7\u00e3o integral e integrada. A participa\u00e7\u00e3o nos eventos foi variada, entre profissionais, militantes e pais.<\/p>\n<p>Dentre os eventos, destaca-se uma roda de di\u00e1logo com o Minist\u00e9rio P\u00fablico, uma audi\u00eancia p\u00fablica focada na quest\u00e3o das creches, duas rodas em comunidades de Salvador, conta\u00e7\u00e3o de hist\u00f3rias, brincadeiras, entre outros. A exposi\u00e7\u00e3o \u201cOnde brincam as crian\u00e7as?\u201d tamb\u00e9m foi montada no espa\u00e7o Oi Kabum!. Composta por fotografias e v\u00eddeos, foram 200 inscri\u00e7\u00f5es, das quais 20 foram premiadas.<\/p>\n<p>O Roda Gigante realizou seu \u00faltimo evento no dia 24. A coordenadora avalia: \u201cEu acho que a gente conseguiu pautar a primeira inf\u00e2ncia na cidade\u201d. Maria Thereza disse que se pretende sugerir uma institucionaliza\u00e7\u00e3o desses eventos para os pr\u00f3ximos anos: \u201cA primeira inf\u00e2ncia \u00e9 uma responsabilidade de todos, do poder p\u00fablico, da fam\u00edlia. \u00c9 preciso toda uma cidade para cuidar de uma crian\u00e7a, n\u00e3o s\u00f3 um setor\u201d.<\/p>\n<p>\u00c9 importante tamb\u00e9m dar visibilidade \u00e0 quest\u00e3o: \u201cUm dos problemas da primeira inf\u00e2ncia \u00e9 que ela \u00e9 muito invis\u00edvel\u201d, afirma Maria. As crian\u00e7as da primeira inf\u00e2ncia s\u00e3o grandes v\u00edtimas de agress\u00f5es e pautar a quest\u00e3o \u00e9 fundamental. De acordo com a coordenadora, essa crian\u00e7a deve ser reconhecida como cidad\u00e3 plena de direitos e merece ser tratada com respeito e dignidade. Como um dos encaminhamentos dos eventos, foi criado um pacto pela primeira inf\u00e2ncia.<\/p>\n<p>Rede Nacional pela Primeira Inf\u00e2ncia<br \/>\nA rede \u00e9 formada por v\u00e1rias organiza\u00e7\u00f5es que trabalham com a tem\u00e1tica da primeira inf\u00e2ncia, atuando na promo\u00e7\u00e3o e defesa dos direitos dessa popula\u00e7\u00e3o. Ela tem como proposta dar visibilidade \u00e0 causa, como forma de atingir seus objetivos.<\/p>\n<p><a href=\"http:\/\/www.flickr.com\/photos\/rodagigante2011\/\">Confira as fotos dos eventos aqui.<\/a><br \/>\n<a href=\"http:\/\/www.ciespi.org.br\/cgi\/cgilua.exe\/sys\/start.htm?sid=91\">Confira dados relativos \u00e0 primeira inf\u00e2ncia.<\/a><br \/>\n<a href=\"http:\/\/www.primeirainfancia.org.br\/\">Mais informa\u00e7\u00f5es em www.primeirainfancia.org.br<\/a><\/p>\n<p>Fonte: <a href=\"http:\/\/abong.org.br\/noticias.php?id=4532\">ABONG<\/a><\/p>\n","protected":false},"excerpt":{"rendered":"<p>No Roda Gigante, um dos eixos tem\u00e1ticos, o direito ao brincar, prop\u00f4s um contraponto ao 12 de outubro, data normalmente marcada pela corrida consumista voltada para as crian\u00e7as. Do site da ABONG.<\/p>\n","protected":false},"author":1,"featured_media":0,"comment_status":"open","ping_status":"open","sticky":false,"template":"","format":"standard","meta":{"site-container-style":"default","site-container-layout":"default","site-sidebar-layout":"default","disable-article-header":"default","disable-site-header":"default","disable-site-footer":"default","disable-content-area-spacing":"default","footnotes":""},"categories":[4],"tags":[60],"class_list":["post-21494","post","type-post","status-publish","format-standard","hentry","category-noticias","tag-infancia"],"yoast_head":"<!-- This site is optimized with the Yoast SEO plugin v27.4 - https:\/\/yoast.com\/product\/yoast-seo-wordpress\/ -->\n<title>Eventos do Roda Gigante debatem primeira inf\u00e2ncia em Salvador -<\/title>\n<meta name=\"robots\" content=\"index, follow, max-snippet:-1, max-image-preview:large, max-video-preview:-1\" \/>\n<link rel=\"canonical\" href=\"https:\/\/inclusivenews.com.br\/?p=21494\" \/>\n<meta property=\"og:locale\" content=\"pt_PT\" \/>\n<meta property=\"og:type\" content=\"article\" \/>\n<meta property=\"og:title\" content=\"Eventos do Roda Gigante debatem primeira inf\u00e2ncia em Salvador -\" \/>\n<meta property=\"og:description\" content=\"No Roda Gigante, um dos eixos tem\u00e1ticos, o direito ao brincar, prop\u00f4s um contraponto ao 12 de outubro, data normalmente marcada pela corrida consumista voltada para as crian\u00e7as. Do site da ABONG.\" \/>\n<meta property=\"og:url\" content=\"https:\/\/inclusivenews.com.br\/?p=21494\" \/>\n<meta property=\"article:publisher\" content=\"https:\/\/www.facebook.com\/agenciainclusive\/\" \/>\n<meta property=\"article:published_time\" content=\"2011-11-09T18:28:56+00:00\" \/>\n<meta property=\"og:image\" content=\"http:\/\/inclusivenews.com.br\/wp-content\/uploads\/2010\/10\/rnpi_big.jpg\" \/>\n<meta name=\"author\" content=\"inclusivenews2024\" \/>\n<meta name=\"twitter:card\" content=\"summary_large_image\" \/>\n<meta name=\"twitter:label1\" content=\"Escrito por\" \/>\n\t<meta name=\"twitter:data1\" content=\"inclusivenews2024\" \/>\n\t<meta name=\"twitter:label2\" content=\"Tempo estimado de leitura\" \/>\n\t<meta name=\"twitter:data2\" content=\"3 minutos\" \/>\n<script type=\"application\/ld+json\" class=\"yoast-schema-graph\">{\"@context\":\"https:\\\/\\\/schema.org\",\"@graph\":[{\"@type\":\"Article\",\"@id\":\"https:\\\/\\\/inclusivenews.com.br\\\/?p=21494#article\",\"isPartOf\":{\"@id\":\"https:\\\/\\\/inclusivenews.com.br\\\/?p=21494\"},\"author\":{\"name\":\"inclusivenews2024\",\"@id\":\"https:\\\/\\\/inclusivenews.com.br\\\/#\\\/schema\\\/person\\\/ae4ec7087559b8692fb33b6fffd2273b\"},\"headline\":\"Eventos do Roda Gigante debatem primeira inf\u00e2ncia em Salvador\",\"datePublished\":\"2011-11-09T18:28:56+00:00\",\"mainEntityOfPage\":{\"@id\":\"https:\\\/\\\/inclusivenews.com.br\\\/?p=21494\"},\"wordCount\":528,\"commentCount\":0,\"publisher\":{\"@id\":\"https:\\\/\\\/inclusivenews.com.br\\\/#organization\"},\"image\":{\"@id\":\"https:\\\/\\\/inclusivenews.com.br\\\/?p=21494#primaryimage\"},\"thumbnailUrl\":\"http:\\\/\\\/inclusivenews.com.br\\\/wp-content\\\/uploads\\\/2010\\\/10\\\/rnpi_big.jpg\",\"keywords\":[\"Inf\u00e2ncia\"],\"articleSection\":[\"NOT\u00cdCIAS\"],\"inLanguage\":\"pt-PT\",\"potentialAction\":[{\"@type\":\"CommentAction\",\"name\":\"Comment\",\"target\":[\"https:\\\/\\\/inclusivenews.com.br\\\/?p=21494#respond\"]}]},{\"@type\":\"WebPage\",\"@id\":\"https:\\\/\\\/inclusivenews.com.br\\\/?p=21494\",\"url\":\"https:\\\/\\\/inclusivenews.com.br\\\/?p=21494\",\"name\":\"Eventos do Roda Gigante debatem primeira inf\u00e2ncia em Salvador -\",\"isPartOf\":{\"@id\":\"https:\\\/\\\/inclusivenews.com.br\\\/#website\"},\"primaryImageOfPage\":{\"@id\":\"https:\\\/\\\/inclusivenews.com.br\\\/?p=21494#primaryimage\"},\"image\":{\"@id\":\"https:\\\/\\\/inclusivenews.com.br\\\/?p=21494#primaryimage\"},\"thumbnailUrl\":\"http:\\\/\\\/inclusivenews.com.br\\\/wp-content\\\/uploads\\\/2010\\\/10\\\/rnpi_big.jpg\",\"datePublished\":\"2011-11-09T18:28:56+00:00\",\"breadcrumb\":{\"@id\":\"https:\\\/\\\/inclusivenews.com.br\\\/?p=21494#breadcrumb\"},\"inLanguage\":\"pt-PT\",\"potentialAction\":[{\"@type\":\"ReadAction\",\"target\":[\"https:\\\/\\\/inclusivenews.com.br\\\/?p=21494\"]}]},{\"@type\":\"ImageObject\",\"inLanguage\":\"pt-PT\",\"@id\":\"https:\\\/\\\/inclusivenews.com.br\\\/?p=21494#primaryimage\",\"url\":\"\",\"contentUrl\":\"\"},{\"@type\":\"BreadcrumbList\",\"@id\":\"https:\\\/\\\/inclusivenews.com.br\\\/?p=21494#breadcrumb\",\"itemListElement\":[{\"@type\":\"ListItem\",\"position\":1,\"name\":\"In\u00edcio\",\"item\":\"https:\\\/\\\/inclusivenews.com.br\\\/\"},{\"@type\":\"ListItem\",\"position\":2,\"name\":\"Eventos do Roda Gigante debatem primeira inf\u00e2ncia em Salvador\"}]},{\"@type\":\"WebSite\",\"@id\":\"https:\\\/\\\/inclusivenews.com.br\\\/#website\",\"url\":\"https:\\\/\\\/inclusivenews.com.br\\\/\",\"name\":\"Inclusive News\",\"description\":\"Inclusive News\",\"publisher\":{\"@id\":\"https:\\\/\\\/inclusivenews.com.br\\\/#organization\"},\"potentialAction\":[{\"@type\":\"SearchAction\",\"target\":{\"@type\":\"EntryPoint\",\"urlTemplate\":\"https:\\\/\\\/inclusivenews.com.br\\\/?s={search_term_string}\"},\"query-input\":{\"@type\":\"PropertyValueSpecification\",\"valueRequired\":true,\"valueName\":\"search_term_string\"}}],\"inLanguage\":\"pt-PT\"},{\"@type\":\"Organization\",\"@id\":\"https:\\\/\\\/inclusivenews.com.br\\\/#organization\",\"name\":\"Inclusive - inclus\u00e3o e cidadania\",\"url\":\"https:\\\/\\\/inclusivenews.com.br\\\/\",\"logo\":{\"@type\":\"ImageObject\",\"inLanguage\":\"pt-PT\",\"@id\":\"https:\\\/\\\/inclusivenews.com.br\\\/#\\\/schema\\\/logo\\\/image\\\/\",\"url\":\"https:\\\/\\\/inclusivenews.com.br\\\/wp-content\\\/uploads\\\/2024\\\/03\\\/@grandesite.png\",\"contentUrl\":\"https:\\\/\\\/inclusivenews.com.br\\\/wp-content\\\/uploads\\\/2024\\\/03\\\/@grandesite.png\",\"width\":1080,\"height\":1080,\"caption\":\"Inclusive - inclus\u00e3o e cidadania\"},\"image\":{\"@id\":\"https:\\\/\\\/inclusivenews.com.br\\\/#\\\/schema\\\/logo\\\/image\\\/\"},\"sameAs\":[\"https:\\\/\\\/www.facebook.com\\\/agenciainclusive\\\/\",\"https:\\\/\\\/www.instagram.com\\\/newsinclusive\\\/\"]},{\"@type\":\"Person\",\"@id\":\"https:\\\/\\\/inclusivenews.com.br\\\/#\\\/schema\\\/person\\\/ae4ec7087559b8692fb33b6fffd2273b\",\"name\":\"inclusivenews2024\",\"image\":{\"@type\":\"ImageObject\",\"inLanguage\":\"pt-PT\",\"@id\":\"https:\\\/\\\/secure.gravatar.com\\\/avatar\\\/c5a7ef84c66fa914f55bc4f7ce26cfa275a3b9a1c5568b907bd184fb4dde7b40?s=96&d=mm&r=g\",\"url\":\"https:\\\/\\\/secure.gravatar.com\\\/avatar\\\/c5a7ef84c66fa914f55bc4f7ce26cfa275a3b9a1c5568b907bd184fb4dde7b40?s=96&d=mm&r=g\",\"contentUrl\":\"https:\\\/\\\/secure.gravatar.com\\\/avatar\\\/c5a7ef84c66fa914f55bc4f7ce26cfa275a3b9a1c5568b907bd184fb4dde7b40?s=96&d=mm&r=g\",\"caption\":\"inclusivenews2024\"},\"sameAs\":[\"https:\\\/\\\/inclusivenews.com.br\"],\"url\":\"https:\\\/\\\/inclusivenews.com.br\\\/?author=1\"}]}<\/script>\n<!-- \/ Yoast SEO plugin. -->","yoast_head_json":{"title":"Eventos do Roda Gigante debatem primeira inf\u00e2ncia em Salvador -","robots":{"index":"index","follow":"follow","max-snippet":"max-snippet:-1","max-image-preview":"max-image-preview:large","max-video-preview":"max-video-preview:-1"},"canonical":"https:\/\/inclusivenews.com.br\/?p=21494","og_locale":"pt_PT","og_type":"article","og_title":"Eventos do Roda Gigante debatem primeira inf\u00e2ncia em Salvador -","og_description":"No Roda Gigante, um dos eixos tem\u00e1ticos, o direito ao brincar, prop\u00f4s um contraponto ao 12 de outubro, data normalmente marcada pela corrida consumista voltada para as crian\u00e7as. Do site da ABONG.","og_url":"https:\/\/inclusivenews.com.br\/?p=21494","article_publisher":"https:\/\/www.facebook.com\/agenciainclusive\/","article_published_time":"2011-11-09T18:28:56+00:00","og_image":[{"url":"http:\/\/inclusivenews.com.br\/wp-content\/uploads\/2010\/10\/rnpi_big.jpg","type":"","width":"","height":""}],"author":"inclusivenews2024","twitter_card":"summary_large_image","twitter_misc":{"Escrito por":"inclusivenews2024","Tempo estimado de leitura":"3 minutos"},"schema":{"@context":"https:\/\/schema.org","@graph":[{"@type":"Article","@id":"https:\/\/inclusivenews.com.br\/?p=21494#article","isPartOf":{"@id":"https:\/\/inclusivenews.com.br\/?p=21494"},"author":{"name":"inclusivenews2024","@id":"https:\/\/inclusivenews.com.br\/#\/schema\/person\/ae4ec7087559b8692fb33b6fffd2273b"},"headline":"Eventos do Roda Gigante debatem primeira inf\u00e2ncia em Salvador","datePublished":"2011-11-09T18:28:56+00:00","mainEntityOfPage":{"@id":"https:\/\/inclusivenews.com.br\/?p=21494"},"wordCount":528,"commentCount":0,"publisher":{"@id":"https:\/\/inclusivenews.com.br\/#organization"},"image":{"@id":"https:\/\/inclusivenews.com.br\/?p=21494#primaryimage"},"thumbnailUrl":"http:\/\/inclusivenews.com.br\/wp-content\/uploads\/2010\/10\/rnpi_big.jpg","keywords":["Inf\u00e2ncia"],"articleSection":["NOT\u00cdCIAS"],"inLanguage":"pt-PT","potentialAction":[{"@type":"CommentAction","name":"Comment","target":["https:\/\/inclusivenews.com.br\/?p=21494#respond"]}]},{"@type":"WebPage","@id":"https:\/\/inclusivenews.com.br\/?p=21494","url":"https:\/\/inclusivenews.com.br\/?p=21494","name":"Eventos do Roda Gigante debatem primeira inf\u00e2ncia em Salvador -","isPartOf":{"@id":"https:\/\/inclusivenews.com.br\/#website"},"primaryImageOfPage":{"@id":"https:\/\/inclusivenews.com.br\/?p=21494#primaryimage"},"image":{"@id":"https:\/\/inclusivenews.com.br\/?p=21494#primaryimage"},"thumbnailUrl":"http:\/\/inclusivenews.com.br\/wp-content\/uploads\/2010\/10\/rnpi_big.jpg","datePublished":"2011-11-09T18:28:56+00:00","breadcrumb":{"@id":"https:\/\/inclusivenews.com.br\/?p=21494#breadcrumb"},"inLanguage":"pt-PT","potentialAction":[{"@type":"ReadAction","target":["https:\/\/inclusivenews.com.br\/?p=21494"]}]},{"@type":"ImageObject","inLanguage":"pt-PT","@id":"https:\/\/inclusivenews.com.br\/?p=21494#primaryimage","url":"","contentUrl":""},{"@type":"BreadcrumbList","@id":"https:\/\/inclusivenews.com.br\/?p=21494#breadcrumb","itemListElement":[{"@type":"ListItem","position":1,"name":"In\u00edcio","item":"https:\/\/inclusivenews.com.br\/"},{"@type":"ListItem","position":2,"name":"Eventos do Roda Gigante debatem primeira inf\u00e2ncia em Salvador"}]},{"@type":"WebSite","@id":"https:\/\/inclusivenews.com.br\/#website","url":"https:\/\/inclusivenews.com.br\/","name":"Inclusive News","description":"Inclusive News","publisher":{"@id":"https:\/\/inclusivenews.com.br\/#organization"},"potentialAction":[{"@type":"SearchAction","target":{"@type":"EntryPoint","urlTemplate":"https:\/\/inclusivenews.com.br\/?s={search_term_string}"},"query-input":{"@type":"PropertyValueSpecification","valueRequired":true,"valueName":"search_term_string"}}],"inLanguage":"pt-PT"},{"@type":"Organization","@id":"https:\/\/inclusivenews.com.br\/#organization","name":"Inclusive - inclus\u00e3o e cidadania","url":"https:\/\/inclusivenews.com.br\/","logo":{"@type":"ImageObject","inLanguage":"pt-PT","@id":"https:\/\/inclusivenews.com.br\/#\/schema\/logo\/image\/","url":"https:\/\/inclusivenews.com.br\/wp-content\/uploads\/2024\/03\/@grandesite.png","contentUrl":"https:\/\/inclusivenews.com.br\/wp-content\/uploads\/2024\/03\/@grandesite.png","width":1080,"height":1080,"caption":"Inclusive - inclus\u00e3o e cidadania"},"image":{"@id":"https:\/\/inclusivenews.com.br\/#\/schema\/logo\/image\/"},"sameAs":["https:\/\/www.facebook.com\/agenciainclusive\/","https:\/\/www.instagram.com\/newsinclusive\/"]},{"@type":"Person","@id":"https:\/\/inclusivenews.com.br\/#\/schema\/person\/ae4ec7087559b8692fb33b6fffd2273b","name":"inclusivenews2024","image":{"@type":"ImageObject","inLanguage":"pt-PT","@id":"https:\/\/secure.gravatar.com\/avatar\/c5a7ef84c66fa914f55bc4f7ce26cfa275a3b9a1c5568b907bd184fb4dde7b40?s=96&d=mm&r=g","url":"https:\/\/secure.gravatar.com\/avatar\/c5a7ef84c66fa914f55bc4f7ce26cfa275a3b9a1c5568b907bd184fb4dde7b40?s=96&d=mm&r=g","contentUrl":"https:\/\/secure.gravatar.com\/avatar\/c5a7ef84c66fa914f55bc4f7ce26cfa275a3b9a1c5568b907bd184fb4dde7b40?s=96&d=mm&r=g","caption":"inclusivenews2024"},"sameAs":["https:\/\/inclusivenews.com.br"],"url":"https:\/\/inclusivenews.com.br\/?author=1"}]}},"_links":{"self":[{"href":"https:\/\/inclusivenews.com.br\/index.php?rest_route=\/wp\/v2\/posts\/21494","targetHints":{"allow":["GET"]}}],"collection":[{"href":"https:\/\/inclusivenews.com.br\/index.php?rest_route=\/wp\/v2\/posts"}],"about":[{"href":"https:\/\/inclusivenews.com.br\/index.php?rest_route=\/wp\/v2\/types\/post"}],"author":[{"embeddable":true,"href":"https:\/\/inclusivenews.com.br\/index.php?rest_route=\/wp\/v2\/users\/1"}],"replies":[{"embeddable":true,"href":"https:\/\/inclusivenews.com.br\/index.php?rest_route=%2Fwp%2Fv2%2Fcomments&post=21494"}],"version-history":[{"count":0,"href":"https:\/\/inclusivenews.com.br\/index.php?rest_route=\/wp\/v2\/posts\/21494\/revisions"}],"wp:attachment":[{"href":"https:\/\/inclusivenews.com.br\/index.php?rest_route=%2Fwp%2Fv2%2Fmedia&parent=21494"}],"wp:term":[{"taxonomy":"category","embeddable":true,"href":"https:\/\/inclusivenews.com.br\/index.php?rest_route=%2Fwp%2Fv2%2Fcategories&post=21494"},{"taxonomy":"post_tag","embeddable":true,"href":"https:\/\/inclusivenews.com.br\/index.php?rest_route=%2Fwp%2Fv2%2Ftags&post=21494"}],"curies":[{"name":"wp","href":"https:\/\/api.w.org\/{rel}","templated":true}]}}