{"id":21498,"date":"2011-11-09T15:29:25","date_gmt":"2011-11-09T18:29:25","guid":{"rendered":"http:\/\/www.inclusive.org.br\/?p=21498"},"modified":"2011-11-09T15:29:25","modified_gmt":"2011-11-09T18:29:25","slug":"conheca-os-finalistas-da-1%c2%aa-edicao-do-premio-nacional-jornalista-abdias-nascimento","status":"publish","type":"post","link":"https:\/\/inclusivenews.com.br\/?p=21498","title":{"rendered":"Conhe\u00e7a os finalistas da 1\u00aa edi\u00e7\u00e3o do Premio Nacional Jornalista Abdias Nascimento"},"content":{"rendered":"<figure style=\"width: 320px\" class=\"wp-caption alignleft\"><img loading=\"lazy\" decoding=\"async\" title=\"Foto dos premiados: Brasil de Fato\" src=\"http:\/\/www.brasildefato.com.br\/sites\/default\/files\/images\/foto-legenda-Abdias-Nascimento_leandro-uchoas.gif\" alt=\"\" width=\"320\" height=\"190\" \/><figcaption class=\"wp-caption-text\">Foto dos premiados: Brasil de Fato<\/figcaption><\/figure>\n<p>Ap\u00f3s mais de 150 inscri\u00e7\u00f5es vindas de todo o Brasil, o Pr\u00eamio Nacional Jornalista Abdias Nascimento anuncia os 21 trabalhos nesta etapa final. A novidade s\u00e3o os quatro finalistas que concorrem na categoria Internet em raz\u00e3o de empate na avalia\u00e7\u00e3o da Comiss\u00e3o Julgadora. Os vencedores ser\u00e3o conhecidos na festa de entrega dos trof\u00e9us, para convidados, a ser realizada no dia 7 de novembro no Teatro Oi Casa Grande, Rio de Janeiro.<\/p>\n<p>O Pr\u00eamio Jornalista Abdias Nascimento vai distribuir R$ 35 mil aos vencedores das sete categorias (M\u00eddia Impressa, Televis\u00e3o, R\u00e1dio, M\u00eddia Alternativa ou Comunit\u00e1ria, Internet, Fotografia e Categoria Especial de G\u00eanero).<\/p>\n<p>As reportagens e fotografias foram avaliadas segundo os crit\u00e9rios de originalidade da pauta, pertin\u00eancia, criatividade, linguagem, fontes, car\u00e1ter investigativo e repercuss\u00e3o obtida.<\/p>\n<p>O Pr\u00eamio Jornalista Abdias Nascimento \u00e9 uma iniciativa da Comiss\u00e3o de Jornalistas pela Igualdade Racial (Cojira-Rio), vinculada ao Sindicato dos Jornalistas Profissionais do Munic\u00edpio do Rio de Janeiro e conta com a parceria da Federa\u00e7\u00e3o Nacional de Jornalistas (Fenaj) e do Centro de Informa\u00e7\u00f5es das Na\u00e7\u00f5es Unidas no Brasil (Unic-Rio) e do CULTNE Acervo Digital da Cultura Negra. Tem ainda o apoio da Superintend\u00eancia de Igualdade Racial do Estado do Rio de Janeiro (SUPIR) e do Conselho Estadual dos Direitos dos Negros (CEDINE). O patroc\u00ednio \u00e9 da Funda\u00e7\u00e3o Ford, Funda\u00e7\u00e3o W. K. Kellogg e da Oi.<\/p>\n<p>Veja a seguir a rela\u00e7\u00e3o completa das reportagens finalistas, por categoria, da 1\u00aa edi\u00e7\u00e3o do Pr\u00eamio Nacional Jornalista Abdias Nascimento em 2011:<\/p>\n<p>M\u00eddia Impressa<br \/>\nConcei\u00e7\u00e3o Freitas, S\u00e9rie Negra Bras\u00edlia. Correio Braziliense &#8211; DF<br \/>\nCynara Menezes, Ecos da Escravid\u00e3o. Revista Carta Capital &#8211; SP<br \/>\nFabiana Moraes, Caderno Especial Quase Brancos, Quase Negros. Jornal do Commercio &#8211; PE<\/p>\n<p>Televis\u00e3o<br \/>\nBig Richard, Grupo Teatral Caixa Preta. TV Brasil \u2013 DF<br \/>\nDulce Queiroz, Ra\u00e7a Humana. TV C\u00e2mara-DF<br \/>\nVera Val\u00e9rio, Quilombola. TV Educativa-AL<\/p>\n<p>R\u00e1dio<br \/>\nEduardo Compan e Leandro Lacerda, O Preconceito Cronometrado. R\u00e1dio CBN-RJ<br \/>\nRodrigo Resende, Especial Almirante Negro \u2013 100 anos da Revolta da Chibata. R\u00e1dio Senado -DF<br \/>\nMara R\u00e9gia, S\u00e9rie G\u00eanero e Igualdade Racial. Radioagencia Nacional-DF<\/p>\n<p>Especial de G\u00eanero<br \/>\nC\u00e9lia Regina, Mulheres Negras. Revista Ra\u00e7a Brasil<br \/>\nD\u00e9bora Junqueira, Profiss\u00e3o Dom\u00e9stica. Revista Elas por Elas (Sindicato dos Professores -MG)<br \/>\nJanine Maia, Inven\u00e7\u00e3o Quilombola. Di\u00e1rio do Nordeste-CE<\/p>\n<p>Internet<br \/>\nMarina Morena Costa, Mau Preparo de Professor Atrapalha Ensino de Literatura. Portal IG-SP.<br \/>\nCarolina Pimentel, Daniella Jinkings, Gilberto Costa, Wladimir Platonow e Wellton M\u00e1ximo, S\u00e9rie Especial Consci\u00eancia Negra. Ag\u00eancia Brasil &#8211; DF<br \/>\nKlinger Portela, Muito Al\u00e9m do Black Power. Portal IG &#8211; SP<br \/>\nGustavo da Silva Barbosa, Ex\u00e9rcito Comunit\u00e1rio. Site RepWeb.com- RJ<\/p>\n<p>M\u00eddia Alternativa ou Comunit\u00e1ria<br \/>\nLeandro Uchoas, Um Quilombo no Para\u00edso Carioca. Jornal Brasil de Fato-SP<br \/>\nD\u00e9bora Junqueira, Profiss\u00e3o Dom\u00e9stica. Revista Elas por Elas (Sindicato dos Professores -MG)<br \/>\nEduardo Sales e Jorge Am\u00e9rico, Supermercado ou Pelourinho. Jornal Brasil de Fato-SP<\/p>\n<p>Fotografia<br \/>\nPedro Kirilos, Spray de Pimenta Para os Sem Moradia, Jornal O Globo -RJ<br \/>\nDomingos Peixoto, Diploma de Alforria. Jornal O Globo -RJ<br \/>\nGustavo Moreno, A Visita de Obama \u2013 T\u00e3o Perto, Mas Muito Distantes. Jornal Correio Braziliense -DF<\/p>\n","protected":false},"excerpt":{"rendered":"<p>Ap\u00f3s mais de 150 inscri\u00e7\u00f5es vindas de todo o Brasil, o Pr\u00eamio Nacional Jornalista Abdias Nascimento anuncia os 21 trabalhos nesta etapa final.<\/p>\n","protected":false},"author":1,"featured_media":0,"comment_status":"open","ping_status":"open","sticky":false,"template":"","format":"standard","meta":{"site-container-style":"default","site-container-layout":"default","site-sidebar-layout":"default","disable-article-header":"default","disable-site-header":"default","disable-site-footer":"default","disable-content-area-spacing":"default","footnotes":""},"categories":[4],"tags":[],"class_list":["post-21498","post","type-post","status-publish","format-standard","hentry","category-noticias"],"yoast_head":"<!-- This site is optimized with the Yoast SEO plugin v27.4 - https:\/\/yoast.com\/product\/yoast-seo-wordpress\/ -->\n<title>Conhe\u00e7a os finalistas da 1\u00aa edi\u00e7\u00e3o do Premio Nacional Jornalista Abdias Nascimento -<\/title>\n<meta name=\"robots\" content=\"index, follow, max-snippet:-1, max-image-preview:large, max-video-preview:-1\" \/>\n<link rel=\"canonical\" href=\"https:\/\/inclusivenews.com.br\/?p=21498\" \/>\n<meta property=\"og:locale\" content=\"pt_PT\" \/>\n<meta property=\"og:type\" content=\"article\" \/>\n<meta property=\"og:title\" content=\"Conhe\u00e7a os finalistas da 1\u00aa edi\u00e7\u00e3o do Premio Nacional Jornalista Abdias Nascimento -\" \/>\n<meta property=\"og:description\" content=\"Ap\u00f3s mais de 150 inscri\u00e7\u00f5es vindas de todo o Brasil, o Pr\u00eamio Nacional Jornalista Abdias Nascimento anuncia os 21 trabalhos nesta etapa final.\" \/>\n<meta property=\"og:url\" content=\"https:\/\/inclusivenews.com.br\/?p=21498\" \/>\n<meta property=\"article:publisher\" content=\"https:\/\/www.facebook.com\/agenciainclusive\/\" \/>\n<meta property=\"article:published_time\" content=\"2011-11-09T18:29:25+00:00\" \/>\n<meta property=\"og:image\" content=\"http:\/\/www.brasildefato.com.br\/sites\/default\/files\/images\/foto-legenda-Abdias-Nascimento_leandro-uchoas.gif\" \/>\n<meta name=\"author\" content=\"inclusivenews2024\" \/>\n<meta name=\"twitter:card\" content=\"summary_large_image\" \/>\n<meta name=\"twitter:label1\" content=\"Escrito por\" \/>\n\t<meta name=\"twitter:data1\" content=\"inclusivenews2024\" \/>\n\t<meta name=\"twitter:label2\" content=\"Tempo estimado de leitura\" \/>\n\t<meta name=\"twitter:data2\" content=\"3 minutos\" \/>\n<script type=\"application\/ld+json\" class=\"yoast-schema-graph\">{\"@context\":\"https:\\\/\\\/schema.org\",\"@graph\":[{\"@type\":\"Article\",\"@id\":\"https:\\\/\\\/inclusivenews.com.br\\\/?p=21498#article\",\"isPartOf\":{\"@id\":\"https:\\\/\\\/inclusivenews.com.br\\\/?p=21498\"},\"author\":{\"name\":\"inclusivenews2024\",\"@id\":\"https:\\\/\\\/inclusivenews.com.br\\\/#\\\/schema\\\/person\\\/ae4ec7087559b8692fb33b6fffd2273b\"},\"headline\":\"Conhe\u00e7a os finalistas da 1\u00aa edi\u00e7\u00e3o do Premio Nacional Jornalista Abdias Nascimento\",\"datePublished\":\"2011-11-09T18:29:25+00:00\",\"mainEntityOfPage\":{\"@id\":\"https:\\\/\\\/inclusivenews.com.br\\\/?p=21498\"},\"wordCount\":578,\"commentCount\":0,\"publisher\":{\"@id\":\"https:\\\/\\\/inclusivenews.com.br\\\/#organization\"},\"image\":{\"@id\":\"https:\\\/\\\/inclusivenews.com.br\\\/?p=21498#primaryimage\"},\"thumbnailUrl\":\"http:\\\/\\\/www.brasildefato.com.br\\\/sites\\\/default\\\/files\\\/images\\\/foto-legenda-Abdias-Nascimento_leandro-uchoas.gif\",\"articleSection\":[\"NOT\u00cdCIAS\"],\"inLanguage\":\"pt-PT\",\"potentialAction\":[{\"@type\":\"CommentAction\",\"name\":\"Comment\",\"target\":[\"https:\\\/\\\/inclusivenews.com.br\\\/?p=21498#respond\"]}]},{\"@type\":\"WebPage\",\"@id\":\"https:\\\/\\\/inclusivenews.com.br\\\/?p=21498\",\"url\":\"https:\\\/\\\/inclusivenews.com.br\\\/?p=21498\",\"name\":\"Conhe\u00e7a os finalistas da 1\u00aa edi\u00e7\u00e3o do Premio Nacional Jornalista Abdias Nascimento -\",\"isPartOf\":{\"@id\":\"https:\\\/\\\/inclusivenews.com.br\\\/#website\"},\"primaryImageOfPage\":{\"@id\":\"https:\\\/\\\/inclusivenews.com.br\\\/?p=21498#primaryimage\"},\"image\":{\"@id\":\"https:\\\/\\\/inclusivenews.com.br\\\/?p=21498#primaryimage\"},\"thumbnailUrl\":\"http:\\\/\\\/www.brasildefato.com.br\\\/sites\\\/default\\\/files\\\/images\\\/foto-legenda-Abdias-Nascimento_leandro-uchoas.gif\",\"datePublished\":\"2011-11-09T18:29:25+00:00\",\"breadcrumb\":{\"@id\":\"https:\\\/\\\/inclusivenews.com.br\\\/?p=21498#breadcrumb\"},\"inLanguage\":\"pt-PT\",\"potentialAction\":[{\"@type\":\"ReadAction\",\"target\":[\"https:\\\/\\\/inclusivenews.com.br\\\/?p=21498\"]}]},{\"@type\":\"ImageObject\",\"inLanguage\":\"pt-PT\",\"@id\":\"https:\\\/\\\/inclusivenews.com.br\\\/?p=21498#primaryimage\",\"url\":\"http:\\\/\\\/www.brasildefato.com.br\\\/sites\\\/default\\\/files\\\/images\\\/foto-legenda-Abdias-Nascimento_leandro-uchoas.gif\",\"contentUrl\":\"http:\\\/\\\/www.brasildefato.com.br\\\/sites\\\/default\\\/files\\\/images\\\/foto-legenda-Abdias-Nascimento_leandro-uchoas.gif\"},{\"@type\":\"BreadcrumbList\",\"@id\":\"https:\\\/\\\/inclusivenews.com.br\\\/?p=21498#breadcrumb\",\"itemListElement\":[{\"@type\":\"ListItem\",\"position\":1,\"name\":\"In\u00edcio\",\"item\":\"https:\\\/\\\/inclusivenews.com.br\\\/\"},{\"@type\":\"ListItem\",\"position\":2,\"name\":\"Conhe\u00e7a os finalistas da 1\u00aa edi\u00e7\u00e3o do Premio Nacional Jornalista Abdias Nascimento\"}]},{\"@type\":\"WebSite\",\"@id\":\"https:\\\/\\\/inclusivenews.com.br\\\/#website\",\"url\":\"https:\\\/\\\/inclusivenews.com.br\\\/\",\"name\":\"Inclusive News\",\"description\":\"Inclusive News\",\"publisher\":{\"@id\":\"https:\\\/\\\/inclusivenews.com.br\\\/#organization\"},\"potentialAction\":[{\"@type\":\"SearchAction\",\"target\":{\"@type\":\"EntryPoint\",\"urlTemplate\":\"https:\\\/\\\/inclusivenews.com.br\\\/?s={search_term_string}\"},\"query-input\":{\"@type\":\"PropertyValueSpecification\",\"valueRequired\":true,\"valueName\":\"search_term_string\"}}],\"inLanguage\":\"pt-PT\"},{\"@type\":\"Organization\",\"@id\":\"https:\\\/\\\/inclusivenews.com.br\\\/#organization\",\"name\":\"Inclusive - inclus\u00e3o e cidadania\",\"url\":\"https:\\\/\\\/inclusivenews.com.br\\\/\",\"logo\":{\"@type\":\"ImageObject\",\"inLanguage\":\"pt-PT\",\"@id\":\"https:\\\/\\\/inclusivenews.com.br\\\/#\\\/schema\\\/logo\\\/image\\\/\",\"url\":\"https:\\\/\\\/inclusivenews.com.br\\\/wp-content\\\/uploads\\\/2024\\\/03\\\/@grandesite.png\",\"contentUrl\":\"https:\\\/\\\/inclusivenews.com.br\\\/wp-content\\\/uploads\\\/2024\\\/03\\\/@grandesite.png\",\"width\":1080,\"height\":1080,\"caption\":\"Inclusive - inclus\u00e3o e cidadania\"},\"image\":{\"@id\":\"https:\\\/\\\/inclusivenews.com.br\\\/#\\\/schema\\\/logo\\\/image\\\/\"},\"sameAs\":[\"https:\\\/\\\/www.facebook.com\\\/agenciainclusive\\\/\",\"https:\\\/\\\/www.instagram.com\\\/newsinclusive\\\/\"]},{\"@type\":\"Person\",\"@id\":\"https:\\\/\\\/inclusivenews.com.br\\\/#\\\/schema\\\/person\\\/ae4ec7087559b8692fb33b6fffd2273b\",\"name\":\"inclusivenews2024\",\"image\":{\"@type\":\"ImageObject\",\"inLanguage\":\"pt-PT\",\"@id\":\"https:\\\/\\\/secure.gravatar.com\\\/avatar\\\/c5a7ef84c66fa914f55bc4f7ce26cfa275a3b9a1c5568b907bd184fb4dde7b40?s=96&d=mm&r=g\",\"url\":\"https:\\\/\\\/secure.gravatar.com\\\/avatar\\\/c5a7ef84c66fa914f55bc4f7ce26cfa275a3b9a1c5568b907bd184fb4dde7b40?s=96&d=mm&r=g\",\"contentUrl\":\"https:\\\/\\\/secure.gravatar.com\\\/avatar\\\/c5a7ef84c66fa914f55bc4f7ce26cfa275a3b9a1c5568b907bd184fb4dde7b40?s=96&d=mm&r=g\",\"caption\":\"inclusivenews2024\"},\"sameAs\":[\"https:\\\/\\\/inclusivenews.com.br\"],\"url\":\"https:\\\/\\\/inclusivenews.com.br\\\/?author=1\"}]}<\/script>\n<!-- \/ Yoast SEO plugin. -->","yoast_head_json":{"title":"Conhe\u00e7a os finalistas da 1\u00aa edi\u00e7\u00e3o do Premio Nacional Jornalista Abdias Nascimento -","robots":{"index":"index","follow":"follow","max-snippet":"max-snippet:-1","max-image-preview":"max-image-preview:large","max-video-preview":"max-video-preview:-1"},"canonical":"https:\/\/inclusivenews.com.br\/?p=21498","og_locale":"pt_PT","og_type":"article","og_title":"Conhe\u00e7a os finalistas da 1\u00aa edi\u00e7\u00e3o do Premio Nacional Jornalista Abdias Nascimento -","og_description":"Ap\u00f3s mais de 150 inscri\u00e7\u00f5es vindas de todo o Brasil, o Pr\u00eamio Nacional Jornalista Abdias Nascimento anuncia os 21 trabalhos nesta etapa final.","og_url":"https:\/\/inclusivenews.com.br\/?p=21498","article_publisher":"https:\/\/www.facebook.com\/agenciainclusive\/","article_published_time":"2011-11-09T18:29:25+00:00","og_image":[{"url":"http:\/\/www.brasildefato.com.br\/sites\/default\/files\/images\/foto-legenda-Abdias-Nascimento_leandro-uchoas.gif","type":"","width":"","height":""}],"author":"inclusivenews2024","twitter_card":"summary_large_image","twitter_misc":{"Escrito por":"inclusivenews2024","Tempo estimado de leitura":"3 minutos"},"schema":{"@context":"https:\/\/schema.org","@graph":[{"@type":"Article","@id":"https:\/\/inclusivenews.com.br\/?p=21498#article","isPartOf":{"@id":"https:\/\/inclusivenews.com.br\/?p=21498"},"author":{"name":"inclusivenews2024","@id":"https:\/\/inclusivenews.com.br\/#\/schema\/person\/ae4ec7087559b8692fb33b6fffd2273b"},"headline":"Conhe\u00e7a os finalistas da 1\u00aa edi\u00e7\u00e3o do Premio Nacional Jornalista Abdias Nascimento","datePublished":"2011-11-09T18:29:25+00:00","mainEntityOfPage":{"@id":"https:\/\/inclusivenews.com.br\/?p=21498"},"wordCount":578,"commentCount":0,"publisher":{"@id":"https:\/\/inclusivenews.com.br\/#organization"},"image":{"@id":"https:\/\/inclusivenews.com.br\/?p=21498#primaryimage"},"thumbnailUrl":"http:\/\/www.brasildefato.com.br\/sites\/default\/files\/images\/foto-legenda-Abdias-Nascimento_leandro-uchoas.gif","articleSection":["NOT\u00cdCIAS"],"inLanguage":"pt-PT","potentialAction":[{"@type":"CommentAction","name":"Comment","target":["https:\/\/inclusivenews.com.br\/?p=21498#respond"]}]},{"@type":"WebPage","@id":"https:\/\/inclusivenews.com.br\/?p=21498","url":"https:\/\/inclusivenews.com.br\/?p=21498","name":"Conhe\u00e7a os finalistas da 1\u00aa edi\u00e7\u00e3o do Premio Nacional Jornalista Abdias Nascimento -","isPartOf":{"@id":"https:\/\/inclusivenews.com.br\/#website"},"primaryImageOfPage":{"@id":"https:\/\/inclusivenews.com.br\/?p=21498#primaryimage"},"image":{"@id":"https:\/\/inclusivenews.com.br\/?p=21498#primaryimage"},"thumbnailUrl":"http:\/\/www.brasildefato.com.br\/sites\/default\/files\/images\/foto-legenda-Abdias-Nascimento_leandro-uchoas.gif","datePublished":"2011-11-09T18:29:25+00:00","breadcrumb":{"@id":"https:\/\/inclusivenews.com.br\/?p=21498#breadcrumb"},"inLanguage":"pt-PT","potentialAction":[{"@type":"ReadAction","target":["https:\/\/inclusivenews.com.br\/?p=21498"]}]},{"@type":"ImageObject","inLanguage":"pt-PT","@id":"https:\/\/inclusivenews.com.br\/?p=21498#primaryimage","url":"http:\/\/www.brasildefato.com.br\/sites\/default\/files\/images\/foto-legenda-Abdias-Nascimento_leandro-uchoas.gif","contentUrl":"http:\/\/www.brasildefato.com.br\/sites\/default\/files\/images\/foto-legenda-Abdias-Nascimento_leandro-uchoas.gif"},{"@type":"BreadcrumbList","@id":"https:\/\/inclusivenews.com.br\/?p=21498#breadcrumb","itemListElement":[{"@type":"ListItem","position":1,"name":"In\u00edcio","item":"https:\/\/inclusivenews.com.br\/"},{"@type":"ListItem","position":2,"name":"Conhe\u00e7a os finalistas da 1\u00aa edi\u00e7\u00e3o do Premio Nacional Jornalista Abdias Nascimento"}]},{"@type":"WebSite","@id":"https:\/\/inclusivenews.com.br\/#website","url":"https:\/\/inclusivenews.com.br\/","name":"Inclusive News","description":"Inclusive News","publisher":{"@id":"https:\/\/inclusivenews.com.br\/#organization"},"potentialAction":[{"@type":"SearchAction","target":{"@type":"EntryPoint","urlTemplate":"https:\/\/inclusivenews.com.br\/?s={search_term_string}"},"query-input":{"@type":"PropertyValueSpecification","valueRequired":true,"valueName":"search_term_string"}}],"inLanguage":"pt-PT"},{"@type":"Organization","@id":"https:\/\/inclusivenews.com.br\/#organization","name":"Inclusive - inclus\u00e3o e cidadania","url":"https:\/\/inclusivenews.com.br\/","logo":{"@type":"ImageObject","inLanguage":"pt-PT","@id":"https:\/\/inclusivenews.com.br\/#\/schema\/logo\/image\/","url":"https:\/\/inclusivenews.com.br\/wp-content\/uploads\/2024\/03\/@grandesite.png","contentUrl":"https:\/\/inclusivenews.com.br\/wp-content\/uploads\/2024\/03\/@grandesite.png","width":1080,"height":1080,"caption":"Inclusive - inclus\u00e3o e cidadania"},"image":{"@id":"https:\/\/inclusivenews.com.br\/#\/schema\/logo\/image\/"},"sameAs":["https:\/\/www.facebook.com\/agenciainclusive\/","https:\/\/www.instagram.com\/newsinclusive\/"]},{"@type":"Person","@id":"https:\/\/inclusivenews.com.br\/#\/schema\/person\/ae4ec7087559b8692fb33b6fffd2273b","name":"inclusivenews2024","image":{"@type":"ImageObject","inLanguage":"pt-PT","@id":"https:\/\/secure.gravatar.com\/avatar\/c5a7ef84c66fa914f55bc4f7ce26cfa275a3b9a1c5568b907bd184fb4dde7b40?s=96&d=mm&r=g","url":"https:\/\/secure.gravatar.com\/avatar\/c5a7ef84c66fa914f55bc4f7ce26cfa275a3b9a1c5568b907bd184fb4dde7b40?s=96&d=mm&r=g","contentUrl":"https:\/\/secure.gravatar.com\/avatar\/c5a7ef84c66fa914f55bc4f7ce26cfa275a3b9a1c5568b907bd184fb4dde7b40?s=96&d=mm&r=g","caption":"inclusivenews2024"},"sameAs":["https:\/\/inclusivenews.com.br"],"url":"https:\/\/inclusivenews.com.br\/?author=1"}]}},"_links":{"self":[{"href":"https:\/\/inclusivenews.com.br\/index.php?rest_route=\/wp\/v2\/posts\/21498","targetHints":{"allow":["GET"]}}],"collection":[{"href":"https:\/\/inclusivenews.com.br\/index.php?rest_route=\/wp\/v2\/posts"}],"about":[{"href":"https:\/\/inclusivenews.com.br\/index.php?rest_route=\/wp\/v2\/types\/post"}],"author":[{"embeddable":true,"href":"https:\/\/inclusivenews.com.br\/index.php?rest_route=\/wp\/v2\/users\/1"}],"replies":[{"embeddable":true,"href":"https:\/\/inclusivenews.com.br\/index.php?rest_route=%2Fwp%2Fv2%2Fcomments&post=21498"}],"version-history":[{"count":0,"href":"https:\/\/inclusivenews.com.br\/index.php?rest_route=\/wp\/v2\/posts\/21498\/revisions"}],"wp:attachment":[{"href":"https:\/\/inclusivenews.com.br\/index.php?rest_route=%2Fwp%2Fv2%2Fmedia&parent=21498"}],"wp:term":[{"taxonomy":"category","embeddable":true,"href":"https:\/\/inclusivenews.com.br\/index.php?rest_route=%2Fwp%2Fv2%2Fcategories&post=21498"},{"taxonomy":"post_tag","embeddable":true,"href":"https:\/\/inclusivenews.com.br\/index.php?rest_route=%2Fwp%2Fv2%2Ftags&post=21498"}],"curies":[{"name":"wp","href":"https:\/\/api.w.org\/{rel}","templated":true}]}}