{"id":21500,"date":"2011-11-09T15:30:13","date_gmt":"2011-11-09T18:30:13","guid":{"rendered":"http:\/\/www.inclusive.org.br\/?p=21500"},"modified":"2011-11-09T15:30:13","modified_gmt":"2011-11-09T18:30:13","slug":"brasil-avanca-no-desenvolvimento-humano-e-sobe-uma-posicao-no-ranking-do-idh-2011","status":"publish","type":"post","link":"https:\/\/inclusivenews.com.br\/?p=21500","title":{"rendered":"Brasil avan\u00e7a no desenvolvimento humano e sobe uma posi\u00e7\u00e3o no ranking do IDH  2011"},"content":{"rendered":"<figure style=\"width: 164px\" class=\"wp-caption alignleft\"><img loading=\"lazy\" decoding=\"async\" title=\"Capa do relat\u00f3rio\" src=\"http:\/\/www.pnud.org.br\/public\/imgc3837.jpg\" alt=\" \" width=\"164\" height=\"193\" \/><figcaption class=\"wp-caption-text\"> <\/figcaption><\/figure>\n<p><span class=\"linhafina\"><em>RDH 2011 mostra Brasil na 84\u00aa posi\u00e7\u00e3o entre 187 pa\u00edses; nos \u00faltimos 5 anos, o pa\u00eds est\u00e1 entre os 24 que subiram 3 ou mais posi\u00e7\u00f5es<\/em><\/span><\/p>\n<p><a href=\"http:\/\/hdr.undp.org\/en\/reports\/global\/hdr2011\/download\/pt\/\">Clique para visitar o portal do RDH.<\/a><\/p>\n<p>O \u00cdndice de Desenvolvimento Humano (IDH) do Brasil avan\u00e7ou de 0,715 em 2010 para 0,718 em 2011, e fez o pa\u00eds subir uma posi\u00e7\u00e3o no ranking global do <a class=\"textolinkbold\" title=\"Clique aqui para visitar o portal do RDH\" onclick=\"s_objectID=&quot;http:\/\/hdr.undp.org\/en\/reports\/global\/hdr2011\/download\/pt\/_1&quot;;return this.s_oc?this.s_oc(e):true\" href=\"http:\/\/hdr.undp.org\/en\/reports\/global\/hdr2011\/download\/pt\/\" target=\"_blank\" rel=\"noopener\">Relat\u00f3rio de Desenvolvimento Humano (RDH)<\/a> deste ano. Com isso, o Brasil saiu da 85\u00aa para a 84\u00aa posi\u00e7\u00e3o, permanecendo no grupo dos pa\u00edses de alto desenvolvimento humano. O documento foi lan\u00e7ado esta quarta-feira pelo Programa das Na\u00e7\u00f5es Unidas para o Desenvolvimento (PNUD), em Copenhague, na Dinamarca.<\/p>\n<p>O Relat\u00f3rio de Desenvolvimento Humano 2011 apresenta valores e classifica\u00e7\u00f5es do \u00cdndice de Desenvolvimento Humano (IDH) para um n\u00famero recorde de 187 pa\u00edses e territ\u00f3rios reconhecidos pela ONU. Um aumento significativo em rela\u00e7\u00e3o aos 169 pa\u00edses inclu\u00eddos no \u00cdndice de 2010, quando os indicadores-chaves de muitos dos novos pa\u00edses analisados este ano ainda estavam indispon\u00edveis.<\/p>\n<p>No ranking global do IDH 2010, o Brasil obteve a classifica\u00e7\u00e3o 73, entre os 169 pa\u00edses. No entanto, <strong>\u00e9 enganoso comparar valores e classifica\u00e7\u00f5es do RDH 2011 com os de relat\u00f3rios publicados anteriormente <\/strong>. Isto porque, al\u00e9m da inclus\u00e3o de 18 novos pa\u00edses e territ\u00f3rios (veja a lista no quadro ao lado), os dados e m\u00e9todos sofreram ajustes e algumas mudan\u00e7as.<\/p>\n<p>Intitulado <em>\u201cSustentabilidade e equidade: Um futuro melhor para todos\u201d<\/em>, o Relat\u00f3rio de Desenvolvimento Humano 2011 mostra que o Brasil faz parte do seleto grupo de apenas 36 dos 187 pa\u00edses que subiram no ranking entre 2010 e 2011, seguindo os dados recalculados para a nova base deste ano. Os outros 151 permanceram na mesma posi\u00e7\u00e3o ou ca\u00edram. No caso brasileiro, esta evolu\u00e7\u00e3o do IDH do ano passado para este ano contou com um impulso maior da dimens\u00e3o sa\u00fade \u2013 medida pela expectativa de vida \u2013, respons\u00e1vel por 40% da alta. As outras duas dimens\u00f5es que comp\u00f5em o IDH, educa\u00e7\u00e3o e renda, responderam, cada uma, por cerca de 30% desta evolu\u00e7\u00e3o.<\/p>\n<p><strong>Evolu\u00e7\u00e3o do Brasil nas s\u00e9ries hist\u00f3ricas<\/strong><\/p>\n<p>A s\u00e9rie hist\u00f3rica do \u00cdndice de Desenvolvimento Humano (IDH) para o Brasil revela uma retrospectiva positiva tamb\u00e9m a m\u00e9dio e a longo prazos. Entre 1980 e 2011, o valor do IDH subiu 31%, saltando de 0,549 para 0,718. Este desempenho foi puxado pelo aumento na expectativa de vida no pa\u00eds (11 anos no per\u00edodo), pela melhora na m\u00e9dia de anos de escolaridade (4,6 anos a mais) e pelo crescimento tamb\u00e9m da renda nacional bruta (RNB) per capita (quase 40% entre 1980 e 2011).<\/p>\n<p><a class=\"moz-txt-link-freetext\" href=\"http:\/\/www.pnud.org.br\/pdf\/rdh-2011-tabela-tendencias-brasil.png\">http:\/\/www.pnud.org.br\/pdf\/rdh-2011-tabela-tendencias-brasil.png<\/a><\/p>\n<p>Por causa dos ajustes de dados, das adapta\u00e7\u00f5es metodol\u00f3gicas e da inclus\u00e3o de 18 pa\u00edses no ranking deste ano, as medias anuais de crescimento do IDH s\u00f3 podem ser calculadas com os dados que est\u00e3o dispon\u00edveis na Tabela 2 \u201cTend\u00eancias do Desenvolvimento Humano\u201d do Relat\u00f3rio, que traz as s\u00e9ries hist\u00f3ricas recalculadas para todos os 187 pa\u00edses. Ela tem como base indicadores, metodologia e dados em s\u00e9ries temporais consistentes e, por isso, mostra as altera\u00e7\u00f5es reais dos valores e classifica\u00e7\u00f5es no decorrer do tempo, refletindo o progresso verdadeiro feito pelos pa\u00edses.<\/p>\n<p>Em uma an\u00e1lise de m\u00e9dio prazo, considerando a evolu\u00e7\u00e3o de posi\u00e7\u00f5es do ranking de 2006 a 2011, o Brasil est\u00e1 entre os 24 pa\u00edses com melhor desempenho, ou seja, aqueles que subiram 3 ou mais posi\u00e7\u00f5es.<\/p>\n<p><strong>Taxa m\u00e9dia de crescimento do IDH brasileiro<\/strong><\/p>\n<p>Com base nos dados da Tabela 2 \u201cTend\u00eancias do Desenvolvimento Humano\u201d, verifica-se que a taxa m\u00e9dia de crescimento do IDH do Brasil foi de 0,87%, entre 1980 a 2011. Um desempenho superior ao da Am\u00e9rica Latina (0,73%) e ao dos pa\u00edses de alto desenvolvimento (0,61%), quartil do qual o Brasil faz parte no ranking do IDH 2011.<\/p>\n<p>Avan\u00e7o semelhante pode ser visto para o Brasil entre 1990 e 2011, quando a taxa de m\u00e9dia de crescimento do IDH foi de 0,86%, enquanto a da Am\u00e9rica Latina foi de 0,76% e a dos pa\u00edses de alto desenvolvimento, de 0,64%.<\/p>\n<p>Num per\u00edodo mais curto de 2000 a 2011, o desempenho foi o seguinte: Brasil avan\u00e7ou 0,69%, Am\u00e9rica Latina, 0,66%, e os pa\u00edses de alto desenvolvimento, 0,70%.<\/p>\n<p>\u00c9 importante notar que a taxa de crescimento para pa\u00edses de desenvolvimento humano muito elevado de 2000 a 2011 foi de 0,33%, ou seja, quanto mais desenvolvido o pa\u00eds se torna, menor \u00e9 sua taxa de crescimento do IDH. Este fen\u00f4meno \u00e9 tamb\u00e9m conhecido como concavidade de taxas de crescimento.<\/p>\n<p>O IDH \u00e9 uma medida resumida para avaliar o progresso a longo prazo em tr\u00eas dimens\u00f5es b\u00e1sicas do desenvolvimento humano: uma vida longa e saud\u00e1vel, acesso ao conhecimento e um padr\u00e3o decente de vida. Como no Relat\u00f3rio de Desenvolvimento Humano de 2010, uma vida longa e saud\u00e1vel \u00e9 medida pela expectativa de vida; o acesso ao conhecimento \u00e9 medido por: i) m\u00e9dia de anos de educa\u00e7\u00e3o de adultos, que \u00e9 o n\u00famero m\u00e9dio de anos de educa\u00e7\u00e3o recebidos durante a vida por pessoas a partir de 25 anos; e ii) a expectativa de anos de escolaridade para crian\u00e7as na idade de iniciar a vida escolar, que \u00e9 o n\u00famero total de anos de escolaridade que uma crian\u00e7a na idade de iniciar a vida escolar pode esperar receber se os padr\u00f5es prevalecentes de taxas de matr\u00edculas espec\u00edficas por idade permanecerem os mesmos durante a vida da crian\u00e7a; e o padr\u00e3o de vida \u00e9 medido pela Renda Nacional Bruta (RNB) per capita expressa em PPP$ 2005 constante.<\/p>\n<p>A fim de garantir o m\u00e1ximo poss\u00edvel de comparabilidade entre pa\u00edses, o IDH se baseia principalmente em dados internacionais da Divis\u00e3o de Popula\u00e7\u00e3o da ONU, do Instituto de Estat\u00edstica da UNESCO e do Banco Mundial. Como afirma a introdu\u00e7\u00e3o, os valores e classifica\u00e7\u00f5es do IDH no relat\u00f3rio deste ano n\u00e3o s\u00e3o compar\u00e1veis aos dos relat\u00f3rios passados (inclusive ao IDH 2010) por causa de diversas revis\u00f5es feitas nos indicadores componentes pelas ag\u00eancias encarregadas. Para permitir a avalia\u00e7\u00e3o do progresso nos IDHs, o relat\u00f3rio de 2011 inclui IDHs recalculados de 1980 a 2011.<\/p>\n<p><a class=\"moz-txt-link-freetext\" href=\"http:\/\/www.pnud.org.br\/pdf\/idh-2011-grafico-componentes-do-brasil.png\">http:\/\/www.pnud.org.br\/pdf\/idh-2011-grafico-componentes-do-brasil.png<\/a><\/p>\n<p><strong>Indicadores complementares de desenvolvimento humano<\/strong><\/p>\n<p>Al\u00e9m do IDH calculado para 187 pa\u00edses, o Relat\u00f3rio 2011 traz tamb\u00e9m tr\u00eas outros indicadores complementares introduzidos em 2010. S\u00e3o eles o IDH Ajustado \u00e0 Desigualdade (IDHAD) para 134 pa\u00edses, o \u00cdndice de Desigualdade de G\u00eanero (IDG) para 146 pa\u00edses e o \u00cdndice de Pobreza Multidimensional (IPM) para 109 pa\u00edses.<\/p>\n<ul>\n<li>\u00cdndice de Desenvolvimento Humano Ajustado \u00e0 Desigualdade (IDHAD)<\/li>\n<\/ul>\n<p>O IDH \u00e9 uma medida m\u00e9dia das conquistas de desenvolvimento humano b\u00e1sico em um pa\u00eds. Como todas as m\u00e9dias, o IDH mascara a desigualdade na distribui\u00e7\u00e3o do desenvolvimento humano entre a popula\u00e7\u00e3o no n\u00edvel de pa\u00eds. O IDH 2010 introduziu o IDH Ajustado \u00e0 Desigualdade (IDHAD), que leva em considera\u00e7\u00e3o a desigualdade em todas as tr\u00eas dimens\u00f5es do IDH \u201cdescontando\u201d o valor m\u00e9dio de cada dimens\u00e3o de acordo com seu n\u00edvel de desigualdade.<\/p>\n<p>Com a introdu\u00e7\u00e3o do IDHAD, o IDH tradicional pode ser visto como um \u00edndice de desenvolvimento humano \u201cpotencial\u201d e o IDHAD como um \u00edndice do desenvolvimento humano \u201creal\u201d. A \u201cperda\u201d no desenvolvimento humano potencial devido \u00e0 desigualdade \u00e9 dada pela diferen\u00e7a entre o IDH e o IDHAD e pode ser expressa por um percentual.<\/p>\n<p>O IDH do Brasil para 2011 \u00e9 0,718. No entanto, quando \u00e9 descontada a desigualdade do valor, o IDH cai para 0,519, uma perda de 27,7% devido \u00e0 desigualdade na distribui\u00e7\u00e3o dos \u00edndices de dimens\u00e3o. O IDHAD, que vem complementar a leitura feita pelo IDH, mostra que o cidad\u00e3o brasileiro m\u00e9dio teria quase 30% de risco de n\u00e3o conseguir alcan\u00e7ar o desenvolvimento humano potencial que o pa\u00eds tem para lhe oferecer em fun\u00e7\u00e3o dos obst\u00e1culos que as desigualdades podem lhe impor.<\/p>\n<p>Nesta \u00e1rea, o Brasil se insere em um contexto semelhante ao da Am\u00e9rica Latina, onde a desigualdade \u2013 em especial de renda \u2013 faz parte de um passivo hist\u00f3rico que ainda representa um grande obst\u00e1culo para o desenvolvimento humano. Mas o relat\u00f3rio elogia os esfor\u00e7os e avan\u00e7os da regi\u00e3o na tentativa de reduzir estes n\u00fameros, e faz men\u00e7\u00e3o \u00e0s conquistas de Argentina, Brasil, Honduras, M\u00e9xico e Peru. O Relat\u00f3rio atribui os avan\u00e7os, em parte, \u00e0 melhor cobertura na educa\u00e7\u00e3o b\u00e1sica e aos programas de transfer\u00eancia de renda.<\/p>\n<ul>\n<li>\u00cdndice de Desigualdade de G\u00eanero (IDG)<\/li>\n<\/ul>\n<p>O \u00cdndice de Desigualdade de G\u00eanero (IDG) reflete desigualdades com base no g\u00eanero em tr\u00eas dimens\u00f5es \u2013 sa\u00fade reprodutiva, autonomia e atividade econ\u00f4mica. A sa\u00fade reprodutiva \u00e9 medida pelas taxas de mortalidade materna e de fertilidade entre as adolescentes; a autonomia \u00e9 medida pela propor\u00e7\u00e3o de assentos parlamentares ocupados por cada g\u00eanero e a obten\u00e7\u00e3o de educa\u00e7\u00e3o secund\u00e1ria ou superior por cada g\u00eanero; e a atividade econ\u00f4mica \u00e9 medida pela taxa de participa\u00e7\u00e3o no mercado de trabalho para cada g\u00eanero.<\/p>\n<p>O IDG substitui os anteriores \u00cdndice de Desenvolvimento relacionado ao G\u00eanero e \u00cdndice de Autonomia de G\u00eanero. Ele mostra a perda no desenvolvimento humano devido \u00e0 desigualdade entre as conquistas femininas e masculinas nas tr\u00eas dimens\u00f5es do IDG.<\/p>\n<p>O Brasil tem um valor de IDG de 0,449, que o coloca na posi\u00e7\u00e3o 80 dentre 146 pa\u00edses no \u00edndice de 2011. No Brasil, 9,6% dos assentos parlamentares s\u00e3o ocupados por mulheres e 48,8% das mulheres adultas t\u00eam alcan\u00e7ado um n\u00edvel de educa\u00e7\u00e3o secund\u00e1rio ou superior, em compara\u00e7\u00e3o com 46,3% de suas contrapartes masculinas. Para cada 100.000 nascidos vivos, 58 mulheres morrem de causas relacionadas \u00e0 gravidez; e a taxa de fertilidade entre as adolescentes \u00e9 de 75,6 nascimentos por 1000 nascidos vivos. A participa\u00e7\u00e3o feminina no mercado de trabalho \u00e9 de 60,1%, em compara\u00e7\u00e3o com 81,9% para os homens.<\/p>\n<ul>\n<li>\u00cdndice de Pobreza Multidimensional (IPM)<\/li>\n<\/ul>\n<p>O IDH 2010 introduziu o \u00cdndice de Pobreza Multidimensional (IPM), que identifica priva\u00e7\u00f5es m\u00faltiplas em educa\u00e7\u00e3o, sa\u00fade e padr\u00e3o de vida nos mesmos domic\u00edlios. As dimens\u00f5es de educa\u00e7\u00e3o e sa\u00fade se baseiam em dois indicadores cada, enquanto a dimens\u00e3o do padr\u00e3o de vida se baseia em seis indicadores. Todos os indicadores necess\u00e1rios para elaborar o IPM para um domic\u00edlio s\u00e3o obtidos pela mesma pesquisa domiciliar.<\/p>\n<p>Os indicadores s\u00e3o ponderados e os n\u00edveis de priva\u00e7\u00e3o s\u00e3o computados para cada domic\u00edlio na pesquisa. Um corte de 33,3%, que equivale a um ter\u00e7o dos indicadores ponderados, \u00e9 usado para distinguir entre os pobres e os n\u00e3o pobres. Se o n\u00edvel de priva\u00e7\u00e3o domiciliar for 33,3% ou maior, esse domic\u00edlio (e todos nele) \u00e9 multidimensionalmente pobre. Os domic\u00edlios com um n\u00edvel de priva\u00e7\u00e3o maior que ou igual a 20%, mas menor que 33,3%, s\u00e3o vulner\u00e1veis ou est\u00e3o em risco de se tornarem multidimensionalmente pobres.<\/p>\n<p>Os dados da pesquisa para a estimativa do IPM do Brasil se referem a 2006. No Brasil, 2,7% da popula\u00e7\u00e3o sofrem de m\u00faltiplas priva\u00e7\u00f5es, enquanto outros 7,0% est\u00e3o vulner\u00e1veis a m\u00faltiplas priva\u00e7\u00f5es. A amplitude da priva\u00e7\u00e3o (intensidade) no Brasil, que \u00e9 o percentual m\u00e9dio de priva\u00e7\u00e3o vivenciado pelas pessoas na pobreza multidimensional, \u00e9 de 39,3%. O IPM, que \u00e1 a parcela da popula\u00e7\u00e3o multidimensionalmente pobre, ajustado pela intensidade das priva\u00e7\u00f5es, \u00e9 de 0,011.<\/p>\n<p>O IPM \u00e9 um indicador complementar de acompanhamento do desenvolvimento humano e tem como objetivo acompanhar a pobreza que vai al\u00e9m da pobreza de renda, medida pelo percentual da popula\u00e7\u00e3o que vive abaixo de PPP US$1,25 por dia. Ela mostra que a pobreza de renda relata apenas uma parte da hist\u00f3ria. No caso do Brasil, a contagem de pobreza multidimensional \u00e9 1,1 ponto percentual menor que a pobreza de renda. Isso implica que indiv\u00edduos que vivem abaixo da linha da pobreza de renda talvez tenham acesso a recursos de n\u00e3o renda.<\/p>\n<p>Fonte: <a href=\"http:\/\/www.pnud.org.br\/pobreza_desigualdade\/reportagens\/index.php?id01=3837&amp;lay=pde\">PNUD<\/a><\/p>\n","protected":false},"excerpt":{"rendered":"<p>RDH 2011 mostra Brasil na 84\u00aa posi\u00e7\u00e3o entre 187 pa\u00edses; nos \u00faltimos 5 anos, o pa\u00eds est\u00e1 entre os 24 que subiram 3 ou mais posi\u00e7\u00f5es. Do PNUD.<\/p>\n","protected":false},"author":1,"featured_media":0,"comment_status":"open","ping_status":"open","sticky":false,"template":"","format":"standard","meta":{"site-container-style":"default","site-container-layout":"default","site-sidebar-layout":"default","disable-article-header":"default","disable-site-header":"default","disable-site-footer":"default","disable-content-area-spacing":"default","footnotes":""},"categories":[11,4],"tags":[],"class_list":["post-21500","post","type-post","status-publish","format-standard","hentry","category-direitos-humanos","category-noticias"],"yoast_head":"<!-- This site is optimized with the Yoast SEO plugin v27.4 - https:\/\/yoast.com\/product\/yoast-seo-wordpress\/ -->\n<title>Brasil avan\u00e7a no desenvolvimento humano e sobe uma posi\u00e7\u00e3o no ranking do IDH 2011 -<\/title>\n<meta name=\"robots\" content=\"index, follow, max-snippet:-1, max-image-preview:large, max-video-preview:-1\" \/>\n<link rel=\"canonical\" href=\"https:\/\/inclusivenews.com.br\/?p=21500\" \/>\n<meta property=\"og:locale\" content=\"pt_PT\" \/>\n<meta property=\"og:type\" content=\"article\" \/>\n<meta property=\"og:title\" content=\"Brasil avan\u00e7a no desenvolvimento humano e sobe uma posi\u00e7\u00e3o no ranking do IDH 2011 -\" \/>\n<meta property=\"og:description\" content=\"RDH 2011 mostra Brasil na 84\u00aa posi\u00e7\u00e3o entre 187 pa\u00edses; nos \u00faltimos 5 anos, o pa\u00eds est\u00e1 entre os 24 que subiram 3 ou mais posi\u00e7\u00f5es. Do PNUD.\" \/>\n<meta property=\"og:url\" content=\"https:\/\/inclusivenews.com.br\/?p=21500\" \/>\n<meta property=\"article:publisher\" content=\"https:\/\/www.facebook.com\/agenciainclusive\/\" \/>\n<meta property=\"article:published_time\" content=\"2011-11-09T18:30:13+00:00\" \/>\n<meta property=\"og:image\" content=\"http:\/\/www.pnud.org.br\/public\/imgc3837.jpg\" \/>\n<meta name=\"author\" content=\"inclusivenews2024\" \/>\n<meta name=\"twitter:card\" content=\"summary_large_image\" \/>\n<meta name=\"twitter:label1\" content=\"Escrito por\" \/>\n\t<meta name=\"twitter:data1\" content=\"inclusivenews2024\" \/>\n\t<meta name=\"twitter:label2\" content=\"Tempo estimado de leitura\" \/>\n\t<meta name=\"twitter:data2\" content=\"10 minutos\" \/>\n<script type=\"application\/ld+json\" class=\"yoast-schema-graph\">{\"@context\":\"https:\\\/\\\/schema.org\",\"@graph\":[{\"@type\":\"Article\",\"@id\":\"https:\\\/\\\/inclusivenews.com.br\\\/?p=21500#article\",\"isPartOf\":{\"@id\":\"https:\\\/\\\/inclusivenews.com.br\\\/?p=21500\"},\"author\":{\"name\":\"inclusivenews2024\",\"@id\":\"https:\\\/\\\/inclusivenews.com.br\\\/#\\\/schema\\\/person\\\/ae4ec7087559b8692fb33b6fffd2273b\"},\"headline\":\"Brasil avan\u00e7a no desenvolvimento humano e sobe uma posi\u00e7\u00e3o no ranking do IDH 2011\",\"datePublished\":\"2011-11-09T18:30:13+00:00\",\"mainEntityOfPage\":{\"@id\":\"https:\\\/\\\/inclusivenews.com.br\\\/?p=21500\"},\"wordCount\":2037,\"commentCount\":0,\"publisher\":{\"@id\":\"https:\\\/\\\/inclusivenews.com.br\\\/#organization\"},\"image\":{\"@id\":\"https:\\\/\\\/inclusivenews.com.br\\\/?p=21500#primaryimage\"},\"thumbnailUrl\":\"http:\\\/\\\/www.pnud.org.br\\\/public\\\/imgc3837.jpg\",\"articleSection\":[\"DIREITOS HUMANOS\",\"NOT\u00cdCIAS\"],\"inLanguage\":\"pt-PT\",\"potentialAction\":[{\"@type\":\"CommentAction\",\"name\":\"Comment\",\"target\":[\"https:\\\/\\\/inclusivenews.com.br\\\/?p=21500#respond\"]}]},{\"@type\":\"WebPage\",\"@id\":\"https:\\\/\\\/inclusivenews.com.br\\\/?p=21500\",\"url\":\"https:\\\/\\\/inclusivenews.com.br\\\/?p=21500\",\"name\":\"Brasil avan\u00e7a no desenvolvimento humano e sobe uma posi\u00e7\u00e3o no ranking do IDH 2011 -\",\"isPartOf\":{\"@id\":\"https:\\\/\\\/inclusivenews.com.br\\\/#website\"},\"primaryImageOfPage\":{\"@id\":\"https:\\\/\\\/inclusivenews.com.br\\\/?p=21500#primaryimage\"},\"image\":{\"@id\":\"https:\\\/\\\/inclusivenews.com.br\\\/?p=21500#primaryimage\"},\"thumbnailUrl\":\"http:\\\/\\\/www.pnud.org.br\\\/public\\\/imgc3837.jpg\",\"datePublished\":\"2011-11-09T18:30:13+00:00\",\"breadcrumb\":{\"@id\":\"https:\\\/\\\/inclusivenews.com.br\\\/?p=21500#breadcrumb\"},\"inLanguage\":\"pt-PT\",\"potentialAction\":[{\"@type\":\"ReadAction\",\"target\":[\"https:\\\/\\\/inclusivenews.com.br\\\/?p=21500\"]}]},{\"@type\":\"ImageObject\",\"inLanguage\":\"pt-PT\",\"@id\":\"https:\\\/\\\/inclusivenews.com.br\\\/?p=21500#primaryimage\",\"url\":\"http:\\\/\\\/www.pnud.org.br\\\/public\\\/imgc3837.jpg\",\"contentUrl\":\"http:\\\/\\\/www.pnud.org.br\\\/public\\\/imgc3837.jpg\"},{\"@type\":\"BreadcrumbList\",\"@id\":\"https:\\\/\\\/inclusivenews.com.br\\\/?p=21500#breadcrumb\",\"itemListElement\":[{\"@type\":\"ListItem\",\"position\":1,\"name\":\"In\u00edcio\",\"item\":\"https:\\\/\\\/inclusivenews.com.br\\\/\"},{\"@type\":\"ListItem\",\"position\":2,\"name\":\"Brasil avan\u00e7a no desenvolvimento humano e sobe uma posi\u00e7\u00e3o no ranking do IDH 2011\"}]},{\"@type\":\"WebSite\",\"@id\":\"https:\\\/\\\/inclusivenews.com.br\\\/#website\",\"url\":\"https:\\\/\\\/inclusivenews.com.br\\\/\",\"name\":\"Inclusive News\",\"description\":\"Inclusive News\",\"publisher\":{\"@id\":\"https:\\\/\\\/inclusivenews.com.br\\\/#organization\"},\"potentialAction\":[{\"@type\":\"SearchAction\",\"target\":{\"@type\":\"EntryPoint\",\"urlTemplate\":\"https:\\\/\\\/inclusivenews.com.br\\\/?s={search_term_string}\"},\"query-input\":{\"@type\":\"PropertyValueSpecification\",\"valueRequired\":true,\"valueName\":\"search_term_string\"}}],\"inLanguage\":\"pt-PT\"},{\"@type\":\"Organization\",\"@id\":\"https:\\\/\\\/inclusivenews.com.br\\\/#organization\",\"name\":\"Inclusive - inclus\u00e3o e cidadania\",\"url\":\"https:\\\/\\\/inclusivenews.com.br\\\/\",\"logo\":{\"@type\":\"ImageObject\",\"inLanguage\":\"pt-PT\",\"@id\":\"https:\\\/\\\/inclusivenews.com.br\\\/#\\\/schema\\\/logo\\\/image\\\/\",\"url\":\"https:\\\/\\\/inclusivenews.com.br\\\/wp-content\\\/uploads\\\/2024\\\/03\\\/@grandesite.png\",\"contentUrl\":\"https:\\\/\\\/inclusivenews.com.br\\\/wp-content\\\/uploads\\\/2024\\\/03\\\/@grandesite.png\",\"width\":1080,\"height\":1080,\"caption\":\"Inclusive - inclus\u00e3o e cidadania\"},\"image\":{\"@id\":\"https:\\\/\\\/inclusivenews.com.br\\\/#\\\/schema\\\/logo\\\/image\\\/\"},\"sameAs\":[\"https:\\\/\\\/www.facebook.com\\\/agenciainclusive\\\/\",\"https:\\\/\\\/www.instagram.com\\\/newsinclusive\\\/\"]},{\"@type\":\"Person\",\"@id\":\"https:\\\/\\\/inclusivenews.com.br\\\/#\\\/schema\\\/person\\\/ae4ec7087559b8692fb33b6fffd2273b\",\"name\":\"inclusivenews2024\",\"image\":{\"@type\":\"ImageObject\",\"inLanguage\":\"pt-PT\",\"@id\":\"https:\\\/\\\/secure.gravatar.com\\\/avatar\\\/c5a7ef84c66fa914f55bc4f7ce26cfa275a3b9a1c5568b907bd184fb4dde7b40?s=96&d=mm&r=g\",\"url\":\"https:\\\/\\\/secure.gravatar.com\\\/avatar\\\/c5a7ef84c66fa914f55bc4f7ce26cfa275a3b9a1c5568b907bd184fb4dde7b40?s=96&d=mm&r=g\",\"contentUrl\":\"https:\\\/\\\/secure.gravatar.com\\\/avatar\\\/c5a7ef84c66fa914f55bc4f7ce26cfa275a3b9a1c5568b907bd184fb4dde7b40?s=96&d=mm&r=g\",\"caption\":\"inclusivenews2024\"},\"sameAs\":[\"https:\\\/\\\/inclusivenews.com.br\"],\"url\":\"https:\\\/\\\/inclusivenews.com.br\\\/?author=1\"}]}<\/script>\n<!-- \/ Yoast SEO plugin. -->","yoast_head_json":{"title":"Brasil avan\u00e7a no desenvolvimento humano e sobe uma posi\u00e7\u00e3o no ranking do IDH 2011 -","robots":{"index":"index","follow":"follow","max-snippet":"max-snippet:-1","max-image-preview":"max-image-preview:large","max-video-preview":"max-video-preview:-1"},"canonical":"https:\/\/inclusivenews.com.br\/?p=21500","og_locale":"pt_PT","og_type":"article","og_title":"Brasil avan\u00e7a no desenvolvimento humano e sobe uma posi\u00e7\u00e3o no ranking do IDH 2011 -","og_description":"RDH 2011 mostra Brasil na 84\u00aa posi\u00e7\u00e3o entre 187 pa\u00edses; nos \u00faltimos 5 anos, o pa\u00eds est\u00e1 entre os 24 que subiram 3 ou mais posi\u00e7\u00f5es. Do PNUD.","og_url":"https:\/\/inclusivenews.com.br\/?p=21500","article_publisher":"https:\/\/www.facebook.com\/agenciainclusive\/","article_published_time":"2011-11-09T18:30:13+00:00","og_image":[{"url":"http:\/\/www.pnud.org.br\/public\/imgc3837.jpg","type":"","width":"","height":""}],"author":"inclusivenews2024","twitter_card":"summary_large_image","twitter_misc":{"Escrito por":"inclusivenews2024","Tempo estimado de leitura":"10 minutos"},"schema":{"@context":"https:\/\/schema.org","@graph":[{"@type":"Article","@id":"https:\/\/inclusivenews.com.br\/?p=21500#article","isPartOf":{"@id":"https:\/\/inclusivenews.com.br\/?p=21500"},"author":{"name":"inclusivenews2024","@id":"https:\/\/inclusivenews.com.br\/#\/schema\/person\/ae4ec7087559b8692fb33b6fffd2273b"},"headline":"Brasil avan\u00e7a no desenvolvimento humano e sobe uma posi\u00e7\u00e3o no ranking do IDH 2011","datePublished":"2011-11-09T18:30:13+00:00","mainEntityOfPage":{"@id":"https:\/\/inclusivenews.com.br\/?p=21500"},"wordCount":2037,"commentCount":0,"publisher":{"@id":"https:\/\/inclusivenews.com.br\/#organization"},"image":{"@id":"https:\/\/inclusivenews.com.br\/?p=21500#primaryimage"},"thumbnailUrl":"http:\/\/www.pnud.org.br\/public\/imgc3837.jpg","articleSection":["DIREITOS HUMANOS","NOT\u00cdCIAS"],"inLanguage":"pt-PT","potentialAction":[{"@type":"CommentAction","name":"Comment","target":["https:\/\/inclusivenews.com.br\/?p=21500#respond"]}]},{"@type":"WebPage","@id":"https:\/\/inclusivenews.com.br\/?p=21500","url":"https:\/\/inclusivenews.com.br\/?p=21500","name":"Brasil avan\u00e7a no desenvolvimento humano e sobe uma posi\u00e7\u00e3o no ranking do IDH 2011 -","isPartOf":{"@id":"https:\/\/inclusivenews.com.br\/#website"},"primaryImageOfPage":{"@id":"https:\/\/inclusivenews.com.br\/?p=21500#primaryimage"},"image":{"@id":"https:\/\/inclusivenews.com.br\/?p=21500#primaryimage"},"thumbnailUrl":"http:\/\/www.pnud.org.br\/public\/imgc3837.jpg","datePublished":"2011-11-09T18:30:13+00:00","breadcrumb":{"@id":"https:\/\/inclusivenews.com.br\/?p=21500#breadcrumb"},"inLanguage":"pt-PT","potentialAction":[{"@type":"ReadAction","target":["https:\/\/inclusivenews.com.br\/?p=21500"]}]},{"@type":"ImageObject","inLanguage":"pt-PT","@id":"https:\/\/inclusivenews.com.br\/?p=21500#primaryimage","url":"http:\/\/www.pnud.org.br\/public\/imgc3837.jpg","contentUrl":"http:\/\/www.pnud.org.br\/public\/imgc3837.jpg"},{"@type":"BreadcrumbList","@id":"https:\/\/inclusivenews.com.br\/?p=21500#breadcrumb","itemListElement":[{"@type":"ListItem","position":1,"name":"In\u00edcio","item":"https:\/\/inclusivenews.com.br\/"},{"@type":"ListItem","position":2,"name":"Brasil avan\u00e7a no desenvolvimento humano e sobe uma posi\u00e7\u00e3o no ranking do IDH 2011"}]},{"@type":"WebSite","@id":"https:\/\/inclusivenews.com.br\/#website","url":"https:\/\/inclusivenews.com.br\/","name":"Inclusive News","description":"Inclusive News","publisher":{"@id":"https:\/\/inclusivenews.com.br\/#organization"},"potentialAction":[{"@type":"SearchAction","target":{"@type":"EntryPoint","urlTemplate":"https:\/\/inclusivenews.com.br\/?s={search_term_string}"},"query-input":{"@type":"PropertyValueSpecification","valueRequired":true,"valueName":"search_term_string"}}],"inLanguage":"pt-PT"},{"@type":"Organization","@id":"https:\/\/inclusivenews.com.br\/#organization","name":"Inclusive - inclus\u00e3o e cidadania","url":"https:\/\/inclusivenews.com.br\/","logo":{"@type":"ImageObject","inLanguage":"pt-PT","@id":"https:\/\/inclusivenews.com.br\/#\/schema\/logo\/image\/","url":"https:\/\/inclusivenews.com.br\/wp-content\/uploads\/2024\/03\/@grandesite.png","contentUrl":"https:\/\/inclusivenews.com.br\/wp-content\/uploads\/2024\/03\/@grandesite.png","width":1080,"height":1080,"caption":"Inclusive - inclus\u00e3o e cidadania"},"image":{"@id":"https:\/\/inclusivenews.com.br\/#\/schema\/logo\/image\/"},"sameAs":["https:\/\/www.facebook.com\/agenciainclusive\/","https:\/\/www.instagram.com\/newsinclusive\/"]},{"@type":"Person","@id":"https:\/\/inclusivenews.com.br\/#\/schema\/person\/ae4ec7087559b8692fb33b6fffd2273b","name":"inclusivenews2024","image":{"@type":"ImageObject","inLanguage":"pt-PT","@id":"https:\/\/secure.gravatar.com\/avatar\/c5a7ef84c66fa914f55bc4f7ce26cfa275a3b9a1c5568b907bd184fb4dde7b40?s=96&d=mm&r=g","url":"https:\/\/secure.gravatar.com\/avatar\/c5a7ef84c66fa914f55bc4f7ce26cfa275a3b9a1c5568b907bd184fb4dde7b40?s=96&d=mm&r=g","contentUrl":"https:\/\/secure.gravatar.com\/avatar\/c5a7ef84c66fa914f55bc4f7ce26cfa275a3b9a1c5568b907bd184fb4dde7b40?s=96&d=mm&r=g","caption":"inclusivenews2024"},"sameAs":["https:\/\/inclusivenews.com.br"],"url":"https:\/\/inclusivenews.com.br\/?author=1"}]}},"_links":{"self":[{"href":"https:\/\/inclusivenews.com.br\/index.php?rest_route=\/wp\/v2\/posts\/21500","targetHints":{"allow":["GET"]}}],"collection":[{"href":"https:\/\/inclusivenews.com.br\/index.php?rest_route=\/wp\/v2\/posts"}],"about":[{"href":"https:\/\/inclusivenews.com.br\/index.php?rest_route=\/wp\/v2\/types\/post"}],"author":[{"embeddable":true,"href":"https:\/\/inclusivenews.com.br\/index.php?rest_route=\/wp\/v2\/users\/1"}],"replies":[{"embeddable":true,"href":"https:\/\/inclusivenews.com.br\/index.php?rest_route=%2Fwp%2Fv2%2Fcomments&post=21500"}],"version-history":[{"count":0,"href":"https:\/\/inclusivenews.com.br\/index.php?rest_route=\/wp\/v2\/posts\/21500\/revisions"}],"wp:attachment":[{"href":"https:\/\/inclusivenews.com.br\/index.php?rest_route=%2Fwp%2Fv2%2Fmedia&parent=21500"}],"wp:term":[{"taxonomy":"category","embeddable":true,"href":"https:\/\/inclusivenews.com.br\/index.php?rest_route=%2Fwp%2Fv2%2Fcategories&post=21500"},{"taxonomy":"post_tag","embeddable":true,"href":"https:\/\/inclusivenews.com.br\/index.php?rest_route=%2Fwp%2Fv2%2Ftags&post=21500"}],"curies":[{"name":"wp","href":"https:\/\/api.w.org\/{rel}","templated":true}]}}