{"id":21556,"date":"2011-11-15T09:51:46","date_gmt":"2011-11-15T12:51:46","guid":{"rendered":"http:\/\/www.inclusive.org.br\/?p=21556"},"modified":"2011-11-15T09:51:46","modified_gmt":"2011-11-15T12:51:46","slug":"monique-e-a-justica","status":"publish","type":"post","link":"https:\/\/inclusivenews.com.br\/?p=21556","title":{"rendered":"Monique e a Justi\u00e7a"},"content":{"rendered":"<figure id=\"attachment_13220\" aria-describedby=\"caption-attachment-13220\" style=\"width: 195px\" class=\"wp-caption alignleft\"><img loading=\"lazy\" decoding=\"async\" class=\"size-medium wp-image-13220\" title=\"Imagem de escultura que representa a justi\u00e7a\" src=\"http:\/\/inclusivenews.com.br\/wp-content\/uploads\/2009\/12\/justica1-244x300.jpg\" alt=\"Imagem de escultura que representa a justi\u00e7a\" width=\"195\" height=\"240\" \/><figcaption id=\"caption-attachment-13220\" class=\"wp-caption-text\"> <\/figcaption><\/figure>\n<p><strong>Por Andrei Bastos *<br \/>\nno O Globo<\/strong><\/p>\n<p>Monique tem uns 30 anos e est\u00e1 no oitavo m\u00eas de gravidez do nono filho. Sim, foi isso mesmo que voc\u00ea leu: nono filho! Isso seria apenas uma coisa incomum nos dias de hoje se a hist\u00f3ria dessa m\u00e3e n\u00e3o fosse um ros\u00e1rio de sofrimentos.<\/p>\n<p>Monique \u00e9 muito pobre e mora na Cidade de Deus, onde sua vida faz o inferno parecer um para\u00edso. De uma primeira rela\u00e7\u00e3o, com o homem para quem foi dada aos 15 anos pela m\u00e3e, nasceram quatro filhos \u2013 tr\u00eas meninos, hoje com 11, 9 e 5 anos, e uma menina, hoje com 7 anos.<\/p>\n<p>Com o fim desse relacionamento, por for\u00e7a da fuga de Monique da viol\u00eancia dom\u00e9stica praticada pelo marido, e o come\u00e7o de outro, mais quatro crian\u00e7as nasceram \u2013 tr\u00eas de apenas uma gravidez. Um dos trig\u00eameos morreu e nos sobreviventes foi constatada uma alergia mortal \u00e0 lactose. O abismo se abriu.<\/p>\n<p>O pai das primeiras crian\u00e7as, segundo relatos de Monique, al\u00e9m de espanc\u00e1-la com frequ\u00eancia, come\u00e7ou a abusar sexualmente da pr\u00f3pria filha \u2013 e esta passou a praticar com os irm\u00e3os o que aprendeu. Essa crian\u00e7a, que sempre manifesta medo do pai e da casa dele, teve despertada uma epilepsia insuspeita.<\/p>\n<p>Para maior infelicidade de Monique, o mundo c\u00e3o em que vive n\u00e3o se restringe \u00e0 sua fam\u00edlia e \u00e0 sua casa, ganhando a dimens\u00e3o do pr\u00f3prio mundo. Apesar de ter reagido e se separado do homem a quem foi dada como mulher, ela e seus filhos sofreram um rev\u00e9s terr\u00edvel com a concess\u00e3o da tutela antecipada da guarda das crian\u00e7as determinada pela pr\u00f3pria Justi\u00e7a para o pai suspeito de abusador. Com o atordoamento natural de quem j\u00e1 perdeu a no\u00e7\u00e3o da pr\u00f3pria dor e problemas de sa\u00fade graves que podem comprometer sua vida durante o parto, Monique ainda encontra for\u00e7as para lutar pelos filhos que a cegueira da Justi\u00e7a lhe roubou e pela vida dos g\u00eameos sobreviventes, que s\u00f3 podem se alimentar de um leite especial e caro.<\/p>\n<p>Mas que Justi\u00e7a \u00e9 essa que, literalmente cega, se deixou levar por labirintos obscuros de favorecimento \u00e0 poss\u00edvel sordidez humana? Talvez a explica\u00e7\u00e3o esteja fora dos tribunais e se encontre nos descaminhos do pai. E que poder \u00e9 esse, que torna comuns infernos como o de Monique? Que obsess\u00e3o move algu\u00e9m para obter a guarda de crian\u00e7as e, como se n\u00e3o bastasse, para abrir in\u00fameras a\u00e7\u00f5es judiciais contra a m\u00e3e?<\/p>\n<p>Este \u00e9 o fio puxado da hist\u00f3ria dessa m\u00e3e que, com gravidez avan\u00e7ada, procurou ajuda na OAB\/RJ para conseguir o leite especial para seus beb\u00eas g\u00eameos al\u00e9rgicos \u00e0 lactose. As pessoas se mobilizaram e conseguiram o leite e a casa da Cidade de Deus. Mas Monique precisa de muito mais, precisa de justi\u00e7a!<\/p>\n<p>* ANDREI BASTOS \u00e9 jornalista e integra a Comiss\u00e3o de Direitos Humanos da OAB\/RJ.<\/p>\n<p>Fonte: O Autor<\/p>\n","protected":false},"excerpt":{"rendered":"<p>Por Andrei Bastos. &#8220;Que obsess\u00e3o move algu\u00e9m para obter a guarda de crian\u00e7as e, como se n\u00e3o bastasse, para abrir in\u00fameras a\u00e7\u00f5es judiciais contra a m\u00e3e?&#8221;<\/p>\n","protected":false},"author":1,"featured_media":0,"comment_status":"open","ping_status":"open","sticky":false,"template":"","format":"standard","meta":{"site-container-style":"default","site-container-layout":"default","site-sidebar-layout":"default","disable-article-header":"default","disable-site-header":"default","disable-site-footer":"default","disable-content-area-spacing":"default","footnotes":""},"categories":[11,8],"tags":[],"class_list":["post-21556","post","type-post","status-publish","format-standard","hentry","category-direitos-humanos","category-textos-e-artigos"],"yoast_head":"<!-- This site is optimized with the Yoast SEO plugin v27.4 - https:\/\/yoast.com\/product\/yoast-seo-wordpress\/ -->\n<title>Monique e a Justi\u00e7a -<\/title>\n<meta name=\"robots\" content=\"index, follow, max-snippet:-1, max-image-preview:large, max-video-preview:-1\" \/>\n<link rel=\"canonical\" href=\"https:\/\/inclusivenews.com.br\/?p=21556\" \/>\n<meta property=\"og:locale\" content=\"pt_PT\" \/>\n<meta property=\"og:type\" content=\"article\" \/>\n<meta property=\"og:title\" content=\"Monique e a Justi\u00e7a -\" \/>\n<meta property=\"og:description\" content=\"Por Andrei Bastos. &quot;Que obsess\u00e3o move algu\u00e9m para obter a guarda de crian\u00e7as e, como se n\u00e3o bastasse, para abrir in\u00fameras a\u00e7\u00f5es judiciais contra a m\u00e3e?&quot;\" \/>\n<meta property=\"og:url\" content=\"https:\/\/inclusivenews.com.br\/?p=21556\" \/>\n<meta property=\"article:publisher\" content=\"https:\/\/www.facebook.com\/agenciainclusive\/\" \/>\n<meta property=\"article:published_time\" content=\"2011-11-15T12:51:46+00:00\" \/>\n<meta property=\"og:image\" content=\"http:\/\/inclusivenews.com.br\/wp-content\/uploads\/2009\/12\/justica1-244x300.jpg\" \/>\n<meta name=\"author\" content=\"inclusivenews2024\" \/>\n<meta name=\"twitter:card\" content=\"summary_large_image\" \/>\n<meta name=\"twitter:label1\" content=\"Escrito por\" \/>\n\t<meta name=\"twitter:data1\" content=\"inclusivenews2024\" \/>\n\t<meta name=\"twitter:label2\" content=\"Tempo estimado de leitura\" \/>\n\t<meta name=\"twitter:data2\" content=\"3 minutos\" \/>\n<script type=\"application\/ld+json\" class=\"yoast-schema-graph\">{\"@context\":\"https:\\\/\\\/schema.org\",\"@graph\":[{\"@type\":\"Article\",\"@id\":\"https:\\\/\\\/inclusivenews.com.br\\\/?p=21556#article\",\"isPartOf\":{\"@id\":\"https:\\\/\\\/inclusivenews.com.br\\\/?p=21556\"},\"author\":{\"name\":\"inclusivenews2024\",\"@id\":\"https:\\\/\\\/inclusivenews.com.br\\\/#\\\/schema\\\/person\\\/ae4ec7087559b8692fb33b6fffd2273b\"},\"headline\":\"Monique e a Justi\u00e7a\",\"datePublished\":\"2011-11-15T12:51:46+00:00\",\"mainEntityOfPage\":{\"@id\":\"https:\\\/\\\/inclusivenews.com.br\\\/?p=21556\"},\"wordCount\":528,\"commentCount\":0,\"publisher\":{\"@id\":\"https:\\\/\\\/inclusivenews.com.br\\\/#organization\"},\"image\":{\"@id\":\"https:\\\/\\\/inclusivenews.com.br\\\/?p=21556#primaryimage\"},\"thumbnailUrl\":\"http:\\\/\\\/inclusivenews.com.br\\\/wp-content\\\/uploads\\\/2009\\\/12\\\/justica1-244x300.jpg\",\"articleSection\":[\"DIREITOS HUMANOS\",\"OPINI\u00c3O\"],\"inLanguage\":\"pt-PT\",\"potentialAction\":[{\"@type\":\"CommentAction\",\"name\":\"Comment\",\"target\":[\"https:\\\/\\\/inclusivenews.com.br\\\/?p=21556#respond\"]}]},{\"@type\":\"WebPage\",\"@id\":\"https:\\\/\\\/inclusivenews.com.br\\\/?p=21556\",\"url\":\"https:\\\/\\\/inclusivenews.com.br\\\/?p=21556\",\"name\":\"Monique e a Justi\u00e7a -\",\"isPartOf\":{\"@id\":\"https:\\\/\\\/inclusivenews.com.br\\\/#website\"},\"primaryImageOfPage\":{\"@id\":\"https:\\\/\\\/inclusivenews.com.br\\\/?p=21556#primaryimage\"},\"image\":{\"@id\":\"https:\\\/\\\/inclusivenews.com.br\\\/?p=21556#primaryimage\"},\"thumbnailUrl\":\"http:\\\/\\\/inclusivenews.com.br\\\/wp-content\\\/uploads\\\/2009\\\/12\\\/justica1-244x300.jpg\",\"datePublished\":\"2011-11-15T12:51:46+00:00\",\"breadcrumb\":{\"@id\":\"https:\\\/\\\/inclusivenews.com.br\\\/?p=21556#breadcrumb\"},\"inLanguage\":\"pt-PT\",\"potentialAction\":[{\"@type\":\"ReadAction\",\"target\":[\"https:\\\/\\\/inclusivenews.com.br\\\/?p=21556\"]}]},{\"@type\":\"ImageObject\",\"inLanguage\":\"pt-PT\",\"@id\":\"https:\\\/\\\/inclusivenews.com.br\\\/?p=21556#primaryimage\",\"url\":\"\",\"contentUrl\":\"\"},{\"@type\":\"BreadcrumbList\",\"@id\":\"https:\\\/\\\/inclusivenews.com.br\\\/?p=21556#breadcrumb\",\"itemListElement\":[{\"@type\":\"ListItem\",\"position\":1,\"name\":\"In\u00edcio\",\"item\":\"https:\\\/\\\/inclusivenews.com.br\\\/\"},{\"@type\":\"ListItem\",\"position\":2,\"name\":\"Monique e a Justi\u00e7a\"}]},{\"@type\":\"WebSite\",\"@id\":\"https:\\\/\\\/inclusivenews.com.br\\\/#website\",\"url\":\"https:\\\/\\\/inclusivenews.com.br\\\/\",\"name\":\"Inclusive News\",\"description\":\"Inclusive News\",\"publisher\":{\"@id\":\"https:\\\/\\\/inclusivenews.com.br\\\/#organization\"},\"potentialAction\":[{\"@type\":\"SearchAction\",\"target\":{\"@type\":\"EntryPoint\",\"urlTemplate\":\"https:\\\/\\\/inclusivenews.com.br\\\/?s={search_term_string}\"},\"query-input\":{\"@type\":\"PropertyValueSpecification\",\"valueRequired\":true,\"valueName\":\"search_term_string\"}}],\"inLanguage\":\"pt-PT\"},{\"@type\":\"Organization\",\"@id\":\"https:\\\/\\\/inclusivenews.com.br\\\/#organization\",\"name\":\"Inclusive - inclus\u00e3o e cidadania\",\"url\":\"https:\\\/\\\/inclusivenews.com.br\\\/\",\"logo\":{\"@type\":\"ImageObject\",\"inLanguage\":\"pt-PT\",\"@id\":\"https:\\\/\\\/inclusivenews.com.br\\\/#\\\/schema\\\/logo\\\/image\\\/\",\"url\":\"https:\\\/\\\/inclusivenews.com.br\\\/wp-content\\\/uploads\\\/2024\\\/03\\\/@grandesite.png\",\"contentUrl\":\"https:\\\/\\\/inclusivenews.com.br\\\/wp-content\\\/uploads\\\/2024\\\/03\\\/@grandesite.png\",\"width\":1080,\"height\":1080,\"caption\":\"Inclusive - inclus\u00e3o e cidadania\"},\"image\":{\"@id\":\"https:\\\/\\\/inclusivenews.com.br\\\/#\\\/schema\\\/logo\\\/image\\\/\"},\"sameAs\":[\"https:\\\/\\\/www.facebook.com\\\/agenciainclusive\\\/\",\"https:\\\/\\\/www.instagram.com\\\/newsinclusive\\\/\"]},{\"@type\":\"Person\",\"@id\":\"https:\\\/\\\/inclusivenews.com.br\\\/#\\\/schema\\\/person\\\/ae4ec7087559b8692fb33b6fffd2273b\",\"name\":\"inclusivenews2024\",\"image\":{\"@type\":\"ImageObject\",\"inLanguage\":\"pt-PT\",\"@id\":\"https:\\\/\\\/secure.gravatar.com\\\/avatar\\\/c5a7ef84c66fa914f55bc4f7ce26cfa275a3b9a1c5568b907bd184fb4dde7b40?s=96&d=mm&r=g\",\"url\":\"https:\\\/\\\/secure.gravatar.com\\\/avatar\\\/c5a7ef84c66fa914f55bc4f7ce26cfa275a3b9a1c5568b907bd184fb4dde7b40?s=96&d=mm&r=g\",\"contentUrl\":\"https:\\\/\\\/secure.gravatar.com\\\/avatar\\\/c5a7ef84c66fa914f55bc4f7ce26cfa275a3b9a1c5568b907bd184fb4dde7b40?s=96&d=mm&r=g\",\"caption\":\"inclusivenews2024\"},\"sameAs\":[\"https:\\\/\\\/inclusivenews.com.br\"],\"url\":\"https:\\\/\\\/inclusivenews.com.br\\\/?author=1\"}]}<\/script>\n<!-- \/ Yoast SEO plugin. -->","yoast_head_json":{"title":"Monique e a Justi\u00e7a -","robots":{"index":"index","follow":"follow","max-snippet":"max-snippet:-1","max-image-preview":"max-image-preview:large","max-video-preview":"max-video-preview:-1"},"canonical":"https:\/\/inclusivenews.com.br\/?p=21556","og_locale":"pt_PT","og_type":"article","og_title":"Monique e a Justi\u00e7a -","og_description":"Por Andrei Bastos. \"Que obsess\u00e3o move algu\u00e9m para obter a guarda de crian\u00e7as e, como se n\u00e3o bastasse, para abrir in\u00fameras a\u00e7\u00f5es judiciais contra a m\u00e3e?\"","og_url":"https:\/\/inclusivenews.com.br\/?p=21556","article_publisher":"https:\/\/www.facebook.com\/agenciainclusive\/","article_published_time":"2011-11-15T12:51:46+00:00","og_image":[{"url":"http:\/\/inclusivenews.com.br\/wp-content\/uploads\/2009\/12\/justica1-244x300.jpg","type":"","width":"","height":""}],"author":"inclusivenews2024","twitter_card":"summary_large_image","twitter_misc":{"Escrito por":"inclusivenews2024","Tempo estimado de leitura":"3 minutos"},"schema":{"@context":"https:\/\/schema.org","@graph":[{"@type":"Article","@id":"https:\/\/inclusivenews.com.br\/?p=21556#article","isPartOf":{"@id":"https:\/\/inclusivenews.com.br\/?p=21556"},"author":{"name":"inclusivenews2024","@id":"https:\/\/inclusivenews.com.br\/#\/schema\/person\/ae4ec7087559b8692fb33b6fffd2273b"},"headline":"Monique e a Justi\u00e7a","datePublished":"2011-11-15T12:51:46+00:00","mainEntityOfPage":{"@id":"https:\/\/inclusivenews.com.br\/?p=21556"},"wordCount":528,"commentCount":0,"publisher":{"@id":"https:\/\/inclusivenews.com.br\/#organization"},"image":{"@id":"https:\/\/inclusivenews.com.br\/?p=21556#primaryimage"},"thumbnailUrl":"http:\/\/inclusivenews.com.br\/wp-content\/uploads\/2009\/12\/justica1-244x300.jpg","articleSection":["DIREITOS HUMANOS","OPINI\u00c3O"],"inLanguage":"pt-PT","potentialAction":[{"@type":"CommentAction","name":"Comment","target":["https:\/\/inclusivenews.com.br\/?p=21556#respond"]}]},{"@type":"WebPage","@id":"https:\/\/inclusivenews.com.br\/?p=21556","url":"https:\/\/inclusivenews.com.br\/?p=21556","name":"Monique e a Justi\u00e7a -","isPartOf":{"@id":"https:\/\/inclusivenews.com.br\/#website"},"primaryImageOfPage":{"@id":"https:\/\/inclusivenews.com.br\/?p=21556#primaryimage"},"image":{"@id":"https:\/\/inclusivenews.com.br\/?p=21556#primaryimage"},"thumbnailUrl":"http:\/\/inclusivenews.com.br\/wp-content\/uploads\/2009\/12\/justica1-244x300.jpg","datePublished":"2011-11-15T12:51:46+00:00","breadcrumb":{"@id":"https:\/\/inclusivenews.com.br\/?p=21556#breadcrumb"},"inLanguage":"pt-PT","potentialAction":[{"@type":"ReadAction","target":["https:\/\/inclusivenews.com.br\/?p=21556"]}]},{"@type":"ImageObject","inLanguage":"pt-PT","@id":"https:\/\/inclusivenews.com.br\/?p=21556#primaryimage","url":"","contentUrl":""},{"@type":"BreadcrumbList","@id":"https:\/\/inclusivenews.com.br\/?p=21556#breadcrumb","itemListElement":[{"@type":"ListItem","position":1,"name":"In\u00edcio","item":"https:\/\/inclusivenews.com.br\/"},{"@type":"ListItem","position":2,"name":"Monique e a Justi\u00e7a"}]},{"@type":"WebSite","@id":"https:\/\/inclusivenews.com.br\/#website","url":"https:\/\/inclusivenews.com.br\/","name":"Inclusive News","description":"Inclusive News","publisher":{"@id":"https:\/\/inclusivenews.com.br\/#organization"},"potentialAction":[{"@type":"SearchAction","target":{"@type":"EntryPoint","urlTemplate":"https:\/\/inclusivenews.com.br\/?s={search_term_string}"},"query-input":{"@type":"PropertyValueSpecification","valueRequired":true,"valueName":"search_term_string"}}],"inLanguage":"pt-PT"},{"@type":"Organization","@id":"https:\/\/inclusivenews.com.br\/#organization","name":"Inclusive - inclus\u00e3o e cidadania","url":"https:\/\/inclusivenews.com.br\/","logo":{"@type":"ImageObject","inLanguage":"pt-PT","@id":"https:\/\/inclusivenews.com.br\/#\/schema\/logo\/image\/","url":"https:\/\/inclusivenews.com.br\/wp-content\/uploads\/2024\/03\/@grandesite.png","contentUrl":"https:\/\/inclusivenews.com.br\/wp-content\/uploads\/2024\/03\/@grandesite.png","width":1080,"height":1080,"caption":"Inclusive - inclus\u00e3o e cidadania"},"image":{"@id":"https:\/\/inclusivenews.com.br\/#\/schema\/logo\/image\/"},"sameAs":["https:\/\/www.facebook.com\/agenciainclusive\/","https:\/\/www.instagram.com\/newsinclusive\/"]},{"@type":"Person","@id":"https:\/\/inclusivenews.com.br\/#\/schema\/person\/ae4ec7087559b8692fb33b6fffd2273b","name":"inclusivenews2024","image":{"@type":"ImageObject","inLanguage":"pt-PT","@id":"https:\/\/secure.gravatar.com\/avatar\/c5a7ef84c66fa914f55bc4f7ce26cfa275a3b9a1c5568b907bd184fb4dde7b40?s=96&d=mm&r=g","url":"https:\/\/secure.gravatar.com\/avatar\/c5a7ef84c66fa914f55bc4f7ce26cfa275a3b9a1c5568b907bd184fb4dde7b40?s=96&d=mm&r=g","contentUrl":"https:\/\/secure.gravatar.com\/avatar\/c5a7ef84c66fa914f55bc4f7ce26cfa275a3b9a1c5568b907bd184fb4dde7b40?s=96&d=mm&r=g","caption":"inclusivenews2024"},"sameAs":["https:\/\/inclusivenews.com.br"],"url":"https:\/\/inclusivenews.com.br\/?author=1"}]}},"_links":{"self":[{"href":"https:\/\/inclusivenews.com.br\/index.php?rest_route=\/wp\/v2\/posts\/21556","targetHints":{"allow":["GET"]}}],"collection":[{"href":"https:\/\/inclusivenews.com.br\/index.php?rest_route=\/wp\/v2\/posts"}],"about":[{"href":"https:\/\/inclusivenews.com.br\/index.php?rest_route=\/wp\/v2\/types\/post"}],"author":[{"embeddable":true,"href":"https:\/\/inclusivenews.com.br\/index.php?rest_route=\/wp\/v2\/users\/1"}],"replies":[{"embeddable":true,"href":"https:\/\/inclusivenews.com.br\/index.php?rest_route=%2Fwp%2Fv2%2Fcomments&post=21556"}],"version-history":[{"count":0,"href":"https:\/\/inclusivenews.com.br\/index.php?rest_route=\/wp\/v2\/posts\/21556\/revisions"}],"wp:attachment":[{"href":"https:\/\/inclusivenews.com.br\/index.php?rest_route=%2Fwp%2Fv2%2Fmedia&parent=21556"}],"wp:term":[{"taxonomy":"category","embeddable":true,"href":"https:\/\/inclusivenews.com.br\/index.php?rest_route=%2Fwp%2Fv2%2Fcategories&post=21556"},{"taxonomy":"post_tag","embeddable":true,"href":"https:\/\/inclusivenews.com.br\/index.php?rest_route=%2Fwp%2Fv2%2Ftags&post=21556"}],"curies":[{"name":"wp","href":"https:\/\/api.w.org\/{rel}","templated":true}]}}