{"id":21560,"date":"2011-11-15T09:47:01","date_gmt":"2011-11-15T12:47:01","guid":{"rendered":"http:\/\/www.inclusive.org.br\/?p=21560"},"modified":"2011-11-15T09:47:01","modified_gmt":"2011-11-15T12:47:01","slug":"cavalos-de-forca-ou-poneis-malditos","status":"publish","type":"post","link":"https:\/\/inclusivenews.com.br\/?p=21560","title":{"rendered":"Cavalos de for\u00e7a ou p\u00f4neis malditos?"},"content":{"rendered":"<div style=\"text-align: left;\">\n<figure style=\"width: 177px\" class=\"wp-caption alignleft\"><img loading=\"lazy\" decoding=\"async\" title=\"escudo da Ferrari com fundo amarelo e um p\u00f4nei cor de rosa empinando e com olhar enigm\u00e1tico.\" src=\"http:\/\/4.bp.blogspot.com\/-c0TjM3zacvo\/Tr22D0MxwKI\/AAAAAAAAAcs\/6wUldhfSk6I\/s400\/ponei+maldito.jpg\" alt=\"\" width=\"177\" height=\"284\" \/><figcaption class=\"wp-caption-text\"> <\/figcaption><\/figure>\n<p><strong>Por Beto Volpe<br \/>\ndo Carga Viral<\/strong><\/p>\n<p>Esta noite (11\/11) tem in\u00edcio o Encontro Nacional de ONGs que trabalham no combate \u00e0 epidemia de AIDS, em Bel\u00e9m do Par\u00e1. Algumas centenas de ativistas estar\u00e3o reunidos durante o final de semana para acordar quais a\u00e7\u00f5es e diretrizes o movimento organizado em AIDS ir\u00e1 priorizar at\u00e9 2013. Defici\u00eancias, religiosidade e outros temas at\u00e9 ent\u00e3o proscritos do cen\u00e1rio nacional ganham espa\u00e7o e se solidificam como s\u00e1bias estrat\u00e9gias nessa luta. Momentos pol\u00edticos com plen\u00e1rias sempre bastante agitadas e, por muitas vezes, ardilosas que definir\u00e3o, al\u00e9m das a\u00e7\u00f5es, os representantes do movimento em n\u00edvel nacional, especialmente no Conselho Nacional de Sa\u00fade.<\/p>\n<\/div>\n<div style=\"text-align: justify;\">O lema do evento \u00e9 sensacional e promissor: Ativismo, Crise, Identidade e Reinven\u00e7\u00e3o. Uau, ser\u00e1 que o movimento caiu na real e vai, enfim, deitar no div\u00e3? Sim, terapia. Afinal, o movimento social mais resolutivo da hist\u00f3ria do pa\u00eds foi seguidamente admoestado tanto pelo Minist\u00e9rio da Sa\u00fade quanto pela UNAIDS (\u00f3rg\u00e3o da ONU para AIDS) por sua atual acomoda\u00e7\u00e3o. Uma dessas ocasi\u00f5es foi t\u00e3o somente a coletiva de imprensa do Dia Mundial de Luta contra a AIDS do ano passado. Um vexame p\u00fablico ao qual a sociedade civil, para referendar o dito, fez ouvidos moucos. Caso cl\u00e1ssico de conflito de identidade, um momento de crise onde o ativismo tem mesmo que se reinventar. At\u00e9 porque as ONGs entraram no pared\u00e3o pol\u00edtico do pa\u00eds, onde joio e trigo pouco importam para a vendagem de publica\u00e7\u00f5es e satisfa\u00e7\u00e3o de interesses corporativistas.<\/div>\n<div style=\"text-align: justify;\"><\/div>\n<div style=\"text-align: justify;\">A identidade reinventando o ativismo em tempos de crise. A crise reinventando a identidade do ativismo. O ativismo reinventando a identidade para superar a crise. Muitas s\u00e3o as formas de se reinventar, sempre. Por\u00e9m, ao deslizar meus olhos pela programa\u00e7\u00e3o do evento n\u00e3o percebi muito espa\u00e7o para reinven\u00e7\u00f5es. As mesas de sempre, os temas de sempre, as pessoas de sempre, o formato de sempre. Chama a aten\u00e7\u00e3o o n\u00famero de participa\u00e7\u00f5es de membros do governo em mesas que caberiam muito bem nas reuni\u00f5es das diversas comiss\u00f5es e outras inst\u00e2ncias de articula\u00e7\u00e3o, n\u00e3o em um encontro pol\u00edtico de um movimento confessamente em crise de identidade. A presen\u00e7a do Estado n\u00e3o inibiria a reinven\u00e7\u00e3o? Sabemos que Estados s\u00e3o mestres nisso, a gera\u00e7\u00e3o de 60, Gil e Caetano que o digam. Esse, sim, eu considero um grande indicador da coopta\u00e7\u00e3o governamental para com a sociedade civil.<\/div>\n<div style=\"text-align: justify;\"><\/div>\n<div style=\"text-align: justify;\">S\u00f3 pra lembrar: anos atr\u00e1s o governo tanto pressionou que as ONGs n\u00e3o mais receberam financiamento dos laborat\u00f3rios farmac\u00eauticos por conta de um suposto conflito de interesses. E hoje o Estado \u00e9 o maior financiador das ONGs que o fiscalizam. Pera\u00ed, n\u00e3o era para evitar esse tipo de conflito?<\/div>\n<div style=\"text-align: justify;\"><\/div>\n<div style=\"text-align: justify;\">Conflito que n\u00e3o tem fim, agora as ONGs s\u00e3o chamadas de &#8216;essas ONGs&#8217; por ministros de Estado, refor\u00e7ando um estigma que j\u00e1 n\u00e3o era f\u00e1cil de enfrentar, o de que todas as ONGs s\u00e3o criadas para legitimar alguma falcatrua e sangrar\u00a0o dinheiro p\u00fablico em nome de uma causa nobre. Claro, elas existem, e n\u00e3o s\u00e3o poucas! Inclusive no movimento de AIDS, onde de todas as regi\u00f5es partem relatos sobre &#8216;aquela ONG&#8217; que n\u00e3o executa as atividades pactuadas. Mais um motivo para, ao inv\u00e9s de discutir judicializa\u00e7\u00e3o, teste r\u00e1pido para o HIV\u00a0e outros bichos, ir fundo na alma do ativismo. Analisar e chegar \u00e0 conclus\u00e3o de onde o movimento est\u00e1 pecando.<\/div>\n<div style=\"text-align: justify;\"><\/div>\n<div style=\"text-align: justify;\">Estar\u00e1 o movimento pecando ao negligenciar o impacto dos efeitos colaterais na qualidade de vida das pessoas com HIV? Saber que a mortalidade \u00e9 o dobro da anunciada pelo governo, conforme estudos da UFRJ, e n\u00e3o fazer nada&#8230;. \u00c9 pecado? O pecado n\u00e3o seria ter afrouxado a pauta pol\u00edtica em nome de uma articula\u00e7\u00e3o que, venhamos e convenhamos, n\u00e3o est\u00e1 resolvendo muita coisa? O ENONG deveria se preocupar mais com a identidade das ONGs em tempos de crise. Somos um movimento popular de hist\u00f3ricas conquistas ou um movimento burocr\u00e1tico atolado em disputas por representa\u00e7\u00f5es, formul\u00e1rios, planilhas\u00a0e\u00a0 eventos, deixando em segundo plano nosso papel de leg\u00edtimo controle social das pol\u00edticas p\u00fablicas?<\/div>\n<div style=\"text-align: justify;\">\n<p>Mais um ENONG, mais expectativas. Seremos os cavalos de for\u00e7a necess\u00e1rios para enfrentar a epidemia com a seriedade devida ou seremos os tais p\u00f4neis malditos, que odeiam barro, odeiam lama e que n\u00e3o v\u00e3o sair do lugar?<\/p>\n<p>Fonte: <a href=\"http:\/\/cargaviral.blogspot.com\/2011\/11\/poneis-malditos.html\">O Autor\/Carga Viral<\/a><\/p>\n<\/div>\n","protected":false},"excerpt":{"rendered":"<p>Por Beto Volpe. &#8220;Mais um ENONG, mais expectativas. Seremos os cavalos de for\u00e7a necess\u00e1rios para enfrentar a epidemia com a seriedade devida ou seremos os tais p\u00f4neis malditos, que odeiam barro, odeiam lama e que n\u00e3o v\u00e3o sair do lugar?&#8221;<\/p>\n","protected":false},"author":1,"featured_media":0,"comment_status":"open","ping_status":"open","sticky":false,"template":"","format":"standard","meta":{"site-container-style":"default","site-container-layout":"default","site-sidebar-layout":"default","disable-article-header":"default","disable-site-header":"default","disable-site-footer":"default","disable-content-area-spacing":"default","footnotes":""},"categories":[8],"tags":[105],"class_list":["post-21560","post","type-post","status-publish","format-standard","hentry","category-textos-e-artigos","tag-aids"],"yoast_head":"<!-- This site is optimized with the Yoast SEO plugin v27.4 - https:\/\/yoast.com\/product\/yoast-seo-wordpress\/ -->\n<title>Cavalos de for\u00e7a ou p\u00f4neis malditos? -<\/title>\n<meta name=\"robots\" content=\"index, follow, max-snippet:-1, max-image-preview:large, max-video-preview:-1\" \/>\n<link rel=\"canonical\" href=\"https:\/\/inclusivenews.com.br\/?p=21560\" \/>\n<meta property=\"og:locale\" content=\"pt_PT\" \/>\n<meta property=\"og:type\" content=\"article\" \/>\n<meta property=\"og:title\" content=\"Cavalos de for\u00e7a ou p\u00f4neis malditos? -\" \/>\n<meta property=\"og:description\" content=\"Por Beto Volpe. &quot;Mais um ENONG, mais expectativas. Seremos os cavalos de for\u00e7a necess\u00e1rios para enfrentar a epidemia com a seriedade devida ou seremos os tais p\u00f4neis malditos, que odeiam barro, odeiam lama e que n\u00e3o v\u00e3o sair do lugar?&quot;\" \/>\n<meta property=\"og:url\" content=\"https:\/\/inclusivenews.com.br\/?p=21560\" \/>\n<meta property=\"article:publisher\" content=\"https:\/\/www.facebook.com\/agenciainclusive\/\" \/>\n<meta property=\"article:published_time\" content=\"2011-11-15T12:47:01+00:00\" \/>\n<meta property=\"og:image\" content=\"http:\/\/4.bp.blogspot.com\/-c0TjM3zacvo\/Tr22D0MxwKI\/AAAAAAAAAcs\/6wUldhfSk6I\/s400\/ponei+maldito.jpg\" \/>\n<meta name=\"author\" content=\"inclusivenews2024\" \/>\n<meta name=\"twitter:card\" content=\"summary_large_image\" \/>\n<meta name=\"twitter:label1\" content=\"Escrito por\" \/>\n\t<meta name=\"twitter:data1\" content=\"inclusivenews2024\" \/>\n\t<meta name=\"twitter:label2\" content=\"Tempo estimado de leitura\" \/>\n\t<meta name=\"twitter:data2\" content=\"4 minutos\" \/>\n<script type=\"application\/ld+json\" class=\"yoast-schema-graph\">{\"@context\":\"https:\\\/\\\/schema.org\",\"@graph\":[{\"@type\":\"Article\",\"@id\":\"https:\\\/\\\/inclusivenews.com.br\\\/?p=21560#article\",\"isPartOf\":{\"@id\":\"https:\\\/\\\/inclusivenews.com.br\\\/?p=21560\"},\"author\":{\"name\":\"inclusivenews2024\",\"@id\":\"https:\\\/\\\/inclusivenews.com.br\\\/#\\\/schema\\\/person\\\/ae4ec7087559b8692fb33b6fffd2273b\"},\"headline\":\"Cavalos de for\u00e7a ou p\u00f4neis malditos?\",\"datePublished\":\"2011-11-15T12:47:01+00:00\",\"mainEntityOfPage\":{\"@id\":\"https:\\\/\\\/inclusivenews.com.br\\\/?p=21560\"},\"wordCount\":798,\"commentCount\":0,\"publisher\":{\"@id\":\"https:\\\/\\\/inclusivenews.com.br\\\/#organization\"},\"image\":{\"@id\":\"https:\\\/\\\/inclusivenews.com.br\\\/?p=21560#primaryimage\"},\"thumbnailUrl\":\"http:\\\/\\\/4.bp.blogspot.com\\\/-c0TjM3zacvo\\\/Tr22D0MxwKI\\\/AAAAAAAAAcs\\\/6wUldhfSk6I\\\/s400\\\/ponei+maldito.jpg\",\"keywords\":[\"AIDS\"],\"articleSection\":[\"OPINI\u00c3O\"],\"inLanguage\":\"pt-PT\",\"potentialAction\":[{\"@type\":\"CommentAction\",\"name\":\"Comment\",\"target\":[\"https:\\\/\\\/inclusivenews.com.br\\\/?p=21560#respond\"]}]},{\"@type\":\"WebPage\",\"@id\":\"https:\\\/\\\/inclusivenews.com.br\\\/?p=21560\",\"url\":\"https:\\\/\\\/inclusivenews.com.br\\\/?p=21560\",\"name\":\"Cavalos de for\u00e7a ou p\u00f4neis malditos? -\",\"isPartOf\":{\"@id\":\"https:\\\/\\\/inclusivenews.com.br\\\/#website\"},\"primaryImageOfPage\":{\"@id\":\"https:\\\/\\\/inclusivenews.com.br\\\/?p=21560#primaryimage\"},\"image\":{\"@id\":\"https:\\\/\\\/inclusivenews.com.br\\\/?p=21560#primaryimage\"},\"thumbnailUrl\":\"http:\\\/\\\/4.bp.blogspot.com\\\/-c0TjM3zacvo\\\/Tr22D0MxwKI\\\/AAAAAAAAAcs\\\/6wUldhfSk6I\\\/s400\\\/ponei+maldito.jpg\",\"datePublished\":\"2011-11-15T12:47:01+00:00\",\"breadcrumb\":{\"@id\":\"https:\\\/\\\/inclusivenews.com.br\\\/?p=21560#breadcrumb\"},\"inLanguage\":\"pt-PT\",\"potentialAction\":[{\"@type\":\"ReadAction\",\"target\":[\"https:\\\/\\\/inclusivenews.com.br\\\/?p=21560\"]}]},{\"@type\":\"ImageObject\",\"inLanguage\":\"pt-PT\",\"@id\":\"https:\\\/\\\/inclusivenews.com.br\\\/?p=21560#primaryimage\",\"url\":\"http:\\\/\\\/4.bp.blogspot.com\\\/-c0TjM3zacvo\\\/Tr22D0MxwKI\\\/AAAAAAAAAcs\\\/6wUldhfSk6I\\\/s400\\\/ponei+maldito.jpg\",\"contentUrl\":\"http:\\\/\\\/4.bp.blogspot.com\\\/-c0TjM3zacvo\\\/Tr22D0MxwKI\\\/AAAAAAAAAcs\\\/6wUldhfSk6I\\\/s400\\\/ponei+maldito.jpg\"},{\"@type\":\"BreadcrumbList\",\"@id\":\"https:\\\/\\\/inclusivenews.com.br\\\/?p=21560#breadcrumb\",\"itemListElement\":[{\"@type\":\"ListItem\",\"position\":1,\"name\":\"In\u00edcio\",\"item\":\"https:\\\/\\\/inclusivenews.com.br\\\/\"},{\"@type\":\"ListItem\",\"position\":2,\"name\":\"Cavalos de for\u00e7a ou p\u00f4neis malditos?\"}]},{\"@type\":\"WebSite\",\"@id\":\"https:\\\/\\\/inclusivenews.com.br\\\/#website\",\"url\":\"https:\\\/\\\/inclusivenews.com.br\\\/\",\"name\":\"Inclusive News\",\"description\":\"Inclusive News\",\"publisher\":{\"@id\":\"https:\\\/\\\/inclusivenews.com.br\\\/#organization\"},\"potentialAction\":[{\"@type\":\"SearchAction\",\"target\":{\"@type\":\"EntryPoint\",\"urlTemplate\":\"https:\\\/\\\/inclusivenews.com.br\\\/?s={search_term_string}\"},\"query-input\":{\"@type\":\"PropertyValueSpecification\",\"valueRequired\":true,\"valueName\":\"search_term_string\"}}],\"inLanguage\":\"pt-PT\"},{\"@type\":\"Organization\",\"@id\":\"https:\\\/\\\/inclusivenews.com.br\\\/#organization\",\"name\":\"Inclusive - inclus\u00e3o e cidadania\",\"url\":\"https:\\\/\\\/inclusivenews.com.br\\\/\",\"logo\":{\"@type\":\"ImageObject\",\"inLanguage\":\"pt-PT\",\"@id\":\"https:\\\/\\\/inclusivenews.com.br\\\/#\\\/schema\\\/logo\\\/image\\\/\",\"url\":\"https:\\\/\\\/inclusivenews.com.br\\\/wp-content\\\/uploads\\\/2024\\\/03\\\/@grandesite.png\",\"contentUrl\":\"https:\\\/\\\/inclusivenews.com.br\\\/wp-content\\\/uploads\\\/2024\\\/03\\\/@grandesite.png\",\"width\":1080,\"height\":1080,\"caption\":\"Inclusive - inclus\u00e3o e cidadania\"},\"image\":{\"@id\":\"https:\\\/\\\/inclusivenews.com.br\\\/#\\\/schema\\\/logo\\\/image\\\/\"},\"sameAs\":[\"https:\\\/\\\/www.facebook.com\\\/agenciainclusive\\\/\",\"https:\\\/\\\/www.instagram.com\\\/newsinclusive\\\/\"]},{\"@type\":\"Person\",\"@id\":\"https:\\\/\\\/inclusivenews.com.br\\\/#\\\/schema\\\/person\\\/ae4ec7087559b8692fb33b6fffd2273b\",\"name\":\"inclusivenews2024\",\"image\":{\"@type\":\"ImageObject\",\"inLanguage\":\"pt-PT\",\"@id\":\"https:\\\/\\\/secure.gravatar.com\\\/avatar\\\/c5a7ef84c66fa914f55bc4f7ce26cfa275a3b9a1c5568b907bd184fb4dde7b40?s=96&d=mm&r=g\",\"url\":\"https:\\\/\\\/secure.gravatar.com\\\/avatar\\\/c5a7ef84c66fa914f55bc4f7ce26cfa275a3b9a1c5568b907bd184fb4dde7b40?s=96&d=mm&r=g\",\"contentUrl\":\"https:\\\/\\\/secure.gravatar.com\\\/avatar\\\/c5a7ef84c66fa914f55bc4f7ce26cfa275a3b9a1c5568b907bd184fb4dde7b40?s=96&d=mm&r=g\",\"caption\":\"inclusivenews2024\"},\"sameAs\":[\"https:\\\/\\\/inclusivenews.com.br\"],\"url\":\"https:\\\/\\\/inclusivenews.com.br\\\/?author=1\"}]}<\/script>\n<!-- \/ Yoast SEO plugin. -->","yoast_head_json":{"title":"Cavalos de for\u00e7a ou p\u00f4neis malditos? -","robots":{"index":"index","follow":"follow","max-snippet":"max-snippet:-1","max-image-preview":"max-image-preview:large","max-video-preview":"max-video-preview:-1"},"canonical":"https:\/\/inclusivenews.com.br\/?p=21560","og_locale":"pt_PT","og_type":"article","og_title":"Cavalos de for\u00e7a ou p\u00f4neis malditos? -","og_description":"Por Beto Volpe. \"Mais um ENONG, mais expectativas. Seremos os cavalos de for\u00e7a necess\u00e1rios para enfrentar a epidemia com a seriedade devida ou seremos os tais p\u00f4neis malditos, que odeiam barro, odeiam lama e que n\u00e3o v\u00e3o sair do lugar?\"","og_url":"https:\/\/inclusivenews.com.br\/?p=21560","article_publisher":"https:\/\/www.facebook.com\/agenciainclusive\/","article_published_time":"2011-11-15T12:47:01+00:00","og_image":[{"url":"http:\/\/4.bp.blogspot.com\/-c0TjM3zacvo\/Tr22D0MxwKI\/AAAAAAAAAcs\/6wUldhfSk6I\/s400\/ponei+maldito.jpg","type":"","width":"","height":""}],"author":"inclusivenews2024","twitter_card":"summary_large_image","twitter_misc":{"Escrito por":"inclusivenews2024","Tempo estimado de leitura":"4 minutos"},"schema":{"@context":"https:\/\/schema.org","@graph":[{"@type":"Article","@id":"https:\/\/inclusivenews.com.br\/?p=21560#article","isPartOf":{"@id":"https:\/\/inclusivenews.com.br\/?p=21560"},"author":{"name":"inclusivenews2024","@id":"https:\/\/inclusivenews.com.br\/#\/schema\/person\/ae4ec7087559b8692fb33b6fffd2273b"},"headline":"Cavalos de for\u00e7a ou p\u00f4neis malditos?","datePublished":"2011-11-15T12:47:01+00:00","mainEntityOfPage":{"@id":"https:\/\/inclusivenews.com.br\/?p=21560"},"wordCount":798,"commentCount":0,"publisher":{"@id":"https:\/\/inclusivenews.com.br\/#organization"},"image":{"@id":"https:\/\/inclusivenews.com.br\/?p=21560#primaryimage"},"thumbnailUrl":"http:\/\/4.bp.blogspot.com\/-c0TjM3zacvo\/Tr22D0MxwKI\/AAAAAAAAAcs\/6wUldhfSk6I\/s400\/ponei+maldito.jpg","keywords":["AIDS"],"articleSection":["OPINI\u00c3O"],"inLanguage":"pt-PT","potentialAction":[{"@type":"CommentAction","name":"Comment","target":["https:\/\/inclusivenews.com.br\/?p=21560#respond"]}]},{"@type":"WebPage","@id":"https:\/\/inclusivenews.com.br\/?p=21560","url":"https:\/\/inclusivenews.com.br\/?p=21560","name":"Cavalos de for\u00e7a ou p\u00f4neis malditos? -","isPartOf":{"@id":"https:\/\/inclusivenews.com.br\/#website"},"primaryImageOfPage":{"@id":"https:\/\/inclusivenews.com.br\/?p=21560#primaryimage"},"image":{"@id":"https:\/\/inclusivenews.com.br\/?p=21560#primaryimage"},"thumbnailUrl":"http:\/\/4.bp.blogspot.com\/-c0TjM3zacvo\/Tr22D0MxwKI\/AAAAAAAAAcs\/6wUldhfSk6I\/s400\/ponei+maldito.jpg","datePublished":"2011-11-15T12:47:01+00:00","breadcrumb":{"@id":"https:\/\/inclusivenews.com.br\/?p=21560#breadcrumb"},"inLanguage":"pt-PT","potentialAction":[{"@type":"ReadAction","target":["https:\/\/inclusivenews.com.br\/?p=21560"]}]},{"@type":"ImageObject","inLanguage":"pt-PT","@id":"https:\/\/inclusivenews.com.br\/?p=21560#primaryimage","url":"http:\/\/4.bp.blogspot.com\/-c0TjM3zacvo\/Tr22D0MxwKI\/AAAAAAAAAcs\/6wUldhfSk6I\/s400\/ponei+maldito.jpg","contentUrl":"http:\/\/4.bp.blogspot.com\/-c0TjM3zacvo\/Tr22D0MxwKI\/AAAAAAAAAcs\/6wUldhfSk6I\/s400\/ponei+maldito.jpg"},{"@type":"BreadcrumbList","@id":"https:\/\/inclusivenews.com.br\/?p=21560#breadcrumb","itemListElement":[{"@type":"ListItem","position":1,"name":"In\u00edcio","item":"https:\/\/inclusivenews.com.br\/"},{"@type":"ListItem","position":2,"name":"Cavalos de for\u00e7a ou p\u00f4neis malditos?"}]},{"@type":"WebSite","@id":"https:\/\/inclusivenews.com.br\/#website","url":"https:\/\/inclusivenews.com.br\/","name":"Inclusive News","description":"Inclusive News","publisher":{"@id":"https:\/\/inclusivenews.com.br\/#organization"},"potentialAction":[{"@type":"SearchAction","target":{"@type":"EntryPoint","urlTemplate":"https:\/\/inclusivenews.com.br\/?s={search_term_string}"},"query-input":{"@type":"PropertyValueSpecification","valueRequired":true,"valueName":"search_term_string"}}],"inLanguage":"pt-PT"},{"@type":"Organization","@id":"https:\/\/inclusivenews.com.br\/#organization","name":"Inclusive - inclus\u00e3o e cidadania","url":"https:\/\/inclusivenews.com.br\/","logo":{"@type":"ImageObject","inLanguage":"pt-PT","@id":"https:\/\/inclusivenews.com.br\/#\/schema\/logo\/image\/","url":"https:\/\/inclusivenews.com.br\/wp-content\/uploads\/2024\/03\/@grandesite.png","contentUrl":"https:\/\/inclusivenews.com.br\/wp-content\/uploads\/2024\/03\/@grandesite.png","width":1080,"height":1080,"caption":"Inclusive - inclus\u00e3o e cidadania"},"image":{"@id":"https:\/\/inclusivenews.com.br\/#\/schema\/logo\/image\/"},"sameAs":["https:\/\/www.facebook.com\/agenciainclusive\/","https:\/\/www.instagram.com\/newsinclusive\/"]},{"@type":"Person","@id":"https:\/\/inclusivenews.com.br\/#\/schema\/person\/ae4ec7087559b8692fb33b6fffd2273b","name":"inclusivenews2024","image":{"@type":"ImageObject","inLanguage":"pt-PT","@id":"https:\/\/secure.gravatar.com\/avatar\/c5a7ef84c66fa914f55bc4f7ce26cfa275a3b9a1c5568b907bd184fb4dde7b40?s=96&d=mm&r=g","url":"https:\/\/secure.gravatar.com\/avatar\/c5a7ef84c66fa914f55bc4f7ce26cfa275a3b9a1c5568b907bd184fb4dde7b40?s=96&d=mm&r=g","contentUrl":"https:\/\/secure.gravatar.com\/avatar\/c5a7ef84c66fa914f55bc4f7ce26cfa275a3b9a1c5568b907bd184fb4dde7b40?s=96&d=mm&r=g","caption":"inclusivenews2024"},"sameAs":["https:\/\/inclusivenews.com.br"],"url":"https:\/\/inclusivenews.com.br\/?author=1"}]}},"_links":{"self":[{"href":"https:\/\/inclusivenews.com.br\/index.php?rest_route=\/wp\/v2\/posts\/21560","targetHints":{"allow":["GET"]}}],"collection":[{"href":"https:\/\/inclusivenews.com.br\/index.php?rest_route=\/wp\/v2\/posts"}],"about":[{"href":"https:\/\/inclusivenews.com.br\/index.php?rest_route=\/wp\/v2\/types\/post"}],"author":[{"embeddable":true,"href":"https:\/\/inclusivenews.com.br\/index.php?rest_route=\/wp\/v2\/users\/1"}],"replies":[{"embeddable":true,"href":"https:\/\/inclusivenews.com.br\/index.php?rest_route=%2Fwp%2Fv2%2Fcomments&post=21560"}],"version-history":[{"count":0,"href":"https:\/\/inclusivenews.com.br\/index.php?rest_route=\/wp\/v2\/posts\/21560\/revisions"}],"wp:attachment":[{"href":"https:\/\/inclusivenews.com.br\/index.php?rest_route=%2Fwp%2Fv2%2Fmedia&parent=21560"}],"wp:term":[{"taxonomy":"category","embeddable":true,"href":"https:\/\/inclusivenews.com.br\/index.php?rest_route=%2Fwp%2Fv2%2Fcategories&post=21560"},{"taxonomy":"post_tag","embeddable":true,"href":"https:\/\/inclusivenews.com.br\/index.php?rest_route=%2Fwp%2Fv2%2Ftags&post=21560"}],"curies":[{"name":"wp","href":"https:\/\/api.w.org\/{rel}","templated":true}]}}