{"id":21571,"date":"2011-11-15T09:30:11","date_gmt":"2011-11-15T12:30:11","guid":{"rendered":"http:\/\/www.inclusive.org.br\/?p=21571"},"modified":"2011-11-15T09:30:11","modified_gmt":"2011-11-15T12:30:11","slug":"superacao-e-transformacao","status":"publish","type":"post","link":"https:\/\/inclusivenews.com.br\/?p=21571","title":{"rendered":"Supera\u00e7\u00e3o e transforma\u00e7\u00e3o"},"content":{"rendered":"<p><a class=\"moz-txt-link-freetext\" href=\"http:\/\/midia.cmais.com.br\/assets\/image\/image-4-b\/673e6d1d18af6bcbcd38ae4fe3f4c5112935a12f.jpg\"><\/a><\/p>\n<figure style=\"width: 302px\" class=\"wp-caption alignleft\"><img loading=\"lazy\" decoding=\"async\" src=\"http:\/\/midia.cmais.com.br\/assets\/image\/image-4-b\/673e6d1d18af6bcbcd38ae4fe3f4c5112935a12f.jpg\" alt=\"\" width=\"302\" height=\"202\" \/><figcaption class=\"wp-caption-text\"> <\/figcaption><\/figure>\n<p><em>Conhecido por seu trabalho em educa\u00e7\u00e3o inclusiva, o Instituto Rodrigo Mendes passou por importantes transforma\u00e7\u00f5es que come\u00e7am com a radical mudan\u00e7a na vida de seu criador.<\/em><\/p>\n<p>Aos 18 anos de idade, um assalto deixou Rodrigo H\u00fcbner Mendes impossibilitado de controlar as principais fun\u00e7\u00f5es de seus membros (tetraplegia). Antes um amante do futebol decidido a atuar como ortopedista, encontrou na arte o caminho para ressiginificar sua vida. Teve aulas de pintura e passou a explorar o potencial de suas obras. Posteriormente, com a renda de sua primeira vernissage, decidiu criar uma escola de arte para pessoas com algum tipo de defici\u00eancia.<\/p>\n<p>\u201cOferecer novas oportunidades a pessoas em situa\u00e7\u00e3o de vulnerabilidade. Essa foi a motiva\u00e7\u00e3o que me levou a idealizar, em 19 de dezembro de 1991, a cria\u00e7\u00e3o de uma escola de artes pl\u00e1sticas. Foi a data de minha primeira exposi\u00e7\u00e3o, quando coloquei \u00e0 mostra 60 aquarelas. Al\u00e9m de ser minha primeira apari\u00e7\u00e3o em p\u00fablico como artista pl\u00e1stico, esse momento representava um marco em minha trajet\u00f3ria, dada a quantidade de significados e emo\u00e7\u00f5es nele inseridos\u201d (MENDES: 2010, p. 29).<\/p>\n<p>Com o \u00edmpeto de estender sua experi\u00eancia pessoal, em 1992 foram iniciadas as aulas de arte em um espa\u00e7o na Cidade Jardime, dois anos mais tarde, a escola se estruturaria como organiza\u00e7\u00e3o sem fins lucrativos em um local mais amplo.<\/p>\n<p>Quatro anos depois do in\u00edcio das atividades, em 1996, h\u00e1 outra mudan\u00e7a significativa na hist\u00f3ria da organiza\u00e7\u00e3o.\u00a0 Ao inv\u00e9s de receber apenas alunos com defici\u00eancia, passa a atender todo tipo de aluno. \u201cEntendemos que era preciso trabalhar com as misturas, pois havia um foco de trabalho sobre uma minoria, uma restri\u00e7\u00e3o a um determinado grupo.\u201d contou Rodrigo Mendes para o <em>Cmais Educa\u00e7\u00e3o<\/em>. Aquele era o in\u00edcio da educa\u00e7\u00e3o inclusiva.<\/p>\n<p>Para manter e ampliar o projeto, Rodrigo dedicou-se a estudos em Administra\u00e7\u00e3o na Funda\u00e7\u00e3o Get\u00falio Vargas (momento oportuno no qual sua m\u00e3e se aposentara do cargo de diretora em uma escola municipal e assume a coordena\u00e7\u00e3o geral da escola). No segundo ano de estudos, vence um concurso que lhe permite usar 20.000 reais para a implanta\u00e7\u00e3o de atividades de profissionaliza\u00e7\u00e3o e expans\u00e3o. Tamb\u00e9m nesta \u00e9poca (1997), \u00e9 efetivada uma duradoura parceria com a Tilibra, que come\u00e7a com a cria\u00e7\u00e3o de cadernos universit\u00e1rios com capas produzidas na Associa\u00e7\u00e3o e textos sobre inclus\u00e3o e arte na contracapa. Os investimentos em produtos institucionais n\u00e3o pararam de crescer e continuam levando o nome organiza\u00e7\u00e3o.<\/p>\n<p>Outra forma de ampliar a receita e divulgar seu trabalho foi a realiza\u00e7\u00e3o de exposi\u00e7\u00f5es de arte:<\/p>\n<p>\u201cAo longo de suas treze edi\u00e7\u00f5es, o evento ocupou espa\u00e7os culturais nobres da cidade de S\u00e3o Paulo (Sesc Pompeia, Sesc Pinheiros, Sesc S\u00e3o Carlos, Memorial da Am\u00e9rica Latina e Espa\u00e7o Mokiti Okada) e recebeu mais de 10.000 visitantes. Participaram como expositores mais de 1.200 alunos e foram expostos cerca de 1.500 trabalhos. A receita obtida com a venda alcan\u00e7ou cerca de 90.000 reais, dos quais 85% foram revertidos aos autores\u201d (idem, p. 40).<\/p>\n<p>A base educacional tamb\u00e9m teve aprimoramentos. Primeiramente pelas m\u00e3os de Christiana Moraes, que trouxe a abordagem triangular de Ana Mae Barbosa, seguido por Carlos Barmak e sua vis\u00e3o contempor\u00e2nea do ensino de arte e depois por Jos\u00e9 Cavalhero, respons\u00e1vel pela reformula\u00e7\u00e3o do Programa de Arte-Educa\u00e7\u00e3o que passou a ser chamado \u201cPrograma Singular\u201d, fortalecendo a ideia da inclus\u00e3o como desafio educacional. O direcionamento da Associa\u00e7\u00e3o foi outro ponto que sofreu transforma\u00e7\u00f5es. Al\u00e9m do atendimento a alunos, emergem as primeiras a\u00e7\u00f5es junto aos professores do ensino p\u00fablico.<\/p>\n<p>A organiza\u00e7\u00e3o ampliou ano a ano seu alcance e transitou por diversos espa\u00e7os (e ainda busca uma sede pr\u00f3pria). Instalou-se no Brooklin, onde deixou de ser uma escola (Cursos Rodrigo Mendes) para, no ano de 1994, se consolidar como figura jur\u00eddica, uma organiza\u00e7\u00e3o sem fins lucrativos chamada \u201cAssocia\u00e7\u00e3o Rodrigo Mendes\u201d. Depois se mudou para Santo Amaro, Butant\u00e3 e, atualmente, est\u00e1 instalada no munic\u00edpio de Cotia. Em 2007, a mudan\u00e7a de diretrizes da organiza\u00e7\u00e3o, ora apontadas para pesquisas e estudos no eixo arte\/inclus\u00e3o, culminou com a troca do logo e do nome da organiza\u00e7\u00e3o para \u201cInstituto Rodrigo Mendes\u201d.<\/p>\n<p>\u201cO que n\u00f3s temos hoje \u00e9 um Centro de Estudos, cujo objetivo \u00e9 construir conhecimento sobre educa\u00e7\u00e3o inclusiva\u201d, salientou Rodrigo ao destacar o atual paradigma das a\u00e7\u00f5es da organiza\u00e7\u00e3o. O Centro organiza semin\u00e1rios, desenvolve pesquisas, elabora publica\u00e7\u00f5es e, recentemente, criou um portal para troca de experi\u00eancias chamado \u201cDIVERSA\u201d (<a href=\"http:\/\/cmais.com.br\/educacao-site\/educacao-diversa\">leia mais<\/a>).<\/p>\n<p>Rodrigo contou ao <em>Cmais Educa\u00e7\u00e3o<\/em> como est\u00e3o organizados os programas do Instituto:<\/p>\n<p>\u201cEmbaixo do Centro de Estudos temos tr\u00eas programas: o Singular, que atende diretamente aos alunos no campo das artes visuais; o Plural, um programa de forma\u00e7\u00e3o continuada, cujo foco s\u00e3o os professores do ensino formal das redes p\u00fablicas; e o Gera\u00e7\u00e3o, voltado para a sustentabilidade da organiza\u00e7\u00e3o e gera\u00e7\u00e3o de renda a seus benefici\u00e1rios\u201d.<\/p>\n<p>\u201cNo Singular costumamos atender institui\u00e7\u00f5es sociais e alunos pr\u00f3ximos do instituto (agora em Cotia, participam alunos de tr\u00eas escolas p\u00fablicas e uma institui\u00e7\u00e3o). Inicialmente, apesar de termos um planejamento pedag\u00f3gico anual, alguns alunos permaneciam por mais tempo, pois n\u00e3o havia uma data para encerramento do curso. Todavia, percebemos que este modelo limitava o acesso de novos alunos e, ent\u00e3o, estruturamos um curso com dura\u00e7\u00e3o de 12 meses\u201d.<\/p>\n<p>\u201cNo Plural, procuramos aprofundar a discuss\u00e3o sobre educa\u00e7\u00e3o inclusiva. Foi em 2005 que come\u00e7amos a sair do instituto e ir para as escolas p\u00fablicas. Nosso conselho e nossos parceiros ansiavam por um impacto em maior escala daquilo que geramos como resultado. Pudemos com este programa aumentar a capacidade de atendimento, que o Singular j\u00e1 n\u00e3o permitia\u201d.<\/p>\n<p>Rodrigo acrescentou ainda que o programa Plural conseguiu atingir um grande n\u00famero de educadores por meio de seu trabalho com organiza\u00e7\u00f5es n\u00e3o-governamentais e secretarias de educa\u00e7\u00e3o.<\/p>\n<p>Por fim, o programa Gera\u00e7\u00e3o, para atingir seus objetivos, \u201cdesenvolve e comercializa produtos institucionais e estabelece contratos de licenciamento com empresas. O programa \u00e9 respons\u00e1vel tamb\u00e9m pela capta\u00e7\u00e3o de recursos junto ao setor privado e aos demais agentes financiadores\u201d (idem, p. 46).<\/p>\n<p>Encerramos aqui este breve panorama, que procurou destacar que a hist\u00f3ria de transforma\u00e7\u00f5es do Instituto Rodrigo Mendes est\u00e1 intrinsecamente ligada \u00e0 vida de seu idealizador, refletindo sua incessante busca no aprimoramento do alcance e da qualidade da divulga\u00e7\u00e3o, pesquisa e pr\u00e1tica de educa\u00e7\u00e3o inclusiva em sua rela\u00e7\u00e3o com a arte. A participa\u00e7\u00e3o ativa junto aos professores do ensino p\u00fablico em espec\u00edfico e \u00e0 sociedade em geral, com vistas a propiciar uma \u201ceduca\u00e7\u00e3o que acolha as diferen\u00e7as humanas e respeite os princ\u00edpios de igualdade\u201d (idem, p. 49), \u00e9 o que faz desta uma admirada e respeitada institui\u00e7\u00e3o.<\/p>\n<p>Fonte: <a href=\"http:\/\/cmais.com.br\/educacao-site\/superacao-e-transformacao\">CMais<\/a><\/p>\n","protected":false},"excerpt":{"rendered":"<p>Conhecido por seu trabalho em educa\u00e7\u00e3o inclusiva, o Instituto Rodrigo Mendes passou por importantes transforma\u00e7\u00f5es que come\u00e7am com a radical mudan\u00e7a na vida de seu criador. No Portal C+.<\/p>\n","protected":false},"author":1,"featured_media":0,"comment_status":"open","ping_status":"open","sticky":false,"template":"","format":"standard","meta":{"site-container-style":"default","site-container-layout":"default","site-sidebar-layout":"default","disable-article-header":"default","disable-site-header":"default","disable-site-footer":"default","disable-content-area-spacing":"default","footnotes":""},"categories":[4],"tags":[],"class_list":["post-21571","post","type-post","status-publish","format-standard","hentry","category-noticias"],"yoast_head":"<!-- This site is optimized with the Yoast SEO plugin v27.4 - https:\/\/yoast.com\/product\/yoast-seo-wordpress\/ -->\n<title>Supera\u00e7\u00e3o e transforma\u00e7\u00e3o -<\/title>\n<meta name=\"robots\" content=\"index, follow, max-snippet:-1, max-image-preview:large, max-video-preview:-1\" \/>\n<link rel=\"canonical\" href=\"https:\/\/inclusivenews.com.br\/?p=21571\" \/>\n<meta property=\"og:locale\" content=\"pt_PT\" \/>\n<meta property=\"og:type\" content=\"article\" \/>\n<meta property=\"og:title\" content=\"Supera\u00e7\u00e3o e transforma\u00e7\u00e3o -\" \/>\n<meta property=\"og:description\" content=\"Conhecido por seu trabalho em educa\u00e7\u00e3o inclusiva, o Instituto Rodrigo Mendes passou por importantes transforma\u00e7\u00f5es que come\u00e7am com a radical mudan\u00e7a na vida de seu criador. No Portal C+.\" \/>\n<meta property=\"og:url\" content=\"https:\/\/inclusivenews.com.br\/?p=21571\" \/>\n<meta property=\"article:publisher\" content=\"https:\/\/www.facebook.com\/agenciainclusive\/\" \/>\n<meta property=\"article:published_time\" content=\"2011-11-15T12:30:11+00:00\" \/>\n<meta property=\"og:image\" content=\"http:\/\/midia.cmais.com.br\/assets\/image\/image-4-b\/673e6d1d18af6bcbcd38ae4fe3f4c5112935a12f.jpg\" \/>\n<meta name=\"author\" content=\"inclusivenews2024\" \/>\n<meta name=\"twitter:card\" content=\"summary_large_image\" \/>\n<meta name=\"twitter:label1\" content=\"Escrito por\" \/>\n\t<meta name=\"twitter:data1\" content=\"inclusivenews2024\" \/>\n\t<meta name=\"twitter:label2\" content=\"Tempo estimado de leitura\" \/>\n\t<meta name=\"twitter:data2\" content=\"6 minutos\" \/>\n<script type=\"application\/ld+json\" class=\"yoast-schema-graph\">{\"@context\":\"https:\\\/\\\/schema.org\",\"@graph\":[{\"@type\":\"Article\",\"@id\":\"https:\\\/\\\/inclusivenews.com.br\\\/?p=21571#article\",\"isPartOf\":{\"@id\":\"https:\\\/\\\/inclusivenews.com.br\\\/?p=21571\"},\"author\":{\"name\":\"inclusivenews2024\",\"@id\":\"https:\\\/\\\/inclusivenews.com.br\\\/#\\\/schema\\\/person\\\/ae4ec7087559b8692fb33b6fffd2273b\"},\"headline\":\"Supera\u00e7\u00e3o e transforma\u00e7\u00e3o\",\"datePublished\":\"2011-11-15T12:30:11+00:00\",\"mainEntityOfPage\":{\"@id\":\"https:\\\/\\\/inclusivenews.com.br\\\/?p=21571\"},\"wordCount\":1188,\"commentCount\":0,\"publisher\":{\"@id\":\"https:\\\/\\\/inclusivenews.com.br\\\/#organization\"},\"image\":{\"@id\":\"https:\\\/\\\/inclusivenews.com.br\\\/?p=21571#primaryimage\"},\"thumbnailUrl\":\"http:\\\/\\\/midia.cmais.com.br\\\/assets\\\/image\\\/image-4-b\\\/673e6d1d18af6bcbcd38ae4fe3f4c5112935a12f.jpg\",\"articleSection\":[\"NOT\u00cdCIAS\"],\"inLanguage\":\"pt-PT\",\"potentialAction\":[{\"@type\":\"CommentAction\",\"name\":\"Comment\",\"target\":[\"https:\\\/\\\/inclusivenews.com.br\\\/?p=21571#respond\"]}]},{\"@type\":\"WebPage\",\"@id\":\"https:\\\/\\\/inclusivenews.com.br\\\/?p=21571\",\"url\":\"https:\\\/\\\/inclusivenews.com.br\\\/?p=21571\",\"name\":\"Supera\u00e7\u00e3o e transforma\u00e7\u00e3o -\",\"isPartOf\":{\"@id\":\"https:\\\/\\\/inclusivenews.com.br\\\/#website\"},\"primaryImageOfPage\":{\"@id\":\"https:\\\/\\\/inclusivenews.com.br\\\/?p=21571#primaryimage\"},\"image\":{\"@id\":\"https:\\\/\\\/inclusivenews.com.br\\\/?p=21571#primaryimage\"},\"thumbnailUrl\":\"http:\\\/\\\/midia.cmais.com.br\\\/assets\\\/image\\\/image-4-b\\\/673e6d1d18af6bcbcd38ae4fe3f4c5112935a12f.jpg\",\"datePublished\":\"2011-11-15T12:30:11+00:00\",\"breadcrumb\":{\"@id\":\"https:\\\/\\\/inclusivenews.com.br\\\/?p=21571#breadcrumb\"},\"inLanguage\":\"pt-PT\",\"potentialAction\":[{\"@type\":\"ReadAction\",\"target\":[\"https:\\\/\\\/inclusivenews.com.br\\\/?p=21571\"]}]},{\"@type\":\"ImageObject\",\"inLanguage\":\"pt-PT\",\"@id\":\"https:\\\/\\\/inclusivenews.com.br\\\/?p=21571#primaryimage\",\"url\":\"http:\\\/\\\/midia.cmais.com.br\\\/assets\\\/image\\\/image-4-b\\\/673e6d1d18af6bcbcd38ae4fe3f4c5112935a12f.jpg\",\"contentUrl\":\"http:\\\/\\\/midia.cmais.com.br\\\/assets\\\/image\\\/image-4-b\\\/673e6d1d18af6bcbcd38ae4fe3f4c5112935a12f.jpg\"},{\"@type\":\"BreadcrumbList\",\"@id\":\"https:\\\/\\\/inclusivenews.com.br\\\/?p=21571#breadcrumb\",\"itemListElement\":[{\"@type\":\"ListItem\",\"position\":1,\"name\":\"In\u00edcio\",\"item\":\"https:\\\/\\\/inclusivenews.com.br\\\/\"},{\"@type\":\"ListItem\",\"position\":2,\"name\":\"Supera\u00e7\u00e3o e transforma\u00e7\u00e3o\"}]},{\"@type\":\"WebSite\",\"@id\":\"https:\\\/\\\/inclusivenews.com.br\\\/#website\",\"url\":\"https:\\\/\\\/inclusivenews.com.br\\\/\",\"name\":\"Inclusive News\",\"description\":\"Inclusive News\",\"publisher\":{\"@id\":\"https:\\\/\\\/inclusivenews.com.br\\\/#organization\"},\"potentialAction\":[{\"@type\":\"SearchAction\",\"target\":{\"@type\":\"EntryPoint\",\"urlTemplate\":\"https:\\\/\\\/inclusivenews.com.br\\\/?s={search_term_string}\"},\"query-input\":{\"@type\":\"PropertyValueSpecification\",\"valueRequired\":true,\"valueName\":\"search_term_string\"}}],\"inLanguage\":\"pt-PT\"},{\"@type\":\"Organization\",\"@id\":\"https:\\\/\\\/inclusivenews.com.br\\\/#organization\",\"name\":\"Inclusive - inclus\u00e3o e cidadania\",\"url\":\"https:\\\/\\\/inclusivenews.com.br\\\/\",\"logo\":{\"@type\":\"ImageObject\",\"inLanguage\":\"pt-PT\",\"@id\":\"https:\\\/\\\/inclusivenews.com.br\\\/#\\\/schema\\\/logo\\\/image\\\/\",\"url\":\"https:\\\/\\\/inclusivenews.com.br\\\/wp-content\\\/uploads\\\/2024\\\/03\\\/@grandesite.png\",\"contentUrl\":\"https:\\\/\\\/inclusivenews.com.br\\\/wp-content\\\/uploads\\\/2024\\\/03\\\/@grandesite.png\",\"width\":1080,\"height\":1080,\"caption\":\"Inclusive - inclus\u00e3o e cidadania\"},\"image\":{\"@id\":\"https:\\\/\\\/inclusivenews.com.br\\\/#\\\/schema\\\/logo\\\/image\\\/\"},\"sameAs\":[\"https:\\\/\\\/www.facebook.com\\\/agenciainclusive\\\/\",\"https:\\\/\\\/www.instagram.com\\\/newsinclusive\\\/\"]},{\"@type\":\"Person\",\"@id\":\"https:\\\/\\\/inclusivenews.com.br\\\/#\\\/schema\\\/person\\\/ae4ec7087559b8692fb33b6fffd2273b\",\"name\":\"inclusivenews2024\",\"image\":{\"@type\":\"ImageObject\",\"inLanguage\":\"pt-PT\",\"@id\":\"https:\\\/\\\/secure.gravatar.com\\\/avatar\\\/c5a7ef84c66fa914f55bc4f7ce26cfa275a3b9a1c5568b907bd184fb4dde7b40?s=96&d=mm&r=g\",\"url\":\"https:\\\/\\\/secure.gravatar.com\\\/avatar\\\/c5a7ef84c66fa914f55bc4f7ce26cfa275a3b9a1c5568b907bd184fb4dde7b40?s=96&d=mm&r=g\",\"contentUrl\":\"https:\\\/\\\/secure.gravatar.com\\\/avatar\\\/c5a7ef84c66fa914f55bc4f7ce26cfa275a3b9a1c5568b907bd184fb4dde7b40?s=96&d=mm&r=g\",\"caption\":\"inclusivenews2024\"},\"sameAs\":[\"https:\\\/\\\/inclusivenews.com.br\"],\"url\":\"https:\\\/\\\/inclusivenews.com.br\\\/?author=1\"}]}<\/script>\n<!-- \/ Yoast SEO plugin. -->","yoast_head_json":{"title":"Supera\u00e7\u00e3o e transforma\u00e7\u00e3o -","robots":{"index":"index","follow":"follow","max-snippet":"max-snippet:-1","max-image-preview":"max-image-preview:large","max-video-preview":"max-video-preview:-1"},"canonical":"https:\/\/inclusivenews.com.br\/?p=21571","og_locale":"pt_PT","og_type":"article","og_title":"Supera\u00e7\u00e3o e transforma\u00e7\u00e3o -","og_description":"Conhecido por seu trabalho em educa\u00e7\u00e3o inclusiva, o Instituto Rodrigo Mendes passou por importantes transforma\u00e7\u00f5es que come\u00e7am com a radical mudan\u00e7a na vida de seu criador. No Portal C+.","og_url":"https:\/\/inclusivenews.com.br\/?p=21571","article_publisher":"https:\/\/www.facebook.com\/agenciainclusive\/","article_published_time":"2011-11-15T12:30:11+00:00","og_image":[{"url":"http:\/\/midia.cmais.com.br\/assets\/image\/image-4-b\/673e6d1d18af6bcbcd38ae4fe3f4c5112935a12f.jpg","type":"","width":"","height":""}],"author":"inclusivenews2024","twitter_card":"summary_large_image","twitter_misc":{"Escrito por":"inclusivenews2024","Tempo estimado de leitura":"6 minutos"},"schema":{"@context":"https:\/\/schema.org","@graph":[{"@type":"Article","@id":"https:\/\/inclusivenews.com.br\/?p=21571#article","isPartOf":{"@id":"https:\/\/inclusivenews.com.br\/?p=21571"},"author":{"name":"inclusivenews2024","@id":"https:\/\/inclusivenews.com.br\/#\/schema\/person\/ae4ec7087559b8692fb33b6fffd2273b"},"headline":"Supera\u00e7\u00e3o e transforma\u00e7\u00e3o","datePublished":"2011-11-15T12:30:11+00:00","mainEntityOfPage":{"@id":"https:\/\/inclusivenews.com.br\/?p=21571"},"wordCount":1188,"commentCount":0,"publisher":{"@id":"https:\/\/inclusivenews.com.br\/#organization"},"image":{"@id":"https:\/\/inclusivenews.com.br\/?p=21571#primaryimage"},"thumbnailUrl":"http:\/\/midia.cmais.com.br\/assets\/image\/image-4-b\/673e6d1d18af6bcbcd38ae4fe3f4c5112935a12f.jpg","articleSection":["NOT\u00cdCIAS"],"inLanguage":"pt-PT","potentialAction":[{"@type":"CommentAction","name":"Comment","target":["https:\/\/inclusivenews.com.br\/?p=21571#respond"]}]},{"@type":"WebPage","@id":"https:\/\/inclusivenews.com.br\/?p=21571","url":"https:\/\/inclusivenews.com.br\/?p=21571","name":"Supera\u00e7\u00e3o e transforma\u00e7\u00e3o -","isPartOf":{"@id":"https:\/\/inclusivenews.com.br\/#website"},"primaryImageOfPage":{"@id":"https:\/\/inclusivenews.com.br\/?p=21571#primaryimage"},"image":{"@id":"https:\/\/inclusivenews.com.br\/?p=21571#primaryimage"},"thumbnailUrl":"http:\/\/midia.cmais.com.br\/assets\/image\/image-4-b\/673e6d1d18af6bcbcd38ae4fe3f4c5112935a12f.jpg","datePublished":"2011-11-15T12:30:11+00:00","breadcrumb":{"@id":"https:\/\/inclusivenews.com.br\/?p=21571#breadcrumb"},"inLanguage":"pt-PT","potentialAction":[{"@type":"ReadAction","target":["https:\/\/inclusivenews.com.br\/?p=21571"]}]},{"@type":"ImageObject","inLanguage":"pt-PT","@id":"https:\/\/inclusivenews.com.br\/?p=21571#primaryimage","url":"http:\/\/midia.cmais.com.br\/assets\/image\/image-4-b\/673e6d1d18af6bcbcd38ae4fe3f4c5112935a12f.jpg","contentUrl":"http:\/\/midia.cmais.com.br\/assets\/image\/image-4-b\/673e6d1d18af6bcbcd38ae4fe3f4c5112935a12f.jpg"},{"@type":"BreadcrumbList","@id":"https:\/\/inclusivenews.com.br\/?p=21571#breadcrumb","itemListElement":[{"@type":"ListItem","position":1,"name":"In\u00edcio","item":"https:\/\/inclusivenews.com.br\/"},{"@type":"ListItem","position":2,"name":"Supera\u00e7\u00e3o e transforma\u00e7\u00e3o"}]},{"@type":"WebSite","@id":"https:\/\/inclusivenews.com.br\/#website","url":"https:\/\/inclusivenews.com.br\/","name":"Inclusive News","description":"Inclusive News","publisher":{"@id":"https:\/\/inclusivenews.com.br\/#organization"},"potentialAction":[{"@type":"SearchAction","target":{"@type":"EntryPoint","urlTemplate":"https:\/\/inclusivenews.com.br\/?s={search_term_string}"},"query-input":{"@type":"PropertyValueSpecification","valueRequired":true,"valueName":"search_term_string"}}],"inLanguage":"pt-PT"},{"@type":"Organization","@id":"https:\/\/inclusivenews.com.br\/#organization","name":"Inclusive - inclus\u00e3o e cidadania","url":"https:\/\/inclusivenews.com.br\/","logo":{"@type":"ImageObject","inLanguage":"pt-PT","@id":"https:\/\/inclusivenews.com.br\/#\/schema\/logo\/image\/","url":"https:\/\/inclusivenews.com.br\/wp-content\/uploads\/2024\/03\/@grandesite.png","contentUrl":"https:\/\/inclusivenews.com.br\/wp-content\/uploads\/2024\/03\/@grandesite.png","width":1080,"height":1080,"caption":"Inclusive - inclus\u00e3o e cidadania"},"image":{"@id":"https:\/\/inclusivenews.com.br\/#\/schema\/logo\/image\/"},"sameAs":["https:\/\/www.facebook.com\/agenciainclusive\/","https:\/\/www.instagram.com\/newsinclusive\/"]},{"@type":"Person","@id":"https:\/\/inclusivenews.com.br\/#\/schema\/person\/ae4ec7087559b8692fb33b6fffd2273b","name":"inclusivenews2024","image":{"@type":"ImageObject","inLanguage":"pt-PT","@id":"https:\/\/secure.gravatar.com\/avatar\/c5a7ef84c66fa914f55bc4f7ce26cfa275a3b9a1c5568b907bd184fb4dde7b40?s=96&d=mm&r=g","url":"https:\/\/secure.gravatar.com\/avatar\/c5a7ef84c66fa914f55bc4f7ce26cfa275a3b9a1c5568b907bd184fb4dde7b40?s=96&d=mm&r=g","contentUrl":"https:\/\/secure.gravatar.com\/avatar\/c5a7ef84c66fa914f55bc4f7ce26cfa275a3b9a1c5568b907bd184fb4dde7b40?s=96&d=mm&r=g","caption":"inclusivenews2024"},"sameAs":["https:\/\/inclusivenews.com.br"],"url":"https:\/\/inclusivenews.com.br\/?author=1"}]}},"_links":{"self":[{"href":"https:\/\/inclusivenews.com.br\/index.php?rest_route=\/wp\/v2\/posts\/21571","targetHints":{"allow":["GET"]}}],"collection":[{"href":"https:\/\/inclusivenews.com.br\/index.php?rest_route=\/wp\/v2\/posts"}],"about":[{"href":"https:\/\/inclusivenews.com.br\/index.php?rest_route=\/wp\/v2\/types\/post"}],"author":[{"embeddable":true,"href":"https:\/\/inclusivenews.com.br\/index.php?rest_route=\/wp\/v2\/users\/1"}],"replies":[{"embeddable":true,"href":"https:\/\/inclusivenews.com.br\/index.php?rest_route=%2Fwp%2Fv2%2Fcomments&post=21571"}],"version-history":[{"count":0,"href":"https:\/\/inclusivenews.com.br\/index.php?rest_route=\/wp\/v2\/posts\/21571\/revisions"}],"wp:attachment":[{"href":"https:\/\/inclusivenews.com.br\/index.php?rest_route=%2Fwp%2Fv2%2Fmedia&parent=21571"}],"wp:term":[{"taxonomy":"category","embeddable":true,"href":"https:\/\/inclusivenews.com.br\/index.php?rest_route=%2Fwp%2Fv2%2Fcategories&post=21571"},{"taxonomy":"post_tag","embeddable":true,"href":"https:\/\/inclusivenews.com.br\/index.php?rest_route=%2Fwp%2Fv2%2Ftags&post=21571"}],"curies":[{"name":"wp","href":"https:\/\/api.w.org\/{rel}","templated":true}]}}