{"id":21618,"date":"2011-11-23T17:10:07","date_gmt":"2011-11-23T20:10:07","guid":{"rendered":"http:\/\/www.inclusive.org.br\/?p=21618"},"modified":"2011-11-23T17:10:07","modified_gmt":"2011-11-23T20:10:07","slug":"2%c2%ba-encontro-o-que-isso-de-danca","status":"publish","type":"post","link":"https:\/\/inclusivenews.com.br\/?p=21618","title":{"rendered":"2\u00ba Encontro O que \u00e9 isso? de Dan\u00e7a!"},"content":{"rendered":"<figure id=\"attachment_21659\" aria-describedby=\"caption-attachment-21659\" style=\"width: 150px\" class=\"wp-caption alignleft\"><img loading=\"lazy\" decoding=\"async\" class=\"size-thumbnail wp-image-21659\" title=\"Flyer, descri\u00e7\u00e3o no texto\" src=\"http:\/\/inclusivenews.com.br\/wp-content\/uploads\/danca_inclusiva-150x133.jpg\" alt=\" \" width=\"150\" height=\"133\" \/><figcaption id=\"caption-attachment-21659\" class=\"wp-caption-text\"> <\/figcaption><\/figure>\n<p>De 25 a 27 de Novembro de 2011, acontecer\u00e1 no Espa\u00e7o Xisto Bahia, o 2\u00ba ENCONTRO O QUE \u00c9 ISSO? DE DAN\u00c7A que tratar\u00e1 de quest\u00f5es relevantes em torno da acessibilidade e representatividade midi\u00e1tica de grupos profissionais de dan\u00e7a com pessoas com defici\u00eancia. As discuss\u00f5es girar\u00e3o em torno da profissionaliza\u00e7\u00e3o e inser\u00e7\u00e3o no mercado de trabalho de artistas\/dan\u00e7arinos com defici\u00eancia que n\u00e3o tiveram acesso a informa\u00e7\u00e3o e forma\u00e7\u00e3o em dan\u00e7a seja nos ambientes acad\u00eamicos e espa\u00e7os formais de ensino de dan\u00e7a. Tais reflex\u00f5es podem gerar os meios para melhor compreender por que, com tantos grupos de dan\u00e7a circulando em diversos pontos do nosso planeta, ainda assim, esses grupos se encontram segregados e sem acesso \u00e0 informa\u00e7\u00e3o.<\/p>\n<p>Mesas redonda desde a sexta-feira 25\/11, com os Di\u00e1logos Cruzados entre Fafa Daltro, Estela Lapponi e Lenira Rengel, sobre quest\u00f5es voltadas \u00e0 acessibilidade no campo da forma\u00e7\u00e3o do dan\u00e7arino com defici\u00eancia. 26\/11 ter\u00e1 a mesEspa\u00e7os (in)acess\u00edveis (Pol\u00edticas P\u00fablicas) com Carolina Teixeira, Lucas Valentim, Thulio Guzman, Carla Vendramin, Mar\u00edlia Cavalcante e Fl\u00e1via Cintra (videoconfer\u00eancia). 27\/11 Discuss\u00f5es que perturbam o corpo (Representatividade midi\u00e1tica) com Estela Lapponi, Edu O., Clara Trigo, Michel Fernandes (videoconfer\u00eancia)a Espa\u00e7os (in)acess\u00edveis (Pol\u00edticas P\u00fablicas) Mediador\/debatedor: Carolina Teixeira Debatedores: Lucas Valentim, Thulio Guzman, Fl\u00e1via Cintra (virtual), Carla Vendramin, Mar\u00edlia Cavalcante e dia 27\/11 teremos a mesa: Discuss\u00f5es que perturbam o corpo (Pol\u00edticas P\u00fablicas). Mediador\/debatedor: Estela Lapponi Debatedores: Edu Oliveira, Clara Trigo, Michel Fernandes (virtual).<\/p>\n<p>Cirand\u00e3o \u00e9 o espa\u00e7o onde os participantes inscritos podem apresentar suas pesquisas te\u00f3ricas ou pr\u00e1ticas, compartilhando suas experi\u00eancias com todos. Acontecer\u00e1 dias 26\/11 e 27\/11. Temos como convidados Ninfa Cunha, Ana Rita Ferraz falando sobre o Perspectivas em Movimento e o pessoal do ACC &#8211; Acessibilidade em Tr\u00e2nsito Po\u00e9tico, fazendo uma ciranda.<\/p>\n<p>E o que dizer das oficinas\/encontros do 2\u00ba Encontro O que \u00e9 isso? de Dan\u00e7a, com Ana Luiza Reis, Carolina Teixeira, Carla Vendramin e Estela Lapponi? As propostas s\u00e3o interessant\u00edssimas: Corpo na Educa\u00e7\u00e3o, Processo criativo\/corpo e(m) cena, Sincoronicidade e Conectividade\/corpo e ambiente, Corpo Intruso.<\/p>\n<p>Quem n\u00e3o puder participar do Encontro, com certeza n\u00e3o vai querer perder as apresenta\u00e7\u00f5es. Veja porque: Pequetitas Coisas Entre n\u00f3s mesmos (Grupo Xde Improvisa\u00e7\u00e3o em Dan\u00e7a) As Borboletas (N\u00facleo VAGAPARA), Intento 3257,5 (Estela Lapponi) e O Corpo Perturbardor (Edu O.).<\/p>\n<p>Todas as informa\u00e7\u00f5es no blog: <a href=\"http:\/\/www.oqueeissodedanca.wordpress.com\">www.oqueeissodedanca.wordpress.com<\/a><\/p>\n","protected":false},"excerpt":{"rendered":"<p>De 25 a 27 de Novembro de 2011, acontecer\u00e1 no Espa\u00e7o Xisto Bahia, o 2\u00ba ENCONTRO O QUE \u00c9 ISSO? DE DAN\u00c7A que tratar\u00e1 de quest\u00f5es relevantes em torno da acessibilidade e representatividade midi\u00e1tica de grupos profissionais de dan\u00e7a com pessoas com defici\u00eancia. <\/p>\n","protected":false},"author":1,"featured_media":0,"comment_status":"open","ping_status":"open","sticky":false,"template":"","format":"standard","meta":{"site-container-style":"default","site-container-layout":"default","site-sidebar-layout":"default","disable-article-header":"default","disable-site-header":"default","disable-site-footer":"default","disable-content-area-spacing":"default","footnotes":""},"categories":[29,12,38,48,4],"tags":[],"class_list":["post-21618","post","type-post","status-publish","format-standard","hentry","category-cultura","category-cursos-e-eventos","category-deficiencia","category-inclusao","category-noticias"],"yoast_head":"<!-- This site is optimized with the Yoast SEO plugin v27.4 - https:\/\/yoast.com\/product\/yoast-seo-wordpress\/ -->\n<title>2\u00ba Encontro O que \u00e9 isso? de Dan\u00e7a! -<\/title>\n<meta name=\"robots\" content=\"index, follow, max-snippet:-1, max-image-preview:large, max-video-preview:-1\" \/>\n<link rel=\"canonical\" href=\"https:\/\/inclusivenews.com.br\/?p=21618\" \/>\n<meta property=\"og:locale\" content=\"pt_PT\" \/>\n<meta property=\"og:type\" content=\"article\" \/>\n<meta property=\"og:title\" content=\"2\u00ba Encontro O que \u00e9 isso? de Dan\u00e7a! -\" \/>\n<meta property=\"og:description\" content=\"De 25 a 27 de Novembro de 2011, acontecer\u00e1 no Espa\u00e7o Xisto Bahia, o 2\u00ba ENCONTRO O QUE \u00c9 ISSO? DE DAN\u00c7A que tratar\u00e1 de quest\u00f5es relevantes em torno da acessibilidade e representatividade midi\u00e1tica de grupos profissionais de dan\u00e7a com pessoas com defici\u00eancia.\" \/>\n<meta property=\"og:url\" content=\"https:\/\/inclusivenews.com.br\/?p=21618\" \/>\n<meta property=\"article:publisher\" content=\"https:\/\/www.facebook.com\/agenciainclusive\/\" \/>\n<meta property=\"article:published_time\" content=\"2011-11-23T20:10:07+00:00\" \/>\n<meta property=\"og:image\" content=\"http:\/\/inclusivenews.com.br\/wp-content\/uploads\/danca_inclusiva-150x133.jpg\" \/>\n<meta name=\"author\" content=\"inclusivenews2024\" \/>\n<meta name=\"twitter:card\" content=\"summary_large_image\" \/>\n<meta name=\"twitter:label1\" content=\"Escrito por\" \/>\n\t<meta name=\"twitter:data1\" content=\"inclusivenews2024\" \/>\n\t<meta name=\"twitter:label2\" content=\"Tempo estimado de leitura\" \/>\n\t<meta name=\"twitter:data2\" content=\"2 minutos\" \/>\n<script type=\"application\/ld+json\" class=\"yoast-schema-graph\">{\"@context\":\"https:\\\/\\\/schema.org\",\"@graph\":[{\"@type\":\"Article\",\"@id\":\"https:\\\/\\\/inclusivenews.com.br\\\/?p=21618#article\",\"isPartOf\":{\"@id\":\"https:\\\/\\\/inclusivenews.com.br\\\/?p=21618\"},\"author\":{\"name\":\"inclusivenews2024\",\"@id\":\"https:\\\/\\\/inclusivenews.com.br\\\/#\\\/schema\\\/person\\\/ae4ec7087559b8692fb33b6fffd2273b\"},\"headline\":\"2\u00ba Encontro O que \u00e9 isso? de Dan\u00e7a!\",\"datePublished\":\"2011-11-23T20:10:07+00:00\",\"mainEntityOfPage\":{\"@id\":\"https:\\\/\\\/inclusivenews.com.br\\\/?p=21618\"},\"wordCount\":448,\"commentCount\":0,\"publisher\":{\"@id\":\"https:\\\/\\\/inclusivenews.com.br\\\/#organization\"},\"image\":{\"@id\":\"https:\\\/\\\/inclusivenews.com.br\\\/?p=21618#primaryimage\"},\"thumbnailUrl\":\"http:\\\/\\\/inclusivenews.com.br\\\/wp-content\\\/uploads\\\/danca_inclusiva-150x133.jpg\",\"articleSection\":[\"Cultura\",\"Cursos e eventos\",\"Defici\u00eancia\",\"INCLUS\u00c3O SOCIAL\",\"NOT\u00cdCIAS\"],\"inLanguage\":\"pt-PT\",\"potentialAction\":[{\"@type\":\"CommentAction\",\"name\":\"Comment\",\"target\":[\"https:\\\/\\\/inclusivenews.com.br\\\/?p=21618#respond\"]}]},{\"@type\":\"WebPage\",\"@id\":\"https:\\\/\\\/inclusivenews.com.br\\\/?p=21618\",\"url\":\"https:\\\/\\\/inclusivenews.com.br\\\/?p=21618\",\"name\":\"2\u00ba Encontro O que \u00e9 isso? de Dan\u00e7a! -\",\"isPartOf\":{\"@id\":\"https:\\\/\\\/inclusivenews.com.br\\\/#website\"},\"primaryImageOfPage\":{\"@id\":\"https:\\\/\\\/inclusivenews.com.br\\\/?p=21618#primaryimage\"},\"image\":{\"@id\":\"https:\\\/\\\/inclusivenews.com.br\\\/?p=21618#primaryimage\"},\"thumbnailUrl\":\"http:\\\/\\\/inclusivenews.com.br\\\/wp-content\\\/uploads\\\/danca_inclusiva-150x133.jpg\",\"datePublished\":\"2011-11-23T20:10:07+00:00\",\"breadcrumb\":{\"@id\":\"https:\\\/\\\/inclusivenews.com.br\\\/?p=21618#breadcrumb\"},\"inLanguage\":\"pt-PT\",\"potentialAction\":[{\"@type\":\"ReadAction\",\"target\":[\"https:\\\/\\\/inclusivenews.com.br\\\/?p=21618\"]}]},{\"@type\":\"ImageObject\",\"inLanguage\":\"pt-PT\",\"@id\":\"https:\\\/\\\/inclusivenews.com.br\\\/?p=21618#primaryimage\",\"url\":\"\",\"contentUrl\":\"\"},{\"@type\":\"BreadcrumbList\",\"@id\":\"https:\\\/\\\/inclusivenews.com.br\\\/?p=21618#breadcrumb\",\"itemListElement\":[{\"@type\":\"ListItem\",\"position\":1,\"name\":\"In\u00edcio\",\"item\":\"https:\\\/\\\/inclusivenews.com.br\\\/\"},{\"@type\":\"ListItem\",\"position\":2,\"name\":\"2\u00ba Encontro O que \u00e9 isso? de Dan\u00e7a!\"}]},{\"@type\":\"WebSite\",\"@id\":\"https:\\\/\\\/inclusivenews.com.br\\\/#website\",\"url\":\"https:\\\/\\\/inclusivenews.com.br\\\/\",\"name\":\"Inclusive News\",\"description\":\"Inclusive News\",\"publisher\":{\"@id\":\"https:\\\/\\\/inclusivenews.com.br\\\/#organization\"},\"potentialAction\":[{\"@type\":\"SearchAction\",\"target\":{\"@type\":\"EntryPoint\",\"urlTemplate\":\"https:\\\/\\\/inclusivenews.com.br\\\/?s={search_term_string}\"},\"query-input\":{\"@type\":\"PropertyValueSpecification\",\"valueRequired\":true,\"valueName\":\"search_term_string\"}}],\"inLanguage\":\"pt-PT\"},{\"@type\":\"Organization\",\"@id\":\"https:\\\/\\\/inclusivenews.com.br\\\/#organization\",\"name\":\"Inclusive - inclus\u00e3o e cidadania\",\"url\":\"https:\\\/\\\/inclusivenews.com.br\\\/\",\"logo\":{\"@type\":\"ImageObject\",\"inLanguage\":\"pt-PT\",\"@id\":\"https:\\\/\\\/inclusivenews.com.br\\\/#\\\/schema\\\/logo\\\/image\\\/\",\"url\":\"https:\\\/\\\/inclusivenews.com.br\\\/wp-content\\\/uploads\\\/2024\\\/03\\\/@grandesite.png\",\"contentUrl\":\"https:\\\/\\\/inclusivenews.com.br\\\/wp-content\\\/uploads\\\/2024\\\/03\\\/@grandesite.png\",\"width\":1080,\"height\":1080,\"caption\":\"Inclusive - inclus\u00e3o e cidadania\"},\"image\":{\"@id\":\"https:\\\/\\\/inclusivenews.com.br\\\/#\\\/schema\\\/logo\\\/image\\\/\"},\"sameAs\":[\"https:\\\/\\\/www.facebook.com\\\/agenciainclusive\\\/\",\"https:\\\/\\\/www.instagram.com\\\/newsinclusive\\\/\"]},{\"@type\":\"Person\",\"@id\":\"https:\\\/\\\/inclusivenews.com.br\\\/#\\\/schema\\\/person\\\/ae4ec7087559b8692fb33b6fffd2273b\",\"name\":\"inclusivenews2024\",\"image\":{\"@type\":\"ImageObject\",\"inLanguage\":\"pt-PT\",\"@id\":\"https:\\\/\\\/secure.gravatar.com\\\/avatar\\\/c5a7ef84c66fa914f55bc4f7ce26cfa275a3b9a1c5568b907bd184fb4dde7b40?s=96&d=mm&r=g\",\"url\":\"https:\\\/\\\/secure.gravatar.com\\\/avatar\\\/c5a7ef84c66fa914f55bc4f7ce26cfa275a3b9a1c5568b907bd184fb4dde7b40?s=96&d=mm&r=g\",\"contentUrl\":\"https:\\\/\\\/secure.gravatar.com\\\/avatar\\\/c5a7ef84c66fa914f55bc4f7ce26cfa275a3b9a1c5568b907bd184fb4dde7b40?s=96&d=mm&r=g\",\"caption\":\"inclusivenews2024\"},\"sameAs\":[\"https:\\\/\\\/inclusivenews.com.br\"],\"url\":\"https:\\\/\\\/inclusivenews.com.br\\\/?author=1\"}]}<\/script>\n<!-- \/ Yoast SEO plugin. -->","yoast_head_json":{"title":"2\u00ba Encontro O que \u00e9 isso? de Dan\u00e7a! -","robots":{"index":"index","follow":"follow","max-snippet":"max-snippet:-1","max-image-preview":"max-image-preview:large","max-video-preview":"max-video-preview:-1"},"canonical":"https:\/\/inclusivenews.com.br\/?p=21618","og_locale":"pt_PT","og_type":"article","og_title":"2\u00ba Encontro O que \u00e9 isso? de Dan\u00e7a! -","og_description":"De 25 a 27 de Novembro de 2011, acontecer\u00e1 no Espa\u00e7o Xisto Bahia, o 2\u00ba ENCONTRO O QUE \u00c9 ISSO? DE DAN\u00c7A que tratar\u00e1 de quest\u00f5es relevantes em torno da acessibilidade e representatividade midi\u00e1tica de grupos profissionais de dan\u00e7a com pessoas com defici\u00eancia.","og_url":"https:\/\/inclusivenews.com.br\/?p=21618","article_publisher":"https:\/\/www.facebook.com\/agenciainclusive\/","article_published_time":"2011-11-23T20:10:07+00:00","og_image":[{"url":"http:\/\/inclusivenews.com.br\/wp-content\/uploads\/danca_inclusiva-150x133.jpg","type":"","width":"","height":""}],"author":"inclusivenews2024","twitter_card":"summary_large_image","twitter_misc":{"Escrito por":"inclusivenews2024","Tempo estimado de leitura":"2 minutos"},"schema":{"@context":"https:\/\/schema.org","@graph":[{"@type":"Article","@id":"https:\/\/inclusivenews.com.br\/?p=21618#article","isPartOf":{"@id":"https:\/\/inclusivenews.com.br\/?p=21618"},"author":{"name":"inclusivenews2024","@id":"https:\/\/inclusivenews.com.br\/#\/schema\/person\/ae4ec7087559b8692fb33b6fffd2273b"},"headline":"2\u00ba Encontro O que \u00e9 isso? de Dan\u00e7a!","datePublished":"2011-11-23T20:10:07+00:00","mainEntityOfPage":{"@id":"https:\/\/inclusivenews.com.br\/?p=21618"},"wordCount":448,"commentCount":0,"publisher":{"@id":"https:\/\/inclusivenews.com.br\/#organization"},"image":{"@id":"https:\/\/inclusivenews.com.br\/?p=21618#primaryimage"},"thumbnailUrl":"http:\/\/inclusivenews.com.br\/wp-content\/uploads\/danca_inclusiva-150x133.jpg","articleSection":["Cultura","Cursos e eventos","Defici\u00eancia","INCLUS\u00c3O SOCIAL","NOT\u00cdCIAS"],"inLanguage":"pt-PT","potentialAction":[{"@type":"CommentAction","name":"Comment","target":["https:\/\/inclusivenews.com.br\/?p=21618#respond"]}]},{"@type":"WebPage","@id":"https:\/\/inclusivenews.com.br\/?p=21618","url":"https:\/\/inclusivenews.com.br\/?p=21618","name":"2\u00ba Encontro O que \u00e9 isso? de Dan\u00e7a! -","isPartOf":{"@id":"https:\/\/inclusivenews.com.br\/#website"},"primaryImageOfPage":{"@id":"https:\/\/inclusivenews.com.br\/?p=21618#primaryimage"},"image":{"@id":"https:\/\/inclusivenews.com.br\/?p=21618#primaryimage"},"thumbnailUrl":"http:\/\/inclusivenews.com.br\/wp-content\/uploads\/danca_inclusiva-150x133.jpg","datePublished":"2011-11-23T20:10:07+00:00","breadcrumb":{"@id":"https:\/\/inclusivenews.com.br\/?p=21618#breadcrumb"},"inLanguage":"pt-PT","potentialAction":[{"@type":"ReadAction","target":["https:\/\/inclusivenews.com.br\/?p=21618"]}]},{"@type":"ImageObject","inLanguage":"pt-PT","@id":"https:\/\/inclusivenews.com.br\/?p=21618#primaryimage","url":"","contentUrl":""},{"@type":"BreadcrumbList","@id":"https:\/\/inclusivenews.com.br\/?p=21618#breadcrumb","itemListElement":[{"@type":"ListItem","position":1,"name":"In\u00edcio","item":"https:\/\/inclusivenews.com.br\/"},{"@type":"ListItem","position":2,"name":"2\u00ba Encontro O que \u00e9 isso? de Dan\u00e7a!"}]},{"@type":"WebSite","@id":"https:\/\/inclusivenews.com.br\/#website","url":"https:\/\/inclusivenews.com.br\/","name":"Inclusive News","description":"Inclusive News","publisher":{"@id":"https:\/\/inclusivenews.com.br\/#organization"},"potentialAction":[{"@type":"SearchAction","target":{"@type":"EntryPoint","urlTemplate":"https:\/\/inclusivenews.com.br\/?s={search_term_string}"},"query-input":{"@type":"PropertyValueSpecification","valueRequired":true,"valueName":"search_term_string"}}],"inLanguage":"pt-PT"},{"@type":"Organization","@id":"https:\/\/inclusivenews.com.br\/#organization","name":"Inclusive - inclus\u00e3o e cidadania","url":"https:\/\/inclusivenews.com.br\/","logo":{"@type":"ImageObject","inLanguage":"pt-PT","@id":"https:\/\/inclusivenews.com.br\/#\/schema\/logo\/image\/","url":"https:\/\/inclusivenews.com.br\/wp-content\/uploads\/2024\/03\/@grandesite.png","contentUrl":"https:\/\/inclusivenews.com.br\/wp-content\/uploads\/2024\/03\/@grandesite.png","width":1080,"height":1080,"caption":"Inclusive - inclus\u00e3o e cidadania"},"image":{"@id":"https:\/\/inclusivenews.com.br\/#\/schema\/logo\/image\/"},"sameAs":["https:\/\/www.facebook.com\/agenciainclusive\/","https:\/\/www.instagram.com\/newsinclusive\/"]},{"@type":"Person","@id":"https:\/\/inclusivenews.com.br\/#\/schema\/person\/ae4ec7087559b8692fb33b6fffd2273b","name":"inclusivenews2024","image":{"@type":"ImageObject","inLanguage":"pt-PT","@id":"https:\/\/secure.gravatar.com\/avatar\/c5a7ef84c66fa914f55bc4f7ce26cfa275a3b9a1c5568b907bd184fb4dde7b40?s=96&d=mm&r=g","url":"https:\/\/secure.gravatar.com\/avatar\/c5a7ef84c66fa914f55bc4f7ce26cfa275a3b9a1c5568b907bd184fb4dde7b40?s=96&d=mm&r=g","contentUrl":"https:\/\/secure.gravatar.com\/avatar\/c5a7ef84c66fa914f55bc4f7ce26cfa275a3b9a1c5568b907bd184fb4dde7b40?s=96&d=mm&r=g","caption":"inclusivenews2024"},"sameAs":["https:\/\/inclusivenews.com.br"],"url":"https:\/\/inclusivenews.com.br\/?author=1"}]}},"_links":{"self":[{"href":"https:\/\/inclusivenews.com.br\/index.php?rest_route=\/wp\/v2\/posts\/21618","targetHints":{"allow":["GET"]}}],"collection":[{"href":"https:\/\/inclusivenews.com.br\/index.php?rest_route=\/wp\/v2\/posts"}],"about":[{"href":"https:\/\/inclusivenews.com.br\/index.php?rest_route=\/wp\/v2\/types\/post"}],"author":[{"embeddable":true,"href":"https:\/\/inclusivenews.com.br\/index.php?rest_route=\/wp\/v2\/users\/1"}],"replies":[{"embeddable":true,"href":"https:\/\/inclusivenews.com.br\/index.php?rest_route=%2Fwp%2Fv2%2Fcomments&post=21618"}],"version-history":[{"count":0,"href":"https:\/\/inclusivenews.com.br\/index.php?rest_route=\/wp\/v2\/posts\/21618\/revisions"}],"wp:attachment":[{"href":"https:\/\/inclusivenews.com.br\/index.php?rest_route=%2Fwp%2Fv2%2Fmedia&parent=21618"}],"wp:term":[{"taxonomy":"category","embeddable":true,"href":"https:\/\/inclusivenews.com.br\/index.php?rest_route=%2Fwp%2Fv2%2Fcategories&post=21618"},{"taxonomy":"post_tag","embeddable":true,"href":"https:\/\/inclusivenews.com.br\/index.php?rest_route=%2Fwp%2Fv2%2Ftags&post=21618"}],"curies":[{"name":"wp","href":"https:\/\/api.w.org\/{rel}","templated":true}]}}