{"id":21624,"date":"2011-11-23T17:06:47","date_gmt":"2011-11-23T20:06:47","guid":{"rendered":"http:\/\/www.inclusive.org.br\/?p=21624"},"modified":"2011-11-23T17:06:47","modified_gmt":"2011-11-23T20:06:47","slug":"iii-conferencia-nacional-dos-direitos-da-pessoa-com-deficiencia","status":"publish","type":"post","link":"https:\/\/inclusivenews.com.br\/?p=21624","title":{"rendered":"III Confer\u00eancia Nacional dos Direitos da Pessoa com Defici\u00eancia"},"content":{"rendered":"<figure id=\"attachment_16919\" aria-describedby=\"caption-attachment-16919\" style=\"width: 148px\" class=\"wp-caption alignleft\"><img loading=\"lazy\" decoding=\"async\" class=\"size-full wp-image-16919\" title=\"Logotipo do CONADE - Conselho Nacional dos Direitos da Pessoa Portadora de Defici\u00eancia, a ilustra\u00e7\u00e3o de duas pessoas de bra\u00e7os apertos\" src=\"http:\/\/inclusivenews.com.br\/wp-content\/uploads\/2010\/08\/logo_conade.jpg\" alt=\"\" width=\"148\" height=\"136\" \/><figcaption id=\"caption-attachment-16919\" class=\"wp-caption-text\"> <\/figcaption><\/figure>\n<p>Resolu\u00e7\u00e3o n\u00ba 3 do CONADE publicada dia 08\/11\/2011: Convoca a III Confer\u00eancia Nacional dos Direitos da Pessoa com Defici\u00eancia, e d\u00e1 outras provid\u00eancias.<\/p>\n<p>PRESID\u00caNCIA DA REP\u00daBLICA CASA CIVIL SECRETARIA DE DIREITOS HUMANOS CONSELHO NACIONAL DOS DIREITOS DA PESSOA COM DEFICI\u00caNCIA<\/p>\n<p>RESOLU\u00c7\u00c3O No- 3, DE 4 DE NOVEMBRO DE 2011<\/p>\n<p>Convoca a III Confer\u00eancia Nacional dos Direitos da Pessoa com Defici\u00eancia, e d\u00e1 outras provid\u00eancias.<\/p>\n<p>O CONSELHO NACIONAL DOS DIREITOS DA PESSOA COM DEFICI\u00caNCIA no uso de suas atribui\u00e7\u00f5es legais, nos termos do Art. 30, inciso IV do Regimento Interno e com base na delibera\u00e7\u00e3o da 75\u00aa Reuni\u00e3o Ordin\u00e1ria realizada, nos dias 17,18 e 19 de agosto de 2011, resolve:<\/p>\n<p>Art. 1\u00ba Realizar a III Confer\u00eancia Nacional dos Direitos da Pessoa com Defici\u00eancia, em Bras\u00edlia, Distrito Federal, no per\u00edodo de 03 a 06 de dezembro de 2012, sob a coordena\u00e7\u00e3o da Secretaria de Direitos Humanos da Presid\u00eancia da Rep\u00fablica.<\/p>\n<p>Art. 2\u00ba A III Confer\u00eancia Nacional ser\u00e1 precedida de confer\u00eancias estaduais e municipais, de acordo com o seguinte calend\u00e1rio:<\/p>\n<p>I &#8211; Confer\u00eancias Municipais: De 01 de novembro de 2011 a 30 de abril de 2012.<\/p>\n<p>II &#8211; Confer\u00eancias Estaduais: De 15 de maio de 2012 a 31 de julho de 2012.<\/p>\n<p>Par\u00e1grafo \u00fanico. Os Conselhos Estaduais ter\u00e3o at\u00e9 31 de agosto de 2012 para o envio das delibera\u00e7\u00f5es, rela\u00e7\u00e3o de delegados e demais documentos pertinentes para a Comiss\u00e3o Organizadora da Confer\u00eancia Nacional.<\/p>\n<p>Art. 3\u00ba A III Confer\u00eancia Nacional desenvolver\u00e1 seus trabalhos sob a tem\u00e1tica &#8220;Um olhar atrav\u00e9s da Conven\u00e7\u00e3o sobre os Direitos da Pessoa com Defici\u00eancia, da ONU: novas perspectivas e desafios&#8221;.<\/p>\n<p>Par\u00e1grafo \u00fanico. O tema citado no caput ser\u00e1 discutido em 4 eixos:<\/p>\n<p>a) educa\u00e7\u00e3o, esporte, trabalho e reabilita\u00e7\u00e3o profissional;<\/p>\n<p>b) acessibilidade, comunica\u00e7\u00e3o, transporte e moradia;<\/p>\n<p>c) sa\u00fade, preven\u00e7\u00e3o, reabilita\u00e7\u00e3o, \u00f3rteses e pr\u00f3teses e<\/p>\n<p>d) seguran\u00e7a, acesso \u00e0 justi\u00e7a, padr\u00e3o de vida e prote\u00e7\u00e3o social adequados.<\/p>\n<p>Art. 4\u00ba A III Confer\u00eancia Nacional ser\u00e1 presidida pela Ministra Chefe da Secretaria de Direitos Humanos da Presid\u00eancia da Rep\u00fablica e, na sua aus\u00eancia ou impedimento legal, pelo Presidente do CONADE.<\/p>\n<p>Art. 5\u00ba Esta Resolu\u00e7\u00e3o entra em vigor na data de sua publica\u00e7\u00e3o. MOISES BAUER LUIZ Presidente do CONADE<\/p>\n","protected":false},"excerpt":{"rendered":"<p>Resolu\u00e7\u00e3o n\u00ba 3 do CONADE publicada dia 08\/11\/2011: Convoca a III Confer\u00eancia Nacional dos Direitos da Pessoa com Defici\u00eancia, e d\u00e1 outras provid\u00eancias.<\/p>\n","protected":false},"author":1,"featured_media":0,"comment_status":"open","ping_status":"open","sticky":false,"template":"","format":"standard","meta":{"site-container-style":"default","site-container-layout":"default","site-sidebar-layout":"default","disable-article-header":"default","disable-site-header":"default","disable-site-footer":"default","disable-content-area-spacing":"default","footnotes":""},"categories":[38,4],"tags":[],"class_list":["post-21624","post","type-post","status-publish","format-standard","hentry","category-deficiencia","category-noticias"],"yoast_head":"<!-- This site is optimized with the Yoast SEO plugin v27.4 - https:\/\/yoast.com\/product\/yoast-seo-wordpress\/ -->\n<title>III Confer\u00eancia Nacional dos Direitos da Pessoa com Defici\u00eancia -<\/title>\n<meta name=\"robots\" content=\"index, follow, max-snippet:-1, max-image-preview:large, max-video-preview:-1\" \/>\n<link rel=\"canonical\" href=\"https:\/\/inclusivenews.com.br\/?p=21624\" \/>\n<meta property=\"og:locale\" content=\"pt_PT\" \/>\n<meta property=\"og:type\" content=\"article\" \/>\n<meta property=\"og:title\" content=\"III Confer\u00eancia Nacional dos Direitos da Pessoa com Defici\u00eancia -\" \/>\n<meta property=\"og:description\" content=\"Resolu\u00e7\u00e3o n\u00ba 3 do CONADE publicada dia 08\/11\/2011: Convoca a III Confer\u00eancia Nacional dos Direitos da Pessoa com Defici\u00eancia, e d\u00e1 outras provid\u00eancias.\" \/>\n<meta property=\"og:url\" content=\"https:\/\/inclusivenews.com.br\/?p=21624\" \/>\n<meta property=\"article:publisher\" content=\"https:\/\/www.facebook.com\/agenciainclusive\/\" \/>\n<meta property=\"article:published_time\" content=\"2011-11-23T20:06:47+00:00\" \/>\n<meta property=\"og:image\" content=\"http:\/\/inclusivenews.com.br\/wp-content\/uploads\/2010\/08\/logo_conade.jpg\" \/>\n<meta name=\"author\" content=\"inclusivenews2024\" \/>\n<meta name=\"twitter:card\" content=\"summary_large_image\" \/>\n<meta name=\"twitter:label1\" content=\"Escrito por\" \/>\n\t<meta name=\"twitter:data1\" content=\"inclusivenews2024\" \/>\n\t<meta name=\"twitter:label2\" content=\"Tempo estimado de leitura\" \/>\n\t<meta name=\"twitter:data2\" content=\"2 minutos\" \/>\n<script type=\"application\/ld+json\" class=\"yoast-schema-graph\">{\"@context\":\"https:\\\/\\\/schema.org\",\"@graph\":[{\"@type\":\"Article\",\"@id\":\"https:\\\/\\\/inclusivenews.com.br\\\/?p=21624#article\",\"isPartOf\":{\"@id\":\"https:\\\/\\\/inclusivenews.com.br\\\/?p=21624\"},\"author\":{\"name\":\"inclusivenews2024\",\"@id\":\"https:\\\/\\\/inclusivenews.com.br\\\/#\\\/schema\\\/person\\\/ae4ec7087559b8692fb33b6fffd2273b\"},\"headline\":\"III Confer\u00eancia Nacional dos Direitos da Pessoa com Defici\u00eancia\",\"datePublished\":\"2011-11-23T20:06:47+00:00\",\"mainEntityOfPage\":{\"@id\":\"https:\\\/\\\/inclusivenews.com.br\\\/?p=21624\"},\"wordCount\":400,\"commentCount\":10,\"publisher\":{\"@id\":\"https:\\\/\\\/inclusivenews.com.br\\\/#organization\"},\"image\":{\"@id\":\"https:\\\/\\\/inclusivenews.com.br\\\/?p=21624#primaryimage\"},\"thumbnailUrl\":\"http:\\\/\\\/inclusivenews.com.br\\\/wp-content\\\/uploads\\\/2010\\\/08\\\/logo_conade.jpg\",\"articleSection\":[\"Defici\u00eancia\",\"NOT\u00cdCIAS\"],\"inLanguage\":\"pt-PT\",\"potentialAction\":[{\"@type\":\"CommentAction\",\"name\":\"Comment\",\"target\":[\"https:\\\/\\\/inclusivenews.com.br\\\/?p=21624#respond\"]}]},{\"@type\":\"WebPage\",\"@id\":\"https:\\\/\\\/inclusivenews.com.br\\\/?p=21624\",\"url\":\"https:\\\/\\\/inclusivenews.com.br\\\/?p=21624\",\"name\":\"III Confer\u00eancia Nacional dos Direitos da Pessoa com Defici\u00eancia -\",\"isPartOf\":{\"@id\":\"https:\\\/\\\/inclusivenews.com.br\\\/#website\"},\"primaryImageOfPage\":{\"@id\":\"https:\\\/\\\/inclusivenews.com.br\\\/?p=21624#primaryimage\"},\"image\":{\"@id\":\"https:\\\/\\\/inclusivenews.com.br\\\/?p=21624#primaryimage\"},\"thumbnailUrl\":\"http:\\\/\\\/inclusivenews.com.br\\\/wp-content\\\/uploads\\\/2010\\\/08\\\/logo_conade.jpg\",\"datePublished\":\"2011-11-23T20:06:47+00:00\",\"breadcrumb\":{\"@id\":\"https:\\\/\\\/inclusivenews.com.br\\\/?p=21624#breadcrumb\"},\"inLanguage\":\"pt-PT\",\"potentialAction\":[{\"@type\":\"ReadAction\",\"target\":[\"https:\\\/\\\/inclusivenews.com.br\\\/?p=21624\"]}]},{\"@type\":\"ImageObject\",\"inLanguage\":\"pt-PT\",\"@id\":\"https:\\\/\\\/inclusivenews.com.br\\\/?p=21624#primaryimage\",\"url\":\"\",\"contentUrl\":\"\"},{\"@type\":\"BreadcrumbList\",\"@id\":\"https:\\\/\\\/inclusivenews.com.br\\\/?p=21624#breadcrumb\",\"itemListElement\":[{\"@type\":\"ListItem\",\"position\":1,\"name\":\"In\u00edcio\",\"item\":\"https:\\\/\\\/inclusivenews.com.br\\\/\"},{\"@type\":\"ListItem\",\"position\":2,\"name\":\"III Confer\u00eancia Nacional dos Direitos da Pessoa com Defici\u00eancia\"}]},{\"@type\":\"WebSite\",\"@id\":\"https:\\\/\\\/inclusivenews.com.br\\\/#website\",\"url\":\"https:\\\/\\\/inclusivenews.com.br\\\/\",\"name\":\"Inclusive News\",\"description\":\"Inclusive News\",\"publisher\":{\"@id\":\"https:\\\/\\\/inclusivenews.com.br\\\/#organization\"},\"potentialAction\":[{\"@type\":\"SearchAction\",\"target\":{\"@type\":\"EntryPoint\",\"urlTemplate\":\"https:\\\/\\\/inclusivenews.com.br\\\/?s={search_term_string}\"},\"query-input\":{\"@type\":\"PropertyValueSpecification\",\"valueRequired\":true,\"valueName\":\"search_term_string\"}}],\"inLanguage\":\"pt-PT\"},{\"@type\":\"Organization\",\"@id\":\"https:\\\/\\\/inclusivenews.com.br\\\/#organization\",\"name\":\"Inclusive - inclus\u00e3o e cidadania\",\"url\":\"https:\\\/\\\/inclusivenews.com.br\\\/\",\"logo\":{\"@type\":\"ImageObject\",\"inLanguage\":\"pt-PT\",\"@id\":\"https:\\\/\\\/inclusivenews.com.br\\\/#\\\/schema\\\/logo\\\/image\\\/\",\"url\":\"https:\\\/\\\/inclusivenews.com.br\\\/wp-content\\\/uploads\\\/2024\\\/03\\\/@grandesite.png\",\"contentUrl\":\"https:\\\/\\\/inclusivenews.com.br\\\/wp-content\\\/uploads\\\/2024\\\/03\\\/@grandesite.png\",\"width\":1080,\"height\":1080,\"caption\":\"Inclusive - inclus\u00e3o e cidadania\"},\"image\":{\"@id\":\"https:\\\/\\\/inclusivenews.com.br\\\/#\\\/schema\\\/logo\\\/image\\\/\"},\"sameAs\":[\"https:\\\/\\\/www.facebook.com\\\/agenciainclusive\\\/\",\"https:\\\/\\\/www.instagram.com\\\/newsinclusive\\\/\"]},{\"@type\":\"Person\",\"@id\":\"https:\\\/\\\/inclusivenews.com.br\\\/#\\\/schema\\\/person\\\/ae4ec7087559b8692fb33b6fffd2273b\",\"name\":\"inclusivenews2024\",\"image\":{\"@type\":\"ImageObject\",\"inLanguage\":\"pt-PT\",\"@id\":\"https:\\\/\\\/secure.gravatar.com\\\/avatar\\\/c5a7ef84c66fa914f55bc4f7ce26cfa275a3b9a1c5568b907bd184fb4dde7b40?s=96&d=mm&r=g\",\"url\":\"https:\\\/\\\/secure.gravatar.com\\\/avatar\\\/c5a7ef84c66fa914f55bc4f7ce26cfa275a3b9a1c5568b907bd184fb4dde7b40?s=96&d=mm&r=g\",\"contentUrl\":\"https:\\\/\\\/secure.gravatar.com\\\/avatar\\\/c5a7ef84c66fa914f55bc4f7ce26cfa275a3b9a1c5568b907bd184fb4dde7b40?s=96&d=mm&r=g\",\"caption\":\"inclusivenews2024\"},\"sameAs\":[\"https:\\\/\\\/inclusivenews.com.br\"],\"url\":\"https:\\\/\\\/inclusivenews.com.br\\\/?author=1\"}]}<\/script>\n<!-- \/ Yoast SEO plugin. -->","yoast_head_json":{"title":"III Confer\u00eancia Nacional dos Direitos da Pessoa com Defici\u00eancia -","robots":{"index":"index","follow":"follow","max-snippet":"max-snippet:-1","max-image-preview":"max-image-preview:large","max-video-preview":"max-video-preview:-1"},"canonical":"https:\/\/inclusivenews.com.br\/?p=21624","og_locale":"pt_PT","og_type":"article","og_title":"III Confer\u00eancia Nacional dos Direitos da Pessoa com Defici\u00eancia -","og_description":"Resolu\u00e7\u00e3o n\u00ba 3 do CONADE publicada dia 08\/11\/2011: Convoca a III Confer\u00eancia Nacional dos Direitos da Pessoa com Defici\u00eancia, e d\u00e1 outras provid\u00eancias.","og_url":"https:\/\/inclusivenews.com.br\/?p=21624","article_publisher":"https:\/\/www.facebook.com\/agenciainclusive\/","article_published_time":"2011-11-23T20:06:47+00:00","og_image":[{"url":"http:\/\/inclusivenews.com.br\/wp-content\/uploads\/2010\/08\/logo_conade.jpg","type":"","width":"","height":""}],"author":"inclusivenews2024","twitter_card":"summary_large_image","twitter_misc":{"Escrito por":"inclusivenews2024","Tempo estimado de leitura":"2 minutos"},"schema":{"@context":"https:\/\/schema.org","@graph":[{"@type":"Article","@id":"https:\/\/inclusivenews.com.br\/?p=21624#article","isPartOf":{"@id":"https:\/\/inclusivenews.com.br\/?p=21624"},"author":{"name":"inclusivenews2024","@id":"https:\/\/inclusivenews.com.br\/#\/schema\/person\/ae4ec7087559b8692fb33b6fffd2273b"},"headline":"III Confer\u00eancia Nacional dos Direitos da Pessoa com Defici\u00eancia","datePublished":"2011-11-23T20:06:47+00:00","mainEntityOfPage":{"@id":"https:\/\/inclusivenews.com.br\/?p=21624"},"wordCount":400,"commentCount":10,"publisher":{"@id":"https:\/\/inclusivenews.com.br\/#organization"},"image":{"@id":"https:\/\/inclusivenews.com.br\/?p=21624#primaryimage"},"thumbnailUrl":"http:\/\/inclusivenews.com.br\/wp-content\/uploads\/2010\/08\/logo_conade.jpg","articleSection":["Defici\u00eancia","NOT\u00cdCIAS"],"inLanguage":"pt-PT","potentialAction":[{"@type":"CommentAction","name":"Comment","target":["https:\/\/inclusivenews.com.br\/?p=21624#respond"]}]},{"@type":"WebPage","@id":"https:\/\/inclusivenews.com.br\/?p=21624","url":"https:\/\/inclusivenews.com.br\/?p=21624","name":"III Confer\u00eancia Nacional dos Direitos da Pessoa com Defici\u00eancia -","isPartOf":{"@id":"https:\/\/inclusivenews.com.br\/#website"},"primaryImageOfPage":{"@id":"https:\/\/inclusivenews.com.br\/?p=21624#primaryimage"},"image":{"@id":"https:\/\/inclusivenews.com.br\/?p=21624#primaryimage"},"thumbnailUrl":"http:\/\/inclusivenews.com.br\/wp-content\/uploads\/2010\/08\/logo_conade.jpg","datePublished":"2011-11-23T20:06:47+00:00","breadcrumb":{"@id":"https:\/\/inclusivenews.com.br\/?p=21624#breadcrumb"},"inLanguage":"pt-PT","potentialAction":[{"@type":"ReadAction","target":["https:\/\/inclusivenews.com.br\/?p=21624"]}]},{"@type":"ImageObject","inLanguage":"pt-PT","@id":"https:\/\/inclusivenews.com.br\/?p=21624#primaryimage","url":"","contentUrl":""},{"@type":"BreadcrumbList","@id":"https:\/\/inclusivenews.com.br\/?p=21624#breadcrumb","itemListElement":[{"@type":"ListItem","position":1,"name":"In\u00edcio","item":"https:\/\/inclusivenews.com.br\/"},{"@type":"ListItem","position":2,"name":"III Confer\u00eancia Nacional dos Direitos da Pessoa com Defici\u00eancia"}]},{"@type":"WebSite","@id":"https:\/\/inclusivenews.com.br\/#website","url":"https:\/\/inclusivenews.com.br\/","name":"Inclusive News","description":"Inclusive News","publisher":{"@id":"https:\/\/inclusivenews.com.br\/#organization"},"potentialAction":[{"@type":"SearchAction","target":{"@type":"EntryPoint","urlTemplate":"https:\/\/inclusivenews.com.br\/?s={search_term_string}"},"query-input":{"@type":"PropertyValueSpecification","valueRequired":true,"valueName":"search_term_string"}}],"inLanguage":"pt-PT"},{"@type":"Organization","@id":"https:\/\/inclusivenews.com.br\/#organization","name":"Inclusive - inclus\u00e3o e cidadania","url":"https:\/\/inclusivenews.com.br\/","logo":{"@type":"ImageObject","inLanguage":"pt-PT","@id":"https:\/\/inclusivenews.com.br\/#\/schema\/logo\/image\/","url":"https:\/\/inclusivenews.com.br\/wp-content\/uploads\/2024\/03\/@grandesite.png","contentUrl":"https:\/\/inclusivenews.com.br\/wp-content\/uploads\/2024\/03\/@grandesite.png","width":1080,"height":1080,"caption":"Inclusive - inclus\u00e3o e cidadania"},"image":{"@id":"https:\/\/inclusivenews.com.br\/#\/schema\/logo\/image\/"},"sameAs":["https:\/\/www.facebook.com\/agenciainclusive\/","https:\/\/www.instagram.com\/newsinclusive\/"]},{"@type":"Person","@id":"https:\/\/inclusivenews.com.br\/#\/schema\/person\/ae4ec7087559b8692fb33b6fffd2273b","name":"inclusivenews2024","image":{"@type":"ImageObject","inLanguage":"pt-PT","@id":"https:\/\/secure.gravatar.com\/avatar\/c5a7ef84c66fa914f55bc4f7ce26cfa275a3b9a1c5568b907bd184fb4dde7b40?s=96&d=mm&r=g","url":"https:\/\/secure.gravatar.com\/avatar\/c5a7ef84c66fa914f55bc4f7ce26cfa275a3b9a1c5568b907bd184fb4dde7b40?s=96&d=mm&r=g","contentUrl":"https:\/\/secure.gravatar.com\/avatar\/c5a7ef84c66fa914f55bc4f7ce26cfa275a3b9a1c5568b907bd184fb4dde7b40?s=96&d=mm&r=g","caption":"inclusivenews2024"},"sameAs":["https:\/\/inclusivenews.com.br"],"url":"https:\/\/inclusivenews.com.br\/?author=1"}]}},"_links":{"self":[{"href":"https:\/\/inclusivenews.com.br\/index.php?rest_route=\/wp\/v2\/posts\/21624","targetHints":{"allow":["GET"]}}],"collection":[{"href":"https:\/\/inclusivenews.com.br\/index.php?rest_route=\/wp\/v2\/posts"}],"about":[{"href":"https:\/\/inclusivenews.com.br\/index.php?rest_route=\/wp\/v2\/types\/post"}],"author":[{"embeddable":true,"href":"https:\/\/inclusivenews.com.br\/index.php?rest_route=\/wp\/v2\/users\/1"}],"replies":[{"embeddable":true,"href":"https:\/\/inclusivenews.com.br\/index.php?rest_route=%2Fwp%2Fv2%2Fcomments&post=21624"}],"version-history":[{"count":0,"href":"https:\/\/inclusivenews.com.br\/index.php?rest_route=\/wp\/v2\/posts\/21624\/revisions"}],"wp:attachment":[{"href":"https:\/\/inclusivenews.com.br\/index.php?rest_route=%2Fwp%2Fv2%2Fmedia&parent=21624"}],"wp:term":[{"taxonomy":"category","embeddable":true,"href":"https:\/\/inclusivenews.com.br\/index.php?rest_route=%2Fwp%2Fv2%2Fcategories&post=21624"},{"taxonomy":"post_tag","embeddable":true,"href":"https:\/\/inclusivenews.com.br\/index.php?rest_route=%2Fwp%2Fv2%2Ftags&post=21624"}],"curies":[{"name":"wp","href":"https:\/\/api.w.org\/{rel}","templated":true}]}}