{"id":21626,"date":"2011-11-23T17:04:08","date_gmt":"2011-11-23T20:04:08","guid":{"rendered":"http:\/\/www.inclusive.org.br\/?p=21626"},"modified":"2011-11-23T17:04:08","modified_gmt":"2011-11-23T20:04:08","slug":"livro-retrata-processo-de-inclusao-de-pessoas-com-deficiencia-na-industria-da-construcao-pesada","status":"publish","type":"post","link":"https:\/\/inclusivenews.com.br\/?p=21626","title":{"rendered":"Livro retrata processo de inclus\u00e3o de pessoas com defici\u00eancia na ind\u00fastria da constru\u00e7\u00e3o pesada"},"content":{"rendered":"<figure style=\"width: 248px\" class=\"wp-caption alignleft\"><img loading=\"lazy\" decoding=\"async\" src=\"http:\/\/www.accbinclusao.org.br\/imagens\/layout\/logo.png\" alt=\" \" width=\"248\" height=\"84\" \/><figcaption class=\"wp-caption-text\"> <\/figcaption><\/figure>\n<p><span style=\"font-size: 9pt; color: black; font-family: Arial;\">O Sindicato da Ind\u00fastria da Constru\u00e7\u00e3o Pesada do Estado de S\u00e3o Paulo (SINICESP-SP), o Sindicato dos Trabalhadores nas Ind\u00fastrias da Constru\u00e7\u00e3o Pesada, Infraestrutura e Afins do Estado de S\u00e3o Paulo (SINTRAPAV-SP) e a Superintend\u00eancia Regional do Trabalho e Emprego em S\u00e3o Paulo (SRTE\/SP) lan\u00e7am, no dia 4 de outubro o livro \u201cConstruindo a Inclus\u00e3o da Pessoa com Defici\u00eancia no Trabalho\u201d, escrito pelo m\u00e9dico e auditor fiscal da SRTE\/SP Jos\u00e9 Carlos do Carmo e produzido pela <strong><span style=\"font-family: Arial;\">Associa\u00e7\u00e3o Civil Cidadania Brasil (ACCB)<\/span><\/strong>. A obra, que levou um ano para ser produzida entre a pesquisa documental, visitas a canteiros de obra do setor, entrevistas com gestores, colegas, familiares e profissionais com defici\u00eancia que atuam no setor e a reda\u00e7\u00e3o, retrata o processo de inclus\u00e3o de trabalhadores com defici\u00eancia na ind\u00fastria da constru\u00e7\u00e3o pesa<\/span><\/p>\n<div class=\"yiv1549335085MsoNormal\" style=\"margin: 0cm 0cm 0pt;\"><span><strong> <\/strong><\/span><\/div>\n<p style=\"text-align: justify;\"><span style=\"font-size: 9pt; color: black; font-family: Arial;\">No livro, o autor credita \u00e0 Lei 8.213\/1991, a chamada Lei de Cotas, o impulso ao avan\u00e7o da empregabilidade da pessoa com defici\u00eancia. \u201cComo costuma acontecer com leis de car\u00e1ter afirmativo, a Lei 8.213 foi uma medida de emerg\u00eancia necess\u00e1ria para provocar a mudan\u00e7a de um quadro de exclus\u00e3o social que se arrastava historicamente. Trata-se de uma lei que nasceu sob a convic\u00e7\u00e3o de que um dia n\u00e3o ser\u00e1 mais necess\u00e1ria. Quando a inclus\u00e3o for uma realidade e a contrata\u00e7\u00e3o de pessoas com defici\u00eancia se incorporar \u00e0 pr\u00e1tica e aos valores das empresas, sem nenhum tipo de preconceito, a Lei de Cotas ser\u00e1 apenas um marco legal na hist\u00f3ria de nosso pa\u00eds\u201d afirma.<\/span><\/p>\n<p style=\"text-align: justify;\"><span style=\"font-size: 9pt; color: black; font-family: Arial;\">Segundo Jos\u00e9 Carlos do Carmo, \u201ca experi\u00eancia inclusiva na constru\u00e7\u00e3o pesada comprova que a realiza\u00e7\u00e3o deste objetivo \u00e9 uma tarefa complexa, que se faz aprendendo com situa\u00e7\u00f5es novas todos os dias, marcadas por avan\u00e7os e retrocessos, aliando o sonho de um mundo melhor ao pragmatismo da execu\u00e7\u00e3o de a\u00e7\u00f5es concretas para a transforma\u00e7\u00e3o do mundo do trabalho\u201d.<\/span><\/p>\n<p style=\"text-align: justify;\"><span style=\"font-size: 9pt; color: black; font-family: Arial;\">O livro aborda o contexto da inclus\u00e3o da pessoa com defici\u00eancia, explica a <\/span><strong><span style=\"font-size: 10pt; color: black; font-family: Arial;\">estrat\u00e9gia de pactos setoriais<\/span><\/strong><span style=\"font-size: 9pt; color: black; font-family: Arial;\"> desenvolvida pela SRTE\/SP como forma de impulsionar a contrata\u00e7\u00e3o de trabalhadores com defici\u00eancia no Estado de S\u00e3o Paulo e oferece um amplo diagn\u00f3stico da empregabilidade de trabalhadores com esta condi\u00e7\u00e3o na constru\u00e7\u00e3o pesada. Para isso, foram realizadas discuss\u00f5es em grupos focais mediados pro psic\u00f3logas envolvendo gestores de recursos humanos, chefes imediatos, colegas de trabalho, familiares e trabalhadores com defici\u00eancia j\u00e1 empregados no setor. <\/span><\/p>\n<p style=\"text-align: justify;\"><span style=\"font-size: 9pt; color: black; font-family: Arial;\">A publica\u00e7\u00e3o traz, ainda, hist\u00f3rias de vida de trabalhadores da constru\u00e7\u00e3o pesada colhidos nos pr\u00f3prios canteiros de obra.<\/span><\/p>\n<p style=\"text-align: justify;\"><span style=\"font-size: 9pt; color: black; font-family: Arial;\">O livro \u201cConstruindo a Inclus\u00e3o da Pessoa com Defici\u00eancia no Trabalho\u201d \u00e9 um lan\u00e7amento conjunto da \u00c1urea Editora e da <strong><span style=\"font-family: Arial;\">ACCB (Associa\u00e7\u00e3o Civil Cidadania Brasil)<\/span><\/strong>.<\/span><\/p>\n<p style=\"text-align: justify;\"><strong><span style=\"font-size: 9pt; color: black; font-family: Arial;\">SOBRE O LIVRO<\/span><\/strong><span style=\"font-size: 9pt; color: black; font-family: Arial;\"> <\/span><\/p>\n<p style=\"text-align: justify;\"><span style=\"font-size: 9pt; color: black; font-family: Arial;\">\u201cConstruindo a Inclus\u00e3o da Pessoa com Defici\u00eancia no Trabalho\u201d traz um diferencial importante tanto na forma de recolher e transmitir resultados (mediante grupos focais representativos de cinco atores diferentes) como no fato de retratar a pessoa com defici\u00eancia em um cen\u00e1rio inusitado. Este livro mostra o trabalhador com defici\u00eancia em uma \u2018Experi\u00eancia na Ind\u00fastria da Constru\u00e7\u00e3o Pesada no Estado de S\u00e3o Paulo\u2019. \u00c9 produto de desafio e comprova\u00e7\u00e3o de possibilidade.\u201d (Izabel de Loureiro Maior, docente mestre da Faculdade de Medicina da UFRJ, integrante da carreira de especialista em pol\u00edticas p\u00fablicas e gest\u00e3o governamental do Minist\u00e9rio do Planejamento, Or\u00e7amento e Gest\u00e3o, foi Secret\u00e1ria Nacional de Promo\u00e7\u00e3o de Direitos da Pessoa com Defici\u00eancia em 2009\/2010)<\/span><\/p>\n<p style=\"text-align: justify;\"><span style=\"font-size: 9pt; color: black; font-family: Arial;\">\u201cA inclus\u00e3o da pessoa com defici\u00eancia no mundo do trabalho \u00e9 um direito fundamental cujo exerc\u00edcio tem impacto na vida de todos. Ao conseguir um emprego, ela n\u00e3o s\u00f3 abre caminho para a conquista de crescentes graus de autonomia, como ganha um novo papel na fam\u00edlia e na comunidade. Ao atuar de forma produtiva, demonstra que a possibilidade de superar os limites impostos por sua condi\u00e7\u00e3o depende tamb\u00e9m de que lhe sejam oferecidas oportunidades iguais \u00e0s dos demais cidad\u00e3os. Como regra geral, a sua capacidade de resposta tem superado as expectativas e oferecido aprendizagens importantes ao ambiente corporativo.\u201d (Jos\u00e9 Roberto de Melo, Superintendente da SRTE\/SP)<\/span><\/p>\n<p style=\"text-align: justify;\"><span style=\"font-size: 9pt; color: black; font-family: Arial;\">\u201cO aumento da empregabilidade da pessoa com defici\u00eancia \u00e9 uma das prioridades da agenda de desenvolvimento do Brasil. Trata-se de um requisito indispens\u00e1vel para a constru\u00e7\u00e3o de um modelo econ\u00f4mico sustent\u00e1vel, e, portanto, inclusivo. De acordo com o IBGE, um em cada sete brasileiros tem defici\u00eancia ou mobilidade reduzida. No Minist\u00e9rio do Trabalho e Emprego, acreditamos que o Brasil n\u00e3o pode abrir m\u00e3o de 14,5% de sua for\u00e7a produtiva \u2013 percentual da popula\u00e7\u00e3o com defici\u00eancia e mobilidade reduzida (Censo 2002, IBGE). Criar condi\u00e7\u00f5es para que este p\u00fablico exercite a cidadania passa por reconhecer sua capacidade produtiva e enfrentar as barreiras que impedem que participe da economia formal em condi\u00e7\u00f5es de igualdade com os demais trabalhadores.\u201d (Carlos Luppi, Ministro do Trabalho e Emprego)<\/span><\/p>\n<p style=\"text-align: justify;\"><strong><span style=\"font-size: 9pt; color: black; font-family: Arial;\"><strong><span style=\"font-family: Arial;\">SOBRE O AUTOR<\/span><\/strong><\/span><\/strong><\/p>\n<p><span style=\"font-size: 9pt; color: black; font-family: Arial;\">Jos\u00e9 Carlos do Carmo (Kal) \u00e9 auditor fiscal da Superintend\u00eancia Regional do Trabalho e Emprego do Estado de S\u00e3o Paulo, m\u00e9dico sanitarista e do trabalho graduado pela Faculdade de Medicina da Universidade de S\u00e3o Paulo, mestre em Sa\u00fade P\u00fablica pela Faculdade de Sa\u00fade P\u00fablica da USP e autor de livros na \u00e1rea de sa\u00fade p\u00fablica e do trabalhador, como \u201cA Inser\u00e7\u00e3o da Pessoa com Defici\u00eancia no Mundo do Trabalho &#8211; O Resgate de um Direito de Cidadania\u201d, em parceria com a auditora fiscal do trabalho Luc\u00edola Rodrigues Jaime, bem como de artigos e cap\u00edtulos de livros sobre estes temas.<br \/>\n<\/span><\/p>\n<p><span style=\"font-size: 9pt; color: black; font-family: Arial;\"><strong>ACESSO AO LIVRO<\/strong><br \/>\n<\/span><\/p>\n<p><span style=\"font-size: 9pt; color: black; font-family: Arial;\">Interessados em receber exemplares do livro podem enviar solicita\u00e7\u00e3o para o e-mail <a class=\"moz-txt-link-abbreviated\" href=\"mailto:eventos@sinicesp.com.br\">eventos@sinicesp.com.br<\/a><br \/>\n<\/span><\/p>\n<p><span style=\"font-size: 9pt; color: black; font-family: Arial;\">A publica\u00e7\u00e3o, lan\u00e7ada pela ACCB e a \u00c1urea Editora, tem, ainda, vers\u00e3o em PDF, que pode ser lida em computadores, smartphones e tablets.<br \/>\n<\/span><\/p>\n<p><span style=\"font-size: 9pt; color: black; font-family: Arial;\"><a href=\"http:\/\/www.accbinclusao.org.br\/noticia\/22\/livro-sobre-inclusao-na-construcao-pesada-tem-versao-digital\">Link de acesso.<\/a><br \/>\n<\/span><\/p>\n<p class=\"yiv1549335085MsoNormal\" style=\"margin: 0cm 0cm 0pt;\"><span style=\"font-family: &amp;amp;quot; color: #000000; font-size: small;\">Fonte: <\/span><a rel=\"nofollow noopener\" href=\"http:\/\/www.accb.org.br\/\" target=\"_blank\"><span style=\"font-family: &amp;amp;quot; color: #800080; font-size: small;\">http:\/\/www.accb.org.br\/<\/span><\/a><\/p>\n","protected":false},"excerpt":{"rendered":"<p>O livro aborda o contexto da inclus\u00e3o da pessoa com defici\u00eancia, explica a estrat\u00e9gia de pactos setoriais desenvolvida pela SRTE\/SP como forma de impulsionar a contrata\u00e7\u00e3o de trabalhadores com defici\u00eancia no Estado de S\u00e3o Paulo e oferece um amplo diagn\u00f3stico da empregabilidade de trabalhadores com esta condi\u00e7\u00e3o na constru\u00e7\u00e3o pesada. <\/p>\n","protected":false},"author":1,"featured_media":0,"comment_status":"open","ping_status":"open","sticky":false,"template":"","format":"standard","meta":{"site-container-style":"default","site-container-layout":"default","site-sidebar-layout":"default","disable-article-header":"default","disable-site-header":"default","disable-site-footer":"default","disable-content-area-spacing":"default","footnotes":""},"categories":[38,48,50,51,46,4],"tags":[],"class_list":["post-21626","post","type-post","status-publish","format-standard","hentry","category-deficiencia","category-inclusao","category-lancamentos","category-livros","category-mercado-de-trabalho","category-noticias"],"yoast_head":"<!-- This site is optimized with the Yoast SEO plugin v27.4 - https:\/\/yoast.com\/product\/yoast-seo-wordpress\/ -->\n<title>Livro retrata processo de inclus\u00e3o de pessoas com defici\u00eancia na ind\u00fastria da constru\u00e7\u00e3o pesada -<\/title>\n<meta name=\"robots\" content=\"index, follow, max-snippet:-1, max-image-preview:large, max-video-preview:-1\" \/>\n<link rel=\"canonical\" href=\"https:\/\/inclusivenews.com.br\/?p=21626\" \/>\n<meta property=\"og:locale\" content=\"pt_PT\" \/>\n<meta property=\"og:type\" content=\"article\" \/>\n<meta property=\"og:title\" content=\"Livro retrata processo de inclus\u00e3o de pessoas com defici\u00eancia na ind\u00fastria da constru\u00e7\u00e3o pesada -\" \/>\n<meta property=\"og:description\" content=\"O livro aborda o contexto da inclus\u00e3o da pessoa com defici\u00eancia, explica a estrat\u00e9gia de pactos setoriais desenvolvida pela SRTE\/SP como forma de impulsionar a contrata\u00e7\u00e3o de trabalhadores com defici\u00eancia no Estado de S\u00e3o Paulo e oferece um amplo diagn\u00f3stico da empregabilidade de trabalhadores com esta condi\u00e7\u00e3o na constru\u00e7\u00e3o pesada.\" \/>\n<meta property=\"og:url\" content=\"https:\/\/inclusivenews.com.br\/?p=21626\" \/>\n<meta property=\"article:publisher\" content=\"https:\/\/www.facebook.com\/agenciainclusive\/\" \/>\n<meta property=\"article:published_time\" content=\"2011-11-23T20:04:08+00:00\" \/>\n<meta property=\"og:image\" content=\"http:\/\/www.accbinclusao.org.br\/imagens\/layout\/logo.png\" \/>\n<meta name=\"author\" content=\"inclusivenews2024\" \/>\n<meta name=\"twitter:card\" content=\"summary_large_image\" \/>\n<meta name=\"twitter:label1\" content=\"Escrito por\" \/>\n\t<meta name=\"twitter:data1\" content=\"inclusivenews2024\" \/>\n\t<meta name=\"twitter:label2\" content=\"Tempo estimado de leitura\" \/>\n\t<meta name=\"twitter:data2\" content=\"5 minutos\" \/>\n<script type=\"application\/ld+json\" class=\"yoast-schema-graph\">{\"@context\":\"https:\\\/\\\/schema.org\",\"@graph\":[{\"@type\":\"Article\",\"@id\":\"https:\\\/\\\/inclusivenews.com.br\\\/?p=21626#article\",\"isPartOf\":{\"@id\":\"https:\\\/\\\/inclusivenews.com.br\\\/?p=21626\"},\"author\":{\"name\":\"inclusivenews2024\",\"@id\":\"https:\\\/\\\/inclusivenews.com.br\\\/#\\\/schema\\\/person\\\/ae4ec7087559b8692fb33b6fffd2273b\"},\"headline\":\"Livro retrata processo de inclus\u00e3o de pessoas com defici\u00eancia na ind\u00fastria da constru\u00e7\u00e3o pesada\",\"datePublished\":\"2011-11-23T20:04:08+00:00\",\"mainEntityOfPage\":{\"@id\":\"https:\\\/\\\/inclusivenews.com.br\\\/?p=21626\"},\"wordCount\":1056,\"commentCount\":0,\"publisher\":{\"@id\":\"https:\\\/\\\/inclusivenews.com.br\\\/#organization\"},\"image\":{\"@id\":\"https:\\\/\\\/inclusivenews.com.br\\\/?p=21626#primaryimage\"},\"thumbnailUrl\":\"http:\\\/\\\/www.accbinclusao.org.br\\\/imagens\\\/layout\\\/logo.png\",\"articleSection\":[\"Defici\u00eancia\",\"INCLUS\u00c3O SOCIAL\",\"Lan\u00e7amentos\",\"Livros\",\"Mercado de Trabalho\",\"NOT\u00cdCIAS\"],\"inLanguage\":\"pt-PT\",\"potentialAction\":[{\"@type\":\"CommentAction\",\"name\":\"Comment\",\"target\":[\"https:\\\/\\\/inclusivenews.com.br\\\/?p=21626#respond\"]}]},{\"@type\":\"WebPage\",\"@id\":\"https:\\\/\\\/inclusivenews.com.br\\\/?p=21626\",\"url\":\"https:\\\/\\\/inclusivenews.com.br\\\/?p=21626\",\"name\":\"Livro retrata processo de inclus\u00e3o de pessoas com defici\u00eancia na ind\u00fastria da constru\u00e7\u00e3o pesada -\",\"isPartOf\":{\"@id\":\"https:\\\/\\\/inclusivenews.com.br\\\/#website\"},\"primaryImageOfPage\":{\"@id\":\"https:\\\/\\\/inclusivenews.com.br\\\/?p=21626#primaryimage\"},\"image\":{\"@id\":\"https:\\\/\\\/inclusivenews.com.br\\\/?p=21626#primaryimage\"},\"thumbnailUrl\":\"http:\\\/\\\/www.accbinclusao.org.br\\\/imagens\\\/layout\\\/logo.png\",\"datePublished\":\"2011-11-23T20:04:08+00:00\",\"breadcrumb\":{\"@id\":\"https:\\\/\\\/inclusivenews.com.br\\\/?p=21626#breadcrumb\"},\"inLanguage\":\"pt-PT\",\"potentialAction\":[{\"@type\":\"ReadAction\",\"target\":[\"https:\\\/\\\/inclusivenews.com.br\\\/?p=21626\"]}]},{\"@type\":\"ImageObject\",\"inLanguage\":\"pt-PT\",\"@id\":\"https:\\\/\\\/inclusivenews.com.br\\\/?p=21626#primaryimage\",\"url\":\"http:\\\/\\\/www.accbinclusao.org.br\\\/imagens\\\/layout\\\/logo.png\",\"contentUrl\":\"http:\\\/\\\/www.accbinclusao.org.br\\\/imagens\\\/layout\\\/logo.png\"},{\"@type\":\"BreadcrumbList\",\"@id\":\"https:\\\/\\\/inclusivenews.com.br\\\/?p=21626#breadcrumb\",\"itemListElement\":[{\"@type\":\"ListItem\",\"position\":1,\"name\":\"In\u00edcio\",\"item\":\"https:\\\/\\\/inclusivenews.com.br\\\/\"},{\"@type\":\"ListItem\",\"position\":2,\"name\":\"Livro retrata processo de inclus\u00e3o de pessoas com defici\u00eancia na ind\u00fastria da constru\u00e7\u00e3o pesada\"}]},{\"@type\":\"WebSite\",\"@id\":\"https:\\\/\\\/inclusivenews.com.br\\\/#website\",\"url\":\"https:\\\/\\\/inclusivenews.com.br\\\/\",\"name\":\"Inclusive News\",\"description\":\"Inclusive News\",\"publisher\":{\"@id\":\"https:\\\/\\\/inclusivenews.com.br\\\/#organization\"},\"potentialAction\":[{\"@type\":\"SearchAction\",\"target\":{\"@type\":\"EntryPoint\",\"urlTemplate\":\"https:\\\/\\\/inclusivenews.com.br\\\/?s={search_term_string}\"},\"query-input\":{\"@type\":\"PropertyValueSpecification\",\"valueRequired\":true,\"valueName\":\"search_term_string\"}}],\"inLanguage\":\"pt-PT\"},{\"@type\":\"Organization\",\"@id\":\"https:\\\/\\\/inclusivenews.com.br\\\/#organization\",\"name\":\"Inclusive - inclus\u00e3o e cidadania\",\"url\":\"https:\\\/\\\/inclusivenews.com.br\\\/\",\"logo\":{\"@type\":\"ImageObject\",\"inLanguage\":\"pt-PT\",\"@id\":\"https:\\\/\\\/inclusivenews.com.br\\\/#\\\/schema\\\/logo\\\/image\\\/\",\"url\":\"https:\\\/\\\/inclusivenews.com.br\\\/wp-content\\\/uploads\\\/2024\\\/03\\\/@grandesite.png\",\"contentUrl\":\"https:\\\/\\\/inclusivenews.com.br\\\/wp-content\\\/uploads\\\/2024\\\/03\\\/@grandesite.png\",\"width\":1080,\"height\":1080,\"caption\":\"Inclusive - inclus\u00e3o e cidadania\"},\"image\":{\"@id\":\"https:\\\/\\\/inclusivenews.com.br\\\/#\\\/schema\\\/logo\\\/image\\\/\"},\"sameAs\":[\"https:\\\/\\\/www.facebook.com\\\/agenciainclusive\\\/\",\"https:\\\/\\\/www.instagram.com\\\/newsinclusive\\\/\"]},{\"@type\":\"Person\",\"@id\":\"https:\\\/\\\/inclusivenews.com.br\\\/#\\\/schema\\\/person\\\/ae4ec7087559b8692fb33b6fffd2273b\",\"name\":\"inclusivenews2024\",\"image\":{\"@type\":\"ImageObject\",\"inLanguage\":\"pt-PT\",\"@id\":\"https:\\\/\\\/secure.gravatar.com\\\/avatar\\\/c5a7ef84c66fa914f55bc4f7ce26cfa275a3b9a1c5568b907bd184fb4dde7b40?s=96&d=mm&r=g\",\"url\":\"https:\\\/\\\/secure.gravatar.com\\\/avatar\\\/c5a7ef84c66fa914f55bc4f7ce26cfa275a3b9a1c5568b907bd184fb4dde7b40?s=96&d=mm&r=g\",\"contentUrl\":\"https:\\\/\\\/secure.gravatar.com\\\/avatar\\\/c5a7ef84c66fa914f55bc4f7ce26cfa275a3b9a1c5568b907bd184fb4dde7b40?s=96&d=mm&r=g\",\"caption\":\"inclusivenews2024\"},\"sameAs\":[\"https:\\\/\\\/inclusivenews.com.br\"],\"url\":\"https:\\\/\\\/inclusivenews.com.br\\\/?author=1\"}]}<\/script>\n<!-- \/ Yoast SEO plugin. -->","yoast_head_json":{"title":"Livro retrata processo de inclus\u00e3o de pessoas com defici\u00eancia na ind\u00fastria da constru\u00e7\u00e3o pesada -","robots":{"index":"index","follow":"follow","max-snippet":"max-snippet:-1","max-image-preview":"max-image-preview:large","max-video-preview":"max-video-preview:-1"},"canonical":"https:\/\/inclusivenews.com.br\/?p=21626","og_locale":"pt_PT","og_type":"article","og_title":"Livro retrata processo de inclus\u00e3o de pessoas com defici\u00eancia na ind\u00fastria da constru\u00e7\u00e3o pesada -","og_description":"O livro aborda o contexto da inclus\u00e3o da pessoa com defici\u00eancia, explica a estrat\u00e9gia de pactos setoriais desenvolvida pela SRTE\/SP como forma de impulsionar a contrata\u00e7\u00e3o de trabalhadores com defici\u00eancia no Estado de S\u00e3o Paulo e oferece um amplo diagn\u00f3stico da empregabilidade de trabalhadores com esta condi\u00e7\u00e3o na constru\u00e7\u00e3o pesada.","og_url":"https:\/\/inclusivenews.com.br\/?p=21626","article_publisher":"https:\/\/www.facebook.com\/agenciainclusive\/","article_published_time":"2011-11-23T20:04:08+00:00","og_image":[{"url":"http:\/\/www.accbinclusao.org.br\/imagens\/layout\/logo.png","type":"","width":"","height":""}],"author":"inclusivenews2024","twitter_card":"summary_large_image","twitter_misc":{"Escrito por":"inclusivenews2024","Tempo estimado de leitura":"5 minutos"},"schema":{"@context":"https:\/\/schema.org","@graph":[{"@type":"Article","@id":"https:\/\/inclusivenews.com.br\/?p=21626#article","isPartOf":{"@id":"https:\/\/inclusivenews.com.br\/?p=21626"},"author":{"name":"inclusivenews2024","@id":"https:\/\/inclusivenews.com.br\/#\/schema\/person\/ae4ec7087559b8692fb33b6fffd2273b"},"headline":"Livro retrata processo de inclus\u00e3o de pessoas com defici\u00eancia na ind\u00fastria da constru\u00e7\u00e3o pesada","datePublished":"2011-11-23T20:04:08+00:00","mainEntityOfPage":{"@id":"https:\/\/inclusivenews.com.br\/?p=21626"},"wordCount":1056,"commentCount":0,"publisher":{"@id":"https:\/\/inclusivenews.com.br\/#organization"},"image":{"@id":"https:\/\/inclusivenews.com.br\/?p=21626#primaryimage"},"thumbnailUrl":"http:\/\/www.accbinclusao.org.br\/imagens\/layout\/logo.png","articleSection":["Defici\u00eancia","INCLUS\u00c3O SOCIAL","Lan\u00e7amentos","Livros","Mercado de Trabalho","NOT\u00cdCIAS"],"inLanguage":"pt-PT","potentialAction":[{"@type":"CommentAction","name":"Comment","target":["https:\/\/inclusivenews.com.br\/?p=21626#respond"]}]},{"@type":"WebPage","@id":"https:\/\/inclusivenews.com.br\/?p=21626","url":"https:\/\/inclusivenews.com.br\/?p=21626","name":"Livro retrata processo de inclus\u00e3o de pessoas com defici\u00eancia na ind\u00fastria da constru\u00e7\u00e3o pesada -","isPartOf":{"@id":"https:\/\/inclusivenews.com.br\/#website"},"primaryImageOfPage":{"@id":"https:\/\/inclusivenews.com.br\/?p=21626#primaryimage"},"image":{"@id":"https:\/\/inclusivenews.com.br\/?p=21626#primaryimage"},"thumbnailUrl":"http:\/\/www.accbinclusao.org.br\/imagens\/layout\/logo.png","datePublished":"2011-11-23T20:04:08+00:00","breadcrumb":{"@id":"https:\/\/inclusivenews.com.br\/?p=21626#breadcrumb"},"inLanguage":"pt-PT","potentialAction":[{"@type":"ReadAction","target":["https:\/\/inclusivenews.com.br\/?p=21626"]}]},{"@type":"ImageObject","inLanguage":"pt-PT","@id":"https:\/\/inclusivenews.com.br\/?p=21626#primaryimage","url":"http:\/\/www.accbinclusao.org.br\/imagens\/layout\/logo.png","contentUrl":"http:\/\/www.accbinclusao.org.br\/imagens\/layout\/logo.png"},{"@type":"BreadcrumbList","@id":"https:\/\/inclusivenews.com.br\/?p=21626#breadcrumb","itemListElement":[{"@type":"ListItem","position":1,"name":"In\u00edcio","item":"https:\/\/inclusivenews.com.br\/"},{"@type":"ListItem","position":2,"name":"Livro retrata processo de inclus\u00e3o de pessoas com defici\u00eancia na ind\u00fastria da constru\u00e7\u00e3o pesada"}]},{"@type":"WebSite","@id":"https:\/\/inclusivenews.com.br\/#website","url":"https:\/\/inclusivenews.com.br\/","name":"Inclusive News","description":"Inclusive News","publisher":{"@id":"https:\/\/inclusivenews.com.br\/#organization"},"potentialAction":[{"@type":"SearchAction","target":{"@type":"EntryPoint","urlTemplate":"https:\/\/inclusivenews.com.br\/?s={search_term_string}"},"query-input":{"@type":"PropertyValueSpecification","valueRequired":true,"valueName":"search_term_string"}}],"inLanguage":"pt-PT"},{"@type":"Organization","@id":"https:\/\/inclusivenews.com.br\/#organization","name":"Inclusive - inclus\u00e3o e cidadania","url":"https:\/\/inclusivenews.com.br\/","logo":{"@type":"ImageObject","inLanguage":"pt-PT","@id":"https:\/\/inclusivenews.com.br\/#\/schema\/logo\/image\/","url":"https:\/\/inclusivenews.com.br\/wp-content\/uploads\/2024\/03\/@grandesite.png","contentUrl":"https:\/\/inclusivenews.com.br\/wp-content\/uploads\/2024\/03\/@grandesite.png","width":1080,"height":1080,"caption":"Inclusive - inclus\u00e3o e cidadania"},"image":{"@id":"https:\/\/inclusivenews.com.br\/#\/schema\/logo\/image\/"},"sameAs":["https:\/\/www.facebook.com\/agenciainclusive\/","https:\/\/www.instagram.com\/newsinclusive\/"]},{"@type":"Person","@id":"https:\/\/inclusivenews.com.br\/#\/schema\/person\/ae4ec7087559b8692fb33b6fffd2273b","name":"inclusivenews2024","image":{"@type":"ImageObject","inLanguage":"pt-PT","@id":"https:\/\/secure.gravatar.com\/avatar\/c5a7ef84c66fa914f55bc4f7ce26cfa275a3b9a1c5568b907bd184fb4dde7b40?s=96&d=mm&r=g","url":"https:\/\/secure.gravatar.com\/avatar\/c5a7ef84c66fa914f55bc4f7ce26cfa275a3b9a1c5568b907bd184fb4dde7b40?s=96&d=mm&r=g","contentUrl":"https:\/\/secure.gravatar.com\/avatar\/c5a7ef84c66fa914f55bc4f7ce26cfa275a3b9a1c5568b907bd184fb4dde7b40?s=96&d=mm&r=g","caption":"inclusivenews2024"},"sameAs":["https:\/\/inclusivenews.com.br"],"url":"https:\/\/inclusivenews.com.br\/?author=1"}]}},"_links":{"self":[{"href":"https:\/\/inclusivenews.com.br\/index.php?rest_route=\/wp\/v2\/posts\/21626","targetHints":{"allow":["GET"]}}],"collection":[{"href":"https:\/\/inclusivenews.com.br\/index.php?rest_route=\/wp\/v2\/posts"}],"about":[{"href":"https:\/\/inclusivenews.com.br\/index.php?rest_route=\/wp\/v2\/types\/post"}],"author":[{"embeddable":true,"href":"https:\/\/inclusivenews.com.br\/index.php?rest_route=\/wp\/v2\/users\/1"}],"replies":[{"embeddable":true,"href":"https:\/\/inclusivenews.com.br\/index.php?rest_route=%2Fwp%2Fv2%2Fcomments&post=21626"}],"version-history":[{"count":0,"href":"https:\/\/inclusivenews.com.br\/index.php?rest_route=\/wp\/v2\/posts\/21626\/revisions"}],"wp:attachment":[{"href":"https:\/\/inclusivenews.com.br\/index.php?rest_route=%2Fwp%2Fv2%2Fmedia&parent=21626"}],"wp:term":[{"taxonomy":"category","embeddable":true,"href":"https:\/\/inclusivenews.com.br\/index.php?rest_route=%2Fwp%2Fv2%2Fcategories&post=21626"},{"taxonomy":"post_tag","embeddable":true,"href":"https:\/\/inclusivenews.com.br\/index.php?rest_route=%2Fwp%2Fv2%2Ftags&post=21626"}],"curies":[{"name":"wp","href":"https:\/\/api.w.org\/{rel}","templated":true}]}}