{"id":21628,"date":"2011-11-23T12:24:15","date_gmt":"2011-11-23T15:24:15","guid":{"rendered":"http:\/\/www.inclusive.org.br\/?p=21628"},"modified":"2011-11-23T12:24:15","modified_gmt":"2011-11-23T15:24:15","slug":"de-quem-e-a-deficiencia-afinal","status":"publish","type":"post","link":"https:\/\/inclusivenews.com.br\/?p=21628","title":{"rendered":"De quem \u00e9 a defici\u00eancia, afinal?"},"content":{"rendered":"<figure id=\"attachment_21655\" aria-describedby=\"caption-attachment-21655\" style=\"width: 150px\" class=\"wp-caption alignleft\"><img loading=\"lazy\" decoding=\"async\" class=\"size-full wp-image-21655\" title=\"Medalhas sobre forro vermelho\" src=\"http:\/\/inclusivenews.com.br\/wp-content\/uploads\/tn.jpg\" alt=\"Medalhas sobre forro vermelho\" width=\"150\" height=\"100\" \/><figcaption id=\"caption-attachment-21655\" class=\"wp-caption-text\"> <\/figcaption><\/figure>\n<p><strong>Por Beto Volpe<\/strong><\/p>\n<p>O Brasil acaba de se consagrar campe\u00e3o antecipado dos Jogos Para Pan Americanos de Guadalajara, com direito a recorde de medalhas e tudo. Atletas dos mais diversos cantos do pa\u00eds, com as mais diversas defici\u00eancias e com o mesmo perfil vencedor, pessoas que transformaram um desafio aparentemente intranspon\u00edvel em uma hist\u00f3ria de supera\u00e7\u00e3o que tem a cor do bronze, da prata e do ouro.<\/p>\n<p>Voc\u00ea sabia disso? Talvez n\u00e3o, neste momento, s\u00e3o 23 horas de s\u00e1bado, n\u00e3o h\u00e1 men\u00e7\u00e3o ao fato tanto na primeira p\u00e1gina quanto na se\u00e7\u00e3o de esportes do maior site de informa\u00e7\u00f5es do Brasil. Not\u00edcias fugidias de t\u00e3o breves s\u00e3o dadas em alguns telejornais, enquanto a emissora detentora dos direitos nem a um boletim di\u00e1rio abre espa\u00e7o em sua programa\u00e7\u00e3o aben\u00e7oada pelo deus de Edir.<\/p>\n<p>N\u00e3o \u00e9 a primeira vez que isso acontece, claro. Mas depois de tanto avan\u00e7ar, de termos tido uma protagonista com defici\u00eancia em hor\u00e1rio nobre, espera-se alguma evolu\u00e7\u00e3o na forma de pensar dos empres\u00e1rios de comunica\u00e7\u00e3o e seus patrocinadores. Ano passado, na estr\u00e9ia do BBB, Pedro Bial saudava os participantes como &#8216;her\u00f3is que ter\u00e3o que superar um \u00e1rduo caminho at\u00e9 a vit\u00f3ria\u201d&#8217; No mesmo dia, sem destaque algum da m\u00eddia, o Brasil ficava em terceiro lugar no Campeonato Mundial de Para Atletismo na Nova Zel\u00e2ndia, atr\u00e1s apenas de China e R\u00fassia.<\/p>\n<p>A\u00ed cabe uma reflex\u00e3o: de quem \u00e9 a defici\u00eancia, afinal? De pessoas que superaram uma suposta limita\u00e7\u00e3o f\u00edsica, intelectual ou sensorial ao ponto de representar seu pa\u00eds com o brilho de muitos metais? De pessoas que al\u00e9m disso tiveram que lutar contra a falta de apoio e patroc\u00ednio, contra o descr\u00e9dito que vinha at\u00e9 das pessoas mais queridas? Ou de um pa\u00eds que continua a renegar seus verdadeiros pilares morais e se entrega \u00e0 vulgaridade do consumo r\u00e1pido e f\u00e1cil? Um pa\u00eds onde muita gente sente vergonha de ser honesta e outro tanto n\u00e3o sente vergonha nenhuma em n\u00e3o s\u00ea-la. Um pa\u00eds onde a m\u00eddia e as corpora\u00e7\u00f5es deitam e rolam nos lucros e demonstram um grande exemplo de defici\u00eancia \u00e9tica e patri\u00f3tica ao tornar invis\u00edvel participa\u00e7\u00e3o brasileira t\u00e3o brilhante e que encheria de orgulho qualquer na\u00e7\u00e3o socialmente desenvolvida.<\/p>\n<p>De quem \u00e9 a defici\u00eancia, afinal?<\/p>\n<p>Parab\u00e9ns, para atletas panamericanos!<\/p>\n<p>Parab\u00e9ns, para atletas de todo o pa\u00eds e de todo o mundo!!<\/p>\n<p>Fonte: O autor<\/p>\n","protected":false},"excerpt":{"rendered":"<p>O Brasil acaba de se consagrar campe\u00e3o antecipado dos Jogos Para Pan Americanos de Guadalajara. Voc\u00ea sabia disso? Artigo \u00e9 de Beto Volpe.<\/p>\n","protected":false},"author":1,"featured_media":0,"comment_status":"open","ping_status":"open","sticky":false,"template":"","format":"standard","meta":{"site-container-style":"default","site-container-layout":"default","site-sidebar-layout":"default","disable-article-header":"default","disable-site-header":"default","disable-site-footer":"default","disable-content-area-spacing":"default","footnotes":""},"categories":[38,27,48,4,8],"tags":[],"class_list":["post-21628","post","type-post","status-publish","format-standard","hentry","category-deficiencia","category-esporte","category-inclusao","category-noticias","category-textos-e-artigos"],"yoast_head":"<!-- This site is optimized with the Yoast SEO plugin v27.4 - https:\/\/yoast.com\/product\/yoast-seo-wordpress\/ -->\n<title>De quem \u00e9 a defici\u00eancia, afinal? -<\/title>\n<meta name=\"robots\" content=\"index, follow, max-snippet:-1, max-image-preview:large, max-video-preview:-1\" \/>\n<link rel=\"canonical\" href=\"https:\/\/inclusivenews.com.br\/?p=21628\" \/>\n<meta property=\"og:locale\" content=\"pt_PT\" \/>\n<meta property=\"og:type\" content=\"article\" \/>\n<meta property=\"og:title\" content=\"De quem \u00e9 a defici\u00eancia, afinal? -\" \/>\n<meta property=\"og:description\" content=\"O Brasil acaba de se consagrar campe\u00e3o antecipado dos Jogos Para Pan Americanos de Guadalajara. Voc\u00ea sabia disso? Artigo \u00e9 de Beto Volpe.\" \/>\n<meta property=\"og:url\" content=\"https:\/\/inclusivenews.com.br\/?p=21628\" \/>\n<meta property=\"article:publisher\" content=\"https:\/\/www.facebook.com\/agenciainclusive\/\" \/>\n<meta property=\"article:published_time\" content=\"2011-11-23T15:24:15+00:00\" \/>\n<meta property=\"og:image\" content=\"http:\/\/inclusivenews.com.br\/wp-content\/uploads\/tn.jpg\" \/>\n<meta name=\"author\" content=\"inclusivenews2024\" \/>\n<meta name=\"twitter:card\" content=\"summary_large_image\" \/>\n<meta name=\"twitter:label1\" content=\"Escrito por\" \/>\n\t<meta name=\"twitter:data1\" content=\"inclusivenews2024\" \/>\n\t<meta name=\"twitter:label2\" content=\"Tempo estimado de leitura\" \/>\n\t<meta name=\"twitter:data2\" content=\"2 minutos\" \/>\n<script type=\"application\/ld+json\" class=\"yoast-schema-graph\">{\"@context\":\"https:\\\/\\\/schema.org\",\"@graph\":[{\"@type\":\"Article\",\"@id\":\"https:\\\/\\\/inclusivenews.com.br\\\/?p=21628#article\",\"isPartOf\":{\"@id\":\"https:\\\/\\\/inclusivenews.com.br\\\/?p=21628\"},\"author\":{\"name\":\"inclusivenews2024\",\"@id\":\"https:\\\/\\\/inclusivenews.com.br\\\/#\\\/schema\\\/person\\\/ae4ec7087559b8692fb33b6fffd2273b\"},\"headline\":\"De quem \u00e9 a defici\u00eancia, afinal?\",\"datePublished\":\"2011-11-23T15:24:15+00:00\",\"mainEntityOfPage\":{\"@id\":\"https:\\\/\\\/inclusivenews.com.br\\\/?p=21628\"},\"wordCount\":458,\"commentCount\":0,\"publisher\":{\"@id\":\"https:\\\/\\\/inclusivenews.com.br\\\/#organization\"},\"image\":{\"@id\":\"https:\\\/\\\/inclusivenews.com.br\\\/?p=21628#primaryimage\"},\"thumbnailUrl\":\"http:\\\/\\\/inclusivenews.com.br\\\/wp-content\\\/uploads\\\/tn.jpg\",\"articleSection\":[\"Defici\u00eancia\",\"Esporte\",\"INCLUS\u00c3O SOCIAL\",\"NOT\u00cdCIAS\",\"OPINI\u00c3O\"],\"inLanguage\":\"pt-PT\",\"potentialAction\":[{\"@type\":\"CommentAction\",\"name\":\"Comment\",\"target\":[\"https:\\\/\\\/inclusivenews.com.br\\\/?p=21628#respond\"]}]},{\"@type\":\"WebPage\",\"@id\":\"https:\\\/\\\/inclusivenews.com.br\\\/?p=21628\",\"url\":\"https:\\\/\\\/inclusivenews.com.br\\\/?p=21628\",\"name\":\"De quem \u00e9 a defici\u00eancia, afinal? -\",\"isPartOf\":{\"@id\":\"https:\\\/\\\/inclusivenews.com.br\\\/#website\"},\"primaryImageOfPage\":{\"@id\":\"https:\\\/\\\/inclusivenews.com.br\\\/?p=21628#primaryimage\"},\"image\":{\"@id\":\"https:\\\/\\\/inclusivenews.com.br\\\/?p=21628#primaryimage\"},\"thumbnailUrl\":\"http:\\\/\\\/inclusivenews.com.br\\\/wp-content\\\/uploads\\\/tn.jpg\",\"datePublished\":\"2011-11-23T15:24:15+00:00\",\"breadcrumb\":{\"@id\":\"https:\\\/\\\/inclusivenews.com.br\\\/?p=21628#breadcrumb\"},\"inLanguage\":\"pt-PT\",\"potentialAction\":[{\"@type\":\"ReadAction\",\"target\":[\"https:\\\/\\\/inclusivenews.com.br\\\/?p=21628\"]}]},{\"@type\":\"ImageObject\",\"inLanguage\":\"pt-PT\",\"@id\":\"https:\\\/\\\/inclusivenews.com.br\\\/?p=21628#primaryimage\",\"url\":\"\",\"contentUrl\":\"\"},{\"@type\":\"BreadcrumbList\",\"@id\":\"https:\\\/\\\/inclusivenews.com.br\\\/?p=21628#breadcrumb\",\"itemListElement\":[{\"@type\":\"ListItem\",\"position\":1,\"name\":\"In\u00edcio\",\"item\":\"https:\\\/\\\/inclusivenews.com.br\\\/\"},{\"@type\":\"ListItem\",\"position\":2,\"name\":\"De quem \u00e9 a defici\u00eancia, afinal?\"}]},{\"@type\":\"WebSite\",\"@id\":\"https:\\\/\\\/inclusivenews.com.br\\\/#website\",\"url\":\"https:\\\/\\\/inclusivenews.com.br\\\/\",\"name\":\"Inclusive News\",\"description\":\"Inclusive News\",\"publisher\":{\"@id\":\"https:\\\/\\\/inclusivenews.com.br\\\/#organization\"},\"potentialAction\":[{\"@type\":\"SearchAction\",\"target\":{\"@type\":\"EntryPoint\",\"urlTemplate\":\"https:\\\/\\\/inclusivenews.com.br\\\/?s={search_term_string}\"},\"query-input\":{\"@type\":\"PropertyValueSpecification\",\"valueRequired\":true,\"valueName\":\"search_term_string\"}}],\"inLanguage\":\"pt-PT\"},{\"@type\":\"Organization\",\"@id\":\"https:\\\/\\\/inclusivenews.com.br\\\/#organization\",\"name\":\"Inclusive - inclus\u00e3o e cidadania\",\"url\":\"https:\\\/\\\/inclusivenews.com.br\\\/\",\"logo\":{\"@type\":\"ImageObject\",\"inLanguage\":\"pt-PT\",\"@id\":\"https:\\\/\\\/inclusivenews.com.br\\\/#\\\/schema\\\/logo\\\/image\\\/\",\"url\":\"https:\\\/\\\/inclusivenews.com.br\\\/wp-content\\\/uploads\\\/2024\\\/03\\\/@grandesite.png\",\"contentUrl\":\"https:\\\/\\\/inclusivenews.com.br\\\/wp-content\\\/uploads\\\/2024\\\/03\\\/@grandesite.png\",\"width\":1080,\"height\":1080,\"caption\":\"Inclusive - inclus\u00e3o e cidadania\"},\"image\":{\"@id\":\"https:\\\/\\\/inclusivenews.com.br\\\/#\\\/schema\\\/logo\\\/image\\\/\"},\"sameAs\":[\"https:\\\/\\\/www.facebook.com\\\/agenciainclusive\\\/\",\"https:\\\/\\\/www.instagram.com\\\/newsinclusive\\\/\"]},{\"@type\":\"Person\",\"@id\":\"https:\\\/\\\/inclusivenews.com.br\\\/#\\\/schema\\\/person\\\/ae4ec7087559b8692fb33b6fffd2273b\",\"name\":\"inclusivenews2024\",\"image\":{\"@type\":\"ImageObject\",\"inLanguage\":\"pt-PT\",\"@id\":\"https:\\\/\\\/secure.gravatar.com\\\/avatar\\\/c5a7ef84c66fa914f55bc4f7ce26cfa275a3b9a1c5568b907bd184fb4dde7b40?s=96&d=mm&r=g\",\"url\":\"https:\\\/\\\/secure.gravatar.com\\\/avatar\\\/c5a7ef84c66fa914f55bc4f7ce26cfa275a3b9a1c5568b907bd184fb4dde7b40?s=96&d=mm&r=g\",\"contentUrl\":\"https:\\\/\\\/secure.gravatar.com\\\/avatar\\\/c5a7ef84c66fa914f55bc4f7ce26cfa275a3b9a1c5568b907bd184fb4dde7b40?s=96&d=mm&r=g\",\"caption\":\"inclusivenews2024\"},\"sameAs\":[\"https:\\\/\\\/inclusivenews.com.br\"],\"url\":\"https:\\\/\\\/inclusivenews.com.br\\\/?author=1\"}]}<\/script>\n<!-- \/ Yoast SEO plugin. -->","yoast_head_json":{"title":"De quem \u00e9 a defici\u00eancia, afinal? -","robots":{"index":"index","follow":"follow","max-snippet":"max-snippet:-1","max-image-preview":"max-image-preview:large","max-video-preview":"max-video-preview:-1"},"canonical":"https:\/\/inclusivenews.com.br\/?p=21628","og_locale":"pt_PT","og_type":"article","og_title":"De quem \u00e9 a defici\u00eancia, afinal? -","og_description":"O Brasil acaba de se consagrar campe\u00e3o antecipado dos Jogos Para Pan Americanos de Guadalajara. Voc\u00ea sabia disso? Artigo \u00e9 de Beto Volpe.","og_url":"https:\/\/inclusivenews.com.br\/?p=21628","article_publisher":"https:\/\/www.facebook.com\/agenciainclusive\/","article_published_time":"2011-11-23T15:24:15+00:00","og_image":[{"url":"http:\/\/inclusivenews.com.br\/wp-content\/uploads\/tn.jpg","type":"","width":"","height":""}],"author":"inclusivenews2024","twitter_card":"summary_large_image","twitter_misc":{"Escrito por":"inclusivenews2024","Tempo estimado de leitura":"2 minutos"},"schema":{"@context":"https:\/\/schema.org","@graph":[{"@type":"Article","@id":"https:\/\/inclusivenews.com.br\/?p=21628#article","isPartOf":{"@id":"https:\/\/inclusivenews.com.br\/?p=21628"},"author":{"name":"inclusivenews2024","@id":"https:\/\/inclusivenews.com.br\/#\/schema\/person\/ae4ec7087559b8692fb33b6fffd2273b"},"headline":"De quem \u00e9 a defici\u00eancia, afinal?","datePublished":"2011-11-23T15:24:15+00:00","mainEntityOfPage":{"@id":"https:\/\/inclusivenews.com.br\/?p=21628"},"wordCount":458,"commentCount":0,"publisher":{"@id":"https:\/\/inclusivenews.com.br\/#organization"},"image":{"@id":"https:\/\/inclusivenews.com.br\/?p=21628#primaryimage"},"thumbnailUrl":"http:\/\/inclusivenews.com.br\/wp-content\/uploads\/tn.jpg","articleSection":["Defici\u00eancia","Esporte","INCLUS\u00c3O SOCIAL","NOT\u00cdCIAS","OPINI\u00c3O"],"inLanguage":"pt-PT","potentialAction":[{"@type":"CommentAction","name":"Comment","target":["https:\/\/inclusivenews.com.br\/?p=21628#respond"]}]},{"@type":"WebPage","@id":"https:\/\/inclusivenews.com.br\/?p=21628","url":"https:\/\/inclusivenews.com.br\/?p=21628","name":"De quem \u00e9 a defici\u00eancia, afinal? -","isPartOf":{"@id":"https:\/\/inclusivenews.com.br\/#website"},"primaryImageOfPage":{"@id":"https:\/\/inclusivenews.com.br\/?p=21628#primaryimage"},"image":{"@id":"https:\/\/inclusivenews.com.br\/?p=21628#primaryimage"},"thumbnailUrl":"http:\/\/inclusivenews.com.br\/wp-content\/uploads\/tn.jpg","datePublished":"2011-11-23T15:24:15+00:00","breadcrumb":{"@id":"https:\/\/inclusivenews.com.br\/?p=21628#breadcrumb"},"inLanguage":"pt-PT","potentialAction":[{"@type":"ReadAction","target":["https:\/\/inclusivenews.com.br\/?p=21628"]}]},{"@type":"ImageObject","inLanguage":"pt-PT","@id":"https:\/\/inclusivenews.com.br\/?p=21628#primaryimage","url":"","contentUrl":""},{"@type":"BreadcrumbList","@id":"https:\/\/inclusivenews.com.br\/?p=21628#breadcrumb","itemListElement":[{"@type":"ListItem","position":1,"name":"In\u00edcio","item":"https:\/\/inclusivenews.com.br\/"},{"@type":"ListItem","position":2,"name":"De quem \u00e9 a defici\u00eancia, afinal?"}]},{"@type":"WebSite","@id":"https:\/\/inclusivenews.com.br\/#website","url":"https:\/\/inclusivenews.com.br\/","name":"Inclusive News","description":"Inclusive News","publisher":{"@id":"https:\/\/inclusivenews.com.br\/#organization"},"potentialAction":[{"@type":"SearchAction","target":{"@type":"EntryPoint","urlTemplate":"https:\/\/inclusivenews.com.br\/?s={search_term_string}"},"query-input":{"@type":"PropertyValueSpecification","valueRequired":true,"valueName":"search_term_string"}}],"inLanguage":"pt-PT"},{"@type":"Organization","@id":"https:\/\/inclusivenews.com.br\/#organization","name":"Inclusive - inclus\u00e3o e cidadania","url":"https:\/\/inclusivenews.com.br\/","logo":{"@type":"ImageObject","inLanguage":"pt-PT","@id":"https:\/\/inclusivenews.com.br\/#\/schema\/logo\/image\/","url":"https:\/\/inclusivenews.com.br\/wp-content\/uploads\/2024\/03\/@grandesite.png","contentUrl":"https:\/\/inclusivenews.com.br\/wp-content\/uploads\/2024\/03\/@grandesite.png","width":1080,"height":1080,"caption":"Inclusive - inclus\u00e3o e cidadania"},"image":{"@id":"https:\/\/inclusivenews.com.br\/#\/schema\/logo\/image\/"},"sameAs":["https:\/\/www.facebook.com\/agenciainclusive\/","https:\/\/www.instagram.com\/newsinclusive\/"]},{"@type":"Person","@id":"https:\/\/inclusivenews.com.br\/#\/schema\/person\/ae4ec7087559b8692fb33b6fffd2273b","name":"inclusivenews2024","image":{"@type":"ImageObject","inLanguage":"pt-PT","@id":"https:\/\/secure.gravatar.com\/avatar\/c5a7ef84c66fa914f55bc4f7ce26cfa275a3b9a1c5568b907bd184fb4dde7b40?s=96&d=mm&r=g","url":"https:\/\/secure.gravatar.com\/avatar\/c5a7ef84c66fa914f55bc4f7ce26cfa275a3b9a1c5568b907bd184fb4dde7b40?s=96&d=mm&r=g","contentUrl":"https:\/\/secure.gravatar.com\/avatar\/c5a7ef84c66fa914f55bc4f7ce26cfa275a3b9a1c5568b907bd184fb4dde7b40?s=96&d=mm&r=g","caption":"inclusivenews2024"},"sameAs":["https:\/\/inclusivenews.com.br"],"url":"https:\/\/inclusivenews.com.br\/?author=1"}]}},"_links":{"self":[{"href":"https:\/\/inclusivenews.com.br\/index.php?rest_route=\/wp\/v2\/posts\/21628","targetHints":{"allow":["GET"]}}],"collection":[{"href":"https:\/\/inclusivenews.com.br\/index.php?rest_route=\/wp\/v2\/posts"}],"about":[{"href":"https:\/\/inclusivenews.com.br\/index.php?rest_route=\/wp\/v2\/types\/post"}],"author":[{"embeddable":true,"href":"https:\/\/inclusivenews.com.br\/index.php?rest_route=\/wp\/v2\/users\/1"}],"replies":[{"embeddable":true,"href":"https:\/\/inclusivenews.com.br\/index.php?rest_route=%2Fwp%2Fv2%2Fcomments&post=21628"}],"version-history":[{"count":0,"href":"https:\/\/inclusivenews.com.br\/index.php?rest_route=\/wp\/v2\/posts\/21628\/revisions"}],"wp:attachment":[{"href":"https:\/\/inclusivenews.com.br\/index.php?rest_route=%2Fwp%2Fv2%2Fmedia&parent=21628"}],"wp:term":[{"taxonomy":"category","embeddable":true,"href":"https:\/\/inclusivenews.com.br\/index.php?rest_route=%2Fwp%2Fv2%2Fcategories&post=21628"},{"taxonomy":"post_tag","embeddable":true,"href":"https:\/\/inclusivenews.com.br\/index.php?rest_route=%2Fwp%2Fv2%2Ftags&post=21628"}],"curies":[{"name":"wp","href":"https:\/\/api.w.org\/{rel}","templated":true}]}}