{"id":21634,"date":"2011-11-23T17:01:06","date_gmt":"2011-11-23T20:01:06","guid":{"rendered":"http:\/\/www.inclusive.org.br\/?p=21634"},"modified":"2011-11-23T17:01:06","modified_gmt":"2011-11-23T20:01:06","slug":"zumbi-general-de-homens-livres","status":"publish","type":"post","link":"https:\/\/inclusivenews.com.br\/?p=21634","title":{"rendered":"Zumbi, general de homens livres"},"content":{"rendered":"<figure id=\"attachment_21583\" aria-describedby=\"caption-attachment-21583\" style=\"width: 204px\" class=\"wp-caption alignleft\"><img loading=\"lazy\" decoding=\"async\" class=\"size-full wp-image-21583\" title=\"Zumbi dos Palmares\" src=\"http:\/\/inclusivenews.com.br\/wp-content\/uploads\/zumbi.jpg\" alt=\"Zumbi dos Palmares\" width=\"204\" height=\"204\" \/><figcaption id=\"caption-attachment-21583\" class=\"wp-caption-text\"> <\/figcaption><\/figure>\n<p><strong>Por Mario Maestri *<br \/>\nno Correio da Cidadania<\/strong><\/p>\n<p>Em 20 de novembro de 1695, em um ermo perdido das matas alagoanas, no sul da capitania de Pernambuco, Nzumbi dos Palmares ca\u00eda lutando, v\u00edtima da dela\u00e7\u00e3o de um homem seu, capturado e torturado. Seu corpo foi mutilado e seu sexo arrancado e enfiado em sua boca. A cabe\u00e7a do guerreiro, decepada, foi exposta, em Recife, em um chu\u00e7o, at\u00e9 apodrecer, para que os humildes lembrassem sempre a sorte dos que desafiam os donos da riqueza e do poder.<\/p>\n<p>Nzumbi<em> <\/em>foi o \u00faltimo grande chefe pol\u00edtico-militar da confedera\u00e7\u00e3o dos Palmares, nascida da federa\u00e7\u00e3o dos quilombos da regi\u00e3o, que unificaram suas for\u00e7as diante dos incessantes ataques escravistas. A confedera\u00e7\u00e3o teria reunido, em diversas aldeias semi-aut\u00f4nomas, ap\u00f3s o fim da ocupa\u00e7\u00e3o holandesa do Nordeste, em 1654, uns seis mil habitantes, popula\u00e7\u00e3o significativa para a \u00e9poca.<\/p>\n<p>Nzumbi chefiou a confedera\u00e7\u00e3o ap\u00f3s a defec\u00e7\u00e3o de Nganga Nzumba, que, em novembro de 1578, em Recife, rompeu a unidade quilombola e aceitou a anistia oferecida apenas para os nascidos nos quilombos, em troca do abandono dos Palmares e da vil entrega dos ex-cativos ali refugiados.<\/p>\n<p>Para Nzumbi, n\u00e3o havia cotas na liberdade, ela era para todos! Acreditando nas palavras dos poderosos e na liberdade concedida para apenas alguns, Ganga Zumba abandonou as alturas dos Palmares para estabelecer-se nos baixios de Cucu\u00e1, a 32 quil\u00f4metros de Serinha\u00e9m, onde muito logo, com seus seguidores, conheceu a morte e a reescraviza\u00e7\u00e3o.<\/p>\n<p>A confedera\u00e7\u00e3o palmarina foi rep\u00fablica de produtores livres, incrustada no seio de desp\u00f3tica sociedade escravista, formada por cativos fugidos da in\u00edqua escravid\u00e3o do nordeste a\u00e7ucareiro, ou nascidos nos Palmares. Por longas d\u00e9cadas, significou para milhares de africanos, mas tamb\u00e9m para crioulos, nativos, mesti\u00e7os e alguns homens livres, a possibilidade de materializa\u00e7\u00e3o do sonho de viver do pr\u00f3prio trabalho, plantando, ca\u00e7ando, pescando, escambando, em liberdade.<\/p>\n<p>Nos ataques derradeiros aos Palmares, as armas de fogo, a artilharia e a capacidade lusitana de deslocar e abastecer rapidamente suas tropas registravam o maior n\u00edvel de desenvolvimento das for\u00e7as produtivas materiais do escravismo, no contexto de rela\u00e7\u00f5es sociais de produ\u00e7\u00e3o desumanizadoras.<\/p>\n<p>As tropas que combatiam o reduto libert\u00e1rio eram a avan\u00e7ada, nas matas palmarinas, do ainda poderoso imp\u00e9rio portugu\u00eas, parte da divis\u00e3o mundial do trabalho da \u00e9poca. Palmares escaparia da destrui\u00e7\u00e3o final apenas se espraiasse a rebeli\u00e3o aos trabalhadores dos engenhos, ro\u00e7as e aglomera\u00e7\u00e3o do Nordeste.<\/p>\n<p>O quilombo do Macaco, a derradeira tentativa de resist\u00eancia est\u00e1tica palmarina, quando a confedera\u00e7\u00e3o vergava, foi destru\u00eddo, em fevereiro de 1694, por poderoso ex\u00e9rcito colonial artilhado, formado por brancos, mamelucos, nativos e negros.<\/p>\n<p>O \u00faltimo reduto palmarino, fortemente defendido por fossos, trincheiras e pali\u00e7ada, encontrava-se nos cimos de uma altaneira serra.<\/p>\n<p>***<\/p>\n<p>A serra da Barriga e regi\u00f5es circunvizinhas, na Zona da Mata alagoana, ent\u00e3o cobertas por densas matas, constituem ainda hoje paragem de singular beleza. O visitante que se aproxima da regi\u00e3o, vindo do litoral, maravilha-se com o espet\u00e1culo natural. O maci\u00e7o montanhoso surge abruptamente no horizonte, como fortaleza natural expugn\u00e1vel, dominando as terras baixas que o cercam, cobertas por imenso mar verde dos canaviais flutuando ao lufar do vento.<\/p>\n<p>Quem conhece a saga palmarina, com um pouco de imagina\u00e7\u00e3o, ouve os tambores africanos chamando \u00e0s armas os guerreiros, anunciando o aproximar das malditas tropas negreiras. Se refinar mais o ouvido, sentir\u00e1 a reverbera\u00e7\u00e3o dos <em>tam-tans<\/em> lan\u00e7ados do fundo da hist\u00f3ria, lembrando \u00e0s multid\u00f5es que labutam, hoje, longu\u00edssimas horas ao dia, n\u00e3o raro at\u00e9 a morte por exaust\u00e3o, por alguns punhados de reais, nos verdes canaviais que cercam a serra devassada, que a luta ainda continua, apesar da j\u00e1 long\u00ednqua morte do general negro de homens livres.<\/p>\n<p>* Mario Maestri, 63, \u00e9 professor do curso e do programa de p\u00f3s-gradua\u00e7\u00e3o em Hist\u00f3ria da UPF. E-mail: <a class=\"moz-txt-link-abbreviated\" href=\"mailto:maestri@via-rs.net\">maestri@via-rs.net<\/a><\/p>\n<p>Fonte: Correio da Cidadania<\/p>\n","protected":false},"excerpt":{"rendered":"<p>Por Mario Maestri, no Correo da Cidadaania. &#8220;Quem conhece a saga palmarina, com um pouco de imagina\u00e7\u00e3o, ouve os tambores africanos chamando \u00e0s armas os guerreiros, anunciando o aproximar das malditas tropas negreiras.&#8221;<\/p>\n","protected":false},"author":1,"featured_media":0,"comment_status":"open","ping_status":"open","sticky":false,"template":"","format":"standard","meta":{"site-container-style":"default","site-container-layout":"default","site-sidebar-layout":"default","disable-article-header":"default","disable-site-header":"default","disable-site-footer":"default","disable-content-area-spacing":"default","footnotes":""},"categories":[8],"tags":[],"class_list":["post-21634","post","type-post","status-publish","format-standard","hentry","category-textos-e-artigos"],"yoast_head":"<!-- This site is optimized with the Yoast SEO plugin v27.4 - https:\/\/yoast.com\/product\/yoast-seo-wordpress\/ -->\n<title>Zumbi, general de homens livres -<\/title>\n<meta name=\"robots\" content=\"index, follow, max-snippet:-1, max-image-preview:large, max-video-preview:-1\" \/>\n<link rel=\"canonical\" href=\"https:\/\/inclusivenews.com.br\/?p=21634\" \/>\n<meta property=\"og:locale\" content=\"pt_PT\" \/>\n<meta property=\"og:type\" content=\"article\" \/>\n<meta property=\"og:title\" content=\"Zumbi, general de homens livres -\" \/>\n<meta property=\"og:description\" content=\"Por Mario Maestri, no Correo da Cidadaania. &quot;Quem conhece a saga palmarina, com um pouco de imagina\u00e7\u00e3o, ouve os tambores africanos chamando \u00e0s armas os guerreiros, anunciando o aproximar das malditas tropas negreiras.&quot;\" \/>\n<meta property=\"og:url\" content=\"https:\/\/inclusivenews.com.br\/?p=21634\" \/>\n<meta property=\"article:publisher\" content=\"https:\/\/www.facebook.com\/agenciainclusive\/\" \/>\n<meta property=\"article:published_time\" content=\"2011-11-23T20:01:06+00:00\" \/>\n<meta property=\"og:image\" content=\"http:\/\/inclusivenews.com.br\/wp-content\/uploads\/zumbi.jpg\" \/>\n<meta name=\"author\" content=\"inclusivenews2024\" \/>\n<meta name=\"twitter:card\" content=\"summary_large_image\" \/>\n<meta name=\"twitter:label1\" content=\"Escrito por\" \/>\n\t<meta name=\"twitter:data1\" content=\"inclusivenews2024\" \/>\n\t<meta name=\"twitter:label2\" content=\"Tempo estimado de leitura\" \/>\n\t<meta name=\"twitter:data2\" content=\"3 minutos\" \/>\n<script type=\"application\/ld+json\" class=\"yoast-schema-graph\">{\"@context\":\"https:\\\/\\\/schema.org\",\"@graph\":[{\"@type\":\"Article\",\"@id\":\"https:\\\/\\\/inclusivenews.com.br\\\/?p=21634#article\",\"isPartOf\":{\"@id\":\"https:\\\/\\\/inclusivenews.com.br\\\/?p=21634\"},\"author\":{\"name\":\"inclusivenews2024\",\"@id\":\"https:\\\/\\\/inclusivenews.com.br\\\/#\\\/schema\\\/person\\\/ae4ec7087559b8692fb33b6fffd2273b\"},\"headline\":\"Zumbi, general de homens livres\",\"datePublished\":\"2011-11-23T20:01:06+00:00\",\"mainEntityOfPage\":{\"@id\":\"https:\\\/\\\/inclusivenews.com.br\\\/?p=21634\"},\"wordCount\":697,\"commentCount\":0,\"publisher\":{\"@id\":\"https:\\\/\\\/inclusivenews.com.br\\\/#organization\"},\"image\":{\"@id\":\"https:\\\/\\\/inclusivenews.com.br\\\/?p=21634#primaryimage\"},\"thumbnailUrl\":\"http:\\\/\\\/inclusivenews.com.br\\\/wp-content\\\/uploads\\\/zumbi.jpg\",\"articleSection\":[\"OPINI\u00c3O\"],\"inLanguage\":\"pt-PT\",\"potentialAction\":[{\"@type\":\"CommentAction\",\"name\":\"Comment\",\"target\":[\"https:\\\/\\\/inclusivenews.com.br\\\/?p=21634#respond\"]}]},{\"@type\":\"WebPage\",\"@id\":\"https:\\\/\\\/inclusivenews.com.br\\\/?p=21634\",\"url\":\"https:\\\/\\\/inclusivenews.com.br\\\/?p=21634\",\"name\":\"Zumbi, general de homens livres -\",\"isPartOf\":{\"@id\":\"https:\\\/\\\/inclusivenews.com.br\\\/#website\"},\"primaryImageOfPage\":{\"@id\":\"https:\\\/\\\/inclusivenews.com.br\\\/?p=21634#primaryimage\"},\"image\":{\"@id\":\"https:\\\/\\\/inclusivenews.com.br\\\/?p=21634#primaryimage\"},\"thumbnailUrl\":\"http:\\\/\\\/inclusivenews.com.br\\\/wp-content\\\/uploads\\\/zumbi.jpg\",\"datePublished\":\"2011-11-23T20:01:06+00:00\",\"breadcrumb\":{\"@id\":\"https:\\\/\\\/inclusivenews.com.br\\\/?p=21634#breadcrumb\"},\"inLanguage\":\"pt-PT\",\"potentialAction\":[{\"@type\":\"ReadAction\",\"target\":[\"https:\\\/\\\/inclusivenews.com.br\\\/?p=21634\"]}]},{\"@type\":\"ImageObject\",\"inLanguage\":\"pt-PT\",\"@id\":\"https:\\\/\\\/inclusivenews.com.br\\\/?p=21634#primaryimage\",\"url\":\"\",\"contentUrl\":\"\"},{\"@type\":\"BreadcrumbList\",\"@id\":\"https:\\\/\\\/inclusivenews.com.br\\\/?p=21634#breadcrumb\",\"itemListElement\":[{\"@type\":\"ListItem\",\"position\":1,\"name\":\"In\u00edcio\",\"item\":\"https:\\\/\\\/inclusivenews.com.br\\\/\"},{\"@type\":\"ListItem\",\"position\":2,\"name\":\"Zumbi, general de homens livres\"}]},{\"@type\":\"WebSite\",\"@id\":\"https:\\\/\\\/inclusivenews.com.br\\\/#website\",\"url\":\"https:\\\/\\\/inclusivenews.com.br\\\/\",\"name\":\"Inclusive News\",\"description\":\"Inclusive News\",\"publisher\":{\"@id\":\"https:\\\/\\\/inclusivenews.com.br\\\/#organization\"},\"potentialAction\":[{\"@type\":\"SearchAction\",\"target\":{\"@type\":\"EntryPoint\",\"urlTemplate\":\"https:\\\/\\\/inclusivenews.com.br\\\/?s={search_term_string}\"},\"query-input\":{\"@type\":\"PropertyValueSpecification\",\"valueRequired\":true,\"valueName\":\"search_term_string\"}}],\"inLanguage\":\"pt-PT\"},{\"@type\":\"Organization\",\"@id\":\"https:\\\/\\\/inclusivenews.com.br\\\/#organization\",\"name\":\"Inclusive - inclus\u00e3o e cidadania\",\"url\":\"https:\\\/\\\/inclusivenews.com.br\\\/\",\"logo\":{\"@type\":\"ImageObject\",\"inLanguage\":\"pt-PT\",\"@id\":\"https:\\\/\\\/inclusivenews.com.br\\\/#\\\/schema\\\/logo\\\/image\\\/\",\"url\":\"https:\\\/\\\/inclusivenews.com.br\\\/wp-content\\\/uploads\\\/2024\\\/03\\\/@grandesite.png\",\"contentUrl\":\"https:\\\/\\\/inclusivenews.com.br\\\/wp-content\\\/uploads\\\/2024\\\/03\\\/@grandesite.png\",\"width\":1080,\"height\":1080,\"caption\":\"Inclusive - inclus\u00e3o e cidadania\"},\"image\":{\"@id\":\"https:\\\/\\\/inclusivenews.com.br\\\/#\\\/schema\\\/logo\\\/image\\\/\"},\"sameAs\":[\"https:\\\/\\\/www.facebook.com\\\/agenciainclusive\\\/\",\"https:\\\/\\\/www.instagram.com\\\/newsinclusive\\\/\"]},{\"@type\":\"Person\",\"@id\":\"https:\\\/\\\/inclusivenews.com.br\\\/#\\\/schema\\\/person\\\/ae4ec7087559b8692fb33b6fffd2273b\",\"name\":\"inclusivenews2024\",\"image\":{\"@type\":\"ImageObject\",\"inLanguage\":\"pt-PT\",\"@id\":\"https:\\\/\\\/secure.gravatar.com\\\/avatar\\\/c5a7ef84c66fa914f55bc4f7ce26cfa275a3b9a1c5568b907bd184fb4dde7b40?s=96&d=mm&r=g\",\"url\":\"https:\\\/\\\/secure.gravatar.com\\\/avatar\\\/c5a7ef84c66fa914f55bc4f7ce26cfa275a3b9a1c5568b907bd184fb4dde7b40?s=96&d=mm&r=g\",\"contentUrl\":\"https:\\\/\\\/secure.gravatar.com\\\/avatar\\\/c5a7ef84c66fa914f55bc4f7ce26cfa275a3b9a1c5568b907bd184fb4dde7b40?s=96&d=mm&r=g\",\"caption\":\"inclusivenews2024\"},\"sameAs\":[\"https:\\\/\\\/inclusivenews.com.br\"],\"url\":\"https:\\\/\\\/inclusivenews.com.br\\\/?author=1\"}]}<\/script>\n<!-- \/ Yoast SEO plugin. -->","yoast_head_json":{"title":"Zumbi, general de homens livres -","robots":{"index":"index","follow":"follow","max-snippet":"max-snippet:-1","max-image-preview":"max-image-preview:large","max-video-preview":"max-video-preview:-1"},"canonical":"https:\/\/inclusivenews.com.br\/?p=21634","og_locale":"pt_PT","og_type":"article","og_title":"Zumbi, general de homens livres -","og_description":"Por Mario Maestri, no Correo da Cidadaania. \"Quem conhece a saga palmarina, com um pouco de imagina\u00e7\u00e3o, ouve os tambores africanos chamando \u00e0s armas os guerreiros, anunciando o aproximar das malditas tropas negreiras.\"","og_url":"https:\/\/inclusivenews.com.br\/?p=21634","article_publisher":"https:\/\/www.facebook.com\/agenciainclusive\/","article_published_time":"2011-11-23T20:01:06+00:00","og_image":[{"url":"http:\/\/inclusivenews.com.br\/wp-content\/uploads\/zumbi.jpg","type":"","width":"","height":""}],"author":"inclusivenews2024","twitter_card":"summary_large_image","twitter_misc":{"Escrito por":"inclusivenews2024","Tempo estimado de leitura":"3 minutos"},"schema":{"@context":"https:\/\/schema.org","@graph":[{"@type":"Article","@id":"https:\/\/inclusivenews.com.br\/?p=21634#article","isPartOf":{"@id":"https:\/\/inclusivenews.com.br\/?p=21634"},"author":{"name":"inclusivenews2024","@id":"https:\/\/inclusivenews.com.br\/#\/schema\/person\/ae4ec7087559b8692fb33b6fffd2273b"},"headline":"Zumbi, general de homens livres","datePublished":"2011-11-23T20:01:06+00:00","mainEntityOfPage":{"@id":"https:\/\/inclusivenews.com.br\/?p=21634"},"wordCount":697,"commentCount":0,"publisher":{"@id":"https:\/\/inclusivenews.com.br\/#organization"},"image":{"@id":"https:\/\/inclusivenews.com.br\/?p=21634#primaryimage"},"thumbnailUrl":"http:\/\/inclusivenews.com.br\/wp-content\/uploads\/zumbi.jpg","articleSection":["OPINI\u00c3O"],"inLanguage":"pt-PT","potentialAction":[{"@type":"CommentAction","name":"Comment","target":["https:\/\/inclusivenews.com.br\/?p=21634#respond"]}]},{"@type":"WebPage","@id":"https:\/\/inclusivenews.com.br\/?p=21634","url":"https:\/\/inclusivenews.com.br\/?p=21634","name":"Zumbi, general de homens livres -","isPartOf":{"@id":"https:\/\/inclusivenews.com.br\/#website"},"primaryImageOfPage":{"@id":"https:\/\/inclusivenews.com.br\/?p=21634#primaryimage"},"image":{"@id":"https:\/\/inclusivenews.com.br\/?p=21634#primaryimage"},"thumbnailUrl":"http:\/\/inclusivenews.com.br\/wp-content\/uploads\/zumbi.jpg","datePublished":"2011-11-23T20:01:06+00:00","breadcrumb":{"@id":"https:\/\/inclusivenews.com.br\/?p=21634#breadcrumb"},"inLanguage":"pt-PT","potentialAction":[{"@type":"ReadAction","target":["https:\/\/inclusivenews.com.br\/?p=21634"]}]},{"@type":"ImageObject","inLanguage":"pt-PT","@id":"https:\/\/inclusivenews.com.br\/?p=21634#primaryimage","url":"","contentUrl":""},{"@type":"BreadcrumbList","@id":"https:\/\/inclusivenews.com.br\/?p=21634#breadcrumb","itemListElement":[{"@type":"ListItem","position":1,"name":"In\u00edcio","item":"https:\/\/inclusivenews.com.br\/"},{"@type":"ListItem","position":2,"name":"Zumbi, general de homens livres"}]},{"@type":"WebSite","@id":"https:\/\/inclusivenews.com.br\/#website","url":"https:\/\/inclusivenews.com.br\/","name":"Inclusive News","description":"Inclusive News","publisher":{"@id":"https:\/\/inclusivenews.com.br\/#organization"},"potentialAction":[{"@type":"SearchAction","target":{"@type":"EntryPoint","urlTemplate":"https:\/\/inclusivenews.com.br\/?s={search_term_string}"},"query-input":{"@type":"PropertyValueSpecification","valueRequired":true,"valueName":"search_term_string"}}],"inLanguage":"pt-PT"},{"@type":"Organization","@id":"https:\/\/inclusivenews.com.br\/#organization","name":"Inclusive - inclus\u00e3o e cidadania","url":"https:\/\/inclusivenews.com.br\/","logo":{"@type":"ImageObject","inLanguage":"pt-PT","@id":"https:\/\/inclusivenews.com.br\/#\/schema\/logo\/image\/","url":"https:\/\/inclusivenews.com.br\/wp-content\/uploads\/2024\/03\/@grandesite.png","contentUrl":"https:\/\/inclusivenews.com.br\/wp-content\/uploads\/2024\/03\/@grandesite.png","width":1080,"height":1080,"caption":"Inclusive - inclus\u00e3o e cidadania"},"image":{"@id":"https:\/\/inclusivenews.com.br\/#\/schema\/logo\/image\/"},"sameAs":["https:\/\/www.facebook.com\/agenciainclusive\/","https:\/\/www.instagram.com\/newsinclusive\/"]},{"@type":"Person","@id":"https:\/\/inclusivenews.com.br\/#\/schema\/person\/ae4ec7087559b8692fb33b6fffd2273b","name":"inclusivenews2024","image":{"@type":"ImageObject","inLanguage":"pt-PT","@id":"https:\/\/secure.gravatar.com\/avatar\/c5a7ef84c66fa914f55bc4f7ce26cfa275a3b9a1c5568b907bd184fb4dde7b40?s=96&d=mm&r=g","url":"https:\/\/secure.gravatar.com\/avatar\/c5a7ef84c66fa914f55bc4f7ce26cfa275a3b9a1c5568b907bd184fb4dde7b40?s=96&d=mm&r=g","contentUrl":"https:\/\/secure.gravatar.com\/avatar\/c5a7ef84c66fa914f55bc4f7ce26cfa275a3b9a1c5568b907bd184fb4dde7b40?s=96&d=mm&r=g","caption":"inclusivenews2024"},"sameAs":["https:\/\/inclusivenews.com.br"],"url":"https:\/\/inclusivenews.com.br\/?author=1"}]}},"_links":{"self":[{"href":"https:\/\/inclusivenews.com.br\/index.php?rest_route=\/wp\/v2\/posts\/21634","targetHints":{"allow":["GET"]}}],"collection":[{"href":"https:\/\/inclusivenews.com.br\/index.php?rest_route=\/wp\/v2\/posts"}],"about":[{"href":"https:\/\/inclusivenews.com.br\/index.php?rest_route=\/wp\/v2\/types\/post"}],"author":[{"embeddable":true,"href":"https:\/\/inclusivenews.com.br\/index.php?rest_route=\/wp\/v2\/users\/1"}],"replies":[{"embeddable":true,"href":"https:\/\/inclusivenews.com.br\/index.php?rest_route=%2Fwp%2Fv2%2Fcomments&post=21634"}],"version-history":[{"count":0,"href":"https:\/\/inclusivenews.com.br\/index.php?rest_route=\/wp\/v2\/posts\/21634\/revisions"}],"wp:attachment":[{"href":"https:\/\/inclusivenews.com.br\/index.php?rest_route=%2Fwp%2Fv2%2Fmedia&parent=21634"}],"wp:term":[{"taxonomy":"category","embeddable":true,"href":"https:\/\/inclusivenews.com.br\/index.php?rest_route=%2Fwp%2Fv2%2Fcategories&post=21634"},{"taxonomy":"post_tag","embeddable":true,"href":"https:\/\/inclusivenews.com.br\/index.php?rest_route=%2Fwp%2Fv2%2Ftags&post=21634"}],"curies":[{"name":"wp","href":"https:\/\/api.w.org\/{rel}","templated":true}]}}