{"id":21636,"date":"2011-11-23T12:26:03","date_gmt":"2011-11-23T15:26:03","guid":{"rendered":"http:\/\/www.inclusive.org.br\/?p=21636"},"modified":"2011-11-23T12:26:03","modified_gmt":"2011-11-23T15:26:03","slug":"valorizacao-docente-deve-ser-assumida-por-toda-a-sociedade-defendem-organizac-oes","status":"publish","type":"post","link":"https:\/\/inclusivenews.com.br\/?p=21636","title":{"rendered":"Valoriza\u00e7\u00e3o docente deve ser assumida por toda a sociedade, defendem organiza\u00e7 \u00f5es"},"content":{"rendered":"<p><img loading=\"lazy\" decoding=\"async\" class=\"alignleft size-full wp-image-19202\" title=\"Desenho de professora com uma ma\u00e7\u00e3 na m\u00e3o\" src=\"http:\/\/inclusivenews.com.br\/wp-content\/uploads\/2011\/04\/professor-maca.jpg\" alt=\"Desenho de professora com uma ma\u00e7\u00e3 na m\u00e3o\" width=\"172\" height=\"162\" \/><\/p>\n<p><span style=\"color: #000000;\">\u201cOs professores precisam ser ouvidos\u201d. Essa pode ser considerada a m\u00e1xima do debate Valoriza\u00e7\u00e3o Docente no Brasil, que aconteceu na quarta-feira dia 9. O debate fez parte das atividades do lan\u00e7amento da Vozes da Educa\u00e7\u00e3o \u2013 Rede pela Valoriza\u00e7\u00e3o d@s Docentes <a href=\"mailto:Latino-american@s\">Latino-american@s<\/a>.<br \/>\n<\/span><\/p>\n<p><span style=\"color: #000000;\">Os debatedores apontaram que os professores n\u00e3o s\u00e3o ouvidos nem para a elabora\u00e7\u00e3o de pol\u00edticas p\u00fablicas, nem como fontes da imprensa sobre a educa\u00e7\u00e3o, apesar de ser sempre apontado com o sujeito dos erros e acertos.\u201cVivemos no Brasil um momento grave de sataniza\u00e7\u00e3o e a santifica\u00e7\u00e3o do professor. Sataniza\u00e7\u00e3o no sentido de que todos os problemas da educa\u00e7\u00e3o recaem sobre o docente. Como se o docente fosse um profissional extremamente desinteressado, que n\u00e3o quer responder a metas. Por outro lado, o professor \u00e9 santificado, como aquele elemento que mobiliza o aluno, que passa por cima das dificuldades e consegue dar conta\u201d, afirmou Daniel Cara, coordenador-geral da Campanha Nacional pelo Direito \u00e0 Educa\u00e7\u00e3o.\u00c1lvaro Hypolito, professor visitante da UFMG, esteve no debate pela Rede Latino-Americana de Estudos sobre Trabalho Docente (Red Estrado), que coordena no Brasil. Como pesquisador, problematizou o desest\u00edmulo por parte de ag\u00eancias de fomento para pesquisas sobre a educa\u00e7\u00e3o b\u00e1sica.<\/p>\n<p>Respondendo a uma usual cr\u00edtica, de que essas pesquisas \u201cn\u00e3o interferem\u201d nas pol\u00edticas, afirmou \u201cn\u00e3o \u00e9 que a pesquisa n\u00e3o interfere. \u00c9 que tudo o que dizemos n\u00e3o \u00e9 ouvido, e os governantes surgem com propostas que ningu\u00e9m sabe da onde sa\u00edram\u201d.<\/p>\n<p><strong>Fala, Educador!<\/strong><\/p>\n<p>Daniel Cara lembrou que a nascente rede Vozes da Educa\u00e7\u00e3o, tem liga\u00e7\u00e3o com a hist\u00f3ria da Lei da Morda\u00e7a e sua recente queda em S\u00e3o Paulo, e de como isso \u00e9 importante para a valoriza\u00e7\u00e3o dos docentes. \u201cA lei da morda\u00e7a \u00e9 anterior ao per\u00edodo de redemocratiza\u00e7\u00e3o, que n\u00e3o permitia aos servidores p\u00fablicos se pronunciarem sobre suas condi\u00e7\u00f5es de trabalho\u201d. A restri\u00e7\u00e3o ainda est\u00e1 presente em estatutos dos servidores p\u00fablicos de diversos estados e munic\u00edpios.<\/p>\n<p>\u201c[Na \u00e9poca] eu tive conhecimento que uma amiga que tinha uma classe de Educa\u00e7\u00e3o de Jovens Adultos, lecionava para mais de mil alunos, e ganhava sal\u00e1rio inferior a mil reais. E se n\u00e3o fosse essa mobiliza\u00e7\u00e3o da lei da morda\u00e7a, ela n\u00e3o teria tomado coragem de falar ao Valor Econ\u00f4mico sobre a condi\u00e7\u00e3o de vida dela\u201d, compartilhou.<\/p>\n<p>Participaram tamb\u00e9m do debate os professores da rede estadual de educa\u00e7\u00e3o de S\u00e3o Paulo Eduardo Amaral e Teresa Cristina Aliperti. O professor Eduardo, que leciona Filosofia, discutiu a origem da desvaloriza\u00e7\u00e3o no Brasil, visto que em algum momento da nossa hist\u00f3ria esse cargo foi respeitado. \u201cN\u00f3s percebemos que talvez a crise n\u00e3o seja apenas dos professores que est\u00e3o desvalorizados. Temos que pensar que a pr\u00f3pria institui\u00e7\u00e3o escolar foi desvalorizada, perdeu seu lugar na sociedade, daquele lugar que era o trampolim para uma determinada fun\u00e7\u00e3o social\u201d, explicou.<\/p>\n<p>Por isso, ressaltou, a desvaloriza\u00e7\u00e3o dos professores coincide com dois momentos hist\u00f3ricos: quando as mulheres entram nesse mercado de trabalho \u2013 como uma extens\u00e3o do trabalho dom\u00e9stico de cuidar das crian\u00e7as \u2013, e em um segundo momento, com a democratiza\u00e7\u00e3o da educa\u00e7\u00e3o.<\/p>\n<p>Ou seja, desvalorizou-se a educa\u00e7\u00e3o quando ela passou a ser para todo o povo, e n\u00e3o apenas para as fam\u00edlias ricas, explicou Eduardo. \u201cSegundo momento foi depois que no estado de S\u00e3o Paulo, 1968, e depois no resto do Brasil, acabou o exame de admiss\u00e3o. Que era um verdadeiro vestibular aplicado a crian\u00e7as de 10 anos. De cada tr\u00eas crian\u00e7as, duas ficavam de fora. Mas a partir do momento em que a escola \u00e9 democratizada para a camada que estava fora, o sal\u00e1rio cai de novo\u201d.<\/p>\n<p>Teresa, professora do ensino fundamental, salientou que escolheu lecionar na escola p\u00fablica porque gosta do que faz, mas que necessita ser reconhecida e valorizada para continuar. \u201cQuando eu abro meu holerite eu penso: eu mere\u00e7o isso? Eu quero ser valorizada. At\u00e9 quando vou aguentar ser tratada dessa maneira, sendo culpabilizada por algo que eu n\u00e3o tenho culpa? Escolhi estar aqui por enquanto, mas at\u00e9 quando? Preciso ganhar sal\u00e1rio suficiente pra eu me sentir gente\u201d.<\/p>\n<p><span style=\"color: #000000;\"><strong>Condi\u00e7\u00f5es para valoriza\u00e7\u00e3o<br \/>\n<\/strong><br \/>\nA Confedera\u00e7\u00e3o Nacional dos Trabalhadores em Educa\u00e7\u00e3o (CNTE), por meio do seu presidente Roberto Le\u00e3o, defendeu a valoriza\u00e7\u00e3o dos profissionais da educa\u00e7\u00e3o incluindo os seguintes pontos: condi\u00e7\u00f5es decentes de trabalho, reconhecimento, forma\u00e7\u00e3o inicial s\u00f3lida. \u201cE reconhecimento\u201d, explicou Le\u00e3o, \u201c\u00e9 carreira, condi\u00e7\u00f5es de trabalho\u201d. Em sua fala, mencionou que a quest\u00e3o salarial n\u00e3o \u00e9 o \u00fanico passo para a valoriza\u00e7\u00e3o, mas \u00e9 um item indispens\u00e1vel.\u201cValoriza\u00e7\u00e3o para n\u00f3s \u00e9 isso: escola p\u00fablica de qualidade, socialmente referenciada, e s\u00f3 com gest\u00e3o democr\u00e1tica\u201d. A gest\u00e3o democr\u00e1tica, defendeu, \u00e9 um exerc\u00edcio para a constru\u00e7\u00e3o de um mundo menos autorit\u00e1rio, para plantar rela\u00e7\u00f5es menos verticalizadas. \u201cQue as pessoas possam ter opini\u00f5es pol\u00edticas sobre o que vai ter influ\u00eancia na vida delas\u201d.Le\u00e3o e o pesquisador \u00c1lvaro criticaram \u201cpropostas neoliberais\u201d para educa\u00e7\u00e3o, aquelas baseadas em competi\u00e7\u00e3o entre professores e alunos, e que tiram autonomia did\u00e1tica dos docentes. \u201cN\u00e3o se faz educa\u00e7\u00e3o estimulando disputa entre os profissionais. Escola tem que ser constru\u00edda democraticamente. Valoriza\u00e7\u00e3o \u00e9 reconhecer trabalho intelectual do professor como algu\u00e9m capaz de produzir aulas com o conjunto dos alunos\u201d, disse Le\u00e3o.<\/p>\n<p>J\u00e1 \u00c1lvaro, criticou o hist\u00f3rico dessas medidas: \u201ch\u00e1 mais de 30 anos, 40 anos, que a l\u00f3gica dos setores conservadores tem sido dar um choque de gest\u00e3o, gerencialismo\u201d, como se o problema na educa\u00e7\u00e3o fosse um problema de gest\u00e3o. E os resultados dessas pol\u00edticas, salientou, s\u00e3o p\u00edfios. \u201cVamos deixar os \u00edndices dos economistas e pensar em outros \u00edndices\u201d.<\/p>\n<p>Fonte: <a href=\"http:\/\/www.observatoriodaeducacao.org.br\/index.php?option=com_content&amp;view=article&amp;id=1111:valorizacao-docente-deve-ser-assumida-por-toda-a-sociedade-defendem-organizacoes-&amp;catid=63:oficio-docente&amp;Itemid=101\">Observat\u00f3rio da Educa\u00e7\u00e3o<\/a><\/p>\n<p><\/span><\/p>\n<p><\/span><\/p>\n","protected":false},"excerpt":{"rendered":"<p> \u201cOs professores precisam ser ouvidos\u201d. Essa pode ser considerada a m\u00e1xima do debate Valoriza\u00e7\u00e3o Docente no Brasil, que aconteceu na quarta-feira dia 9. Do Observat\u00f3rio da Educa\u00e7\u00e3o.<\/p>\n","protected":false},"author":1,"featured_media":0,"comment_status":"open","ping_status":"open","sticky":false,"template":"","format":"standard","meta":{"site-container-style":"default","site-container-layout":"default","site-sidebar-layout":"default","disable-article-header":"default","disable-site-header":"default","disable-site-footer":"default","disable-content-area-spacing":"default","footnotes":""},"categories":[6,4],"tags":[],"class_list":["post-21636","post","type-post","status-publish","format-standard","hentry","category-educacao","category-noticias"],"yoast_head":"<!-- This site is optimized with the Yoast SEO plugin v27.4 - https:\/\/yoast.com\/product\/yoast-seo-wordpress\/ -->\n<title>Valoriza\u00e7\u00e3o docente deve ser assumida por toda a sociedade, defendem organiza\u00e7 \u00f5es -<\/title>\n<meta name=\"robots\" content=\"index, follow, max-snippet:-1, max-image-preview:large, max-video-preview:-1\" \/>\n<link rel=\"canonical\" href=\"https:\/\/inclusivenews.com.br\/?p=21636\" \/>\n<meta property=\"og:locale\" content=\"pt_PT\" \/>\n<meta property=\"og:type\" content=\"article\" \/>\n<meta property=\"og:title\" content=\"Valoriza\u00e7\u00e3o docente deve ser assumida por toda a sociedade, defendem organiza\u00e7 \u00f5es -\" \/>\n<meta property=\"og:description\" content=\"\u201cOs professores precisam ser ouvidos\u201d. Essa pode ser considerada a m\u00e1xima do debate Valoriza\u00e7\u00e3o Docente no Brasil, que aconteceu na quarta-feira dia 9. Do Observat\u00f3rio da Educa\u00e7\u00e3o.\" \/>\n<meta property=\"og:url\" content=\"https:\/\/inclusivenews.com.br\/?p=21636\" \/>\n<meta property=\"article:publisher\" content=\"https:\/\/www.facebook.com\/agenciainclusive\/\" \/>\n<meta property=\"article:published_time\" content=\"2011-11-23T15:26:03+00:00\" \/>\n<meta property=\"og:image\" content=\"http:\/\/inclusivenews.com.br\/wp-content\/uploads\/2011\/04\/professor-maca.jpg\" \/>\n<meta name=\"author\" content=\"inclusivenews2024\" \/>\n<meta name=\"twitter:card\" content=\"summary_large_image\" \/>\n<meta name=\"twitter:label1\" content=\"Escrito por\" \/>\n\t<meta name=\"twitter:data1\" content=\"inclusivenews2024\" \/>\n\t<meta name=\"twitter:label2\" content=\"Tempo estimado de leitura\" \/>\n\t<meta name=\"twitter:data2\" content=\"5 minutos\" \/>\n<script type=\"application\/ld+json\" class=\"yoast-schema-graph\">{\"@context\":\"https:\\\/\\\/schema.org\",\"@graph\":[{\"@type\":\"Article\",\"@id\":\"https:\\\/\\\/inclusivenews.com.br\\\/?p=21636#article\",\"isPartOf\":{\"@id\":\"https:\\\/\\\/inclusivenews.com.br\\\/?p=21636\"},\"author\":{\"name\":\"inclusivenews2024\",\"@id\":\"https:\\\/\\\/inclusivenews.com.br\\\/#\\\/schema\\\/person\\\/ae4ec7087559b8692fb33b6fffd2273b\"},\"headline\":\"Valoriza\u00e7\u00e3o docente deve ser assumida por toda a sociedade, defendem organiza\u00e7 \u00f5es\",\"datePublished\":\"2011-11-23T15:26:03+00:00\",\"mainEntityOfPage\":{\"@id\":\"https:\\\/\\\/inclusivenews.com.br\\\/?p=21636\"},\"wordCount\":1026,\"commentCount\":0,\"publisher\":{\"@id\":\"https:\\\/\\\/inclusivenews.com.br\\\/#organization\"},\"image\":{\"@id\":\"https:\\\/\\\/inclusivenews.com.br\\\/?p=21636#primaryimage\"},\"thumbnailUrl\":\"http:\\\/\\\/inclusivenews.com.br\\\/wp-content\\\/uploads\\\/2011\\\/04\\\/professor-maca.jpg\",\"articleSection\":[\"EDUCA\u00c7\u00c3O\",\"NOT\u00cdCIAS\"],\"inLanguage\":\"pt-PT\",\"potentialAction\":[{\"@type\":\"CommentAction\",\"name\":\"Comment\",\"target\":[\"https:\\\/\\\/inclusivenews.com.br\\\/?p=21636#respond\"]}]},{\"@type\":\"WebPage\",\"@id\":\"https:\\\/\\\/inclusivenews.com.br\\\/?p=21636\",\"url\":\"https:\\\/\\\/inclusivenews.com.br\\\/?p=21636\",\"name\":\"Valoriza\u00e7\u00e3o docente deve ser assumida por toda a sociedade, defendem organiza\u00e7 \u00f5es -\",\"isPartOf\":{\"@id\":\"https:\\\/\\\/inclusivenews.com.br\\\/#website\"},\"primaryImageOfPage\":{\"@id\":\"https:\\\/\\\/inclusivenews.com.br\\\/?p=21636#primaryimage\"},\"image\":{\"@id\":\"https:\\\/\\\/inclusivenews.com.br\\\/?p=21636#primaryimage\"},\"thumbnailUrl\":\"http:\\\/\\\/inclusivenews.com.br\\\/wp-content\\\/uploads\\\/2011\\\/04\\\/professor-maca.jpg\",\"datePublished\":\"2011-11-23T15:26:03+00:00\",\"breadcrumb\":{\"@id\":\"https:\\\/\\\/inclusivenews.com.br\\\/?p=21636#breadcrumb\"},\"inLanguage\":\"pt-PT\",\"potentialAction\":[{\"@type\":\"ReadAction\",\"target\":[\"https:\\\/\\\/inclusivenews.com.br\\\/?p=21636\"]}]},{\"@type\":\"ImageObject\",\"inLanguage\":\"pt-PT\",\"@id\":\"https:\\\/\\\/inclusivenews.com.br\\\/?p=21636#primaryimage\",\"url\":\"\",\"contentUrl\":\"\"},{\"@type\":\"BreadcrumbList\",\"@id\":\"https:\\\/\\\/inclusivenews.com.br\\\/?p=21636#breadcrumb\",\"itemListElement\":[{\"@type\":\"ListItem\",\"position\":1,\"name\":\"In\u00edcio\",\"item\":\"https:\\\/\\\/inclusivenews.com.br\\\/\"},{\"@type\":\"ListItem\",\"position\":2,\"name\":\"Valoriza\u00e7\u00e3o docente deve ser assumida por toda a sociedade, defendem organiza\u00e7 \u00f5es\"}]},{\"@type\":\"WebSite\",\"@id\":\"https:\\\/\\\/inclusivenews.com.br\\\/#website\",\"url\":\"https:\\\/\\\/inclusivenews.com.br\\\/\",\"name\":\"Inclusive News\",\"description\":\"Inclusive News\",\"publisher\":{\"@id\":\"https:\\\/\\\/inclusivenews.com.br\\\/#organization\"},\"potentialAction\":[{\"@type\":\"SearchAction\",\"target\":{\"@type\":\"EntryPoint\",\"urlTemplate\":\"https:\\\/\\\/inclusivenews.com.br\\\/?s={search_term_string}\"},\"query-input\":{\"@type\":\"PropertyValueSpecification\",\"valueRequired\":true,\"valueName\":\"search_term_string\"}}],\"inLanguage\":\"pt-PT\"},{\"@type\":\"Organization\",\"@id\":\"https:\\\/\\\/inclusivenews.com.br\\\/#organization\",\"name\":\"Inclusive - inclus\u00e3o e cidadania\",\"url\":\"https:\\\/\\\/inclusivenews.com.br\\\/\",\"logo\":{\"@type\":\"ImageObject\",\"inLanguage\":\"pt-PT\",\"@id\":\"https:\\\/\\\/inclusivenews.com.br\\\/#\\\/schema\\\/logo\\\/image\\\/\",\"url\":\"https:\\\/\\\/inclusivenews.com.br\\\/wp-content\\\/uploads\\\/2024\\\/03\\\/@grandesite.png\",\"contentUrl\":\"https:\\\/\\\/inclusivenews.com.br\\\/wp-content\\\/uploads\\\/2024\\\/03\\\/@grandesite.png\",\"width\":1080,\"height\":1080,\"caption\":\"Inclusive - inclus\u00e3o e cidadania\"},\"image\":{\"@id\":\"https:\\\/\\\/inclusivenews.com.br\\\/#\\\/schema\\\/logo\\\/image\\\/\"},\"sameAs\":[\"https:\\\/\\\/www.facebook.com\\\/agenciainclusive\\\/\",\"https:\\\/\\\/www.instagram.com\\\/newsinclusive\\\/\"]},{\"@type\":\"Person\",\"@id\":\"https:\\\/\\\/inclusivenews.com.br\\\/#\\\/schema\\\/person\\\/ae4ec7087559b8692fb33b6fffd2273b\",\"name\":\"inclusivenews2024\",\"image\":{\"@type\":\"ImageObject\",\"inLanguage\":\"pt-PT\",\"@id\":\"https:\\\/\\\/secure.gravatar.com\\\/avatar\\\/c5a7ef84c66fa914f55bc4f7ce26cfa275a3b9a1c5568b907bd184fb4dde7b40?s=96&d=mm&r=g\",\"url\":\"https:\\\/\\\/secure.gravatar.com\\\/avatar\\\/c5a7ef84c66fa914f55bc4f7ce26cfa275a3b9a1c5568b907bd184fb4dde7b40?s=96&d=mm&r=g\",\"contentUrl\":\"https:\\\/\\\/secure.gravatar.com\\\/avatar\\\/c5a7ef84c66fa914f55bc4f7ce26cfa275a3b9a1c5568b907bd184fb4dde7b40?s=96&d=mm&r=g\",\"caption\":\"inclusivenews2024\"},\"sameAs\":[\"https:\\\/\\\/inclusivenews.com.br\"],\"url\":\"https:\\\/\\\/inclusivenews.com.br\\\/?author=1\"}]}<\/script>\n<!-- \/ Yoast SEO plugin. -->","yoast_head_json":{"title":"Valoriza\u00e7\u00e3o docente deve ser assumida por toda a sociedade, defendem organiza\u00e7 \u00f5es -","robots":{"index":"index","follow":"follow","max-snippet":"max-snippet:-1","max-image-preview":"max-image-preview:large","max-video-preview":"max-video-preview:-1"},"canonical":"https:\/\/inclusivenews.com.br\/?p=21636","og_locale":"pt_PT","og_type":"article","og_title":"Valoriza\u00e7\u00e3o docente deve ser assumida por toda a sociedade, defendem organiza\u00e7 \u00f5es -","og_description":"\u201cOs professores precisam ser ouvidos\u201d. Essa pode ser considerada a m\u00e1xima do debate Valoriza\u00e7\u00e3o Docente no Brasil, que aconteceu na quarta-feira dia 9. Do Observat\u00f3rio da Educa\u00e7\u00e3o.","og_url":"https:\/\/inclusivenews.com.br\/?p=21636","article_publisher":"https:\/\/www.facebook.com\/agenciainclusive\/","article_published_time":"2011-11-23T15:26:03+00:00","og_image":[{"url":"http:\/\/inclusivenews.com.br\/wp-content\/uploads\/2011\/04\/professor-maca.jpg","type":"","width":"","height":""}],"author":"inclusivenews2024","twitter_card":"summary_large_image","twitter_misc":{"Escrito por":"inclusivenews2024","Tempo estimado de leitura":"5 minutos"},"schema":{"@context":"https:\/\/schema.org","@graph":[{"@type":"Article","@id":"https:\/\/inclusivenews.com.br\/?p=21636#article","isPartOf":{"@id":"https:\/\/inclusivenews.com.br\/?p=21636"},"author":{"name":"inclusivenews2024","@id":"https:\/\/inclusivenews.com.br\/#\/schema\/person\/ae4ec7087559b8692fb33b6fffd2273b"},"headline":"Valoriza\u00e7\u00e3o docente deve ser assumida por toda a sociedade, defendem organiza\u00e7 \u00f5es","datePublished":"2011-11-23T15:26:03+00:00","mainEntityOfPage":{"@id":"https:\/\/inclusivenews.com.br\/?p=21636"},"wordCount":1026,"commentCount":0,"publisher":{"@id":"https:\/\/inclusivenews.com.br\/#organization"},"image":{"@id":"https:\/\/inclusivenews.com.br\/?p=21636#primaryimage"},"thumbnailUrl":"http:\/\/inclusivenews.com.br\/wp-content\/uploads\/2011\/04\/professor-maca.jpg","articleSection":["EDUCA\u00c7\u00c3O","NOT\u00cdCIAS"],"inLanguage":"pt-PT","potentialAction":[{"@type":"CommentAction","name":"Comment","target":["https:\/\/inclusivenews.com.br\/?p=21636#respond"]}]},{"@type":"WebPage","@id":"https:\/\/inclusivenews.com.br\/?p=21636","url":"https:\/\/inclusivenews.com.br\/?p=21636","name":"Valoriza\u00e7\u00e3o docente deve ser assumida por toda a sociedade, defendem organiza\u00e7 \u00f5es -","isPartOf":{"@id":"https:\/\/inclusivenews.com.br\/#website"},"primaryImageOfPage":{"@id":"https:\/\/inclusivenews.com.br\/?p=21636#primaryimage"},"image":{"@id":"https:\/\/inclusivenews.com.br\/?p=21636#primaryimage"},"thumbnailUrl":"http:\/\/inclusivenews.com.br\/wp-content\/uploads\/2011\/04\/professor-maca.jpg","datePublished":"2011-11-23T15:26:03+00:00","breadcrumb":{"@id":"https:\/\/inclusivenews.com.br\/?p=21636#breadcrumb"},"inLanguage":"pt-PT","potentialAction":[{"@type":"ReadAction","target":["https:\/\/inclusivenews.com.br\/?p=21636"]}]},{"@type":"ImageObject","inLanguage":"pt-PT","@id":"https:\/\/inclusivenews.com.br\/?p=21636#primaryimage","url":"","contentUrl":""},{"@type":"BreadcrumbList","@id":"https:\/\/inclusivenews.com.br\/?p=21636#breadcrumb","itemListElement":[{"@type":"ListItem","position":1,"name":"In\u00edcio","item":"https:\/\/inclusivenews.com.br\/"},{"@type":"ListItem","position":2,"name":"Valoriza\u00e7\u00e3o docente deve ser assumida por toda a sociedade, defendem organiza\u00e7 \u00f5es"}]},{"@type":"WebSite","@id":"https:\/\/inclusivenews.com.br\/#website","url":"https:\/\/inclusivenews.com.br\/","name":"Inclusive News","description":"Inclusive News","publisher":{"@id":"https:\/\/inclusivenews.com.br\/#organization"},"potentialAction":[{"@type":"SearchAction","target":{"@type":"EntryPoint","urlTemplate":"https:\/\/inclusivenews.com.br\/?s={search_term_string}"},"query-input":{"@type":"PropertyValueSpecification","valueRequired":true,"valueName":"search_term_string"}}],"inLanguage":"pt-PT"},{"@type":"Organization","@id":"https:\/\/inclusivenews.com.br\/#organization","name":"Inclusive - inclus\u00e3o e cidadania","url":"https:\/\/inclusivenews.com.br\/","logo":{"@type":"ImageObject","inLanguage":"pt-PT","@id":"https:\/\/inclusivenews.com.br\/#\/schema\/logo\/image\/","url":"https:\/\/inclusivenews.com.br\/wp-content\/uploads\/2024\/03\/@grandesite.png","contentUrl":"https:\/\/inclusivenews.com.br\/wp-content\/uploads\/2024\/03\/@grandesite.png","width":1080,"height":1080,"caption":"Inclusive - inclus\u00e3o e cidadania"},"image":{"@id":"https:\/\/inclusivenews.com.br\/#\/schema\/logo\/image\/"},"sameAs":["https:\/\/www.facebook.com\/agenciainclusive\/","https:\/\/www.instagram.com\/newsinclusive\/"]},{"@type":"Person","@id":"https:\/\/inclusivenews.com.br\/#\/schema\/person\/ae4ec7087559b8692fb33b6fffd2273b","name":"inclusivenews2024","image":{"@type":"ImageObject","inLanguage":"pt-PT","@id":"https:\/\/secure.gravatar.com\/avatar\/c5a7ef84c66fa914f55bc4f7ce26cfa275a3b9a1c5568b907bd184fb4dde7b40?s=96&d=mm&r=g","url":"https:\/\/secure.gravatar.com\/avatar\/c5a7ef84c66fa914f55bc4f7ce26cfa275a3b9a1c5568b907bd184fb4dde7b40?s=96&d=mm&r=g","contentUrl":"https:\/\/secure.gravatar.com\/avatar\/c5a7ef84c66fa914f55bc4f7ce26cfa275a3b9a1c5568b907bd184fb4dde7b40?s=96&d=mm&r=g","caption":"inclusivenews2024"},"sameAs":["https:\/\/inclusivenews.com.br"],"url":"https:\/\/inclusivenews.com.br\/?author=1"}]}},"_links":{"self":[{"href":"https:\/\/inclusivenews.com.br\/index.php?rest_route=\/wp\/v2\/posts\/21636","targetHints":{"allow":["GET"]}}],"collection":[{"href":"https:\/\/inclusivenews.com.br\/index.php?rest_route=\/wp\/v2\/posts"}],"about":[{"href":"https:\/\/inclusivenews.com.br\/index.php?rest_route=\/wp\/v2\/types\/post"}],"author":[{"embeddable":true,"href":"https:\/\/inclusivenews.com.br\/index.php?rest_route=\/wp\/v2\/users\/1"}],"replies":[{"embeddable":true,"href":"https:\/\/inclusivenews.com.br\/index.php?rest_route=%2Fwp%2Fv2%2Fcomments&post=21636"}],"version-history":[{"count":0,"href":"https:\/\/inclusivenews.com.br\/index.php?rest_route=\/wp\/v2\/posts\/21636\/revisions"}],"wp:attachment":[{"href":"https:\/\/inclusivenews.com.br\/index.php?rest_route=%2Fwp%2Fv2%2Fmedia&parent=21636"}],"wp:term":[{"taxonomy":"category","embeddable":true,"href":"https:\/\/inclusivenews.com.br\/index.php?rest_route=%2Fwp%2Fv2%2Fcategories&post=21636"},{"taxonomy":"post_tag","embeddable":true,"href":"https:\/\/inclusivenews.com.br\/index.php?rest_route=%2Fwp%2Fv2%2Ftags&post=21636"}],"curies":[{"name":"wp","href":"https:\/\/api.w.org\/{rel}","templated":true}]}}