{"id":21638,"date":"2011-11-23T16:58:12","date_gmt":"2011-11-23T19:58:12","guid":{"rendered":"http:\/\/www.inclusive.org.br\/?p=21638"},"modified":"2011-11-23T16:58:12","modified_gmt":"2011-11-23T19:58:12","slug":"ufscar-sedia-escola-sobre-comportamento-autista","status":"publish","type":"post","link":"https:\/\/inclusivenews.com.br\/?p=21638","title":{"rendered":"UFSCar sedia escola sobre comportamento autista"},"content":{"rendered":"<figure id=\"attachment_13327\" aria-describedby=\"caption-attachment-13327\" style=\"width: 171px\" class=\"wp-caption alignleft\"><img loading=\"lazy\" decoding=\"async\" class=\"size-medium wp-image-13327 \" title=\"Fita com desenho de pe\u00e7as coloridas de quebra-cabe\u00e7as, simbolo do autismo.\" src=\"http:\/\/inclusivenews.com.br\/wp-content\/uploads\/2010\/01\/autismo-171x300.jpg\" alt=\"Fita com desenho de pe\u00e7as coloridas de quebra-cabe\u00e7as, simbolo do autismol\" width=\"171\" height=\"300\" \/><figcaption id=\"caption-attachment-13327\" class=\"wp-caption-text\"> <\/figcaption><\/figure>\n<p><strong>Por Elton Alisson<br \/>\nda Ag\u00eancia FAPESP<\/strong><\/p>\n<p><strong> <\/strong>A pesquisa sobre o autismo \u2013 uma disfun\u00e7\u00e3o global do desenvolvimento que afeta as capacidades de comunica\u00e7\u00e3o, socializa\u00e7\u00e3o e de comportamento de milhares de pessoas em todo o mundo \u2013 vem obtendo avan\u00e7os nos \u00faltimos\u00a0anos que apontam para a melhoria no tratamento do dist\u00farbio comportamental.<\/p>\n<p>Algumas dessas novidades ser\u00e3o discutidas entre os dias 9\u00a0e 13 de janeiro na Escola S\u00e3o de Ci\u00eancia Avan\u00e7ada: Avan\u00e7os na Pesquisa e no Tratamento do Comportamento Autista (ESPCA: Autism), na Universidade Federal de S\u00e3o Carlos (UFSCar).<\/p>\n<p>O evento, realizado no \u00e2mbito da Escola S\u00e3o Paulo de Ci\u00eancia Avan\u00e7ada (ESPCA), modalidade de apoio da FAPESP, ser\u00e1 organizado pelo professor\u00a0Celso\u00a0Goyos, do Departamento de Psicologia da UFSCar, em parceria com os pesquisadores Caio Miguel, da California State University, e Thomas Higbee, da Utah State University, nos Estados Unidos.<\/p>\n<p>A escola reunir\u00e1 40 estudantes de gradua\u00e7\u00e3o, p\u00f3s-gradua\u00e7\u00e3o e p\u00f3s-doutorado do Brasil e 25 do exterior, que ter\u00e3o aulas com 31 pesquisadores consagrados nas \u00e1reas de gen\u00e9tica, medicina molecular e tratamento comportamental do autismo, sendo nove brasileiros e 22 provenientes de pa\u00edses como\u00a0Estados Unidos, Canad\u00e1, Noruega e Espanha.<\/p>\n<p>Entre os pesquisadores do exterior estar\u00e3o Brian Iwata, da Universidade da Fl\u00f3rida, e Douglas Greer, da Columbia University, ambos dos Estados Unidos. Maria Rita dos Santos e Passos Bueno, professora da Universidade de S\u00e3o Paulo (USP), e Alysson Renato Muotri, professor da Faculdade de Medicina da Universidade da Calif\u00f3rnia, nos Estados Unidos, ser\u00e3o alguns dos professores brasileiros.<\/p>\n<p>Bueno tem se dedicado a estudos na \u00e1rea de gen\u00e9tica do autismo, realizando mais recentemente pesquisas com c\u00e9lulas-tronco para compreens\u00e3o dos mecanismos gen\u00e9ticos associados ao dist\u00farbio neurol\u00f3gico.<\/p>\n<p>Muotri, que realizou <strong><a href=\"http:\/\/www.bv.fapesp.br\/pt\/bolsas\/83732\/inativacao-gene-reparo-dna-xpa\" target=\"_blank\" rel=\"noopener\">mestrado<\/a><\/strong>, <strong><a href=\"http:\/\/www.bv.fapesp.br\/pt\/bolsas\/94743\/modulacao-expressao-gene-reparo-dna\" target=\"_blank\" rel=\"noopener\">doutorado<\/a><\/strong> e <strong><a href=\"http:\/\/www.bv.fapesp.br\/pt\/bolsas\/75185\/complementacao-celulas-humanas-deficientes-reparo\" target=\"_blank\" rel=\"noopener\">p\u00f3s-doutorado<\/a><\/strong> com bolsa da FAPESP, anunciou no fim de 2010 ter conseguido acompanhar, pela primeira vez, o desenvolvimento de neur\u00f4nios derivados de pacientes com comportamento autista e revert\u00ea-los ao estado normal.<\/p>\n<p>O estudo ganhou a capa da revista <em>Cell<\/em> e abriu a perspectiva de, no futuro, reverter os sintomas do autismo cujo n\u00famero de casos tem aumentado no mundo devido, em grande parte, \u00e0 melhoria dos m\u00e9todos de diagn\u00f3stico e\u00a0\u00e0 maior divulga\u00e7\u00e3o do dist\u00farbio neurol\u00f3gico.<\/p>\n<p>\u201cA pesquisa e o tratamento dos pacientes com autismo t\u00eam avan\u00e7ado muito nos \u00faltimos anos, principalmente em \u00e1reas como o desenvolvimento da linguagem e social. E n\u00e3o h\u00e1, no Brasil, grupos de pesquisa bem estruturados nessa \u00e1rea, como existem nos Estados Unidos e na Europa\u201d, disse Goyos \u00e0 <strong>Ag\u00eancia FAPESP<\/strong>.<\/p>\n<p>De acordo com ele, apesar da excel\u00eancia, as pesquisas realizadas no pa\u00eds na \u00e1rea s\u00e3o muito pulverizadas e t\u00eam maior \u00eanfase no diagn\u00f3stico do que no tratamento dos pacientes, que, quanto mais cedo e de forma intensa for realizado, maiores e melhores s\u00e3o as chances de recupera\u00e7\u00e3o. Al\u00e9m disso, a capacita\u00e7\u00e3o dos profissionais que atuam no tratamento do dist\u00farbio neurol\u00f3gico, nos n\u00edveis cl\u00ednico e escolar, tamb\u00e9m \u00e9 bastante deficiente.<\/p>\n<p>Com base nessa constata\u00e7\u00e3o a programa\u00e7\u00e3o da ESPCA: Autism foi planejada para possibilitar tanto a forma\u00e7\u00e3o e atualiza\u00e7\u00e3o de profissionais especializados no atendimento e tratamento de pacientes autistas no pa\u00eds, como tamb\u00e9m para fomentar a consolida\u00e7\u00e3o de grupos de pesquisa na \u00e1rea, especialmente no Estado de S\u00e3o Paulo.<\/p>\n<p>\u201cO \u00fanico programa de p\u00f3s-gradua\u00e7\u00e3o dedicado totalmente \u00e0 educa\u00e7\u00e3o especial em todo o Brasil est\u00e1 na UFSCar. \u00c9 preciso criar mais programas de p\u00f3s-gradua\u00e7\u00e3o como esse para atender \u00e0 demanda e transformar S\u00e3o Paulo em um polo de forma\u00e7\u00e3o de pesquisadores nessa \u00e1rea\u201d, sugeriu Goyos.<\/p>\n<p><strong>Aberta ao p\u00fablico<\/strong><\/p>\n<p>A sess\u00e3o de abertura da Escola ter\u00e1 entrada livre para o p\u00fablico em geral. Ap\u00f3s a solenidade, haver\u00e1 um painel de discuss\u00e3o, composto por pesquisadores convidados para a Escola, que apresentar\u00e3o perspectivas dos estudos nas tr\u00eas \u00e1reas que produzem o maior n\u00famero de pesquisas atualmente sobre autismo: gen\u00e9tica, medicina molecular e an\u00e1lise comportamental.<\/p>\n<p>A programa\u00e7\u00e3o do evento ser\u00e1 composta por <em>workshops<\/em> e apresenta\u00e7\u00f5es orais de pesquisas b\u00e1sicas e avan\u00e7adas pelos pesquisadores e professores convidados, e sess\u00e3o de apresenta\u00e7\u00e3o de p\u00f4steres pelos estudantes participantes.<\/p>\n<p>Os interessados em assistir alguma das apresenta\u00e7\u00f5es, que ser\u00e3o realizadas em ingl\u00eas, sem tradu\u00e7\u00e3o para o portugu\u00eas, dever\u00e3o solicitar a inscri\u00e7\u00e3o pelo e-mail <a href=\"mailto:espca.autism@gmail.com\">espca.autism@gmail.com<\/a>. As vagas s\u00e3o limitadas.<\/p>\n<p>Mais informa\u00e7\u00f5es: <strong><a href=\"http:\/\/www.lahmiei.ufscar.br\/espca\" target=\"_blank\" rel=\"noopener\">www.lahmiei.ufscar.br\/espca<\/a>Fonte: Ag\u00eancia FAPESP<strong><br \/>\n<\/strong><\/p>\n<p><\/strong><\/p>\n","protected":false},"excerpt":{"rendered":"<p>A pesquisa sobre o autismo \u2013 uma disfun\u00e7\u00e3o global do desenvolvimento que afeta as capacidades de comunica\u00e7\u00e3o, socializa\u00e7\u00e3o e de comportamento de milhares de pessoas em todo o mundo \u2013 vem obtendo avan\u00e7os nos \u00faltimos anos que apontam para a melhoria no tratamento do dist\u00farbio comportamental. Da Ag\u00eancia FAPESP.<\/p>\n","protected":false},"author":1,"featured_media":0,"comment_status":"open","ping_status":"open","sticky":false,"template":"","format":"standard","meta":{"site-container-style":"default","site-container-layout":"default","site-sidebar-layout":"default","disable-article-header":"default","disable-site-header":"default","disable-site-footer":"default","disable-content-area-spacing":"default","footnotes":""},"categories":[12,4],"tags":[34],"class_list":["post-21638","post","type-post","status-publish","format-standard","hentry","category-cursos-e-eventos","category-noticias","tag-autismo"],"yoast_head":"<!-- This site is optimized with the Yoast SEO plugin v27.4 - https:\/\/yoast.com\/product\/yoast-seo-wordpress\/ -->\n<title>UFSCar sedia escola sobre comportamento autista -<\/title>\n<meta name=\"robots\" content=\"index, follow, max-snippet:-1, max-image-preview:large, max-video-preview:-1\" \/>\n<link rel=\"canonical\" href=\"https:\/\/inclusivenews.com.br\/?p=21638\" \/>\n<meta property=\"og:locale\" content=\"pt_PT\" \/>\n<meta property=\"og:type\" content=\"article\" \/>\n<meta property=\"og:title\" content=\"UFSCar sedia escola sobre comportamento autista -\" \/>\n<meta property=\"og:description\" content=\"A pesquisa sobre o autismo \u2013 uma disfun\u00e7\u00e3o global do desenvolvimento que afeta as capacidades de comunica\u00e7\u00e3o, socializa\u00e7\u00e3o e de comportamento de milhares de pessoas em todo o mundo \u2013 vem obtendo avan\u00e7os nos \u00faltimos anos que apontam para a melhoria no tratamento do dist\u00farbio comportamental. Da Ag\u00eancia FAPESP.\" \/>\n<meta property=\"og:url\" content=\"https:\/\/inclusivenews.com.br\/?p=21638\" \/>\n<meta property=\"article:publisher\" content=\"https:\/\/www.facebook.com\/agenciainclusive\/\" \/>\n<meta property=\"article:published_time\" content=\"2011-11-23T19:58:12+00:00\" \/>\n<meta property=\"og:image\" content=\"http:\/\/inclusivenews.com.br\/wp-content\/uploads\/2010\/01\/autismo-171x300.jpg\" \/>\n<meta name=\"author\" content=\"inclusivenews2024\" \/>\n<meta name=\"twitter:card\" content=\"summary_large_image\" \/>\n<meta name=\"twitter:label1\" content=\"Escrito por\" \/>\n\t<meta name=\"twitter:data1\" content=\"inclusivenews2024\" \/>\n\t<meta name=\"twitter:label2\" content=\"Tempo estimado de leitura\" \/>\n\t<meta name=\"twitter:data2\" content=\"4 minutos\" \/>\n<script type=\"application\/ld+json\" class=\"yoast-schema-graph\">{\"@context\":\"https:\\\/\\\/schema.org\",\"@graph\":[{\"@type\":\"Article\",\"@id\":\"https:\\\/\\\/inclusivenews.com.br\\\/?p=21638#article\",\"isPartOf\":{\"@id\":\"https:\\\/\\\/inclusivenews.com.br\\\/?p=21638\"},\"author\":{\"name\":\"inclusivenews2024\",\"@id\":\"https:\\\/\\\/inclusivenews.com.br\\\/#\\\/schema\\\/person\\\/ae4ec7087559b8692fb33b6fffd2273b\"},\"headline\":\"UFSCar sedia escola sobre comportamento autista\",\"datePublished\":\"2011-11-23T19:58:12+00:00\",\"mainEntityOfPage\":{\"@id\":\"https:\\\/\\\/inclusivenews.com.br\\\/?p=21638\"},\"wordCount\":793,\"commentCount\":0,\"publisher\":{\"@id\":\"https:\\\/\\\/inclusivenews.com.br\\\/#organization\"},\"image\":{\"@id\":\"https:\\\/\\\/inclusivenews.com.br\\\/?p=21638#primaryimage\"},\"thumbnailUrl\":\"http:\\\/\\\/inclusivenews.com.br\\\/wp-content\\\/uploads\\\/2010\\\/01\\\/autismo-171x300.jpg\",\"keywords\":[\"Autismo\"],\"articleSection\":[\"Cursos e eventos\",\"NOT\u00cdCIAS\"],\"inLanguage\":\"pt-PT\",\"potentialAction\":[{\"@type\":\"CommentAction\",\"name\":\"Comment\",\"target\":[\"https:\\\/\\\/inclusivenews.com.br\\\/?p=21638#respond\"]}]},{\"@type\":\"WebPage\",\"@id\":\"https:\\\/\\\/inclusivenews.com.br\\\/?p=21638\",\"url\":\"https:\\\/\\\/inclusivenews.com.br\\\/?p=21638\",\"name\":\"UFSCar sedia escola sobre comportamento autista -\",\"isPartOf\":{\"@id\":\"https:\\\/\\\/inclusivenews.com.br\\\/#website\"},\"primaryImageOfPage\":{\"@id\":\"https:\\\/\\\/inclusivenews.com.br\\\/?p=21638#primaryimage\"},\"image\":{\"@id\":\"https:\\\/\\\/inclusivenews.com.br\\\/?p=21638#primaryimage\"},\"thumbnailUrl\":\"http:\\\/\\\/inclusivenews.com.br\\\/wp-content\\\/uploads\\\/2010\\\/01\\\/autismo-171x300.jpg\",\"datePublished\":\"2011-11-23T19:58:12+00:00\",\"breadcrumb\":{\"@id\":\"https:\\\/\\\/inclusivenews.com.br\\\/?p=21638#breadcrumb\"},\"inLanguage\":\"pt-PT\",\"potentialAction\":[{\"@type\":\"ReadAction\",\"target\":[\"https:\\\/\\\/inclusivenews.com.br\\\/?p=21638\"]}]},{\"@type\":\"ImageObject\",\"inLanguage\":\"pt-PT\",\"@id\":\"https:\\\/\\\/inclusivenews.com.br\\\/?p=21638#primaryimage\",\"url\":\"\",\"contentUrl\":\"\"},{\"@type\":\"BreadcrumbList\",\"@id\":\"https:\\\/\\\/inclusivenews.com.br\\\/?p=21638#breadcrumb\",\"itemListElement\":[{\"@type\":\"ListItem\",\"position\":1,\"name\":\"In\u00edcio\",\"item\":\"https:\\\/\\\/inclusivenews.com.br\\\/\"},{\"@type\":\"ListItem\",\"position\":2,\"name\":\"UFSCar sedia escola sobre comportamento autista\"}]},{\"@type\":\"WebSite\",\"@id\":\"https:\\\/\\\/inclusivenews.com.br\\\/#website\",\"url\":\"https:\\\/\\\/inclusivenews.com.br\\\/\",\"name\":\"Inclusive News\",\"description\":\"Inclusive News\",\"publisher\":{\"@id\":\"https:\\\/\\\/inclusivenews.com.br\\\/#organization\"},\"potentialAction\":[{\"@type\":\"SearchAction\",\"target\":{\"@type\":\"EntryPoint\",\"urlTemplate\":\"https:\\\/\\\/inclusivenews.com.br\\\/?s={search_term_string}\"},\"query-input\":{\"@type\":\"PropertyValueSpecification\",\"valueRequired\":true,\"valueName\":\"search_term_string\"}}],\"inLanguage\":\"pt-PT\"},{\"@type\":\"Organization\",\"@id\":\"https:\\\/\\\/inclusivenews.com.br\\\/#organization\",\"name\":\"Inclusive - inclus\u00e3o e cidadania\",\"url\":\"https:\\\/\\\/inclusivenews.com.br\\\/\",\"logo\":{\"@type\":\"ImageObject\",\"inLanguage\":\"pt-PT\",\"@id\":\"https:\\\/\\\/inclusivenews.com.br\\\/#\\\/schema\\\/logo\\\/image\\\/\",\"url\":\"https:\\\/\\\/inclusivenews.com.br\\\/wp-content\\\/uploads\\\/2024\\\/03\\\/@grandesite.png\",\"contentUrl\":\"https:\\\/\\\/inclusivenews.com.br\\\/wp-content\\\/uploads\\\/2024\\\/03\\\/@grandesite.png\",\"width\":1080,\"height\":1080,\"caption\":\"Inclusive - inclus\u00e3o e cidadania\"},\"image\":{\"@id\":\"https:\\\/\\\/inclusivenews.com.br\\\/#\\\/schema\\\/logo\\\/image\\\/\"},\"sameAs\":[\"https:\\\/\\\/www.facebook.com\\\/agenciainclusive\\\/\",\"https:\\\/\\\/www.instagram.com\\\/newsinclusive\\\/\"]},{\"@type\":\"Person\",\"@id\":\"https:\\\/\\\/inclusivenews.com.br\\\/#\\\/schema\\\/person\\\/ae4ec7087559b8692fb33b6fffd2273b\",\"name\":\"inclusivenews2024\",\"image\":{\"@type\":\"ImageObject\",\"inLanguage\":\"pt-PT\",\"@id\":\"https:\\\/\\\/secure.gravatar.com\\\/avatar\\\/c5a7ef84c66fa914f55bc4f7ce26cfa275a3b9a1c5568b907bd184fb4dde7b40?s=96&d=mm&r=g\",\"url\":\"https:\\\/\\\/secure.gravatar.com\\\/avatar\\\/c5a7ef84c66fa914f55bc4f7ce26cfa275a3b9a1c5568b907bd184fb4dde7b40?s=96&d=mm&r=g\",\"contentUrl\":\"https:\\\/\\\/secure.gravatar.com\\\/avatar\\\/c5a7ef84c66fa914f55bc4f7ce26cfa275a3b9a1c5568b907bd184fb4dde7b40?s=96&d=mm&r=g\",\"caption\":\"inclusivenews2024\"},\"sameAs\":[\"https:\\\/\\\/inclusivenews.com.br\"],\"url\":\"https:\\\/\\\/inclusivenews.com.br\\\/?author=1\"}]}<\/script>\n<!-- \/ Yoast SEO plugin. -->","yoast_head_json":{"title":"UFSCar sedia escola sobre comportamento autista -","robots":{"index":"index","follow":"follow","max-snippet":"max-snippet:-1","max-image-preview":"max-image-preview:large","max-video-preview":"max-video-preview:-1"},"canonical":"https:\/\/inclusivenews.com.br\/?p=21638","og_locale":"pt_PT","og_type":"article","og_title":"UFSCar sedia escola sobre comportamento autista -","og_description":"A pesquisa sobre o autismo \u2013 uma disfun\u00e7\u00e3o global do desenvolvimento que afeta as capacidades de comunica\u00e7\u00e3o, socializa\u00e7\u00e3o e de comportamento de milhares de pessoas em todo o mundo \u2013 vem obtendo avan\u00e7os nos \u00faltimos anos que apontam para a melhoria no tratamento do dist\u00farbio comportamental. Da Ag\u00eancia FAPESP.","og_url":"https:\/\/inclusivenews.com.br\/?p=21638","article_publisher":"https:\/\/www.facebook.com\/agenciainclusive\/","article_published_time":"2011-11-23T19:58:12+00:00","og_image":[{"url":"http:\/\/inclusivenews.com.br\/wp-content\/uploads\/2010\/01\/autismo-171x300.jpg","type":"","width":"","height":""}],"author":"inclusivenews2024","twitter_card":"summary_large_image","twitter_misc":{"Escrito por":"inclusivenews2024","Tempo estimado de leitura":"4 minutos"},"schema":{"@context":"https:\/\/schema.org","@graph":[{"@type":"Article","@id":"https:\/\/inclusivenews.com.br\/?p=21638#article","isPartOf":{"@id":"https:\/\/inclusivenews.com.br\/?p=21638"},"author":{"name":"inclusivenews2024","@id":"https:\/\/inclusivenews.com.br\/#\/schema\/person\/ae4ec7087559b8692fb33b6fffd2273b"},"headline":"UFSCar sedia escola sobre comportamento autista","datePublished":"2011-11-23T19:58:12+00:00","mainEntityOfPage":{"@id":"https:\/\/inclusivenews.com.br\/?p=21638"},"wordCount":793,"commentCount":0,"publisher":{"@id":"https:\/\/inclusivenews.com.br\/#organization"},"image":{"@id":"https:\/\/inclusivenews.com.br\/?p=21638#primaryimage"},"thumbnailUrl":"http:\/\/inclusivenews.com.br\/wp-content\/uploads\/2010\/01\/autismo-171x300.jpg","keywords":["Autismo"],"articleSection":["Cursos e eventos","NOT\u00cdCIAS"],"inLanguage":"pt-PT","potentialAction":[{"@type":"CommentAction","name":"Comment","target":["https:\/\/inclusivenews.com.br\/?p=21638#respond"]}]},{"@type":"WebPage","@id":"https:\/\/inclusivenews.com.br\/?p=21638","url":"https:\/\/inclusivenews.com.br\/?p=21638","name":"UFSCar sedia escola sobre comportamento autista -","isPartOf":{"@id":"https:\/\/inclusivenews.com.br\/#website"},"primaryImageOfPage":{"@id":"https:\/\/inclusivenews.com.br\/?p=21638#primaryimage"},"image":{"@id":"https:\/\/inclusivenews.com.br\/?p=21638#primaryimage"},"thumbnailUrl":"http:\/\/inclusivenews.com.br\/wp-content\/uploads\/2010\/01\/autismo-171x300.jpg","datePublished":"2011-11-23T19:58:12+00:00","breadcrumb":{"@id":"https:\/\/inclusivenews.com.br\/?p=21638#breadcrumb"},"inLanguage":"pt-PT","potentialAction":[{"@type":"ReadAction","target":["https:\/\/inclusivenews.com.br\/?p=21638"]}]},{"@type":"ImageObject","inLanguage":"pt-PT","@id":"https:\/\/inclusivenews.com.br\/?p=21638#primaryimage","url":"","contentUrl":""},{"@type":"BreadcrumbList","@id":"https:\/\/inclusivenews.com.br\/?p=21638#breadcrumb","itemListElement":[{"@type":"ListItem","position":1,"name":"In\u00edcio","item":"https:\/\/inclusivenews.com.br\/"},{"@type":"ListItem","position":2,"name":"UFSCar sedia escola sobre comportamento autista"}]},{"@type":"WebSite","@id":"https:\/\/inclusivenews.com.br\/#website","url":"https:\/\/inclusivenews.com.br\/","name":"Inclusive News","description":"Inclusive News","publisher":{"@id":"https:\/\/inclusivenews.com.br\/#organization"},"potentialAction":[{"@type":"SearchAction","target":{"@type":"EntryPoint","urlTemplate":"https:\/\/inclusivenews.com.br\/?s={search_term_string}"},"query-input":{"@type":"PropertyValueSpecification","valueRequired":true,"valueName":"search_term_string"}}],"inLanguage":"pt-PT"},{"@type":"Organization","@id":"https:\/\/inclusivenews.com.br\/#organization","name":"Inclusive - inclus\u00e3o e cidadania","url":"https:\/\/inclusivenews.com.br\/","logo":{"@type":"ImageObject","inLanguage":"pt-PT","@id":"https:\/\/inclusivenews.com.br\/#\/schema\/logo\/image\/","url":"https:\/\/inclusivenews.com.br\/wp-content\/uploads\/2024\/03\/@grandesite.png","contentUrl":"https:\/\/inclusivenews.com.br\/wp-content\/uploads\/2024\/03\/@grandesite.png","width":1080,"height":1080,"caption":"Inclusive - inclus\u00e3o e cidadania"},"image":{"@id":"https:\/\/inclusivenews.com.br\/#\/schema\/logo\/image\/"},"sameAs":["https:\/\/www.facebook.com\/agenciainclusive\/","https:\/\/www.instagram.com\/newsinclusive\/"]},{"@type":"Person","@id":"https:\/\/inclusivenews.com.br\/#\/schema\/person\/ae4ec7087559b8692fb33b6fffd2273b","name":"inclusivenews2024","image":{"@type":"ImageObject","inLanguage":"pt-PT","@id":"https:\/\/secure.gravatar.com\/avatar\/c5a7ef84c66fa914f55bc4f7ce26cfa275a3b9a1c5568b907bd184fb4dde7b40?s=96&d=mm&r=g","url":"https:\/\/secure.gravatar.com\/avatar\/c5a7ef84c66fa914f55bc4f7ce26cfa275a3b9a1c5568b907bd184fb4dde7b40?s=96&d=mm&r=g","contentUrl":"https:\/\/secure.gravatar.com\/avatar\/c5a7ef84c66fa914f55bc4f7ce26cfa275a3b9a1c5568b907bd184fb4dde7b40?s=96&d=mm&r=g","caption":"inclusivenews2024"},"sameAs":["https:\/\/inclusivenews.com.br"],"url":"https:\/\/inclusivenews.com.br\/?author=1"}]}},"_links":{"self":[{"href":"https:\/\/inclusivenews.com.br\/index.php?rest_route=\/wp\/v2\/posts\/21638","targetHints":{"allow":["GET"]}}],"collection":[{"href":"https:\/\/inclusivenews.com.br\/index.php?rest_route=\/wp\/v2\/posts"}],"about":[{"href":"https:\/\/inclusivenews.com.br\/index.php?rest_route=\/wp\/v2\/types\/post"}],"author":[{"embeddable":true,"href":"https:\/\/inclusivenews.com.br\/index.php?rest_route=\/wp\/v2\/users\/1"}],"replies":[{"embeddable":true,"href":"https:\/\/inclusivenews.com.br\/index.php?rest_route=%2Fwp%2Fv2%2Fcomments&post=21638"}],"version-history":[{"count":0,"href":"https:\/\/inclusivenews.com.br\/index.php?rest_route=\/wp\/v2\/posts\/21638\/revisions"}],"wp:attachment":[{"href":"https:\/\/inclusivenews.com.br\/index.php?rest_route=%2Fwp%2Fv2%2Fmedia&parent=21638"}],"wp:term":[{"taxonomy":"category","embeddable":true,"href":"https:\/\/inclusivenews.com.br\/index.php?rest_route=%2Fwp%2Fv2%2Fcategories&post=21638"},{"taxonomy":"post_tag","embeddable":true,"href":"https:\/\/inclusivenews.com.br\/index.php?rest_route=%2Fwp%2Fv2%2Ftags&post=21638"}],"curies":[{"name":"wp","href":"https:\/\/api.w.org\/{rel}","templated":true}]}}