{"id":21640,"date":"2011-11-23T16:56:05","date_gmt":"2011-11-23T19:56:05","guid":{"rendered":"http:\/\/www.inclusive.org.br\/?p=21640"},"modified":"2011-11-23T16:56:05","modified_gmt":"2011-11-23T19:56:05","slug":"10%c2%aa-oficina-para-inclusao-digital","status":"publish","type":"post","link":"https:\/\/inclusivenews.com.br\/?p=21640","title":{"rendered":"10\u00aa Oficina para Inclus\u00e3o Digital"},"content":{"rendered":"<figure id=\"attachment_13398\" aria-describedby=\"caption-attachment-13398\" style=\"width: 242px\" class=\"wp-caption alignleft\"><img loading=\"lazy\" decoding=\"async\" class=\"size-full wp-image-13398 \" title=\"Inclusive - blogosfera, um globo formado por um teclado de computador.\" src=\"http:\/\/inclusivenews.com.br\/wp-content\/uploads\/2010\/01\/blogosfera.jpg\" alt=\"Inclusive - blogosfera, um globo formado por um teclado de computador.\" width=\"242\" height=\"248\" \/><figcaption id=\"caption-attachment-13398\" class=\"wp-caption-text\"> <\/figcaption><\/figure>\n<p style=\"text-align: justify;\">A equipe organizadora da 10\u00aa Oficina para Inclus\u00e3o Digital divulgou nesta quinta, 17, a pr\u00e9via da programa\u00e7\u00e3o do evento, que acontece de 5 a 7 de dezembro, em Vit\u00f3ria (ES). Ser\u00e3o realizadas \u00a0quatro plen\u00e1rias com os temas \u201cEduca\u00e7\u00e3o, Forma\u00e7\u00e3o e Inclus\u00e3o Digital\u201d, \u00a0\u201cInclus\u00e3o Digital e o Plano Nacional de Banda Larga\u201d, \u201cCultura, Comunica\u00e7\u00e3o e Juventude\u201d e \u201c Inclus\u00e3o Digital no Meio Rural\u201d. \u00a0A \u00a0programa\u00e7\u00e3o completa, com os palestrantes confirmados, ser\u00e1 postada na <a title=\"Programa\u00e7\u00e3o\" href=\"http:\/\/oficina.inclusaodigital.gov.br\/o-evento\/programacao\/\">p\u00e1gina de programa\u00e7\u00e3o<\/a> deste site.<\/p>\n<p style=\"text-align: justify;\">As oficinas ser\u00e3o ofertadas todos os dias ap\u00f3s as plen\u00e1rias, abordando temas diversos, como pr\u00e1ticas de software livre, produ\u00e7\u00e3o de v\u00eddeos, casos de sucesso de cidades digitais, educa\u00e7\u00e3o preventiva no uso de equipamentos, forma\u00e7\u00e3o de Conselho Gestor,\u00a0 uso de m\u00eddias sociais, procedimentos de outorga de empresa para prestar\u00a0 servi\u00e7o de Comunica\u00e7\u00e3o Multim\u00eddia (SCM para comercializar o acesso \u00e0 internet), dentre v\u00e1rios outros.\u00a0 Durante toda a 10\u00aa OID ser\u00e1 realizada uma oficina de jornalismo que possibilitar\u00e1 a cobertura online pelos pr\u00f3prios participantes do encontro e transmiss\u00e3o ao vivo das plen\u00e1rias.<\/p>\n<p style=\"text-align: justify;\">Al\u00e9m das v\u00e1rias plen\u00e1rias e oficinas, ser\u00e3o realizados encontros e reuni\u00f5es de programas de inclus\u00e3o digital. Dentre as reuni\u00f5es est\u00e3o o encontro dos monitores da Rede Nacional de Forma\u00e7\u00e3o do Programa Telecentros.BR, a reuni\u00e3o gerencial de institui\u00e7\u00f5es que atuam em a\u00e7\u00f5es, programas e projetos de inclus\u00e3o digital, o F\u00f3rum Brasil Rural Conectado do Programa Territ\u00f3rios Digitais, a reuni\u00e3o da equipe e monitores\u00a0 do Programa de Inclus\u00e3o Digital do Serpro e o encontro do Programa de Inclus\u00e3o Digital do Banco do Brasil.<\/p>\n<p style=\"text-align: justify;\">O Governo do Estado do Esp\u00edrito Santo organiza tamb\u00e9m a \u201c1\u00aa Agenda Capixaba de Inclus\u00e3o Digital\u201d, com a proposta de \u00a0reunir \u00a0atores da inclus\u00e3o digital das cidades do Estado para um amplo debate sobre pol\u00edticas p\u00fablicas para o setor e apresenta\u00e7\u00e3o dos projetos e casos de sucesso.<\/p>\n<p><a href=\"http:\/\/oficina.inclusaodigital.gov.br\/o-evento\/programacao\/\">Veja aqui a programa\u00e7\u00e3o da 10\u00aa OID e se inscreva!<\/a><\/p>\n<p>Fonte: <a href=\"http:\/\/oficina.inclusaodigital.gov.br\/divulgada-a-programacao-da-oid\/\">Inclus\u00e3o Digital<\/a><\/p>\n","protected":false},"excerpt":{"rendered":"<p>Ser\u00e3o realizadas  quatro plen\u00e1rias com os temas \u201cEduca\u00e7\u00e3o, Forma\u00e7\u00e3o e Inclus\u00e3o Digital\u201d,  \u201cInclus\u00e3o Digital e o Plano Nacional de Banda Larga\u201d, \u201cCultura, Comunica\u00e7\u00e3o e Juventude\u201d e \u201c Inclus\u00e3o Digital no Meio Rural\u201d.<\/p>\n","protected":false},"author":1,"featured_media":0,"comment_status":"open","ping_status":"open","sticky":false,"template":"","format":"standard","meta":{"site-container-style":"default","site-container-layout":"default","site-sidebar-layout":"default","disable-article-header":"default","disable-site-header":"default","disable-site-footer":"default","disable-content-area-spacing":"default","footnotes":""},"categories":[4],"tags":[],"class_list":["post-21640","post","type-post","status-publish","format-standard","hentry","category-noticias"],"yoast_head":"<!-- This site is optimized with the Yoast SEO plugin v27.4 - https:\/\/yoast.com\/product\/yoast-seo-wordpress\/ -->\n<title>10\u00aa Oficina para Inclus\u00e3o Digital -<\/title>\n<meta name=\"robots\" content=\"index, follow, max-snippet:-1, max-image-preview:large, max-video-preview:-1\" \/>\n<link rel=\"canonical\" href=\"https:\/\/inclusivenews.com.br\/?p=21640\" \/>\n<meta property=\"og:locale\" content=\"pt_PT\" \/>\n<meta property=\"og:type\" content=\"article\" \/>\n<meta property=\"og:title\" content=\"10\u00aa Oficina para Inclus\u00e3o Digital -\" \/>\n<meta property=\"og:description\" content=\"Ser\u00e3o realizadas quatro plen\u00e1rias com os temas \u201cEduca\u00e7\u00e3o, Forma\u00e7\u00e3o e Inclus\u00e3o Digital\u201d, \u201cInclus\u00e3o Digital e o Plano Nacional de Banda Larga\u201d, \u201cCultura, Comunica\u00e7\u00e3o e Juventude\u201d e \u201c Inclus\u00e3o Digital no Meio Rural\u201d.\" \/>\n<meta property=\"og:url\" content=\"https:\/\/inclusivenews.com.br\/?p=21640\" \/>\n<meta property=\"article:publisher\" content=\"https:\/\/www.facebook.com\/agenciainclusive\/\" \/>\n<meta property=\"article:published_time\" content=\"2011-11-23T19:56:05+00:00\" \/>\n<meta property=\"og:image\" content=\"http:\/\/inclusivenews.com.br\/wp-content\/uploads\/2010\/01\/blogosfera.jpg\" \/>\n<meta name=\"author\" content=\"inclusivenews2024\" \/>\n<meta name=\"twitter:card\" content=\"summary_large_image\" \/>\n<meta name=\"twitter:label1\" content=\"Escrito por\" \/>\n\t<meta name=\"twitter:data1\" content=\"inclusivenews2024\" \/>\n\t<meta name=\"twitter:label2\" content=\"Tempo estimado de leitura\" \/>\n\t<meta name=\"twitter:data2\" content=\"2 minutos\" \/>\n<script type=\"application\/ld+json\" class=\"yoast-schema-graph\">{\"@context\":\"https:\\\/\\\/schema.org\",\"@graph\":[{\"@type\":\"Article\",\"@id\":\"https:\\\/\\\/inclusivenews.com.br\\\/?p=21640#article\",\"isPartOf\":{\"@id\":\"https:\\\/\\\/inclusivenews.com.br\\\/?p=21640\"},\"author\":{\"name\":\"inclusivenews2024\",\"@id\":\"https:\\\/\\\/inclusivenews.com.br\\\/#\\\/schema\\\/person\\\/ae4ec7087559b8692fb33b6fffd2273b\"},\"headline\":\"10\u00aa Oficina para Inclus\u00e3o Digital\",\"datePublished\":\"2011-11-23T19:56:05+00:00\",\"mainEntityOfPage\":{\"@id\":\"https:\\\/\\\/inclusivenews.com.br\\\/?p=21640\"},\"wordCount\":370,\"commentCount\":0,\"publisher\":{\"@id\":\"https:\\\/\\\/inclusivenews.com.br\\\/#organization\"},\"image\":{\"@id\":\"https:\\\/\\\/inclusivenews.com.br\\\/?p=21640#primaryimage\"},\"thumbnailUrl\":\"http:\\\/\\\/inclusivenews.com.br\\\/wp-content\\\/uploads\\\/2010\\\/01\\\/blogosfera.jpg\",\"articleSection\":[\"NOT\u00cdCIAS\"],\"inLanguage\":\"pt-PT\",\"potentialAction\":[{\"@type\":\"CommentAction\",\"name\":\"Comment\",\"target\":[\"https:\\\/\\\/inclusivenews.com.br\\\/?p=21640#respond\"]}]},{\"@type\":\"WebPage\",\"@id\":\"https:\\\/\\\/inclusivenews.com.br\\\/?p=21640\",\"url\":\"https:\\\/\\\/inclusivenews.com.br\\\/?p=21640\",\"name\":\"10\u00aa Oficina para Inclus\u00e3o Digital -\",\"isPartOf\":{\"@id\":\"https:\\\/\\\/inclusivenews.com.br\\\/#website\"},\"primaryImageOfPage\":{\"@id\":\"https:\\\/\\\/inclusivenews.com.br\\\/?p=21640#primaryimage\"},\"image\":{\"@id\":\"https:\\\/\\\/inclusivenews.com.br\\\/?p=21640#primaryimage\"},\"thumbnailUrl\":\"http:\\\/\\\/inclusivenews.com.br\\\/wp-content\\\/uploads\\\/2010\\\/01\\\/blogosfera.jpg\",\"datePublished\":\"2011-11-23T19:56:05+00:00\",\"breadcrumb\":{\"@id\":\"https:\\\/\\\/inclusivenews.com.br\\\/?p=21640#breadcrumb\"},\"inLanguage\":\"pt-PT\",\"potentialAction\":[{\"@type\":\"ReadAction\",\"target\":[\"https:\\\/\\\/inclusivenews.com.br\\\/?p=21640\"]}]},{\"@type\":\"ImageObject\",\"inLanguage\":\"pt-PT\",\"@id\":\"https:\\\/\\\/inclusivenews.com.br\\\/?p=21640#primaryimage\",\"url\":\"\",\"contentUrl\":\"\"},{\"@type\":\"BreadcrumbList\",\"@id\":\"https:\\\/\\\/inclusivenews.com.br\\\/?p=21640#breadcrumb\",\"itemListElement\":[{\"@type\":\"ListItem\",\"position\":1,\"name\":\"In\u00edcio\",\"item\":\"https:\\\/\\\/inclusivenews.com.br\\\/\"},{\"@type\":\"ListItem\",\"position\":2,\"name\":\"10\u00aa Oficina para Inclus\u00e3o Digital\"}]},{\"@type\":\"WebSite\",\"@id\":\"https:\\\/\\\/inclusivenews.com.br\\\/#website\",\"url\":\"https:\\\/\\\/inclusivenews.com.br\\\/\",\"name\":\"Inclusive News\",\"description\":\"Inclusive News\",\"publisher\":{\"@id\":\"https:\\\/\\\/inclusivenews.com.br\\\/#organization\"},\"potentialAction\":[{\"@type\":\"SearchAction\",\"target\":{\"@type\":\"EntryPoint\",\"urlTemplate\":\"https:\\\/\\\/inclusivenews.com.br\\\/?s={search_term_string}\"},\"query-input\":{\"@type\":\"PropertyValueSpecification\",\"valueRequired\":true,\"valueName\":\"search_term_string\"}}],\"inLanguage\":\"pt-PT\"},{\"@type\":\"Organization\",\"@id\":\"https:\\\/\\\/inclusivenews.com.br\\\/#organization\",\"name\":\"Inclusive - inclus\u00e3o e cidadania\",\"url\":\"https:\\\/\\\/inclusivenews.com.br\\\/\",\"logo\":{\"@type\":\"ImageObject\",\"inLanguage\":\"pt-PT\",\"@id\":\"https:\\\/\\\/inclusivenews.com.br\\\/#\\\/schema\\\/logo\\\/image\\\/\",\"url\":\"https:\\\/\\\/inclusivenews.com.br\\\/wp-content\\\/uploads\\\/2024\\\/03\\\/@grandesite.png\",\"contentUrl\":\"https:\\\/\\\/inclusivenews.com.br\\\/wp-content\\\/uploads\\\/2024\\\/03\\\/@grandesite.png\",\"width\":1080,\"height\":1080,\"caption\":\"Inclusive - inclus\u00e3o e cidadania\"},\"image\":{\"@id\":\"https:\\\/\\\/inclusivenews.com.br\\\/#\\\/schema\\\/logo\\\/image\\\/\"},\"sameAs\":[\"https:\\\/\\\/www.facebook.com\\\/agenciainclusive\\\/\",\"https:\\\/\\\/www.instagram.com\\\/newsinclusive\\\/\"]},{\"@type\":\"Person\",\"@id\":\"https:\\\/\\\/inclusivenews.com.br\\\/#\\\/schema\\\/person\\\/ae4ec7087559b8692fb33b6fffd2273b\",\"name\":\"inclusivenews2024\",\"image\":{\"@type\":\"ImageObject\",\"inLanguage\":\"pt-PT\",\"@id\":\"https:\\\/\\\/secure.gravatar.com\\\/avatar\\\/c5a7ef84c66fa914f55bc4f7ce26cfa275a3b9a1c5568b907bd184fb4dde7b40?s=96&d=mm&r=g\",\"url\":\"https:\\\/\\\/secure.gravatar.com\\\/avatar\\\/c5a7ef84c66fa914f55bc4f7ce26cfa275a3b9a1c5568b907bd184fb4dde7b40?s=96&d=mm&r=g\",\"contentUrl\":\"https:\\\/\\\/secure.gravatar.com\\\/avatar\\\/c5a7ef84c66fa914f55bc4f7ce26cfa275a3b9a1c5568b907bd184fb4dde7b40?s=96&d=mm&r=g\",\"caption\":\"inclusivenews2024\"},\"sameAs\":[\"https:\\\/\\\/inclusivenews.com.br\"],\"url\":\"https:\\\/\\\/inclusivenews.com.br\\\/?author=1\"}]}<\/script>\n<!-- \/ Yoast SEO plugin. -->","yoast_head_json":{"title":"10\u00aa Oficina para Inclus\u00e3o Digital -","robots":{"index":"index","follow":"follow","max-snippet":"max-snippet:-1","max-image-preview":"max-image-preview:large","max-video-preview":"max-video-preview:-1"},"canonical":"https:\/\/inclusivenews.com.br\/?p=21640","og_locale":"pt_PT","og_type":"article","og_title":"10\u00aa Oficina para Inclus\u00e3o Digital -","og_description":"Ser\u00e3o realizadas quatro plen\u00e1rias com os temas \u201cEduca\u00e7\u00e3o, Forma\u00e7\u00e3o e Inclus\u00e3o Digital\u201d, \u201cInclus\u00e3o Digital e o Plano Nacional de Banda Larga\u201d, \u201cCultura, Comunica\u00e7\u00e3o e Juventude\u201d e \u201c Inclus\u00e3o Digital no Meio Rural\u201d.","og_url":"https:\/\/inclusivenews.com.br\/?p=21640","article_publisher":"https:\/\/www.facebook.com\/agenciainclusive\/","article_published_time":"2011-11-23T19:56:05+00:00","og_image":[{"url":"http:\/\/inclusivenews.com.br\/wp-content\/uploads\/2010\/01\/blogosfera.jpg","type":"","width":"","height":""}],"author":"inclusivenews2024","twitter_card":"summary_large_image","twitter_misc":{"Escrito por":"inclusivenews2024","Tempo estimado de leitura":"2 minutos"},"schema":{"@context":"https:\/\/schema.org","@graph":[{"@type":"Article","@id":"https:\/\/inclusivenews.com.br\/?p=21640#article","isPartOf":{"@id":"https:\/\/inclusivenews.com.br\/?p=21640"},"author":{"name":"inclusivenews2024","@id":"https:\/\/inclusivenews.com.br\/#\/schema\/person\/ae4ec7087559b8692fb33b6fffd2273b"},"headline":"10\u00aa Oficina para Inclus\u00e3o Digital","datePublished":"2011-11-23T19:56:05+00:00","mainEntityOfPage":{"@id":"https:\/\/inclusivenews.com.br\/?p=21640"},"wordCount":370,"commentCount":0,"publisher":{"@id":"https:\/\/inclusivenews.com.br\/#organization"},"image":{"@id":"https:\/\/inclusivenews.com.br\/?p=21640#primaryimage"},"thumbnailUrl":"http:\/\/inclusivenews.com.br\/wp-content\/uploads\/2010\/01\/blogosfera.jpg","articleSection":["NOT\u00cdCIAS"],"inLanguage":"pt-PT","potentialAction":[{"@type":"CommentAction","name":"Comment","target":["https:\/\/inclusivenews.com.br\/?p=21640#respond"]}]},{"@type":"WebPage","@id":"https:\/\/inclusivenews.com.br\/?p=21640","url":"https:\/\/inclusivenews.com.br\/?p=21640","name":"10\u00aa Oficina para Inclus\u00e3o Digital -","isPartOf":{"@id":"https:\/\/inclusivenews.com.br\/#website"},"primaryImageOfPage":{"@id":"https:\/\/inclusivenews.com.br\/?p=21640#primaryimage"},"image":{"@id":"https:\/\/inclusivenews.com.br\/?p=21640#primaryimage"},"thumbnailUrl":"http:\/\/inclusivenews.com.br\/wp-content\/uploads\/2010\/01\/blogosfera.jpg","datePublished":"2011-11-23T19:56:05+00:00","breadcrumb":{"@id":"https:\/\/inclusivenews.com.br\/?p=21640#breadcrumb"},"inLanguage":"pt-PT","potentialAction":[{"@type":"ReadAction","target":["https:\/\/inclusivenews.com.br\/?p=21640"]}]},{"@type":"ImageObject","inLanguage":"pt-PT","@id":"https:\/\/inclusivenews.com.br\/?p=21640#primaryimage","url":"","contentUrl":""},{"@type":"BreadcrumbList","@id":"https:\/\/inclusivenews.com.br\/?p=21640#breadcrumb","itemListElement":[{"@type":"ListItem","position":1,"name":"In\u00edcio","item":"https:\/\/inclusivenews.com.br\/"},{"@type":"ListItem","position":2,"name":"10\u00aa Oficina para Inclus\u00e3o Digital"}]},{"@type":"WebSite","@id":"https:\/\/inclusivenews.com.br\/#website","url":"https:\/\/inclusivenews.com.br\/","name":"Inclusive News","description":"Inclusive News","publisher":{"@id":"https:\/\/inclusivenews.com.br\/#organization"},"potentialAction":[{"@type":"SearchAction","target":{"@type":"EntryPoint","urlTemplate":"https:\/\/inclusivenews.com.br\/?s={search_term_string}"},"query-input":{"@type":"PropertyValueSpecification","valueRequired":true,"valueName":"search_term_string"}}],"inLanguage":"pt-PT"},{"@type":"Organization","@id":"https:\/\/inclusivenews.com.br\/#organization","name":"Inclusive - inclus\u00e3o e cidadania","url":"https:\/\/inclusivenews.com.br\/","logo":{"@type":"ImageObject","inLanguage":"pt-PT","@id":"https:\/\/inclusivenews.com.br\/#\/schema\/logo\/image\/","url":"https:\/\/inclusivenews.com.br\/wp-content\/uploads\/2024\/03\/@grandesite.png","contentUrl":"https:\/\/inclusivenews.com.br\/wp-content\/uploads\/2024\/03\/@grandesite.png","width":1080,"height":1080,"caption":"Inclusive - inclus\u00e3o e cidadania"},"image":{"@id":"https:\/\/inclusivenews.com.br\/#\/schema\/logo\/image\/"},"sameAs":["https:\/\/www.facebook.com\/agenciainclusive\/","https:\/\/www.instagram.com\/newsinclusive\/"]},{"@type":"Person","@id":"https:\/\/inclusivenews.com.br\/#\/schema\/person\/ae4ec7087559b8692fb33b6fffd2273b","name":"inclusivenews2024","image":{"@type":"ImageObject","inLanguage":"pt-PT","@id":"https:\/\/secure.gravatar.com\/avatar\/c5a7ef84c66fa914f55bc4f7ce26cfa275a3b9a1c5568b907bd184fb4dde7b40?s=96&d=mm&r=g","url":"https:\/\/secure.gravatar.com\/avatar\/c5a7ef84c66fa914f55bc4f7ce26cfa275a3b9a1c5568b907bd184fb4dde7b40?s=96&d=mm&r=g","contentUrl":"https:\/\/secure.gravatar.com\/avatar\/c5a7ef84c66fa914f55bc4f7ce26cfa275a3b9a1c5568b907bd184fb4dde7b40?s=96&d=mm&r=g","caption":"inclusivenews2024"},"sameAs":["https:\/\/inclusivenews.com.br"],"url":"https:\/\/inclusivenews.com.br\/?author=1"}]}},"_links":{"self":[{"href":"https:\/\/inclusivenews.com.br\/index.php?rest_route=\/wp\/v2\/posts\/21640","targetHints":{"allow":["GET"]}}],"collection":[{"href":"https:\/\/inclusivenews.com.br\/index.php?rest_route=\/wp\/v2\/posts"}],"about":[{"href":"https:\/\/inclusivenews.com.br\/index.php?rest_route=\/wp\/v2\/types\/post"}],"author":[{"embeddable":true,"href":"https:\/\/inclusivenews.com.br\/index.php?rest_route=\/wp\/v2\/users\/1"}],"replies":[{"embeddable":true,"href":"https:\/\/inclusivenews.com.br\/index.php?rest_route=%2Fwp%2Fv2%2Fcomments&post=21640"}],"version-history":[{"count":0,"href":"https:\/\/inclusivenews.com.br\/index.php?rest_route=\/wp\/v2\/posts\/21640\/revisions"}],"wp:attachment":[{"href":"https:\/\/inclusivenews.com.br\/index.php?rest_route=%2Fwp%2Fv2%2Fmedia&parent=21640"}],"wp:term":[{"taxonomy":"category","embeddable":true,"href":"https:\/\/inclusivenews.com.br\/index.php?rest_route=%2Fwp%2Fv2%2Fcategories&post=21640"},{"taxonomy":"post_tag","embeddable":true,"href":"https:\/\/inclusivenews.com.br\/index.php?rest_route=%2Fwp%2Fv2%2Ftags&post=21640"}],"curies":[{"name":"wp","href":"https:\/\/api.w.org\/{rel}","templated":true}]}}