{"id":21648,"date":"2011-11-24T01:30:54","date_gmt":"2011-11-24T04:30:54","guid":{"rendered":"http:\/\/www.inclusive.org.br\/?p=21648"},"modified":"2011-11-24T01:30:54","modified_gmt":"2011-11-24T04:30:54","slug":"filmes-da-campanha-ser-diferente-e-normal-selecionada-para-festival-de-cinema-na-onu","status":"publish","type":"post","link":"https:\/\/inclusivenews.com.br\/?p=21648","title":{"rendered":"Filmes da campanha &quot;Ser Diferente \u00e9 Normal&quot; selecionados para Festival de Cinema na ONU"},"content":{"rendered":"<p><span><span> <\/span><\/span><\/p>\n<p><img loading=\"lazy\" decoding=\"async\" class=\"alignleft size-full wp-image-12792\" title=\"ser-diferente\" src=\"http:\/\/inclusivenews.com.br\/wp-content\/uploads\/2009\/11\/ser-diferente.jpg\" alt=\"\" width=\"216\" height=\"82\" \/>Os filmes da <span><span>campanha <\/span><\/span><span><span>&#8220;Ser Diferente \u00e9 normal&#8221; <\/span><\/span><span><span>do Instituto  MetaSocial\u00a0 foram selecionados para  representar o Brasil e ser\u00e3o apresentados no Festival de Cinema da ONU  durante as celebra\u00e7\u00f5es do Dia Internacional das Pessoas com Defici\u00eancia,  em 2 de dezembro, na Organiza\u00e7\u00e3o das Na\u00e7\u00f5es Unidas, em Nova York.<\/span><\/span><\/p>\n<p><span><span>A campanha \u00e9 composta de 4 filmetes &#8211;  Adolescente, Diferen\u00e7as, Menina Azul e Menina Diferente &#8211; que foram  transmitidos na televis\u00e3o no Brasil.<\/span><\/span><\/p>\n<p><span><span>O Instituto MetaSocial trabalha h\u00e1 mais de 17 anos desenvolvendo a\u00e7\u00f5es junto \u00e0 m\u00eddia para promover a inclus\u00e3o social. <\/span><span>\u00c9 uma organiza\u00e7\u00e3o sem fins lucrativos que trabalha principalmente atrav\u00e9s de parcerias.<\/span><\/span><\/p>\n<p><span><span>A campanha institucional &#8220;<\/span><\/span><span><span>Ser diferente<\/span><\/span><span><span> \u00e9 normal &#8221; \u00e9 a base dos projetos do Instituto MetaSocial.<\/span><\/span><\/p>\n<p><span><span>\u00c9 composta por filmes institucionais  para TV que visam mostrar \u00e0 sociedade de uma forma positiva, alegre e  colorida, o potencial de todas as pessoas, independentemente de suas  limita\u00e7\u00f5es, sensibilizando sobre a diversidade e <\/span><\/span><span><span>levando <\/span><\/span><span><span>todos\u00a0 a crer e  entender que o &#8220;normal&#8221; n\u00e3o existe.<\/span><\/span><\/p>\n<p><span><span>Todo o trabalho profissional, que envolve pessoas e empresas \u00e9 inteiramente volunt\u00e1rio.<\/span><\/span><\/p>\n<p><span><span>No total, foram sete filmes para televis\u00e3o e um para a Web<\/span><\/span><\/p>\n<p><span><span>\u2022 1996 &#8211; &#8220;Pianista&#8221; &#8211; ag\u00eancia DM9DDB &#8211; <\/span><\/span><a href=\"http:\/\/youtu.be\/24SrDKFAvkc\" target=\"_blank\" rel=\"noopener\"><span><span>http:\/\/youtu.be\/24SrDKFAvkc<\/span><\/span><\/a><br \/>\n<span><span> \u2022 1998 &#8211; &#8220;Carlinhos&#8221; &#8211; DM9DDB ag\u00eancia &#8211; Pr\u00eamio Cannes &#8211; <\/span><\/span><a href=\"http:\/\/youtu.be\/SmKn_Kkvo80\" target=\"_blank\" rel=\"noopener\"><span><span>http:\/\/youtu.be\/SmKn_Kkvo80<\/span><\/span><\/a><br \/>\n<span><span> \u2022 2002 &#8211; &#8220;Gar\u00e7onete&#8221; &#8211; ag\u00eancia Giovanni + DraftFCB &#8211; <\/span><\/span><a href=\"http:\/\/youtu.be\/TqSOilEIxEc\" target=\"_blank\" rel=\"noopener\"><span><span>http:\/\/youtu.be\/TqSOilEIxEc<\/span><\/span><\/a><br \/>\n<span><span> \u2022 2003 &#8211; &#8220;Adolescente&#8221; &#8211; ag\u00eancia Giovanni + DraftFCB (assista abaixo em ingl\u00eas) <\/span><\/span><br \/>\n<span><span> \u2022 2005 &#8211; &#8220;Diferen\u00e7as&#8221; &#8211; ag\u00eancia Giovanni + DraftFCB <\/span><\/span><span><span>(assista abaixo em ingl\u00eas) <\/span><\/span><br \/>\n<span><span> \u2022 2008 &#8211; &#8220;Menina Azul &#8220;- ag\u00eancia Giovanni + DraftFCB <\/span><\/span><span><span>(assista abaixo em ingl\u00eas) <\/span><\/span><br \/>\n<span><span> \u2022 2009 &#8211; WEB &#8211; Manifesto para a Inclus\u00e3o &#8211; ag\u00eancia Giovanni + DraftFCB &#8211; <\/span><\/span><a href=\"http:\/\/youtu.be\/3u4uLA4Uv08\" target=\"_blank\" rel=\"noopener\"><span><span>http:\/\/youtu.be\/3u4uLA4Uv08<\/span><\/span><\/a><br \/>\n<span><span> \u2022 2011 &#8211; &#8220;Menina Diferente&#8221; &#8211; ag\u00eancia Giovanni + DraftFCB <\/span><\/span><span><span>(assista abaixo em ingl\u00eas) <\/span><\/span><\/p>\n<p><span><span>Ano ap\u00f3s ano o impacto das campanhas sobre o p\u00fablico aumenta e quebra paradigmas. <\/span><span>Cada  ponto de transmiss\u00e3o em rede de TV, especialmente a rede Globo chega a  mais de 40 milh\u00f5es de pessoas impactando positivamente o inconsciente  coletivo, <\/span><\/span><span><span>em particular com rela\u00e7\u00e3o \u00e0s<\/span><\/span><span><span> pessoas com s\u00edndrome de Down, .<\/span><\/span><\/p>\n<p><span><span>Em 2011 MetaSocial fez uma parceria com o UNICEF Montenegro para  exibi\u00e7\u00e3o de seu mais recente filme, Menina Diferente, dentro na campanha Montenegrina &#8220;It&#8217;s about ability&#8221;.<\/span><\/span><\/p>\n<p><span><span>Confira os filmes que ser\u00e3o apresentados em Ingl\u00eas:<\/span><\/span><\/p>\n<p><a rel=\"shadowbox[sbpost-21646];player=swf;width=640;height=385;\" href=\"http:\/\/www.youtube.com\/watch?v=FM32Ve31O_I\"><span><span>http:\/\/www.youtube.com\/watch?v=FM32Ve31O_I<\/span><\/span><\/a><\/p>\n<p><span><span><strong>RESERVE A DATA<\/strong><br \/>\n<\/span><\/span><\/p>\n<p><span><span>Sexta-feira, 2 de dezembro<\/span><\/span><\/p>\n<p><span><span>Em observ\u00e2ncia do Dia Internacional das Pessoas com Defici\u00eancia<\/span><\/span><\/p>\n<p><span><span>&#8220;Juntos por um mundo melhor para todos: Incluindo pessoas com defici\u00eancia no desenvolvimento&#8221;<\/span><\/span><\/p>\n<p><span><span>Confer\u00eancia Sala 2 (NLB), sede das Na\u00e7\u00f5es Unidas, em Nova York<\/span><\/span><\/p>\n<p><strong><span><span>Programa<\/span><\/span><\/strong><\/p>\n<p><span><span>10,00-10,30 horas: Cerim\u00f4nia de Abertura<\/span><\/span><\/p>\n<p><span><span>Ms. Asha Rose Migrio, secret\u00e1rio-geral adjunto,  Embaixadores das Filipinas, Su\u00e9cia e Tanz\u00e2nia nas Na\u00e7\u00f5es Unidas, e  outros representantes do Governo e da sociedade civil participar\u00e3o da  abertura.<\/span><\/span><\/p>\n<p><span><span>A abertura ser\u00e1 uma performance musical dos alunos do New York Institute para a Educa\u00e7\u00e3o Especial.<\/span><\/span><\/p>\n<p><span><span>10:30 &#8211; 11:45<\/span><\/span><strong><span><span> &#8211; Painel de Discuss\u00e3o: Rumo a um  desenvolvimento inclusivo: como melhorar os dados e estat\u00edsticas sobre a  defici\u00eancia <\/span><\/span><\/strong><\/p>\n<p><span><span>Este painel de discuss\u00e3o incidir\u00e1 sobre a concretiza\u00e7\u00e3o das  recomenda\u00e7\u00f5es para melhorar a disponibilidade e a qualidade dos dados  sobre a defici\u00eancia.<\/span><\/span><\/p>\n<p><span><span>Os membros do painel ir\u00e3o explorar os aspectos t\u00e9cnicos de mensura\u00e7\u00e3o da defici\u00eancia e proporcionar uma revis\u00e3o aprofundada das  atuais normas acordadas internacionalmente para medir a defici\u00eancia,  identificando as vantagens e limita\u00e7\u00f5es dos v\u00e1rios m\u00e9todos de coleta de  dados, incluindo os recenseamentos.<\/span><\/span><\/p>\n<p><span><span>Os palestrantes ir\u00e3o compartilhar suas experi\u00eancias em  n\u00edvel nacional e analisar formas de melhorar a qualidade e a quantidade  de estat\u00edsticas nacionais da defici\u00eancia para criar uma base s\u00f3lida de  conhecimento de modo a subsidiar a formula\u00e7\u00e3o de pol\u00edticas e contribuir para o  objetivo final de desenvolvimento inclusivo das pessoas com defici\u00eancia.<\/span><\/span><\/p>\n<p><span><span>Painelistas: Grupo de Washington sobre Estat\u00edsticas,  Banco Mundial, Parceria Global para Defici\u00eancia e Desenvolvimento, e  outros representantes de Governos, do sistema das Na\u00e7\u00f5es Unidas e sociedade  civil.<\/span><\/span><\/p>\n<p><span><span>12:00 h \u00e0s 01:15: <\/span><\/span><strong><span><span>Painel de Discuss\u00e3o: Integra\u00e7\u00e3o da  defici\u00eancia na agenda de desenvolvimento global: experi\u00eancia em outras  quest\u00f5es de desenvolvimento<\/span><\/span><\/strong><\/p>\n<p><span><span>Este painel incidir\u00e1 sobre a experi\u00eancia na integra\u00e7\u00e3o de  outras quest\u00f5es na agenda de desenvolvimento e explorar marcos conceituais, metodologias, abordagens e fontes de dados utilizadas pelo  sistema das Na\u00e7\u00f5es Unidas na prepara\u00e7\u00e3o de relat\u00f3rios de desenvolvimento  global. <\/span><span>O painel tamb\u00e9m vai abordar como a defici\u00eancia  pode ser integrada nas Na\u00e7\u00f5es Unidas em\u00a0 relat\u00f3rios globais <\/span><\/span><span><span>existentes <\/span><\/span><span><span>sobre  o desenvolvimento e considerar op\u00e7\u00f5es para um relat\u00f3rio mundial sobre  defici\u00eancia e desenvolvimento.<\/span><\/span><\/p>\n<p><span><span>Painelistas: UNDESA, PNUD, UNICEF, UNESCO, OMS e outros.<\/span><\/span><\/p>\n<p><span><span>1:15 &#8211; 16:00 <\/span><\/span><strong><span><span>&#8211; Festival de Cinema <\/span><\/span><\/strong><span><span><strong>das Na\u00e7\u00f5es Unidas Enable<\/strong><br \/>\n<\/span><\/span><\/p>\n<p><span><span>Vivendo vidas que valem a pena (EUA) 54:00<\/span><\/span><\/p>\n<p><span><span>Qualquer coisa que voc\u00ea pode fazer (Austr\u00e1lia) 08:00<\/span><\/span><\/p>\n<p><strong><span><span>Ser Diferente \u00e9 Normal (Brasil) 02:51<\/span><\/span><\/strong><\/p>\n<p><span><span>Vozes Jovens: Identidade (\u00cdndia); Participa\u00e7\u00e3o (Uganda); Determina\u00e7\u00e3o (Guiana) 12:30<\/span><\/span><\/p>\n<p><span><span>Entre ouvir e n\u00e3o ouvir (China) 05:45<\/span><\/span><\/p>\n<p><span><span>Acessibilidade \/ O Emprego (Su\u00e9cia) 03:30<\/span><\/span><\/p>\n<p><span><span>Etiquetas (R\u00fassia) 26:00<\/span><\/span><\/p>\n<p><span><span>(Se voc\u00ea quiser assistir a qualquer dos eventos na sede da ONU, entre em contato Enable@un.org) <\/span><\/span><a href=\"..\/www.un.org\/disabilities\"><span><span>www.un.org \/disability<\/span><\/span><\/a><\/p>\n<p><span><span>Fonte: ONU Enable e Inclusive<\/span><\/span><\/p>\n","protected":false},"excerpt":{"rendered":"<p>Brazilian films \u201cDifference is Normal\u201d selected for film festival at the UN<\/p>\n<p>Os filmes do Instituto MetaSocial ser\u00e3o apresentados nas celebra\u00e7\u00f5es do Dia Internacional da Pessoa com Defici\u00eancia na sede da ONU em Nova York. <\/p>\n","protected":false},"author":1,"featured_media":0,"comment_status":"open","ping_status":"open","sticky":false,"template":"","format":"standard","meta":{"site-container-style":"default","site-container-layout":"default","site-sidebar-layout":"default","disable-article-header":"default","disable-site-header":"default","disable-site-footer":"default","disable-content-area-spacing":"default","footnotes":""},"categories":[12,38,48,76,4],"tags":[],"class_list":["post-21648","post","type-post","status-publish","format-standard","hentry","category-cursos-e-eventos","category-deficiencia","category-inclusao","category-midia-e-deficiencia","category-noticias"],"yoast_head":"<!-- This site is optimized with the Yoast SEO plugin v27.4 - https:\/\/yoast.com\/product\/yoast-seo-wordpress\/ -->\n<title>Filmes da campanha &quot;Ser Diferente \u00e9 Normal&quot; selecionados para Festival de Cinema na ONU -<\/title>\n<meta name=\"robots\" content=\"index, follow, max-snippet:-1, max-image-preview:large, max-video-preview:-1\" \/>\n<link rel=\"canonical\" href=\"https:\/\/inclusivenews.com.br\/?p=21648\" \/>\n<meta property=\"og:locale\" content=\"pt_PT\" \/>\n<meta property=\"og:type\" content=\"article\" \/>\n<meta property=\"og:title\" content=\"Filmes da campanha &quot;Ser Diferente \u00e9 Normal&quot; selecionados para Festival de Cinema na ONU -\" \/>\n<meta property=\"og:description\" content=\"Brazilian films \u201cDifference is Normal\u201d selected for film festival at the UN Os filmes do Instituto MetaSocial ser\u00e3o apresentados nas celebra\u00e7\u00f5es do Dia Internacional da Pessoa com Defici\u00eancia na sede da ONU em Nova York.\" \/>\n<meta property=\"og:url\" content=\"https:\/\/inclusivenews.com.br\/?p=21648\" \/>\n<meta property=\"article:publisher\" content=\"https:\/\/www.facebook.com\/agenciainclusive\/\" \/>\n<meta property=\"article:published_time\" content=\"2011-11-24T04:30:54+00:00\" \/>\n<meta property=\"og:image\" content=\"http:\/\/inclusivenews.com.br\/wp-content\/uploads\/2009\/11\/ser-diferente.jpg\" \/>\n<meta name=\"author\" content=\"inclusivenews2024\" \/>\n<meta name=\"twitter:card\" content=\"summary_large_image\" \/>\n<meta name=\"twitter:label1\" content=\"Escrito por\" \/>\n\t<meta name=\"twitter:data1\" content=\"inclusivenews2024\" \/>\n\t<meta name=\"twitter:label2\" content=\"Tempo estimado de leitura\" \/>\n\t<meta name=\"twitter:data2\" content=\"4 minutos\" \/>\n<script type=\"application\/ld+json\" class=\"yoast-schema-graph\">{\"@context\":\"https:\\\/\\\/schema.org\",\"@graph\":[{\"@type\":\"Article\",\"@id\":\"https:\\\/\\\/inclusivenews.com.br\\\/?p=21648#article\",\"isPartOf\":{\"@id\":\"https:\\\/\\\/inclusivenews.com.br\\\/?p=21648\"},\"author\":{\"name\":\"inclusivenews2024\",\"@id\":\"https:\\\/\\\/inclusivenews.com.br\\\/#\\\/schema\\\/person\\\/ae4ec7087559b8692fb33b6fffd2273b\"},\"headline\":\"Filmes da campanha &quot;Ser Diferente \u00e9 Normal&quot; selecionados para Festival de Cinema na ONU\",\"datePublished\":\"2011-11-24T04:30:54+00:00\",\"mainEntityOfPage\":{\"@id\":\"https:\\\/\\\/inclusivenews.com.br\\\/?p=21648\"},\"wordCount\":904,\"commentCount\":1,\"publisher\":{\"@id\":\"https:\\\/\\\/inclusivenews.com.br\\\/#organization\"},\"image\":{\"@id\":\"https:\\\/\\\/inclusivenews.com.br\\\/?p=21648#primaryimage\"},\"thumbnailUrl\":\"http:\\\/\\\/inclusivenews.com.br\\\/wp-content\\\/uploads\\\/2009\\\/11\\\/ser-diferente.jpg\",\"articleSection\":[\"Cursos e eventos\",\"Defici\u00eancia\",\"INCLUS\u00c3O SOCIAL\",\"M\u00eddia e Defici\u00eancia\",\"NOT\u00cdCIAS\"],\"inLanguage\":\"pt-PT\",\"potentialAction\":[{\"@type\":\"CommentAction\",\"name\":\"Comment\",\"target\":[\"https:\\\/\\\/inclusivenews.com.br\\\/?p=21648#respond\"]}]},{\"@type\":\"WebPage\",\"@id\":\"https:\\\/\\\/inclusivenews.com.br\\\/?p=21648\",\"url\":\"https:\\\/\\\/inclusivenews.com.br\\\/?p=21648\",\"name\":\"Filmes da campanha &quot;Ser Diferente \u00e9 Normal&quot; selecionados para Festival de Cinema na ONU -\",\"isPartOf\":{\"@id\":\"https:\\\/\\\/inclusivenews.com.br\\\/#website\"},\"primaryImageOfPage\":{\"@id\":\"https:\\\/\\\/inclusivenews.com.br\\\/?p=21648#primaryimage\"},\"image\":{\"@id\":\"https:\\\/\\\/inclusivenews.com.br\\\/?p=21648#primaryimage\"},\"thumbnailUrl\":\"http:\\\/\\\/inclusivenews.com.br\\\/wp-content\\\/uploads\\\/2009\\\/11\\\/ser-diferente.jpg\",\"datePublished\":\"2011-11-24T04:30:54+00:00\",\"breadcrumb\":{\"@id\":\"https:\\\/\\\/inclusivenews.com.br\\\/?p=21648#breadcrumb\"},\"inLanguage\":\"pt-PT\",\"potentialAction\":[{\"@type\":\"ReadAction\",\"target\":[\"https:\\\/\\\/inclusivenews.com.br\\\/?p=21648\"]}]},{\"@type\":\"ImageObject\",\"inLanguage\":\"pt-PT\",\"@id\":\"https:\\\/\\\/inclusivenews.com.br\\\/?p=21648#primaryimage\",\"url\":\"\",\"contentUrl\":\"\"},{\"@type\":\"BreadcrumbList\",\"@id\":\"https:\\\/\\\/inclusivenews.com.br\\\/?p=21648#breadcrumb\",\"itemListElement\":[{\"@type\":\"ListItem\",\"position\":1,\"name\":\"In\u00edcio\",\"item\":\"https:\\\/\\\/inclusivenews.com.br\\\/\"},{\"@type\":\"ListItem\",\"position\":2,\"name\":\"Filmes da campanha &quot;Ser Diferente \u00e9 Normal&quot; selecionados para Festival de Cinema na ONU\"}]},{\"@type\":\"WebSite\",\"@id\":\"https:\\\/\\\/inclusivenews.com.br\\\/#website\",\"url\":\"https:\\\/\\\/inclusivenews.com.br\\\/\",\"name\":\"Inclusive News\",\"description\":\"Inclusive News\",\"publisher\":{\"@id\":\"https:\\\/\\\/inclusivenews.com.br\\\/#organization\"},\"potentialAction\":[{\"@type\":\"SearchAction\",\"target\":{\"@type\":\"EntryPoint\",\"urlTemplate\":\"https:\\\/\\\/inclusivenews.com.br\\\/?s={search_term_string}\"},\"query-input\":{\"@type\":\"PropertyValueSpecification\",\"valueRequired\":true,\"valueName\":\"search_term_string\"}}],\"inLanguage\":\"pt-PT\"},{\"@type\":\"Organization\",\"@id\":\"https:\\\/\\\/inclusivenews.com.br\\\/#organization\",\"name\":\"Inclusive - inclus\u00e3o e cidadania\",\"url\":\"https:\\\/\\\/inclusivenews.com.br\\\/\",\"logo\":{\"@type\":\"ImageObject\",\"inLanguage\":\"pt-PT\",\"@id\":\"https:\\\/\\\/inclusivenews.com.br\\\/#\\\/schema\\\/logo\\\/image\\\/\",\"url\":\"https:\\\/\\\/inclusivenews.com.br\\\/wp-content\\\/uploads\\\/2024\\\/03\\\/@grandesite.png\",\"contentUrl\":\"https:\\\/\\\/inclusivenews.com.br\\\/wp-content\\\/uploads\\\/2024\\\/03\\\/@grandesite.png\",\"width\":1080,\"height\":1080,\"caption\":\"Inclusive - inclus\u00e3o e cidadania\"},\"image\":{\"@id\":\"https:\\\/\\\/inclusivenews.com.br\\\/#\\\/schema\\\/logo\\\/image\\\/\"},\"sameAs\":[\"https:\\\/\\\/www.facebook.com\\\/agenciainclusive\\\/\",\"https:\\\/\\\/www.instagram.com\\\/newsinclusive\\\/\"]},{\"@type\":\"Person\",\"@id\":\"https:\\\/\\\/inclusivenews.com.br\\\/#\\\/schema\\\/person\\\/ae4ec7087559b8692fb33b6fffd2273b\",\"name\":\"inclusivenews2024\",\"image\":{\"@type\":\"ImageObject\",\"inLanguage\":\"pt-PT\",\"@id\":\"https:\\\/\\\/secure.gravatar.com\\\/avatar\\\/c5a7ef84c66fa914f55bc4f7ce26cfa275a3b9a1c5568b907bd184fb4dde7b40?s=96&d=mm&r=g\",\"url\":\"https:\\\/\\\/secure.gravatar.com\\\/avatar\\\/c5a7ef84c66fa914f55bc4f7ce26cfa275a3b9a1c5568b907bd184fb4dde7b40?s=96&d=mm&r=g\",\"contentUrl\":\"https:\\\/\\\/secure.gravatar.com\\\/avatar\\\/c5a7ef84c66fa914f55bc4f7ce26cfa275a3b9a1c5568b907bd184fb4dde7b40?s=96&d=mm&r=g\",\"caption\":\"inclusivenews2024\"},\"sameAs\":[\"https:\\\/\\\/inclusivenews.com.br\"],\"url\":\"https:\\\/\\\/inclusivenews.com.br\\\/?author=1\"}]}<\/script>\n<!-- \/ Yoast SEO plugin. -->","yoast_head_json":{"title":"Filmes da campanha &quot;Ser Diferente \u00e9 Normal&quot; selecionados para Festival de Cinema na ONU -","robots":{"index":"index","follow":"follow","max-snippet":"max-snippet:-1","max-image-preview":"max-image-preview:large","max-video-preview":"max-video-preview:-1"},"canonical":"https:\/\/inclusivenews.com.br\/?p=21648","og_locale":"pt_PT","og_type":"article","og_title":"Filmes da campanha &quot;Ser Diferente \u00e9 Normal&quot; selecionados para Festival de Cinema na ONU -","og_description":"Brazilian films \u201cDifference is Normal\u201d selected for film festival at the UN Os filmes do Instituto MetaSocial ser\u00e3o apresentados nas celebra\u00e7\u00f5es do Dia Internacional da Pessoa com Defici\u00eancia na sede da ONU em Nova York.","og_url":"https:\/\/inclusivenews.com.br\/?p=21648","article_publisher":"https:\/\/www.facebook.com\/agenciainclusive\/","article_published_time":"2011-11-24T04:30:54+00:00","og_image":[{"url":"http:\/\/inclusivenews.com.br\/wp-content\/uploads\/2009\/11\/ser-diferente.jpg","type":"","width":"","height":""}],"author":"inclusivenews2024","twitter_card":"summary_large_image","twitter_misc":{"Escrito por":"inclusivenews2024","Tempo estimado de leitura":"4 minutos"},"schema":{"@context":"https:\/\/schema.org","@graph":[{"@type":"Article","@id":"https:\/\/inclusivenews.com.br\/?p=21648#article","isPartOf":{"@id":"https:\/\/inclusivenews.com.br\/?p=21648"},"author":{"name":"inclusivenews2024","@id":"https:\/\/inclusivenews.com.br\/#\/schema\/person\/ae4ec7087559b8692fb33b6fffd2273b"},"headline":"Filmes da campanha &quot;Ser Diferente \u00e9 Normal&quot; selecionados para Festival de Cinema na ONU","datePublished":"2011-11-24T04:30:54+00:00","mainEntityOfPage":{"@id":"https:\/\/inclusivenews.com.br\/?p=21648"},"wordCount":904,"commentCount":1,"publisher":{"@id":"https:\/\/inclusivenews.com.br\/#organization"},"image":{"@id":"https:\/\/inclusivenews.com.br\/?p=21648#primaryimage"},"thumbnailUrl":"http:\/\/inclusivenews.com.br\/wp-content\/uploads\/2009\/11\/ser-diferente.jpg","articleSection":["Cursos e eventos","Defici\u00eancia","INCLUS\u00c3O SOCIAL","M\u00eddia e Defici\u00eancia","NOT\u00cdCIAS"],"inLanguage":"pt-PT","potentialAction":[{"@type":"CommentAction","name":"Comment","target":["https:\/\/inclusivenews.com.br\/?p=21648#respond"]}]},{"@type":"WebPage","@id":"https:\/\/inclusivenews.com.br\/?p=21648","url":"https:\/\/inclusivenews.com.br\/?p=21648","name":"Filmes da campanha &quot;Ser Diferente \u00e9 Normal&quot; selecionados para Festival de Cinema na ONU -","isPartOf":{"@id":"https:\/\/inclusivenews.com.br\/#website"},"primaryImageOfPage":{"@id":"https:\/\/inclusivenews.com.br\/?p=21648#primaryimage"},"image":{"@id":"https:\/\/inclusivenews.com.br\/?p=21648#primaryimage"},"thumbnailUrl":"http:\/\/inclusivenews.com.br\/wp-content\/uploads\/2009\/11\/ser-diferente.jpg","datePublished":"2011-11-24T04:30:54+00:00","breadcrumb":{"@id":"https:\/\/inclusivenews.com.br\/?p=21648#breadcrumb"},"inLanguage":"pt-PT","potentialAction":[{"@type":"ReadAction","target":["https:\/\/inclusivenews.com.br\/?p=21648"]}]},{"@type":"ImageObject","inLanguage":"pt-PT","@id":"https:\/\/inclusivenews.com.br\/?p=21648#primaryimage","url":"","contentUrl":""},{"@type":"BreadcrumbList","@id":"https:\/\/inclusivenews.com.br\/?p=21648#breadcrumb","itemListElement":[{"@type":"ListItem","position":1,"name":"In\u00edcio","item":"https:\/\/inclusivenews.com.br\/"},{"@type":"ListItem","position":2,"name":"Filmes da campanha &quot;Ser Diferente \u00e9 Normal&quot; selecionados para Festival de Cinema na ONU"}]},{"@type":"WebSite","@id":"https:\/\/inclusivenews.com.br\/#website","url":"https:\/\/inclusivenews.com.br\/","name":"Inclusive News","description":"Inclusive News","publisher":{"@id":"https:\/\/inclusivenews.com.br\/#organization"},"potentialAction":[{"@type":"SearchAction","target":{"@type":"EntryPoint","urlTemplate":"https:\/\/inclusivenews.com.br\/?s={search_term_string}"},"query-input":{"@type":"PropertyValueSpecification","valueRequired":true,"valueName":"search_term_string"}}],"inLanguage":"pt-PT"},{"@type":"Organization","@id":"https:\/\/inclusivenews.com.br\/#organization","name":"Inclusive - inclus\u00e3o e cidadania","url":"https:\/\/inclusivenews.com.br\/","logo":{"@type":"ImageObject","inLanguage":"pt-PT","@id":"https:\/\/inclusivenews.com.br\/#\/schema\/logo\/image\/","url":"https:\/\/inclusivenews.com.br\/wp-content\/uploads\/2024\/03\/@grandesite.png","contentUrl":"https:\/\/inclusivenews.com.br\/wp-content\/uploads\/2024\/03\/@grandesite.png","width":1080,"height":1080,"caption":"Inclusive - inclus\u00e3o e cidadania"},"image":{"@id":"https:\/\/inclusivenews.com.br\/#\/schema\/logo\/image\/"},"sameAs":["https:\/\/www.facebook.com\/agenciainclusive\/","https:\/\/www.instagram.com\/newsinclusive\/"]},{"@type":"Person","@id":"https:\/\/inclusivenews.com.br\/#\/schema\/person\/ae4ec7087559b8692fb33b6fffd2273b","name":"inclusivenews2024","image":{"@type":"ImageObject","inLanguage":"pt-PT","@id":"https:\/\/secure.gravatar.com\/avatar\/c5a7ef84c66fa914f55bc4f7ce26cfa275a3b9a1c5568b907bd184fb4dde7b40?s=96&d=mm&r=g","url":"https:\/\/secure.gravatar.com\/avatar\/c5a7ef84c66fa914f55bc4f7ce26cfa275a3b9a1c5568b907bd184fb4dde7b40?s=96&d=mm&r=g","contentUrl":"https:\/\/secure.gravatar.com\/avatar\/c5a7ef84c66fa914f55bc4f7ce26cfa275a3b9a1c5568b907bd184fb4dde7b40?s=96&d=mm&r=g","caption":"inclusivenews2024"},"sameAs":["https:\/\/inclusivenews.com.br"],"url":"https:\/\/inclusivenews.com.br\/?author=1"}]}},"_links":{"self":[{"href":"https:\/\/inclusivenews.com.br\/index.php?rest_route=\/wp\/v2\/posts\/21648","targetHints":{"allow":["GET"]}}],"collection":[{"href":"https:\/\/inclusivenews.com.br\/index.php?rest_route=\/wp\/v2\/posts"}],"about":[{"href":"https:\/\/inclusivenews.com.br\/index.php?rest_route=\/wp\/v2\/types\/post"}],"author":[{"embeddable":true,"href":"https:\/\/inclusivenews.com.br\/index.php?rest_route=\/wp\/v2\/users\/1"}],"replies":[{"embeddable":true,"href":"https:\/\/inclusivenews.com.br\/index.php?rest_route=%2Fwp%2Fv2%2Fcomments&post=21648"}],"version-history":[{"count":0,"href":"https:\/\/inclusivenews.com.br\/index.php?rest_route=\/wp\/v2\/posts\/21648\/revisions"}],"wp:attachment":[{"href":"https:\/\/inclusivenews.com.br\/index.php?rest_route=%2Fwp%2Fv2%2Fmedia&parent=21648"}],"wp:term":[{"taxonomy":"category","embeddable":true,"href":"https:\/\/inclusivenews.com.br\/index.php?rest_route=%2Fwp%2Fv2%2Fcategories&post=21648"},{"taxonomy":"post_tag","embeddable":true,"href":"https:\/\/inclusivenews.com.br\/index.php?rest_route=%2Fwp%2Fv2%2Ftags&post=21648"}],"curies":[{"name":"wp","href":"https:\/\/api.w.org\/{rel}","templated":true}]}}