{"id":21692,"date":"2011-11-30T10:19:59","date_gmt":"2011-11-30T13:19:59","guid":{"rendered":"http:\/\/www.inclusive.org.br\/?p=21692"},"modified":"2011-11-30T10:19:59","modified_gmt":"2011-11-30T13:19:59","slug":"desafio-do-brasil-e-ter-cultura-de-direitos-humanos-diz-novo-diretor-da-anistia","status":"publish","type":"post","link":"https:\/\/inclusivenews.com.br\/?p=21692","title":{"rendered":"Desafio do Brasil \u00e9 ter cultura de direitos humanos, diz novo diretor da Anistia"},"content":{"rendered":"<p><em><img loading=\"lazy\" decoding=\"async\" class=\"alignleft size-medium wp-image-21767\" title=\"Atila_Roque\" src=\"http:\/\/inclusivenews.com.br\/wp-content\/uploads\/Atila_Roque-300x300.jpg\" alt=\"Atila Roque\" width=\"300\" height=\"300\" \/>Atila Roque assume novo escrit\u00f3rio da Anistia Internacional e afirma que &#8220;ainda existem bols\u00f5es de resist\u00eancia muito fortes ao fato de os direitos humanos serem para todos&#8221;<\/em><\/p>\n<p style=\"text-align: justify;\">&#8220;O desafio que persiste \u00e9 o da consolida\u00e7\u00e3o de uma cultura de direitos no Pa\u00eds&#8221;. A frase do novo diretor da Anistia Internacional no Brasil, Atila Roque, revela o principal objetivo do movimento global com rela\u00e7\u00e3o ao Brasil. Em entrevista ao iG, Roque afirmou que \u00e9 preciso aproveitar o potencial do Pa\u00eds de ser uma sociedade igualit\u00e1ria a partir da diversidade racial e cultural.<\/p>\n<p style=\"text-align: justify;\">Um novo escrit\u00f3rio da Anistia est\u00e1 sendo montado no Rio de Janeiro, cidade que Roque considera simb\u00f3lica, que serve de exemplo para o Pa\u00eds tanto em coisas positivas como negativas. Durante a entrevista, ele citou as Unidades de Pol\u00edcia Pacificadora como sendo uma parte da solu\u00e7\u00e3o em seguran\u00e7a p\u00fablica e condenou algumas a\u00e7\u00f5es policiais em favelas da cidade.<\/p>\n<p style=\"text-align: justify;\">Roque tamb\u00e9m disse que considera a cria\u00e7\u00e3o da Comiss\u00e3o da Verdade um passo importante para que o Brasil enfrente &#8220;os seus fantasmas&#8221; e revele hist\u00f3rias sobre o seu per\u00edodo de ditadura militar.<\/p>\n<p style=\"text-align: justify;\"><strong>iG: Qual a import\u00e2ncia de se ter um escrit\u00f3rio da Anistia no Brasil?<\/strong><\/p>\n<p style=\"text-align: justify;\">Atila Roque: Primeiro \u00e9 importante dizer que a Anistia nunca deixou de trabalhar sobre o Brasil, apenas passou um per\u00edodo sem o escrit\u00f3rio formado aqui. O Brasil tem um peso importante hoje no mundo e sua estrat\u00e9gia de investimentos deve ser coerente com o que diz a Constitui\u00e7\u00e3o Brasileira de que a pol\u00edtica externa deve ser guiada pelos princ\u00edpios dos direitos humanos. A decis\u00e3o de abrir um escrit\u00f3rio no Pa\u00eds nesse momento \u00e9 uma nova etapa da longa transi\u00e7\u00e3o da democracia brasileira.<\/p>\n<p style=\"text-align: justify;\"><strong>iG: Qual a import\u00e2ncia de o escrit\u00f3rio ser no Rio de Janeiro?<\/strong><\/p>\n<p style=\"text-align: justify;\">Atila Roque: Sem d\u00favida o Rio de Janeiro n\u00e3o seria o \u00fanico lugar relevante para se montar o escrit\u00f3rio, mas o Rio \u00e9 simb\u00f3lico e exemplar em v\u00e1rias das \u00e1reas que a Anistia atua. O que acontece aqui pode servir, para o bem ou para o mal, como exemplo para o Brasil. Hoje o Rio \u00e9 palco de algumas discuss\u00f5es tem\u00e1ticas do Brasil, como a quest\u00e3o da a\u00e7\u00e3o da pol\u00edcia e o debate sobre a seguran\u00e7a p\u00fablica que envolve a experi\u00eancia em torno das UPPs, que s\u00e3o parte da solu\u00e7\u00e3o.<\/p>\n<p style=\"text-align: justify;\">Outra dimens\u00e3o muito relevante nesse momento \u00e9 todo o empreendimento em torno de uma reformula\u00e7\u00e3o da cidade a luz dos eventos que o Rio vai sediar. \u00c9 preciso que essa reforma de longo alcance e de grande impacto seja monitorada para que haja uma cidade mais inclusiva e n\u00e3o que seja um processo que gere mais exclus\u00e3o. Mas, o fato de estarmos aqui n\u00e3o significa que o foco da Anistia ser\u00e1 o Rio apenas, o olhar da Anistia vai ser para o Brasil. Queremos consolidar a presen\u00e7a no Brasil e, no futuro, ter bases, escrit\u00f3rios em outras cidades.<\/p>\n<p style=\"text-align: justify;\"><strong>iG: Qual o maior desafio da Anistia com rela\u00e7\u00e3o ao Brasil?<\/strong><\/p>\n<p style=\"text-align: justify;\">Atila Roque: O desafio que persiste \u00e9 o da consolida\u00e7\u00e3o de uma cultura de direitos no Pa\u00eds. Ainda existem bols\u00f5es de resist\u00eancia muito fortes ao fato de os direitos humanos serem para todos. \u00c9 preciso que a gente reconhe\u00e7a que quando uma pessoa tem o seu direito violado, isso compromete e deteriora a qualidade dos direitos de todos e todas; o grande desafio \u00e9 alcan\u00e7ar o potencial de ser uma sociedade igualit\u00e1ria a partir da diversidade que existe aqui.<\/p>\n<p style=\"text-align: justify;\">Hoje isso n\u00e3o \u00e9 poss\u00edvel sem o fortalecimento de uma cultura de direitos, por isso \u00e9 muito importante um olhar sobre a pol\u00edtica externa brasileira \u2013 sensibilizar a sociedade para exercer um controle sobre o que o governo brasileiro defende e como se posiciona fora do Pa\u00eds \u2013 em dois n\u00edveis: o da governan\u00e7a global, ou seja, a atua\u00e7\u00e3o em blocos com o G20 e os Brics, e o da coopera\u00e7\u00e3o econ\u00f4mica, um grande projeto econ\u00f4mico vai ter impacto na vida das pessoas e deve levar em conta os direitos humanos.<\/p>\n<p style=\"text-align: justify;\"><strong>iG: Como voc\u00ea v\u00ea a cria\u00e7\u00e3o da Comiss\u00e3o da Verdade?<\/strong><\/p>\n<p style=\"text-align: justify;\">Atila Roque: A Comiss\u00e3o da Verdade demorou, teria que ter vindo antes. Na Am\u00e9rica do Sul, o Brasil \u00e9 um dos \u00faltimos a dar um passo no sentido de enfrentar os seus fantasmas, desenterrar as informa\u00e7\u00f5es, as hist\u00f3rias sobre o seu per\u00edodo terr\u00edvel que foi a ditadura. \u00c9 um direito da sociedade brasileira, dos meninos, meninas, homens e mulheres que foram perdidos e \u00e9 um dever do Estado. N\u00e3o seremos capazes de avan\u00e7ar na consolida\u00e7\u00e3o da democracia e do estado de direito se n\u00e3o revelarmos as informa\u00e7\u00f5es que precisam ser reveladas, e isso nada tem a ver com revanchismo, como alguns dizem.<\/p>\n<p style=\"text-align: justify;\">Precisamos recuperar nossa mem\u00f3ria hist\u00f3rica, se a gente n\u00e3o aprende com o nosso passado, estamos fadados a repetir os erros. Mesmo com todos os obst\u00e1culos da cria\u00e7\u00e3o da Comiss\u00e3o, considero um passo excepcional, fico bastante satisfeito de ver que o governo da presidente Dilma apoiou isso. A Anistia certamente vai acompanhar de perto todos os desdobramentos dessa Comiss\u00e3o.<\/p>\n<p style=\"text-align: justify;\"><strong>iG: Como voc\u00ea v\u00ea a a\u00e7\u00e3o policial em favelas do Rio de Janeiro, como a que resultou na morte de um cinegrafista neste m\u00eas?<\/strong><\/p>\n<p style=\"text-align: justify;\">Atila Roque: Cansamos de dizer muitas vezes que n\u00e3o faz sentido, n\u00e3o \u00e9 produtivo, n\u00e3o \u00e9 o melhor caminho partir para o confronto em comunidades como essas do Rio de Janeiro. \u00c9 um erro, uma estrat\u00e9gia que fatalmente faz v\u00edtimas, sejam elas pessoas da pr\u00f3pria comunidade, pessoas que estejam por perto ou, nesse caso tr\u00e1gico, especificamente, uma pessoa que estava trabalhando para passar informa\u00e7\u00f5es para a sociedade.<\/p>\n<p style=\"text-align: justify;\">O pr\u00f3prio modelo de UPP \u00e9 um modelo que se contrap\u00f5e a isso, ele ocupa sem necessariamente partir para o enfrentamento. O combate ao tr\u00e1fico e a apreens\u00e3o de armas se faz com intelig\u00eancia e a\u00e7\u00e3o articulada. Lamentamos muito que esse epis\u00f3dio tenha acontecido, e n\u00e3o foi a primeira vez. Agora, est\u00e1 na cultura da pol\u00edcia e da seguran\u00e7a p\u00fablica do Rio rever essas a\u00e7\u00f5es.<\/p>\n<p>Fonte: <a href=\"http:\/\/www.google.com.br\/url?sa=t&amp;rct=j&amp;q=%C3%A1tila%20roque%20%C3%B9ltimo%20segund&amp;source=web&amp;cd=3&amp;ved=0CCsQFjAC&amp;url=http%3A%2F%2Fultimosegundo.ig.com.br%2Fbrasil%2Fdesafio-do-brasil-e-ter-cultura-de-direitos-humanos-diz-novo-dir%2Fn1597377351470.html&amp;ei=dhTVTr7OMMbZgAfWmY2rAQ&amp;usg=AFQjCNEc3G-dHYSyE5UPVuM7aC-Fuu3w0w&amp;cad=rja\">\u00daltimo Segundo<\/a><\/p>\n","protected":false},"excerpt":{"rendered":"<p>Atila Roque assume novo escrit\u00f3rio da Anistia Internacional e afirma que &#8220;ainda existem bols\u00f5es de resist\u00eancia muito fortes ao fato de os direitos humanos serem para todos&#8221;<\/p>\n","protected":false},"author":1,"featured_media":0,"comment_status":"open","ping_status":"open","sticky":false,"template":"","format":"standard","meta":{"site-container-style":"default","site-container-layout":"default","site-sidebar-layout":"default","disable-article-header":"default","disable-site-header":"default","disable-site-footer":"default","disable-content-area-spacing":"default","footnotes":""},"categories":[11,33],"tags":[],"class_list":["post-21692","post","type-post","status-publish","format-standard","hentry","category-direitos-humanos","category-reportagem"],"yoast_head":"<!-- This site is optimized with the Yoast SEO plugin v27.4 - https:\/\/yoast.com\/product\/yoast-seo-wordpress\/ -->\n<title>Desafio do Brasil \u00e9 ter cultura de direitos humanos, diz novo diretor da Anistia -<\/title>\n<meta name=\"robots\" content=\"index, follow, max-snippet:-1, max-image-preview:large, max-video-preview:-1\" \/>\n<link rel=\"canonical\" href=\"https:\/\/inclusivenews.com.br\/?p=21692\" \/>\n<meta property=\"og:locale\" content=\"pt_PT\" \/>\n<meta property=\"og:type\" content=\"article\" \/>\n<meta property=\"og:title\" content=\"Desafio do Brasil \u00e9 ter cultura de direitos humanos, diz novo diretor da Anistia -\" \/>\n<meta property=\"og:description\" content=\"Atila Roque assume novo escrit\u00f3rio da Anistia Internacional e afirma que &quot;ainda existem bols\u00f5es de resist\u00eancia muito fortes ao fato de os direitos humanos serem para todos&quot;\" \/>\n<meta property=\"og:url\" content=\"https:\/\/inclusivenews.com.br\/?p=21692\" \/>\n<meta property=\"article:publisher\" content=\"https:\/\/www.facebook.com\/agenciainclusive\/\" \/>\n<meta property=\"article:published_time\" content=\"2011-11-30T13:19:59+00:00\" \/>\n<meta property=\"og:image\" content=\"http:\/\/inclusivenews.com.br\/wp-content\/uploads\/Atila_Roque-300x300.jpg\" \/>\n<meta name=\"author\" content=\"inclusivenews2024\" \/>\n<meta name=\"twitter:card\" content=\"summary_large_image\" \/>\n<meta name=\"twitter:label1\" content=\"Escrito por\" \/>\n\t<meta name=\"twitter:data1\" content=\"inclusivenews2024\" \/>\n\t<meta name=\"twitter:label2\" content=\"Tempo estimado de leitura\" \/>\n\t<meta name=\"twitter:data2\" content=\"5 minutos\" \/>\n<script type=\"application\/ld+json\" class=\"yoast-schema-graph\">{\"@context\":\"https:\\\/\\\/schema.org\",\"@graph\":[{\"@type\":\"Article\",\"@id\":\"https:\\\/\\\/inclusivenews.com.br\\\/?p=21692#article\",\"isPartOf\":{\"@id\":\"https:\\\/\\\/inclusivenews.com.br\\\/?p=21692\"},\"author\":{\"name\":\"inclusivenews2024\",\"@id\":\"https:\\\/\\\/inclusivenews.com.br\\\/#\\\/schema\\\/person\\\/ae4ec7087559b8692fb33b6fffd2273b\"},\"headline\":\"Desafio do Brasil \u00e9 ter cultura de direitos humanos, diz novo diretor da Anistia\",\"datePublished\":\"2011-11-30T13:19:59+00:00\",\"mainEntityOfPage\":{\"@id\":\"https:\\\/\\\/inclusivenews.com.br\\\/?p=21692\"},\"wordCount\":1094,\"commentCount\":1,\"publisher\":{\"@id\":\"https:\\\/\\\/inclusivenews.com.br\\\/#organization\"},\"image\":{\"@id\":\"https:\\\/\\\/inclusivenews.com.br\\\/?p=21692#primaryimage\"},\"thumbnailUrl\":\"http:\\\/\\\/inclusivenews.com.br\\\/wp-content\\\/uploads\\\/Atila_Roque-300x300.jpg\",\"articleSection\":[\"DIREITOS HUMANOS\",\"Reportagem\"],\"inLanguage\":\"pt-PT\",\"potentialAction\":[{\"@type\":\"CommentAction\",\"name\":\"Comment\",\"target\":[\"https:\\\/\\\/inclusivenews.com.br\\\/?p=21692#respond\"]}]},{\"@type\":\"WebPage\",\"@id\":\"https:\\\/\\\/inclusivenews.com.br\\\/?p=21692\",\"url\":\"https:\\\/\\\/inclusivenews.com.br\\\/?p=21692\",\"name\":\"Desafio do Brasil \u00e9 ter cultura de direitos humanos, diz novo diretor da Anistia -\",\"isPartOf\":{\"@id\":\"https:\\\/\\\/inclusivenews.com.br\\\/#website\"},\"primaryImageOfPage\":{\"@id\":\"https:\\\/\\\/inclusivenews.com.br\\\/?p=21692#primaryimage\"},\"image\":{\"@id\":\"https:\\\/\\\/inclusivenews.com.br\\\/?p=21692#primaryimage\"},\"thumbnailUrl\":\"http:\\\/\\\/inclusivenews.com.br\\\/wp-content\\\/uploads\\\/Atila_Roque-300x300.jpg\",\"datePublished\":\"2011-11-30T13:19:59+00:00\",\"breadcrumb\":{\"@id\":\"https:\\\/\\\/inclusivenews.com.br\\\/?p=21692#breadcrumb\"},\"inLanguage\":\"pt-PT\",\"potentialAction\":[{\"@type\":\"ReadAction\",\"target\":[\"https:\\\/\\\/inclusivenews.com.br\\\/?p=21692\"]}]},{\"@type\":\"ImageObject\",\"inLanguage\":\"pt-PT\",\"@id\":\"https:\\\/\\\/inclusivenews.com.br\\\/?p=21692#primaryimage\",\"url\":\"\",\"contentUrl\":\"\"},{\"@type\":\"BreadcrumbList\",\"@id\":\"https:\\\/\\\/inclusivenews.com.br\\\/?p=21692#breadcrumb\",\"itemListElement\":[{\"@type\":\"ListItem\",\"position\":1,\"name\":\"In\u00edcio\",\"item\":\"https:\\\/\\\/inclusivenews.com.br\\\/\"},{\"@type\":\"ListItem\",\"position\":2,\"name\":\"Desafio do Brasil \u00e9 ter cultura de direitos humanos, diz novo diretor da Anistia\"}]},{\"@type\":\"WebSite\",\"@id\":\"https:\\\/\\\/inclusivenews.com.br\\\/#website\",\"url\":\"https:\\\/\\\/inclusivenews.com.br\\\/\",\"name\":\"Inclusive News\",\"description\":\"Inclusive News\",\"publisher\":{\"@id\":\"https:\\\/\\\/inclusivenews.com.br\\\/#organization\"},\"potentialAction\":[{\"@type\":\"SearchAction\",\"target\":{\"@type\":\"EntryPoint\",\"urlTemplate\":\"https:\\\/\\\/inclusivenews.com.br\\\/?s={search_term_string}\"},\"query-input\":{\"@type\":\"PropertyValueSpecification\",\"valueRequired\":true,\"valueName\":\"search_term_string\"}}],\"inLanguage\":\"pt-PT\"},{\"@type\":\"Organization\",\"@id\":\"https:\\\/\\\/inclusivenews.com.br\\\/#organization\",\"name\":\"Inclusive - inclus\u00e3o e cidadania\",\"url\":\"https:\\\/\\\/inclusivenews.com.br\\\/\",\"logo\":{\"@type\":\"ImageObject\",\"inLanguage\":\"pt-PT\",\"@id\":\"https:\\\/\\\/inclusivenews.com.br\\\/#\\\/schema\\\/logo\\\/image\\\/\",\"url\":\"https:\\\/\\\/inclusivenews.com.br\\\/wp-content\\\/uploads\\\/2024\\\/03\\\/@grandesite.png\",\"contentUrl\":\"https:\\\/\\\/inclusivenews.com.br\\\/wp-content\\\/uploads\\\/2024\\\/03\\\/@grandesite.png\",\"width\":1080,\"height\":1080,\"caption\":\"Inclusive - inclus\u00e3o e cidadania\"},\"image\":{\"@id\":\"https:\\\/\\\/inclusivenews.com.br\\\/#\\\/schema\\\/logo\\\/image\\\/\"},\"sameAs\":[\"https:\\\/\\\/www.facebook.com\\\/agenciainclusive\\\/\",\"https:\\\/\\\/www.instagram.com\\\/newsinclusive\\\/\"]},{\"@type\":\"Person\",\"@id\":\"https:\\\/\\\/inclusivenews.com.br\\\/#\\\/schema\\\/person\\\/ae4ec7087559b8692fb33b6fffd2273b\",\"name\":\"inclusivenews2024\",\"image\":{\"@type\":\"ImageObject\",\"inLanguage\":\"pt-PT\",\"@id\":\"https:\\\/\\\/secure.gravatar.com\\\/avatar\\\/c5a7ef84c66fa914f55bc4f7ce26cfa275a3b9a1c5568b907bd184fb4dde7b40?s=96&d=mm&r=g\",\"url\":\"https:\\\/\\\/secure.gravatar.com\\\/avatar\\\/c5a7ef84c66fa914f55bc4f7ce26cfa275a3b9a1c5568b907bd184fb4dde7b40?s=96&d=mm&r=g\",\"contentUrl\":\"https:\\\/\\\/secure.gravatar.com\\\/avatar\\\/c5a7ef84c66fa914f55bc4f7ce26cfa275a3b9a1c5568b907bd184fb4dde7b40?s=96&d=mm&r=g\",\"caption\":\"inclusivenews2024\"},\"sameAs\":[\"https:\\\/\\\/inclusivenews.com.br\"],\"url\":\"https:\\\/\\\/inclusivenews.com.br\\\/?author=1\"}]}<\/script>\n<!-- \/ Yoast SEO plugin. -->","yoast_head_json":{"title":"Desafio do Brasil \u00e9 ter cultura de direitos humanos, diz novo diretor da Anistia -","robots":{"index":"index","follow":"follow","max-snippet":"max-snippet:-1","max-image-preview":"max-image-preview:large","max-video-preview":"max-video-preview:-1"},"canonical":"https:\/\/inclusivenews.com.br\/?p=21692","og_locale":"pt_PT","og_type":"article","og_title":"Desafio do Brasil \u00e9 ter cultura de direitos humanos, diz novo diretor da Anistia -","og_description":"Atila Roque assume novo escrit\u00f3rio da Anistia Internacional e afirma que \"ainda existem bols\u00f5es de resist\u00eancia muito fortes ao fato de os direitos humanos serem para todos\"","og_url":"https:\/\/inclusivenews.com.br\/?p=21692","article_publisher":"https:\/\/www.facebook.com\/agenciainclusive\/","article_published_time":"2011-11-30T13:19:59+00:00","og_image":[{"url":"http:\/\/inclusivenews.com.br\/wp-content\/uploads\/Atila_Roque-300x300.jpg","type":"","width":"","height":""}],"author":"inclusivenews2024","twitter_card":"summary_large_image","twitter_misc":{"Escrito por":"inclusivenews2024","Tempo estimado de leitura":"5 minutos"},"schema":{"@context":"https:\/\/schema.org","@graph":[{"@type":"Article","@id":"https:\/\/inclusivenews.com.br\/?p=21692#article","isPartOf":{"@id":"https:\/\/inclusivenews.com.br\/?p=21692"},"author":{"name":"inclusivenews2024","@id":"https:\/\/inclusivenews.com.br\/#\/schema\/person\/ae4ec7087559b8692fb33b6fffd2273b"},"headline":"Desafio do Brasil \u00e9 ter cultura de direitos humanos, diz novo diretor da Anistia","datePublished":"2011-11-30T13:19:59+00:00","mainEntityOfPage":{"@id":"https:\/\/inclusivenews.com.br\/?p=21692"},"wordCount":1094,"commentCount":1,"publisher":{"@id":"https:\/\/inclusivenews.com.br\/#organization"},"image":{"@id":"https:\/\/inclusivenews.com.br\/?p=21692#primaryimage"},"thumbnailUrl":"http:\/\/inclusivenews.com.br\/wp-content\/uploads\/Atila_Roque-300x300.jpg","articleSection":["DIREITOS HUMANOS","Reportagem"],"inLanguage":"pt-PT","potentialAction":[{"@type":"CommentAction","name":"Comment","target":["https:\/\/inclusivenews.com.br\/?p=21692#respond"]}]},{"@type":"WebPage","@id":"https:\/\/inclusivenews.com.br\/?p=21692","url":"https:\/\/inclusivenews.com.br\/?p=21692","name":"Desafio do Brasil \u00e9 ter cultura de direitos humanos, diz novo diretor da Anistia -","isPartOf":{"@id":"https:\/\/inclusivenews.com.br\/#website"},"primaryImageOfPage":{"@id":"https:\/\/inclusivenews.com.br\/?p=21692#primaryimage"},"image":{"@id":"https:\/\/inclusivenews.com.br\/?p=21692#primaryimage"},"thumbnailUrl":"http:\/\/inclusivenews.com.br\/wp-content\/uploads\/Atila_Roque-300x300.jpg","datePublished":"2011-11-30T13:19:59+00:00","breadcrumb":{"@id":"https:\/\/inclusivenews.com.br\/?p=21692#breadcrumb"},"inLanguage":"pt-PT","potentialAction":[{"@type":"ReadAction","target":["https:\/\/inclusivenews.com.br\/?p=21692"]}]},{"@type":"ImageObject","inLanguage":"pt-PT","@id":"https:\/\/inclusivenews.com.br\/?p=21692#primaryimage","url":"","contentUrl":""},{"@type":"BreadcrumbList","@id":"https:\/\/inclusivenews.com.br\/?p=21692#breadcrumb","itemListElement":[{"@type":"ListItem","position":1,"name":"In\u00edcio","item":"https:\/\/inclusivenews.com.br\/"},{"@type":"ListItem","position":2,"name":"Desafio do Brasil \u00e9 ter cultura de direitos humanos, diz novo diretor da Anistia"}]},{"@type":"WebSite","@id":"https:\/\/inclusivenews.com.br\/#website","url":"https:\/\/inclusivenews.com.br\/","name":"Inclusive News","description":"Inclusive News","publisher":{"@id":"https:\/\/inclusivenews.com.br\/#organization"},"potentialAction":[{"@type":"SearchAction","target":{"@type":"EntryPoint","urlTemplate":"https:\/\/inclusivenews.com.br\/?s={search_term_string}"},"query-input":{"@type":"PropertyValueSpecification","valueRequired":true,"valueName":"search_term_string"}}],"inLanguage":"pt-PT"},{"@type":"Organization","@id":"https:\/\/inclusivenews.com.br\/#organization","name":"Inclusive - inclus\u00e3o e cidadania","url":"https:\/\/inclusivenews.com.br\/","logo":{"@type":"ImageObject","inLanguage":"pt-PT","@id":"https:\/\/inclusivenews.com.br\/#\/schema\/logo\/image\/","url":"https:\/\/inclusivenews.com.br\/wp-content\/uploads\/2024\/03\/@grandesite.png","contentUrl":"https:\/\/inclusivenews.com.br\/wp-content\/uploads\/2024\/03\/@grandesite.png","width":1080,"height":1080,"caption":"Inclusive - inclus\u00e3o e cidadania"},"image":{"@id":"https:\/\/inclusivenews.com.br\/#\/schema\/logo\/image\/"},"sameAs":["https:\/\/www.facebook.com\/agenciainclusive\/","https:\/\/www.instagram.com\/newsinclusive\/"]},{"@type":"Person","@id":"https:\/\/inclusivenews.com.br\/#\/schema\/person\/ae4ec7087559b8692fb33b6fffd2273b","name":"inclusivenews2024","image":{"@type":"ImageObject","inLanguage":"pt-PT","@id":"https:\/\/secure.gravatar.com\/avatar\/c5a7ef84c66fa914f55bc4f7ce26cfa275a3b9a1c5568b907bd184fb4dde7b40?s=96&d=mm&r=g","url":"https:\/\/secure.gravatar.com\/avatar\/c5a7ef84c66fa914f55bc4f7ce26cfa275a3b9a1c5568b907bd184fb4dde7b40?s=96&d=mm&r=g","contentUrl":"https:\/\/secure.gravatar.com\/avatar\/c5a7ef84c66fa914f55bc4f7ce26cfa275a3b9a1c5568b907bd184fb4dde7b40?s=96&d=mm&r=g","caption":"inclusivenews2024"},"sameAs":["https:\/\/inclusivenews.com.br"],"url":"https:\/\/inclusivenews.com.br\/?author=1"}]}},"_links":{"self":[{"href":"https:\/\/inclusivenews.com.br\/index.php?rest_route=\/wp\/v2\/posts\/21692","targetHints":{"allow":["GET"]}}],"collection":[{"href":"https:\/\/inclusivenews.com.br\/index.php?rest_route=\/wp\/v2\/posts"}],"about":[{"href":"https:\/\/inclusivenews.com.br\/index.php?rest_route=\/wp\/v2\/types\/post"}],"author":[{"embeddable":true,"href":"https:\/\/inclusivenews.com.br\/index.php?rest_route=\/wp\/v2\/users\/1"}],"replies":[{"embeddable":true,"href":"https:\/\/inclusivenews.com.br\/index.php?rest_route=%2Fwp%2Fv2%2Fcomments&post=21692"}],"version-history":[{"count":0,"href":"https:\/\/inclusivenews.com.br\/index.php?rest_route=\/wp\/v2\/posts\/21692\/revisions"}],"wp:attachment":[{"href":"https:\/\/inclusivenews.com.br\/index.php?rest_route=%2Fwp%2Fv2%2Fmedia&parent=21692"}],"wp:term":[{"taxonomy":"category","embeddable":true,"href":"https:\/\/inclusivenews.com.br\/index.php?rest_route=%2Fwp%2Fv2%2Fcategories&post=21692"},{"taxonomy":"post_tag","embeddable":true,"href":"https:\/\/inclusivenews.com.br\/index.php?rest_route=%2Fwp%2Fv2%2Ftags&post=21692"}],"curies":[{"name":"wp","href":"https:\/\/api.w.org\/{rel}","templated":true}]}}